
{"id":10283,"date":"2015-11-23T13:41:33","date_gmt":"2015-11-23T13:41:33","guid":{"rendered":"http:\/\/colegioarquitectos.com\/?p=10283"},"modified":"2015-11-23T16:19:45","modified_gmt":"2015-11-23T16:19:45","slug":"miercoles-25-invitacion-gratuita-a-conversacion-obra-del-ano-udd","status":"publish","type":"post","link":"https:\/\/colegioarquitectos.com\/noticias\/?p=10283","title":{"rendered":"Mi\u00e9rcoles 25: Invitaci\u00f3n gratuita a conversaci\u00f3n \u00abObra del A\u00f1o UDD\u00bb"},"content":{"rendered":"<p><b>Pablo Allard Serrano<\/b>, Decano de la Facultad de Arquitectura y Arte de la Universidad del Desarrollo, junto a\u00a0<b>Plataforma Arquitectura<\/b>, te invitan a la cuarta versi\u00f3n de\u00a0<b>\u201cConversaci\u00f3n OBRA DEL A\u00d1O UDD\u201d,<\/b>\u00a0que se\u00a0realizar\u00e1 el d\u00eda mi\u00e9rcoles 25 de noviembre a las 19:00 hrs en los jardines de la universidad adem\u00e1s en esta oportunidad contaremos con la<b>\u00a0participaci\u00f3n de los arquitectos ganadores del ODA 2015, desde M\u00e9xico, Ecuador y Chile<\/b>, Los proyectos ganadores junto a sus equipos son los siguientes:<\/p>\n<p><a href=\"http:\/\/www.plataformaarquitectura.cl\/cl\/02-356851\" target=\"_blank\">Facultad de Econom\u00eda y Empresa Universidad Diego Portales<\/a><\/p>\n<p><b>Rafael Hevia<\/b><\/p>\n<p><b>Rodrigo Duque Motta<\/b><\/p>\n<p><b>Gabriela Manzi<\/b><\/p>\n<p><a href=\"http:\/\/www.plataformaarquitectura.cl\/cl\/756388\/mirador-en-quilotoa-shalala-jorge-javier-andrade-benitez-plus-javier-mera-luna-plus-daniel-moreno-flores\" target=\"_blank\">Mirador en Quilotoa Shalal\u00e1<\/a><\/p>\n<p><b>Jorge Javier Andrade Ben\u00edtez<\/b><\/p>\n<p><b>Javier Mera Luna<\/b><\/p>\n<p><b>Daniel Moreno Flores<\/b><\/p>\n<p><a href=\"http:\/\/www.plataformaarquitectura.cl\/cl\/758030\" target=\"_blank\">Havre 69\u00a0<\/a><\/p>\n<p><b>Julio Amezcua<\/b><\/p>\n<p><b>Francisco Pardo<\/b><\/p>\n<p>Esta actividad se realizar\u00e1 el pr\u00f3ximo\u00a0<b>Mi\u00e9rcoles 25 de Noviembre a las 19:00 en los jardines del Campus RESB<\/b>\u00a0de la Universidad del Desarrollo, ubicada en\u00a0<b>Avenida Plaza 680<\/b>, Las Condes y\u00a0<b>es abierta a todo p\u00fablico\u00a0<\/b>y se cerrar\u00e1 con un ameno c\u00f3ctel.<\/p>\n<p>Quienes est\u00e9n interesados en asistir\u00a0<b>deben confirmar<\/b>\u00a0a\u00a0<a href=\"mailto:mnazar@udd.cl\" target=\"_blank\">mnazar@udd.cl<\/a>\u00a0o a\u00a0<a href=\"mailto:cflores@udd.cl\" target=\"_blank\">cflores@udd.cl<\/a>\u00a0y as\u00ed\u00a0<b>asegurar su cupo<\/b>.<\/p>\n<p>Esperando poder contar con la valiosa participaci\u00f3n de ustedes, quedo atento a sus consultas.<\/p>\n<p><a href=\"http:\/\/colegioarquitectos.com\/noticias\/wp-content\/uploads\/2015\/11\/ODA-2015.jpg\"><img loading=\"lazy\" decoding=\"async\" class=\"alignnone wp-image-10297 size-full\" src=\"http:\/\/colegioarquitectos.com\/noticias\/wp-content\/uploads\/2015\/11\/ODA-2015.jpg\" alt=\"ODA 2015\" width=\"521\" height=\"800\" srcset=\"https:\/\/colegioarquitectos.com\/noticias\/wp-content\/uploads\/2015\/11\/ODA-2015.jpg 521w, https:\/\/colegioarquitectos.com\/noticias\/wp-content\/uploads\/2015\/11\/ODA-2015-195x300.jpg 195w\" sizes=\"auto, (max-width: 521px) 100vw, 521px\" \/><\/a><\/p>\n<p><\/p>","protected":false},"excerpt":{"rendered":"<p>Pablo Allard Serrano, Decano de la Facultad de Arquitectura y Arte de la Universidad del Desarrollo, junto a\u00a0Plataforma Arquitectura, te invitan a la cuarta versi\u00f3n de\u00a0\u201cConversaci\u00f3n OBRA DEL A\u00d1O UDD\u201d,\u00a0que se\u00a0realizar\u00e1 el d\u00eda mi\u00e9rcoles 25 de noviembre a las 19:00 &hellip; <a class=\"more-link\" href=\"https:\/\/colegioarquitectos.com\/noticias\/?p=10283\">ver m\u00e1s<\/a><\/p>","protected":false},"author":4,"featured_media":10284,"comment_status":"open","ping_status":"open","sticky":false,"template":"","format":"standard","meta":{"footnotes":""},"categories":[35],"tags":[],"class_list":["post-10283","post","type-post","status-publish","format-standard","has-post-thumbnail","hentry","category-universidades"],"yoast_head":"<!-- This site is optimized with the Yoast SEO plugin v24.2 - https:\/\/yoast.com\/wordpress\/plugins\/seo\/ -->\n<title>Mi\u00e9rcoles 25: Invitaci\u00f3n gratuita a conversaci\u00f3n &quot;Obra del A\u00f1o UDD&quot; - COLEGIO DE ARQUITECTOS DE CHILE<\/title>\n<meta name=\"robots\" content=\"index, follow, max-snippet:-1, max-image-preview:large, max-video-preview:-1\" \/>\n<link rel=\"canonical\" href=\"https:\/\/colegioarquitectos.com\/noticias\/?p=10283\" \/>\n<meta property=\"og:locale\" content=\"es_ES\" \/>\n<meta property=\"og:type\" content=\"article\" \/>\n<meta property=\"og:title\" content=\"Mi\u00e9rcoles 25: Invitaci\u00f3n gratuita a conversaci\u00f3n &quot;Obra del A\u00f1o UDD&quot; - COLEGIO DE ARQUITECTOS DE CHILE\" \/>\n<meta property=\"og:description\" content=\"Pablo Allard Serrano, Decano de la Facultad de Arquitectura y Arte de la Universidad del Desarrollo, junto a\u00a0Plataforma Arquitectura, te invitan a la cuarta versi\u00f3n de\u00a0\u201cConversaci\u00f3n OBRA DEL A\u00d1O UDD\u201d,\u00a0que se\u00a0realizar\u00e1 el d\u00eda mi\u00e9rcoles 25 de noviembre a las 19:00 &hellip; ver m\u00e1s\" \/>\n<meta property=\"og:url\" content=\"https:\/\/colegioarquitectos.com\/noticias\/?p=10283\" \/>\n<meta property=\"og:site_name\" content=\"COLEGIO DE ARQUITECTOS DE CHILE\" \/>\n<meta property=\"article:publisher\" content=\"https:\/\/facebook.com\/Colegioarq\/\" \/>\n<meta property=\"article:published_time\" content=\"2015-11-23T13:41:33+00:00\" \/>\n<meta property=\"article:modified_time\" content=\"2015-11-23T16:19:45+00:00\" \/>\n<meta property=\"og:image\" content=\"https:\/\/colegioarquitectos.com\/noticias\/wp-content\/uploads\/2015\/11\/Mirador-Quillota.jpg\" \/>\n\t<meta property=\"og:image:width\" content=\"690\" \/>\n\t<meta property=\"og:image:height\" content=\"350\" \/>\n\t<meta property=\"og:image:type\" content=\"image\/jpeg\" \/>\n<meta name=\"author\" content=\"Colegio de Arquitectos de Chile\" \/>\n<meta name=\"twitter:card\" content=\"summary_large_image\" \/>\n<meta name=\"twitter:creator\" content=\"@colegioarq\" \/>\n<meta name=\"twitter:site\" content=\"@colegioarq\" \/>\n<meta name=\"twitter:label1\" content=\"Escrito por\" \/>\n\t<meta name=\"twitter:data1\" content=\"Colegio de Arquitectos de Chile\" \/>\n\t<meta name=\"twitter:label2\" content=\"Tiempo de lectura\" \/>\n\t<meta name=\"twitter:data2\" content=\"1 minuto\" \/>\n<script type=\"application\/ld+json\" class=\"yoast-schema-graph\">{\"@context\":\"https:\/\/schema.org\",\"@graph\":[{\"@type\":\"Article\",\"@id\":\"https:\/\/colegioarquitectos.com\/noticias\/?p=10283#article\",\"isPartOf\":{\"@id\":\"https:\/\/colegioarquitectos.com\/noticias\/?p=10283\"},\"author\":{\"name\":\"Colegio de Arquitectos de Chile\",\"@id\":\"https:\/\/colegioarquitectos.com\/noticias\/#\/schema\/person\/685cc0aad148303c5608f049af8285ad\"},\"headline\":\"Mi\u00e9rcoles 25: Invitaci\u00f3n gratuita a conversaci\u00f3n \u00abObra del A\u00f1o UDD\u00bb\",\"datePublished\":\"2015-11-23T13:41:33+00:00\",\"dateModified\":\"2015-11-23T16:19:45+00:00\",\"mainEntityOfPage\":{\"@id\":\"https:\/\/colegioarquitectos.com\/noticias\/?p=10283\"},\"wordCount\":217,\"commentCount\":0,\"publisher\":{\"@id\":\"https:\/\/colegioarquitectos.com\/noticias\/#organization\"},\"image\":{\"@id\":\"https:\/\/colegioarquitectos.com\/noticias\/?p=10283#primaryimage\"},\"thumbnailUrl\":\"https:\/\/colegioarquitectos.com\/noticias\/wp-content\/uploads\/2015\/11\/Mirador-Quillota.jpg\",\"articleSection\":[\"Universidades\"],\"inLanguage\":\"es\",\"potentialAction\":[{\"@type\":\"CommentAction\",\"name\":\"Comment\",\"target\":[\"https:\/\/colegioarquitectos.com\/noticias\/?p=10283#respond\"]}]},{\"@type\":\"WebPage\",\"@id\":\"https:\/\/colegioarquitectos.com\/noticias\/?p=10283\",\"url\":\"https:\/\/colegioarquitectos.com\/noticias\/?p=10283\",\"name\":\"Mi\u00e9rcoles 25: Invitaci\u00f3n gratuita a conversaci\u00f3n \\\"Obra del A\u00f1o UDD\\\" - COLEGIO DE ARQUITECTOS DE CHILE\",\"isPartOf\":{\"@id\":\"https:\/\/colegioarquitectos.com\/noticias\/#website\"},\"primaryImageOfPage\":{\"@id\":\"https:\/\/colegioarquitectos.com\/noticias\/?p=10283#primaryimage\"},\"image\":{\"@id\":\"https:\/\/colegioarquitectos.com\/noticias\/?p=10283#primaryimage\"},\"thumbnailUrl\":\"https:\/\/colegioarquitectos.com\/noticias\/wp-content\/uploads\/2015\/11\/Mirador-Quillota.jpg\",\"datePublished\":\"2015-11-23T13:41:33+00:00\",\"dateModified\":\"2015-11-23T16:19:45+00:00\",\"breadcrumb\":{\"@id\":\"https:\/\/colegioarquitectos.com\/noticias\/?p=10283#breadcrumb\"},\"inLanguage\":\"es\",\"potentialAction\":[{\"@type\":\"ReadAction\",\"target\":[\"https:\/\/colegioarquitectos.com\/noticias\/?p=10283\"]}]},{\"@type\":\"ImageObject\",\"inLanguage\":\"es\",\"@id\":\"https:\/\/colegioarquitectos.com\/noticias\/?p=10283#primaryimage\",\"url\":\"https:\/\/colegioarquitectos.com\/noticias\/wp-content\/uploads\/2015\/11\/Mirador-Quillota.jpg\",\"contentUrl\":\"https:\/\/colegioarquitectos.com\/noticias\/wp-content\/uploads\/2015\/11\/Mirador-Quillota.jpg\",\"width\":690,\"height\":350},{\"@type\":\"BreadcrumbList\",\"@id\":\"https:\/\/colegioarquitectos.com\/noticias\/?p=10283#breadcrumb\",\"itemListElement\":[{\"@type\":\"ListItem\",\"position\":1,\"name\":\"Portada\",\"item\":\"https:\/\/colegioarquitectos.com\/noticias\"},{\"@type\":\"ListItem\",\"position\":2,\"name\":\"Mi\u00e9rcoles 25: Invitaci\u00f3n gratuita a conversaci\u00f3n \u00abObra del A\u00f1o UDD\u00bb\"}]},{\"@type\":\"WebSite\",\"@id\":\"https:\/\/colegioarquitectos.com\/noticias\/#website\",\"url\":\"https:\/\/colegioarquitectos.com\/noticias\/\",\"name\":\"COLEGIO DE ARQUITECTOS DE CHILE\",\"description\":\"\",\"publisher\":{\"@id\":\"https:\/\/colegioarquitectos.com\/noticias\/#organization\"},\"potentialAction\":[{\"@type\":\"SearchAction\",\"target\":{\"@type\":\"EntryPoint\",\"urlTemplate\":\"https:\/\/colegioarquitectos.com\/noticias\/?s={search_term_string}\"},\"query-input\":{\"@type\":\"PropertyValueSpecification\",\"valueRequired\":true,\"valueName\":\"search_term_string\"}}],\"inLanguage\":\"es\"},{\"@type\":\"Organization\",\"@id\":\"https:\/\/colegioarquitectos.com\/noticias\/#organization\",\"name\":\"COLEGIO DE ARQUITECTOS DE CHILE\",\"url\":\"https:\/\/colegioarquitectos.com\/noticias\/\",\"logo\":{\"@type\":\"ImageObject\",\"inLanguage\":\"es\",\"@id\":\"https:\/\/colegioarquitectos.com\/noticias\/#\/schema\/logo\/image\/\",\"url\":\"https:\/\/colegioarquitectos.com\/noticias\/wp-content\/uploads\/2021\/05\/ENCABEZADO-LOGO-CA.jpg\",\"contentUrl\":\"https:\/\/colegioarquitectos.com\/noticias\/wp-content\/uploads\/2021\/05\/ENCABEZADO-LOGO-CA.jpg\",\"width\":690,\"height\":350,\"caption\":\"COLEGIO DE ARQUITECTOS DE CHILE\"},\"image\":{\"@id\":\"https:\/\/colegioarquitectos.com\/noticias\/#\/schema\/logo\/image\/\"},\"sameAs\":[\"https:\/\/facebook.com\/Colegioarq\/\",\"https:\/\/x.com\/colegioarq\",\"https:\/\/instagram.com\/colegioarq\",\"https:\/\/youtube.com\/@ColegiodeArquitectosdeChile\"]},{\"@type\":\"Person\",\"@id\":\"https:\/\/colegioarquitectos.com\/noticias\/#\/schema\/person\/685cc0aad148303c5608f049af8285ad\",\"name\":\"Colegio de Arquitectos de Chile\",\"url\":\"https:\/\/colegioarquitectos.com\/noticias\/?author=4\"}]}<\/script>\n<!-- \/ Yoast SEO plugin. -->","yoast_head_json":{"title":"Mi\u00e9rcoles 25: Invitaci\u00f3n gratuita a conversaci\u00f3n \"Obra del A\u00f1o UDD\" - COLEGIO DE ARQUITECTOS DE CHILE","robots":{"index":"index","follow":"follow","max-snippet":"max-snippet:-1","max-image-preview":"max-image-preview:large","max-video-preview":"max-video-preview:-1"},"canonical":"https:\/\/colegioarquitectos.com\/noticias\/?p=10283","og_locale":"es_ES","og_type":"article","og_title":"Mi\u00e9rcoles 25: Invitaci\u00f3n gratuita a conversaci\u00f3n \"Obra del A\u00f1o UDD\" - COLEGIO DE ARQUITECTOS DE CHILE","og_description":"Pablo Allard Serrano, Decano de la Facultad de Arquitectura y Arte de la Universidad del Desarrollo, junto a\u00a0Plataforma Arquitectura, te invitan a la cuarta versi\u00f3n de\u00a0\u201cConversaci\u00f3n OBRA DEL A\u00d1O UDD\u201d,\u00a0que se\u00a0realizar\u00e1 el d\u00eda mi\u00e9rcoles 25 de noviembre a las 19:00 &hellip; ver m\u00e1s","og_url":"https:\/\/colegioarquitectos.com\/noticias\/?p=10283","og_site_name":"COLEGIO DE ARQUITECTOS DE CHILE","article_publisher":"https:\/\/facebook.com\/Colegioarq\/","article_published_time":"2015-11-23T13:41:33+00:00","article_modified_time":"2015-11-23T16:19:45+00:00","og_image":[{"width":690,"height":350,"url":"https:\/\/colegioarquitectos.com\/noticias\/wp-content\/uploads\/2015\/11\/Mirador-Quillota.jpg","type":"image\/jpeg"}],"author":"Colegio de Arquitectos de Chile","twitter_card":"summary_large_image","twitter_creator":"@colegioarq","twitter_site":"@colegioarq","twitter_misc":{"Escrito por":"Colegio de Arquitectos de Chile","Tiempo de lectura":"1 minuto"},"schema":{"@context":"https:\/\/schema.org","@graph":[{"@type":"Article","@id":"https:\/\/colegioarquitectos.com\/noticias\/?p=10283#article","isPartOf":{"@id":"https:\/\/colegioarquitectos.com\/noticias\/?p=10283"},"author":{"name":"Colegio de Arquitectos de Chile","@id":"https:\/\/colegioarquitectos.com\/noticias\/#\/schema\/person\/685cc0aad148303c5608f049af8285ad"},"headline":"Mi\u00e9rcoles 25: Invitaci\u00f3n gratuita a conversaci\u00f3n \u00abObra del A\u00f1o UDD\u00bb","datePublished":"2015-11-23T13:41:33+00:00","dateModified":"2015-11-23T16:19:45+00:00","mainEntityOfPage":{"@id":"https:\/\/colegioarquitectos.com\/noticias\/?p=10283"},"wordCount":217,"commentCount":0,"publisher":{"@id":"https:\/\/colegioarquitectos.com\/noticias\/#organization"},"image":{"@id":"https:\/\/colegioarquitectos.com\/noticias\/?p=10283#primaryimage"},"thumbnailUrl":"https:\/\/colegioarquitectos.com\/noticias\/wp-content\/uploads\/2015\/11\/Mirador-Quillota.jpg","articleSection":["Universidades"],"inLanguage":"es","potentialAction":[{"@type":"CommentAction","name":"Comment","target":["https:\/\/colegioarquitectos.com\/noticias\/?p=10283#respond"]}]},{"@type":"WebPage","@id":"https:\/\/colegioarquitectos.com\/noticias\/?p=10283","url":"https:\/\/colegioarquitectos.com\/noticias\/?p=10283","name":"Mi\u00e9rcoles 25: Invitaci\u00f3n gratuita a conversaci\u00f3n \"Obra del A\u00f1o UDD\" - COLEGIO DE ARQUITECTOS DE CHILE","isPartOf":{"@id":"https:\/\/colegioarquitectos.com\/noticias\/#website"},"primaryImageOfPage":{"@id":"https:\/\/colegioarquitectos.com\/noticias\/?p=10283#primaryimage"},"image":{"@id":"https:\/\/colegioarquitectos.com\/noticias\/?p=10283#primaryimage"},"thumbnailUrl":"https:\/\/colegioarquitectos.com\/noticias\/wp-content\/uploads\/2015\/11\/Mirador-Quillota.jpg","datePublished":"2015-11-23T13:41:33+00:00","dateModified":"2015-11-23T16:19:45+00:00","breadcrumb":{"@id":"https:\/\/colegioarquitectos.com\/noticias\/?p=10283#breadcrumb"},"inLanguage":"es","potentialAction":[{"@type":"ReadAction","target":["https:\/\/colegioarquitectos.com\/noticias\/?p=10283"]}]},{"@type":"ImageObject","inLanguage":"es","@id":"https:\/\/colegioarquitectos.com\/noticias\/?p=10283#primaryimage","url":"https:\/\/colegioarquitectos.com\/noticias\/wp-content\/uploads\/2015\/11\/Mirador-Quillota.jpg","contentUrl":"https:\/\/colegioarquitectos.com\/noticias\/wp-content\/uploads\/2015\/11\/Mirador-Quillota.jpg","width":690,"height":350},{"@type":"BreadcrumbList","@id":"https:\/\/colegioarquitectos.com\/noticias\/?p=10283#breadcrumb","itemListElement":[{"@type":"ListItem","position":1,"name":"Portada","item":"https:\/\/colegioarquitectos.com\/noticias"},{"@type":"ListItem","position":2,"name":"Mi\u00e9rcoles 25: Invitaci\u00f3n gratuita a conversaci\u00f3n \u00abObra del A\u00f1o UDD\u00bb"}]},{"@type":"WebSite","@id":"https:\/\/colegioarquitectos.com\/noticias\/#website","url":"https:\/\/colegioarquitectos.com\/noticias\/","name":"COLEGIO DE ARQUITECTOS DE CHILE","description":"","publisher":{"@id":"https:\/\/colegioarquitectos.com\/noticias\/#organization"},"potentialAction":[{"@type":"SearchAction","target":{"@type":"EntryPoint","urlTemplate":"https:\/\/colegioarquitectos.com\/noticias\/?s={search_term_string}"},"query-input":{"@type":"PropertyValueSpecification","valueRequired":true,"valueName":"search_term_string"}}],"inLanguage":"es"},{"@type":"Organization","@id":"https:\/\/colegioarquitectos.com\/noticias\/#organization","name":"COLEGIO DE ARQUITECTOS DE CHILE","url":"https:\/\/colegioarquitectos.com\/noticias\/","logo":{"@type":"ImageObject","inLanguage":"es","@id":"https:\/\/colegioarquitectos.com\/noticias\/#\/schema\/logo\/image\/","url":"https:\/\/colegioarquitectos.com\/noticias\/wp-content\/uploads\/2021\/05\/ENCABEZADO-LOGO-CA.jpg","contentUrl":"https:\/\/colegioarquitectos.com\/noticias\/wp-content\/uploads\/2021\/05\/ENCABEZADO-LOGO-CA.jpg","width":690,"height":350,"caption":"COLEGIO DE ARQUITECTOS DE CHILE"},"image":{"@id":"https:\/\/colegioarquitectos.com\/noticias\/#\/schema\/logo\/image\/"},"sameAs":["https:\/\/facebook.com\/Colegioarq\/","https:\/\/x.com\/colegioarq","https:\/\/instagram.com\/colegioarq","https:\/\/youtube.com\/@ColegiodeArquitectosdeChile"]},{"@type":"Person","@id":"https:\/\/colegioarquitectos.com\/noticias\/#\/schema\/person\/685cc0aad148303c5608f049af8285ad","name":"Colegio de Arquitectos de Chile","url":"https:\/\/colegioarquitectos.com\/noticias\/?author=4"}]}},"_links":{"self":[{"href":"https:\/\/colegioarquitectos.com\/noticias\/index.php?rest_route=\/wp\/v2\/posts\/10283","targetHints":{"allow":["GET"]}}],"collection":[{"href":"https:\/\/colegioarquitectos.com\/noticias\/index.php?rest_route=\/wp\/v2\/posts"}],"about":[{"href":"https:\/\/colegioarquitectos.com\/noticias\/index.php?rest_route=\/wp\/v2\/types\/post"}],"author":[{"embeddable":true,"href":"https:\/\/colegioarquitectos.com\/noticias\/index.php?rest_route=\/wp\/v2\/users\/4"}],"replies":[{"embeddable":true,"href":"https:\/\/colegioarquitectos.com\/noticias\/index.php?rest_route=%2Fwp%2Fv2%2Fcomments&post=10283"}],"version-history":[{"count":0,"href":"https:\/\/colegioarquitectos.com\/noticias\/index.php?rest_route=\/wp\/v2\/posts\/10283\/revisions"}],"wp:featuredmedia":[{"embeddable":true,"href":"https:\/\/colegioarquitectos.com\/noticias\/index.php?rest_route=\/wp\/v2\/media\/10284"}],"wp:attachment":[{"href":"https:\/\/colegioarquitectos.com\/noticias\/index.php?rest_route=%2Fwp%2Fv2%2Fmedia&parent=10283"}],"wp:term":[{"taxonomy":"category","embeddable":true,"href":"https:\/\/colegioarquitectos.com\/noticias\/index.php?rest_route=%2Fwp%2Fv2%2Fcategories&post=10283"},{"taxonomy":"post_tag","embeddable":true,"href":"https:\/\/colegioarquitectos.com\/noticias\/index.php?rest_route=%2Fwp%2Fv2%2Ftags&post=10283"}],"curies":[{"name":"wp","href":"https:\/\/api.w.org\/{rel}","templated":true}]}}