
{"id":10444,"date":"2015-12-05T09:30:56","date_gmt":"2015-12-05T09:30:56","guid":{"rendered":"http:\/\/colegioarquitectos.com\/?p=10444"},"modified":"2015-12-02T13:52:57","modified_gmt":"2015-12-02T13:52:57","slug":"reunion-protocolar-entre-delegacion-llanquihue-y-intendente-region-de-los-lagos","status":"publish","type":"post","link":"https:\/\/colegioarquitectos.com\/noticias\/?p=10444","title":{"rendered":"Reuni\u00f3n protocolar entre Delegaci\u00f3n Llanquihue e Intendente Regi\u00f3n de Los Lagos"},"content":{"rendered":"<p>Un interesante y productivo encuentro reuni\u00f3 el pasado jueves 26 de noviembre a la Directiva de la Delegaci\u00f3n Zonal Llanquihue con el Intendente de la Regi\u00f3n de Los Lagos, Sr. Leonardo de la Prida.<\/p>\n<p>La Directiva recientemente electa se present\u00f3 ante la autoridad y abord\u00f3\u00a0importantes temas como el estado de los planes reguladores comunales, proyectos emblem\u00e1ticos de conectividad vial de alcance regional y la consolidaci\u00f3n de espacios p\u00fablicos en \u00e1reas urbanas sensibles.\u00a0La autoridad coincidi\u00f3 en que un trabajo proactivo con el gremio de los Arquitectos ser\u00eda vital y un aporte muy significativo en los procesos de participaci\u00f3n ciudadana.<\/p>\n<p>Los principales acuerdos alcanzados en la cita fueron:<\/p>\n<p>&#8211; Incorporar las coordenadas de la Delegaci\u00f3n a la red de contactos de la Intendencia y el Gobierno Regional, con el objeto de hacer m\u00e1s fluido el intercambio de informaci\u00f3n y la difusi\u00f3n de actividades de inter\u00e9s mutuo.<\/p>\n<p>&#8211; Trabajar en el co-patrocinio de actividades de difusi\u00f3n de inter\u00e9s mutuo organizadas, tanto por el Colegio de Arquitectos y la Delegaci\u00f3n Llanquihue, como por las distintas reparticiones del aparato estatal regional.<\/p>\n<p>&#8211; Facilitar el acceso a la infraestructura dependiente de la Intendencia y el GORE, con el objeto de hacer posible la realizaci\u00f3n de eventos de inter\u00e9s mutuo.<\/p>\n<p>&#8211; Vincular al Colegio de Arquitectos con la Divisi\u00f3n de Planificaci\u00f3n y Desarrollo Regional del Gobierno Regional, con el objeto de facilitar el acercamiento al Plan BID &#8211; Unidad Metropolitana.<\/p>\n<p>Finalmente, junto con resaltar la importancia de agendar una reuni\u00f3n con las 3 Delegaciones Zonales de la Regi\u00f3n de Los Lagos: Osorno, Llanquihue y Chilo\u00e9, los asistentes coincidieron en destacar lo positivo de esta encuentro y esperan que los canales de comunicaci\u00f3n se mantengan abiertos para posibilitar todo lo acordado.<\/p>\n<p><\/p>","protected":false},"excerpt":{"rendered":"<p>Un interesante y productivo encuentro reuni\u00f3 el pasado jueves 26 de noviembre a la Directiva de la Delegaci\u00f3n Zonal Llanquihue con el Intendente de la Regi\u00f3n de Los Lagos, Sr. Leonardo de la Prida. La Directiva recientemente electa se present\u00f3 &hellip; <a class=\"more-link\" href=\"https:\/\/colegioarquitectos.com\/noticias\/?p=10444\">ver m\u00e1s<\/a><\/p>","protected":false},"author":4,"featured_media":10445,"comment_status":"open","ping_status":"open","sticky":false,"template":"","format":"standard","meta":{"footnotes":""},"categories":[10],"tags":[],"class_list":["post-10444","post","type-post","status-publish","format-standard","has-post-thumbnail","hentry","category-delegaciones-zonales"],"yoast_head":"<!-- This site is optimized with the Yoast SEO plugin v24.2 - https:\/\/yoast.com\/wordpress\/plugins\/seo\/ -->\n<title>Reuni\u00f3n protocolar entre Delegaci\u00f3n Llanquihue e Intendente Regi\u00f3n de Los Lagos - COLEGIO DE ARQUITECTOS DE CHILE<\/title>\n<meta name=\"robots\" content=\"index, follow, max-snippet:-1, max-image-preview:large, max-video-preview:-1\" \/>\n<link rel=\"canonical\" href=\"https:\/\/colegioarquitectos.com\/noticias\/?p=10444\" \/>\n<meta property=\"og:locale\" content=\"es_ES\" \/>\n<meta property=\"og:type\" content=\"article\" \/>\n<meta property=\"og:title\" content=\"Reuni\u00f3n protocolar entre Delegaci\u00f3n Llanquihue e Intendente Regi\u00f3n de Los Lagos - COLEGIO DE ARQUITECTOS DE CHILE\" \/>\n<meta property=\"og:description\" content=\"Un interesante y productivo encuentro reuni\u00f3 el pasado jueves 26 de noviembre a la Directiva de la Delegaci\u00f3n Zonal Llanquihue con el Intendente de la Regi\u00f3n de Los Lagos, Sr. Leonardo de la Prida. La Directiva recientemente electa se present\u00f3 &hellip; ver m\u00e1s\" \/>\n<meta property=\"og:url\" content=\"https:\/\/colegioarquitectos.com\/noticias\/?p=10444\" \/>\n<meta property=\"og:site_name\" content=\"COLEGIO DE ARQUITECTOS DE CHILE\" \/>\n<meta property=\"article:publisher\" content=\"https:\/\/facebook.com\/Colegioarq\/\" \/>\n<meta property=\"article:published_time\" content=\"2015-12-05T09:30:56+00:00\" \/>\n<meta property=\"article:modified_time\" content=\"2015-12-02T13:52:57+00:00\" \/>\n<meta property=\"og:image\" content=\"https:\/\/colegioarquitectos.com\/noticias\/wp-content\/uploads\/2015\/12\/Reunion-LLanquihue-intendente.jpg\" \/>\n\t<meta property=\"og:image:width\" content=\"690\" \/>\n\t<meta property=\"og:image:height\" content=\"350\" \/>\n\t<meta property=\"og:image:type\" content=\"image\/jpeg\" \/>\n<meta name=\"author\" content=\"Colegio de Arquitectos de Chile\" \/>\n<meta name=\"twitter:card\" content=\"summary_large_image\" \/>\n<meta name=\"twitter:creator\" content=\"@colegioarq\" \/>\n<meta name=\"twitter:site\" content=\"@colegioarq\" \/>\n<meta name=\"twitter:label1\" content=\"Escrito por\" \/>\n\t<meta name=\"twitter:data1\" content=\"Colegio de Arquitectos de Chile\" \/>\n\t<meta name=\"twitter:label2\" content=\"Tiempo de lectura\" \/>\n\t<meta name=\"twitter:data2\" content=\"2 minutos\" \/>\n<script type=\"application\/ld+json\" class=\"yoast-schema-graph\">{\"@context\":\"https:\/\/schema.org\",\"@graph\":[{\"@type\":\"Article\",\"@id\":\"https:\/\/colegioarquitectos.com\/noticias\/?p=10444#article\",\"isPartOf\":{\"@id\":\"https:\/\/colegioarquitectos.com\/noticias\/?p=10444\"},\"author\":{\"name\":\"Colegio de Arquitectos de Chile\",\"@id\":\"https:\/\/colegioarquitectos.com\/noticias\/#\/schema\/person\/685cc0aad148303c5608f049af8285ad\"},\"headline\":\"Reuni\u00f3n protocolar entre Delegaci\u00f3n Llanquihue e Intendente Regi\u00f3n de Los Lagos\",\"datePublished\":\"2015-12-05T09:30:56+00:00\",\"dateModified\":\"2015-12-02T13:52:57+00:00\",\"mainEntityOfPage\":{\"@id\":\"https:\/\/colegioarquitectos.com\/noticias\/?p=10444\"},\"wordCount\":319,\"commentCount\":0,\"publisher\":{\"@id\":\"https:\/\/colegioarquitectos.com\/noticias\/#organization\"},\"image\":{\"@id\":\"https:\/\/colegioarquitectos.com\/noticias\/?p=10444#primaryimage\"},\"thumbnailUrl\":\"https:\/\/colegioarquitectos.com\/noticias\/wp-content\/uploads\/2015\/12\/Reunion-LLanquihue-intendente.jpg\",\"articleSection\":[\"Delegaciones\"],\"inLanguage\":\"es\",\"potentialAction\":[{\"@type\":\"CommentAction\",\"name\":\"Comment\",\"target\":[\"https:\/\/colegioarquitectos.com\/noticias\/?p=10444#respond\"]}]},{\"@type\":\"WebPage\",\"@id\":\"https:\/\/colegioarquitectos.com\/noticias\/?p=10444\",\"url\":\"https:\/\/colegioarquitectos.com\/noticias\/?p=10444\",\"name\":\"Reuni\u00f3n protocolar entre Delegaci\u00f3n Llanquihue e Intendente Regi\u00f3n de Los Lagos - COLEGIO DE ARQUITECTOS DE CHILE\",\"isPartOf\":{\"@id\":\"https:\/\/colegioarquitectos.com\/noticias\/#website\"},\"primaryImageOfPage\":{\"@id\":\"https:\/\/colegioarquitectos.com\/noticias\/?p=10444#primaryimage\"},\"image\":{\"@id\":\"https:\/\/colegioarquitectos.com\/noticias\/?p=10444#primaryimage\"},\"thumbnailUrl\":\"https:\/\/colegioarquitectos.com\/noticias\/wp-content\/uploads\/2015\/12\/Reunion-LLanquihue-intendente.jpg\",\"datePublished\":\"2015-12-05T09:30:56+00:00\",\"dateModified\":\"2015-12-02T13:52:57+00:00\",\"breadcrumb\":{\"@id\":\"https:\/\/colegioarquitectos.com\/noticias\/?p=10444#breadcrumb\"},\"inLanguage\":\"es\",\"potentialAction\":[{\"@type\":\"ReadAction\",\"target\":[\"https:\/\/colegioarquitectos.com\/noticias\/?p=10444\"]}]},{\"@type\":\"ImageObject\",\"inLanguage\":\"es\",\"@id\":\"https:\/\/colegioarquitectos.com\/noticias\/?p=10444#primaryimage\",\"url\":\"https:\/\/colegioarquitectos.com\/noticias\/wp-content\/uploads\/2015\/12\/Reunion-LLanquihue-intendente.jpg\",\"contentUrl\":\"https:\/\/colegioarquitectos.com\/noticias\/wp-content\/uploads\/2015\/12\/Reunion-LLanquihue-intendente.jpg\",\"width\":690,\"height\":350},{\"@type\":\"BreadcrumbList\",\"@id\":\"https:\/\/colegioarquitectos.com\/noticias\/?p=10444#breadcrumb\",\"itemListElement\":[{\"@type\":\"ListItem\",\"position\":1,\"name\":\"Portada\",\"item\":\"https:\/\/colegioarquitectos.com\/noticias\"},{\"@type\":\"ListItem\",\"position\":2,\"name\":\"Reuni\u00f3n protocolar entre Delegaci\u00f3n Llanquihue e Intendente Regi\u00f3n de Los Lagos\"}]},{\"@type\":\"WebSite\",\"@id\":\"https:\/\/colegioarquitectos.com\/noticias\/#website\",\"url\":\"https:\/\/colegioarquitectos.com\/noticias\/\",\"name\":\"COLEGIO DE ARQUITECTOS DE CHILE\",\"description\":\"\",\"publisher\":{\"@id\":\"https:\/\/colegioarquitectos.com\/noticias\/#organization\"},\"potentialAction\":[{\"@type\":\"SearchAction\",\"target\":{\"@type\":\"EntryPoint\",\"urlTemplate\":\"https:\/\/colegioarquitectos.com\/noticias\/?s={search_term_string}\"},\"query-input\":{\"@type\":\"PropertyValueSpecification\",\"valueRequired\":true,\"valueName\":\"search_term_string\"}}],\"inLanguage\":\"es\"},{\"@type\":\"Organization\",\"@id\":\"https:\/\/colegioarquitectos.com\/noticias\/#organization\",\"name\":\"COLEGIO DE ARQUITECTOS DE CHILE\",\"url\":\"https:\/\/colegioarquitectos.com\/noticias\/\",\"logo\":{\"@type\":\"ImageObject\",\"inLanguage\":\"es\",\"@id\":\"https:\/\/colegioarquitectos.com\/noticias\/#\/schema\/logo\/image\/\",\"url\":\"https:\/\/colegioarquitectos.com\/noticias\/wp-content\/uploads\/2021\/05\/ENCABEZADO-LOGO-CA.jpg\",\"contentUrl\":\"https:\/\/colegioarquitectos.com\/noticias\/wp-content\/uploads\/2021\/05\/ENCABEZADO-LOGO-CA.jpg\",\"width\":690,\"height\":350,\"caption\":\"COLEGIO DE ARQUITECTOS DE CHILE\"},\"image\":{\"@id\":\"https:\/\/colegioarquitectos.com\/noticias\/#\/schema\/logo\/image\/\"},\"sameAs\":[\"https:\/\/facebook.com\/Colegioarq\/\",\"https:\/\/x.com\/colegioarq\",\"https:\/\/instagram.com\/colegioarq\",\"https:\/\/youtube.com\/@ColegiodeArquitectosdeChile\"]},{\"@type\":\"Person\",\"@id\":\"https:\/\/colegioarquitectos.com\/noticias\/#\/schema\/person\/685cc0aad148303c5608f049af8285ad\",\"name\":\"Colegio de Arquitectos de Chile\",\"url\":\"https:\/\/colegioarquitectos.com\/noticias\/?author=4\"}]}<\/script>\n<!-- \/ Yoast SEO plugin. -->","yoast_head_json":{"title":"Reuni\u00f3n protocolar entre Delegaci\u00f3n Llanquihue e Intendente Regi\u00f3n de Los Lagos - COLEGIO DE ARQUITECTOS DE CHILE","robots":{"index":"index","follow":"follow","max-snippet":"max-snippet:-1","max-image-preview":"max-image-preview:large","max-video-preview":"max-video-preview:-1"},"canonical":"https:\/\/colegioarquitectos.com\/noticias\/?p=10444","og_locale":"es_ES","og_type":"article","og_title":"Reuni\u00f3n protocolar entre Delegaci\u00f3n Llanquihue e Intendente Regi\u00f3n de Los Lagos - COLEGIO DE ARQUITECTOS DE CHILE","og_description":"Un interesante y productivo encuentro reuni\u00f3 el pasado jueves 26 de noviembre a la Directiva de la Delegaci\u00f3n Zonal Llanquihue con el Intendente de la Regi\u00f3n de Los Lagos, Sr. Leonardo de la Prida. La Directiva recientemente electa se present\u00f3 &hellip; ver m\u00e1s","og_url":"https:\/\/colegioarquitectos.com\/noticias\/?p=10444","og_site_name":"COLEGIO DE ARQUITECTOS DE CHILE","article_publisher":"https:\/\/facebook.com\/Colegioarq\/","article_published_time":"2015-12-05T09:30:56+00:00","article_modified_time":"2015-12-02T13:52:57+00:00","og_image":[{"width":690,"height":350,"url":"https:\/\/colegioarquitectos.com\/noticias\/wp-content\/uploads\/2015\/12\/Reunion-LLanquihue-intendente.jpg","type":"image\/jpeg"}],"author":"Colegio de Arquitectos de Chile","twitter_card":"summary_large_image","twitter_creator":"@colegioarq","twitter_site":"@colegioarq","twitter_misc":{"Escrito por":"Colegio de Arquitectos de Chile","Tiempo de lectura":"2 minutos"},"schema":{"@context":"https:\/\/schema.org","@graph":[{"@type":"Article","@id":"https:\/\/colegioarquitectos.com\/noticias\/?p=10444#article","isPartOf":{"@id":"https:\/\/colegioarquitectos.com\/noticias\/?p=10444"},"author":{"name":"Colegio de Arquitectos de Chile","@id":"https:\/\/colegioarquitectos.com\/noticias\/#\/schema\/person\/685cc0aad148303c5608f049af8285ad"},"headline":"Reuni\u00f3n protocolar entre Delegaci\u00f3n Llanquihue e Intendente Regi\u00f3n de Los Lagos","datePublished":"2015-12-05T09:30:56+00:00","dateModified":"2015-12-02T13:52:57+00:00","mainEntityOfPage":{"@id":"https:\/\/colegioarquitectos.com\/noticias\/?p=10444"},"wordCount":319,"commentCount":0,"publisher":{"@id":"https:\/\/colegioarquitectos.com\/noticias\/#organization"},"image":{"@id":"https:\/\/colegioarquitectos.com\/noticias\/?p=10444#primaryimage"},"thumbnailUrl":"https:\/\/colegioarquitectos.com\/noticias\/wp-content\/uploads\/2015\/12\/Reunion-LLanquihue-intendente.jpg","articleSection":["Delegaciones"],"inLanguage":"es","potentialAction":[{"@type":"CommentAction","name":"Comment","target":["https:\/\/colegioarquitectos.com\/noticias\/?p=10444#respond"]}]},{"@type":"WebPage","@id":"https:\/\/colegioarquitectos.com\/noticias\/?p=10444","url":"https:\/\/colegioarquitectos.com\/noticias\/?p=10444","name":"Reuni\u00f3n protocolar entre Delegaci\u00f3n Llanquihue e Intendente Regi\u00f3n de Los Lagos - COLEGIO DE ARQUITECTOS DE CHILE","isPartOf":{"@id":"https:\/\/colegioarquitectos.com\/noticias\/#website"},"primaryImageOfPage":{"@id":"https:\/\/colegioarquitectos.com\/noticias\/?p=10444#primaryimage"},"image":{"@id":"https:\/\/colegioarquitectos.com\/noticias\/?p=10444#primaryimage"},"thumbnailUrl":"https:\/\/colegioarquitectos.com\/noticias\/wp-content\/uploads\/2015\/12\/Reunion-LLanquihue-intendente.jpg","datePublished":"2015-12-05T09:30:56+00:00","dateModified":"2015-12-02T13:52:57+00:00","breadcrumb":{"@id":"https:\/\/colegioarquitectos.com\/noticias\/?p=10444#breadcrumb"},"inLanguage":"es","potentialAction":[{"@type":"ReadAction","target":["https:\/\/colegioarquitectos.com\/noticias\/?p=10444"]}]},{"@type":"ImageObject","inLanguage":"es","@id":"https:\/\/colegioarquitectos.com\/noticias\/?p=10444#primaryimage","url":"https:\/\/colegioarquitectos.com\/noticias\/wp-content\/uploads\/2015\/12\/Reunion-LLanquihue-intendente.jpg","contentUrl":"https:\/\/colegioarquitectos.com\/noticias\/wp-content\/uploads\/2015\/12\/Reunion-LLanquihue-intendente.jpg","width":690,"height":350},{"@type":"BreadcrumbList","@id":"https:\/\/colegioarquitectos.com\/noticias\/?p=10444#breadcrumb","itemListElement":[{"@type":"ListItem","position":1,"name":"Portada","item":"https:\/\/colegioarquitectos.com\/noticias"},{"@type":"ListItem","position":2,"name":"Reuni\u00f3n protocolar entre Delegaci\u00f3n Llanquihue e Intendente Regi\u00f3n de Los Lagos"}]},{"@type":"WebSite","@id":"https:\/\/colegioarquitectos.com\/noticias\/#website","url":"https:\/\/colegioarquitectos.com\/noticias\/","name":"COLEGIO DE ARQUITECTOS DE CHILE","description":"","publisher":{"@id":"https:\/\/colegioarquitectos.com\/noticias\/#organization"},"potentialAction":[{"@type":"SearchAction","target":{"@type":"EntryPoint","urlTemplate":"https:\/\/colegioarquitectos.com\/noticias\/?s={search_term_string}"},"query-input":{"@type":"PropertyValueSpecification","valueRequired":true,"valueName":"search_term_string"}}],"inLanguage":"es"},{"@type":"Organization","@id":"https:\/\/colegioarquitectos.com\/noticias\/#organization","name":"COLEGIO DE ARQUITECTOS DE CHILE","url":"https:\/\/colegioarquitectos.com\/noticias\/","logo":{"@type":"ImageObject","inLanguage":"es","@id":"https:\/\/colegioarquitectos.com\/noticias\/#\/schema\/logo\/image\/","url":"https:\/\/colegioarquitectos.com\/noticias\/wp-content\/uploads\/2021\/05\/ENCABEZADO-LOGO-CA.jpg","contentUrl":"https:\/\/colegioarquitectos.com\/noticias\/wp-content\/uploads\/2021\/05\/ENCABEZADO-LOGO-CA.jpg","width":690,"height":350,"caption":"COLEGIO DE ARQUITECTOS DE CHILE"},"image":{"@id":"https:\/\/colegioarquitectos.com\/noticias\/#\/schema\/logo\/image\/"},"sameAs":["https:\/\/facebook.com\/Colegioarq\/","https:\/\/x.com\/colegioarq","https:\/\/instagram.com\/colegioarq","https:\/\/youtube.com\/@ColegiodeArquitectosdeChile"]},{"@type":"Person","@id":"https:\/\/colegioarquitectos.com\/noticias\/#\/schema\/person\/685cc0aad148303c5608f049af8285ad","name":"Colegio de Arquitectos de Chile","url":"https:\/\/colegioarquitectos.com\/noticias\/?author=4"}]}},"_links":{"self":[{"href":"https:\/\/colegioarquitectos.com\/noticias\/index.php?rest_route=\/wp\/v2\/posts\/10444","targetHints":{"allow":["GET"]}}],"collection":[{"href":"https:\/\/colegioarquitectos.com\/noticias\/index.php?rest_route=\/wp\/v2\/posts"}],"about":[{"href":"https:\/\/colegioarquitectos.com\/noticias\/index.php?rest_route=\/wp\/v2\/types\/post"}],"author":[{"embeddable":true,"href":"https:\/\/colegioarquitectos.com\/noticias\/index.php?rest_route=\/wp\/v2\/users\/4"}],"replies":[{"embeddable":true,"href":"https:\/\/colegioarquitectos.com\/noticias\/index.php?rest_route=%2Fwp%2Fv2%2Fcomments&post=10444"}],"version-history":[{"count":0,"href":"https:\/\/colegioarquitectos.com\/noticias\/index.php?rest_route=\/wp\/v2\/posts\/10444\/revisions"}],"wp:featuredmedia":[{"embeddable":true,"href":"https:\/\/colegioarquitectos.com\/noticias\/index.php?rest_route=\/wp\/v2\/media\/10445"}],"wp:attachment":[{"href":"https:\/\/colegioarquitectos.com\/noticias\/index.php?rest_route=%2Fwp%2Fv2%2Fmedia&parent=10444"}],"wp:term":[{"taxonomy":"category","embeddable":true,"href":"https:\/\/colegioarquitectos.com\/noticias\/index.php?rest_route=%2Fwp%2Fv2%2Fcategories&post=10444"},{"taxonomy":"post_tag","embeddable":true,"href":"https:\/\/colegioarquitectos.com\/noticias\/index.php?rest_route=%2Fwp%2Fv2%2Ftags&post=10444"}],"curies":[{"name":"wp","href":"https:\/\/api.w.org\/{rel}","templated":true}]}}