
{"id":10524,"date":"2015-12-04T19:34:25","date_gmt":"2015-12-04T19:34:25","guid":{"rendered":"http:\/\/colegioarquitectos.com\/?p=10524"},"modified":"2015-12-04T19:34:25","modified_gmt":"2015-12-04T19:34:25","slug":"barrio-san-eugenio-stgo-sera-intervenido-con-la-calle-de-las-artes","status":"publish","type":"post","link":"https:\/\/colegioarquitectos.com\/noticias\/?p=10524","title":{"rendered":"Barrio San Eugenio (Stgo) ser\u00e1 intervenido con la \u201cCalle de las Artes\u201d"},"content":{"rendered":"<p><a href=\"http:\/\/colegioarquitectos.com\/noticias\/wp-content\/uploads\/2015\/12\/flyer-calle-de-las-artes-barrio-san-eugenio-6-diciembre-410x580.jpg\"><img loading=\"lazy\" decoding=\"async\" class=\"alignnone wp-image-10529 size-full\" src=\"http:\/\/colegioarquitectos.com\/noticias\/wp-content\/uploads\/2015\/12\/flyer-calle-de-las-artes-barrio-san-eugenio-6-diciembre-410x580.jpg\" alt=\"flyer-calle-de-las-artes-barrio-san-eugenio-6-diciembre-410x580\" width=\"410\" height=\"580\" srcset=\"https:\/\/colegioarquitectos.com\/noticias\/wp-content\/uploads\/2015\/12\/flyer-calle-de-las-artes-barrio-san-eugenio-6-diciembre-410x580.jpg 410w, https:\/\/colegioarquitectos.com\/noticias\/wp-content\/uploads\/2015\/12\/flyer-calle-de-las-artes-barrio-san-eugenio-6-diciembre-410x580-212x300.jpg 212w\" sizes=\"auto, (max-width: 410px) 100vw, 410px\" \/><\/a><\/p>\n<p>El Barrio San Eugenio es un tradicional sector industrial\u00a0de Santiago que se conform\u00f3 a fines del siglo XIX al poniente del Club H\u00edpico con la edificaci\u00f3n de viviendas para los obreros, principalmente ferroviarios.<\/p>\n<p>A inicios de este semestre, 30 estudiantes\u00a0de\u00a0cuarto a\u00f1o de arquitectura de la Universidad Diego Portales, empezaron a trabajar con los vecinos de este emblem\u00e1tico barrio como parte del electivo \u201cEstrategias de Intervenci\u00f3n Urbana a escala local\u201d, a cargo de la acad\u00e9mica y arquitecta\u00a0Carolina Carrasco.<\/p>\n<p><a href=\"http:\/\/colegioarquitectos.com\/noticias\/wp-content\/uploads\/2015\/12\/calle-de-las-artes-10-cortesia-constanza-sandoval-570x580.jpg\"><img loading=\"lazy\" decoding=\"async\" class=\"alignnone wp-image-10526 size-full\" src=\"http:\/\/colegioarquitectos.com\/noticias\/wp-content\/uploads\/2015\/12\/calle-de-las-artes-10-cortesia-constanza-sandoval-570x580.jpg\" alt=\"calle-de-las-artes-10-cortesia-constanza-sandoval-570x580\" width=\"570\" height=\"580\" srcset=\"https:\/\/colegioarquitectos.com\/noticias\/wp-content\/uploads\/2015\/12\/calle-de-las-artes-10-cortesia-constanza-sandoval-570x580.jpg 570w, https:\/\/colegioarquitectos.com\/noticias\/wp-content\/uploads\/2015\/12\/calle-de-las-artes-10-cortesia-constanza-sandoval-570x580-295x300.jpg 295w\" sizes=\"auto, (max-width: 570px) 100vw, 570px\" \/><\/a><\/p>\n<p>El trabaj\u00f3 consisti\u00f3 en<strong> desarrollar una propuesta de intervenci\u00f3n con el objetivo de reactivar la vida urbana de este sector tomando como base las percepciones y deseos de los vecinos junto con el contexto\u00a0local.<\/strong><\/p>\n<p>Para esto, los estudiantes del curso\u00a0hicieron un taller participativo en el que les pidieron a los vecinos que identificaran qu\u00e9 actividades les gustar\u00eda que tuvieran lugar en el barrio. Adem\u00e1s, entrevistaron a los habitantes y llevaron a cabo un mapeo colectivo que hicieron posible recolectar las ideas de los habitantes e identificar las problem\u00e1ticas que hay en el sector.<\/p>\n<p>Respecto a\u00a0\u00e9ste \u00faltimo punto, se\u00a0estableci\u00f3\u00a0que <strong>es necesario abordar la desconectividad y la falta de asociatividad entre los habitantes.<\/strong> Asimismo, se identific\u00f3 que hay calles que representan una cicatriz en el tejido conector del barrio producto de que son vistas como peligrosas.<\/p>\n<p><strong>Para enfrentar esta situaci\u00f3n, los alumnos del curso junto con los dirigentes de San Eugenio deciden realizar una intervenci\u00f3n urbana en la calle Sep\u00falveda Leyton, entre Conferencia y San Vicente, para transformarlo en un punto activo y l\u00fadico que permita unir dos plazas<\/strong> que actualmente est\u00e1n cercanas, pero desconectadas entre s\u00ed.<\/p>\n<p><a href=\"http:\/\/colegioarquitectos.com\/noticias\/wp-content\/uploads\/2015\/12\/calle-de-las-artes-9-cortesia-constanza-sandoval-1000x386.jpg\"><img loading=\"lazy\" decoding=\"async\" class=\"alignnone wp-image-10527 \" src=\"http:\/\/colegioarquitectos.com\/noticias\/wp-content\/uploads\/2015\/12\/calle-de-las-artes-9-cortesia-constanza-sandoval-1000x386.jpg\" alt=\"calle-de-las-artes-9-cortesia-constanza-sandoval-1000x386\" width=\"618\" height=\"238\" srcset=\"https:\/\/colegioarquitectos.com\/noticias\/wp-content\/uploads\/2015\/12\/calle-de-las-artes-9-cortesia-constanza-sandoval-1000x386.jpg 1000w, https:\/\/colegioarquitectos.com\/noticias\/wp-content\/uploads\/2015\/12\/calle-de-las-artes-9-cortesia-constanza-sandoval-1000x386-300x116.jpg 300w\" sizes=\"auto, (max-width: 618px) 100vw, 618px\" \/><\/a><\/p>\n<p>Esta intervenci\u00f3n llamada <strong>\u201cCalle de las Artes\u201d, se realizar\u00e1 este domingo 6 de diciembre, entre las 14 y 18 horas,<\/strong> e invita a los vecinos del barrio y a los habitantes de Santiago, a disfrutar de actividades familiares, una exposici\u00f3n fotogr\u00e1fica del barrio, intercambio de libros, juegos para ni\u00f1os, una muestra artesanal, m\u00fasica en vivo, etc.<\/p>\n<p>A trav\u00e9s de esta actividad, abierta al p\u00fablico, <strong>se busca demostrar que es posible generar un sentido de pertenencia y mejorar las relaciones entre los vecinos cuando en conjunto se intervienen las condiciones urbanas.<\/strong><\/p>\n<p><a href=\"http:\/\/colegioarquitectos.com\/noticias\/wp-content\/uploads\/2015\/12\/calle-de-las-artes-8-cortesia-constanza-sandoval-580x220.jpg\"><img loading=\"lazy\" decoding=\"async\" class=\"alignnone wp-image-10528 size-full\" src=\"http:\/\/colegioarquitectos.com\/noticias\/wp-content\/uploads\/2015\/12\/calle-de-las-artes-8-cortesia-constanza-sandoval-580x220.jpg\" alt=\"calle-de-las-artes-8-cortesia-constanza-sandoval-580x220\" width=\"580\" height=\"220\" srcset=\"https:\/\/colegioarquitectos.com\/noticias\/wp-content\/uploads\/2015\/12\/calle-de-las-artes-8-cortesia-constanza-sandoval-580x220.jpg 580w, https:\/\/colegioarquitectos.com\/noticias\/wp-content\/uploads\/2015\/12\/calle-de-las-artes-8-cortesia-constanza-sandoval-580x220-300x114.jpg 300w\" sizes=\"auto, (max-width: 580px) 100vw, 580px\" \/><\/a><\/p>\n<p><a href=\"http:\/\/www.plataformaurbana.cl\/archive\/2015\/12\/03\/barrio-san-eugenio-de-santiago-sera-intervenido-este-domingo-6-con-la-calle-de-las-artes\/\">Fuente: Plataforma Urbana<\/a><\/p>\n<p><\/p>","protected":false},"excerpt":{"rendered":"<p>El Barrio San Eugenio es un tradicional sector industrial\u00a0de Santiago que se conform\u00f3 a fines del siglo XIX al poniente del Club H\u00edpico con la edificaci\u00f3n de viviendas para los obreros, principalmente ferroviarios. A inicios de este semestre, 30 estudiantes\u00a0de\u00a0cuarto &hellip; <a class=\"more-link\" href=\"https:\/\/colegioarquitectos.com\/noticias\/?p=10524\">ver m\u00e1s<\/a><\/p>","protected":false},"author":4,"featured_media":10525,"comment_status":"open","ping_status":"open","sticky":false,"template":"","format":"standard","meta":{"footnotes":""},"categories":[19],"tags":[],"class_list":["post-10524","post","type-post","status-publish","format-standard","has-post-thumbnail","hentry","category-actividades"],"yoast_head":"<!-- This site is optimized with the Yoast SEO plugin v24.2 - https:\/\/yoast.com\/wordpress\/plugins\/seo\/ -->\n<title>Barrio San Eugenio (Stgo) ser\u00e1 intervenido con la \u201cCalle de las Artes\u201d - COLEGIO DE ARQUITECTOS DE CHILE<\/title>\n<meta name=\"robots\" content=\"index, follow, max-snippet:-1, max-image-preview:large, max-video-preview:-1\" \/>\n<link rel=\"canonical\" href=\"https:\/\/colegioarquitectos.com\/noticias\/?p=10524\" \/>\n<meta property=\"og:locale\" content=\"es_ES\" \/>\n<meta property=\"og:type\" content=\"article\" \/>\n<meta property=\"og:title\" content=\"Barrio San Eugenio (Stgo) ser\u00e1 intervenido con la \u201cCalle de las Artes\u201d - COLEGIO DE ARQUITECTOS DE CHILE\" \/>\n<meta property=\"og:description\" content=\"El Barrio San Eugenio es un tradicional sector industrial\u00a0de Santiago que se conform\u00f3 a fines del siglo XIX al poniente del Club H\u00edpico con la edificaci\u00f3n de viviendas para los obreros, principalmente ferroviarios. A inicios de este semestre, 30 estudiantes\u00a0de\u00a0cuarto &hellip; ver m\u00e1s\" \/>\n<meta property=\"og:url\" content=\"https:\/\/colegioarquitectos.com\/noticias\/?p=10524\" \/>\n<meta property=\"og:site_name\" content=\"COLEGIO DE ARQUITECTOS DE CHILE\" \/>\n<meta property=\"article:publisher\" content=\"https:\/\/facebook.com\/Colegioarq\/\" \/>\n<meta property=\"article:published_time\" content=\"2015-12-04T19:34:25+00:00\" \/>\n<meta property=\"og:image\" content=\"https:\/\/colegioarquitectos.com\/noticias\/wp-content\/uploads\/2015\/12\/portada-barrio-San-Eugenio.jpg\" \/>\n\t<meta property=\"og:image:width\" content=\"690\" \/>\n\t<meta property=\"og:image:height\" content=\"350\" \/>\n\t<meta property=\"og:image:type\" content=\"image\/jpeg\" \/>\n<meta name=\"author\" content=\"Colegio de Arquitectos de Chile\" \/>\n<meta name=\"twitter:card\" content=\"summary_large_image\" \/>\n<meta name=\"twitter:creator\" content=\"@colegioarq\" \/>\n<meta name=\"twitter:site\" content=\"@colegioarq\" \/>\n<meta name=\"twitter:label1\" content=\"Escrito por\" \/>\n\t<meta name=\"twitter:data1\" content=\"Colegio de Arquitectos de Chile\" \/>\n\t<meta name=\"twitter:label2\" content=\"Tiempo de lectura\" \/>\n\t<meta name=\"twitter:data2\" content=\"2 minutos\" \/>\n<script type=\"application\/ld+json\" class=\"yoast-schema-graph\">{\"@context\":\"https:\/\/schema.org\",\"@graph\":[{\"@type\":\"Article\",\"@id\":\"https:\/\/colegioarquitectos.com\/noticias\/?p=10524#article\",\"isPartOf\":{\"@id\":\"https:\/\/colegioarquitectos.com\/noticias\/?p=10524\"},\"author\":{\"name\":\"Colegio de Arquitectos de Chile\",\"@id\":\"https:\/\/colegioarquitectos.com\/noticias\/#\/schema\/person\/685cc0aad148303c5608f049af8285ad\"},\"headline\":\"Barrio San Eugenio (Stgo) ser\u00e1 intervenido con la \u201cCalle de las Artes\u201d\",\"datePublished\":\"2015-12-04T19:34:25+00:00\",\"dateModified\":\"2015-12-04T19:34:25+00:00\",\"mainEntityOfPage\":{\"@id\":\"https:\/\/colegioarquitectos.com\/noticias\/?p=10524\"},\"wordCount\":394,\"commentCount\":0,\"publisher\":{\"@id\":\"https:\/\/colegioarquitectos.com\/noticias\/#organization\"},\"image\":{\"@id\":\"https:\/\/colegioarquitectos.com\/noticias\/?p=10524#primaryimage\"},\"thumbnailUrl\":\"https:\/\/colegioarquitectos.com\/noticias\/wp-content\/uploads\/2015\/12\/portada-barrio-San-Eugenio.jpg\",\"articleSection\":[\"Actividades\"],\"inLanguage\":\"es\",\"potentialAction\":[{\"@type\":\"CommentAction\",\"name\":\"Comment\",\"target\":[\"https:\/\/colegioarquitectos.com\/noticias\/?p=10524#respond\"]}]},{\"@type\":\"WebPage\",\"@id\":\"https:\/\/colegioarquitectos.com\/noticias\/?p=10524\",\"url\":\"https:\/\/colegioarquitectos.com\/noticias\/?p=10524\",\"name\":\"Barrio San Eugenio (Stgo) ser\u00e1 intervenido con la \u201cCalle de las Artes\u201d - COLEGIO DE ARQUITECTOS DE CHILE\",\"isPartOf\":{\"@id\":\"https:\/\/colegioarquitectos.com\/noticias\/#website\"},\"primaryImageOfPage\":{\"@id\":\"https:\/\/colegioarquitectos.com\/noticias\/?p=10524#primaryimage\"},\"image\":{\"@id\":\"https:\/\/colegioarquitectos.com\/noticias\/?p=10524#primaryimage\"},\"thumbnailUrl\":\"https:\/\/colegioarquitectos.com\/noticias\/wp-content\/uploads\/2015\/12\/portada-barrio-San-Eugenio.jpg\",\"datePublished\":\"2015-12-04T19:34:25+00:00\",\"dateModified\":\"2015-12-04T19:34:25+00:00\",\"breadcrumb\":{\"@id\":\"https:\/\/colegioarquitectos.com\/noticias\/?p=10524#breadcrumb\"},\"inLanguage\":\"es\",\"potentialAction\":[{\"@type\":\"ReadAction\",\"target\":[\"https:\/\/colegioarquitectos.com\/noticias\/?p=10524\"]}]},{\"@type\":\"ImageObject\",\"inLanguage\":\"es\",\"@id\":\"https:\/\/colegioarquitectos.com\/noticias\/?p=10524#primaryimage\",\"url\":\"https:\/\/colegioarquitectos.com\/noticias\/wp-content\/uploads\/2015\/12\/portada-barrio-San-Eugenio.jpg\",\"contentUrl\":\"https:\/\/colegioarquitectos.com\/noticias\/wp-content\/uploads\/2015\/12\/portada-barrio-San-Eugenio.jpg\",\"width\":690,\"height\":350},{\"@type\":\"BreadcrumbList\",\"@id\":\"https:\/\/colegioarquitectos.com\/noticias\/?p=10524#breadcrumb\",\"itemListElement\":[{\"@type\":\"ListItem\",\"position\":1,\"name\":\"Portada\",\"item\":\"https:\/\/colegioarquitectos.com\/noticias\"},{\"@type\":\"ListItem\",\"position\":2,\"name\":\"Barrio San Eugenio (Stgo) ser\u00e1 intervenido con la \u201cCalle de las Artes\u201d\"}]},{\"@type\":\"WebSite\",\"@id\":\"https:\/\/colegioarquitectos.com\/noticias\/#website\",\"url\":\"https:\/\/colegioarquitectos.com\/noticias\/\",\"name\":\"COLEGIO DE ARQUITECTOS DE CHILE\",\"description\":\"\",\"publisher\":{\"@id\":\"https:\/\/colegioarquitectos.com\/noticias\/#organization\"},\"potentialAction\":[{\"@type\":\"SearchAction\",\"target\":{\"@type\":\"EntryPoint\",\"urlTemplate\":\"https:\/\/colegioarquitectos.com\/noticias\/?s={search_term_string}\"},\"query-input\":{\"@type\":\"PropertyValueSpecification\",\"valueRequired\":true,\"valueName\":\"search_term_string\"}}],\"inLanguage\":\"es\"},{\"@type\":\"Organization\",\"@id\":\"https:\/\/colegioarquitectos.com\/noticias\/#organization\",\"name\":\"COLEGIO DE ARQUITECTOS DE CHILE\",\"url\":\"https:\/\/colegioarquitectos.com\/noticias\/\",\"logo\":{\"@type\":\"ImageObject\",\"inLanguage\":\"es\",\"@id\":\"https:\/\/colegioarquitectos.com\/noticias\/#\/schema\/logo\/image\/\",\"url\":\"https:\/\/colegioarquitectos.com\/noticias\/wp-content\/uploads\/2021\/05\/ENCABEZADO-LOGO-CA.jpg\",\"contentUrl\":\"https:\/\/colegioarquitectos.com\/noticias\/wp-content\/uploads\/2021\/05\/ENCABEZADO-LOGO-CA.jpg\",\"width\":690,\"height\":350,\"caption\":\"COLEGIO DE ARQUITECTOS DE CHILE\"},\"image\":{\"@id\":\"https:\/\/colegioarquitectos.com\/noticias\/#\/schema\/logo\/image\/\"},\"sameAs\":[\"https:\/\/facebook.com\/Colegioarq\/\",\"https:\/\/x.com\/colegioarq\",\"https:\/\/instagram.com\/colegioarq\",\"https:\/\/youtube.com\/@ColegiodeArquitectosdeChile\"]},{\"@type\":\"Person\",\"@id\":\"https:\/\/colegioarquitectos.com\/noticias\/#\/schema\/person\/685cc0aad148303c5608f049af8285ad\",\"name\":\"Colegio de Arquitectos de Chile\",\"url\":\"https:\/\/colegioarquitectos.com\/noticias\/?author=4\"}]}<\/script>\n<!-- \/ Yoast SEO plugin. -->","yoast_head_json":{"title":"Barrio San Eugenio (Stgo) ser\u00e1 intervenido con la \u201cCalle de las Artes\u201d - COLEGIO DE ARQUITECTOS DE CHILE","robots":{"index":"index","follow":"follow","max-snippet":"max-snippet:-1","max-image-preview":"max-image-preview:large","max-video-preview":"max-video-preview:-1"},"canonical":"https:\/\/colegioarquitectos.com\/noticias\/?p=10524","og_locale":"es_ES","og_type":"article","og_title":"Barrio San Eugenio (Stgo) ser\u00e1 intervenido con la \u201cCalle de las Artes\u201d - COLEGIO DE ARQUITECTOS DE CHILE","og_description":"El Barrio San Eugenio es un tradicional sector industrial\u00a0de Santiago que se conform\u00f3 a fines del siglo XIX al poniente del Club H\u00edpico con la edificaci\u00f3n de viviendas para los obreros, principalmente ferroviarios. A inicios de este semestre, 30 estudiantes\u00a0de\u00a0cuarto &hellip; ver m\u00e1s","og_url":"https:\/\/colegioarquitectos.com\/noticias\/?p=10524","og_site_name":"COLEGIO DE ARQUITECTOS DE CHILE","article_publisher":"https:\/\/facebook.com\/Colegioarq\/","article_published_time":"2015-12-04T19:34:25+00:00","og_image":[{"width":690,"height":350,"url":"https:\/\/colegioarquitectos.com\/noticias\/wp-content\/uploads\/2015\/12\/portada-barrio-San-Eugenio.jpg","type":"image\/jpeg"}],"author":"Colegio de Arquitectos de Chile","twitter_card":"summary_large_image","twitter_creator":"@colegioarq","twitter_site":"@colegioarq","twitter_misc":{"Escrito por":"Colegio de Arquitectos de Chile","Tiempo de lectura":"2 minutos"},"schema":{"@context":"https:\/\/schema.org","@graph":[{"@type":"Article","@id":"https:\/\/colegioarquitectos.com\/noticias\/?p=10524#article","isPartOf":{"@id":"https:\/\/colegioarquitectos.com\/noticias\/?p=10524"},"author":{"name":"Colegio de Arquitectos de Chile","@id":"https:\/\/colegioarquitectos.com\/noticias\/#\/schema\/person\/685cc0aad148303c5608f049af8285ad"},"headline":"Barrio San Eugenio (Stgo) ser\u00e1 intervenido con la \u201cCalle de las Artes\u201d","datePublished":"2015-12-04T19:34:25+00:00","dateModified":"2015-12-04T19:34:25+00:00","mainEntityOfPage":{"@id":"https:\/\/colegioarquitectos.com\/noticias\/?p=10524"},"wordCount":394,"commentCount":0,"publisher":{"@id":"https:\/\/colegioarquitectos.com\/noticias\/#organization"},"image":{"@id":"https:\/\/colegioarquitectos.com\/noticias\/?p=10524#primaryimage"},"thumbnailUrl":"https:\/\/colegioarquitectos.com\/noticias\/wp-content\/uploads\/2015\/12\/portada-barrio-San-Eugenio.jpg","articleSection":["Actividades"],"inLanguage":"es","potentialAction":[{"@type":"CommentAction","name":"Comment","target":["https:\/\/colegioarquitectos.com\/noticias\/?p=10524#respond"]}]},{"@type":"WebPage","@id":"https:\/\/colegioarquitectos.com\/noticias\/?p=10524","url":"https:\/\/colegioarquitectos.com\/noticias\/?p=10524","name":"Barrio San Eugenio (Stgo) ser\u00e1 intervenido con la \u201cCalle de las Artes\u201d - COLEGIO DE ARQUITECTOS DE CHILE","isPartOf":{"@id":"https:\/\/colegioarquitectos.com\/noticias\/#website"},"primaryImageOfPage":{"@id":"https:\/\/colegioarquitectos.com\/noticias\/?p=10524#primaryimage"},"image":{"@id":"https:\/\/colegioarquitectos.com\/noticias\/?p=10524#primaryimage"},"thumbnailUrl":"https:\/\/colegioarquitectos.com\/noticias\/wp-content\/uploads\/2015\/12\/portada-barrio-San-Eugenio.jpg","datePublished":"2015-12-04T19:34:25+00:00","dateModified":"2015-12-04T19:34:25+00:00","breadcrumb":{"@id":"https:\/\/colegioarquitectos.com\/noticias\/?p=10524#breadcrumb"},"inLanguage":"es","potentialAction":[{"@type":"ReadAction","target":["https:\/\/colegioarquitectos.com\/noticias\/?p=10524"]}]},{"@type":"ImageObject","inLanguage":"es","@id":"https:\/\/colegioarquitectos.com\/noticias\/?p=10524#primaryimage","url":"https:\/\/colegioarquitectos.com\/noticias\/wp-content\/uploads\/2015\/12\/portada-barrio-San-Eugenio.jpg","contentUrl":"https:\/\/colegioarquitectos.com\/noticias\/wp-content\/uploads\/2015\/12\/portada-barrio-San-Eugenio.jpg","width":690,"height":350},{"@type":"BreadcrumbList","@id":"https:\/\/colegioarquitectos.com\/noticias\/?p=10524#breadcrumb","itemListElement":[{"@type":"ListItem","position":1,"name":"Portada","item":"https:\/\/colegioarquitectos.com\/noticias"},{"@type":"ListItem","position":2,"name":"Barrio San Eugenio (Stgo) ser\u00e1 intervenido con la \u201cCalle de las Artes\u201d"}]},{"@type":"WebSite","@id":"https:\/\/colegioarquitectos.com\/noticias\/#website","url":"https:\/\/colegioarquitectos.com\/noticias\/","name":"COLEGIO DE ARQUITECTOS DE CHILE","description":"","publisher":{"@id":"https:\/\/colegioarquitectos.com\/noticias\/#organization"},"potentialAction":[{"@type":"SearchAction","target":{"@type":"EntryPoint","urlTemplate":"https:\/\/colegioarquitectos.com\/noticias\/?s={search_term_string}"},"query-input":{"@type":"PropertyValueSpecification","valueRequired":true,"valueName":"search_term_string"}}],"inLanguage":"es"},{"@type":"Organization","@id":"https:\/\/colegioarquitectos.com\/noticias\/#organization","name":"COLEGIO DE ARQUITECTOS DE CHILE","url":"https:\/\/colegioarquitectos.com\/noticias\/","logo":{"@type":"ImageObject","inLanguage":"es","@id":"https:\/\/colegioarquitectos.com\/noticias\/#\/schema\/logo\/image\/","url":"https:\/\/colegioarquitectos.com\/noticias\/wp-content\/uploads\/2021\/05\/ENCABEZADO-LOGO-CA.jpg","contentUrl":"https:\/\/colegioarquitectos.com\/noticias\/wp-content\/uploads\/2021\/05\/ENCABEZADO-LOGO-CA.jpg","width":690,"height":350,"caption":"COLEGIO DE ARQUITECTOS DE CHILE"},"image":{"@id":"https:\/\/colegioarquitectos.com\/noticias\/#\/schema\/logo\/image\/"},"sameAs":["https:\/\/facebook.com\/Colegioarq\/","https:\/\/x.com\/colegioarq","https:\/\/instagram.com\/colegioarq","https:\/\/youtube.com\/@ColegiodeArquitectosdeChile"]},{"@type":"Person","@id":"https:\/\/colegioarquitectos.com\/noticias\/#\/schema\/person\/685cc0aad148303c5608f049af8285ad","name":"Colegio de Arquitectos de Chile","url":"https:\/\/colegioarquitectos.com\/noticias\/?author=4"}]}},"_links":{"self":[{"href":"https:\/\/colegioarquitectos.com\/noticias\/index.php?rest_route=\/wp\/v2\/posts\/10524","targetHints":{"allow":["GET"]}}],"collection":[{"href":"https:\/\/colegioarquitectos.com\/noticias\/index.php?rest_route=\/wp\/v2\/posts"}],"about":[{"href":"https:\/\/colegioarquitectos.com\/noticias\/index.php?rest_route=\/wp\/v2\/types\/post"}],"author":[{"embeddable":true,"href":"https:\/\/colegioarquitectos.com\/noticias\/index.php?rest_route=\/wp\/v2\/users\/4"}],"replies":[{"embeddable":true,"href":"https:\/\/colegioarquitectos.com\/noticias\/index.php?rest_route=%2Fwp%2Fv2%2Fcomments&post=10524"}],"version-history":[{"count":0,"href":"https:\/\/colegioarquitectos.com\/noticias\/index.php?rest_route=\/wp\/v2\/posts\/10524\/revisions"}],"wp:featuredmedia":[{"embeddable":true,"href":"https:\/\/colegioarquitectos.com\/noticias\/index.php?rest_route=\/wp\/v2\/media\/10525"}],"wp:attachment":[{"href":"https:\/\/colegioarquitectos.com\/noticias\/index.php?rest_route=%2Fwp%2Fv2%2Fmedia&parent=10524"}],"wp:term":[{"taxonomy":"category","embeddable":true,"href":"https:\/\/colegioarquitectos.com\/noticias\/index.php?rest_route=%2Fwp%2Fv2%2Fcategories&post=10524"},{"taxonomy":"post_tag","embeddable":true,"href":"https:\/\/colegioarquitectos.com\/noticias\/index.php?rest_route=%2Fwp%2Fv2%2Ftags&post=10524"}],"curies":[{"name":"wp","href":"https:\/\/api.w.org\/{rel}","templated":true}]}}