
{"id":1053,"date":"2012-05-30T07:55:53","date_gmt":"2012-05-30T07:55:53","guid":{"rendered":"http:\/\/colegioarquitectos.com\/noticias\/?p=1053"},"modified":"2012-06-08T16:59:15","modified_gmt":"2012-06-08T16:59:15","slug":"el-ic-presentara-resultados-de-proyecto-que-midio-calidad-ambiental-y-eficiencia-energetica-de-10-edificios-publicos","status":"publish","type":"post","link":"https:\/\/colegioarquitectos.com\/noticias\/?p=1053","title":{"rendered":"El IC presentar\u00e1 resultados de proyecto que midi\u00f3 calidad ambiental y eficiencia energ\u00e9tica de 10 edificios p\u00fablicos"},"content":{"rendered":"<p style=\"text-align: justify;\"><strong><em>En tres seminarios que se realizar\u00e1n en Antofagasta, Puerto Montt y Santiago en junio, se mostrar\u00e1n las principales conclusiones y los dos Manuales elaborados como productos finales del Proyecto INNOVA DA\/MOP.<\/em><\/strong><\/p>\n<p style=\"text-align: justify;\"><strong><em><\/em><\/strong>Luego de 30 meses de trabajo e investigaci\u00f3n, el proyecto \u201cEvaluaci\u00f3n de Estrategias de Dise\u00f1o Constructivo y de Est\u00e1ndares de Calidad Ambiental y Uso de Energ\u00eda en Edificaciones P\u00fablicas, Mediante Monitorizaci\u00f3n de Edificios Construidos\u201d llegar\u00e1 a su fin con la presentaci\u00f3n de dos manuales y cinco documentos complementarios que re\u00fanen los resultados de esta investigaci\u00f3n, en los seminarios que se realizar\u00e1n en Antofagasta, el viernes 8 de junio; en Puerto Montt, el martes 12 de junio y en Santiago, el martes 19 de junio.<\/p>\n<p style=\"text-align: justify;\">Se trata del \u201cManual de Dise\u00f1o Pasivo y Eficiencia Energ\u00e9tica en Edificios P\u00fablicos\u201d, elaborado por el Centro de Investigaci\u00f3n en Tecnolog\u00edas de la Construcci\u00f3n \u2013 CITEC, de la Universidad del B\u00edo B\u00edo, y el \u201cManual de Gesti\u00f3n de la Energ\u00eda en Edificios P\u00fablicos\u201d, desarrollado por la Direcci\u00f3n de Extensi\u00f3n en Construcci\u00f3n &#8211; DECON UC, de la Pontificia Universidad Cat\u00f3lica de Chile, ambos organismos fueron codesarrolladores de este proyecto, junto con la Direcci\u00f3n de Investigaciones Cient\u00edficas y Tecnol\u00f3gicas \u2013 DICTUC, filial de la Pontificia Universidad Cat\u00f3lica de Chile y el Centro de Investigaci\u00f3n, Desarrollo e Innovaci\u00f3n de Estructuras y Materiales \u2013 IDIEM, de la Universidad de Chile.<\/p>\n<p style=\"text-align: justify;\">Estos productos se har\u00e1n p\u00fablicos en el contexto de tres seminarios de transferencia tecnol\u00f3gica en los cuales se a expondr\u00e1n las principales conclusiones del proyecto que fue cofinanciado por INNOVA y que tuvo como Mandante a la Direcci\u00f3n de Arquitectura del Ministerio de Obras P\u00fablicas, al Ministerio de Educaci\u00f3n como Interesado y al Instituto de la Construcci\u00f3n como Desarrollador.<\/p>\n<p style=\"text-align: justify;\">Este proyecto se origina en la Direcci\u00f3n Nacional de Arquitectura del MOP, que requer\u00eda conocer el impacto real en el desempe\u00f1o en materias de calidad ambiental y eficiencia energ\u00e9tica en un grupo de edificios p\u00fablicos, a los cuales se les hab\u00eda incorporado algunas variables de sustentabilidad ambiental en su dise\u00f1o, a trav\u00e9s de especificaciones, soluciones constructivas y uso de equipos, para optimizar el gasto en combustibles y energ\u00eda para su operaci\u00f3n. De esta manera, se realizaron mediciones en cinco regiones de Chile de norte a sur, abarcando un total de 10 edificios p\u00fablicos, entre los cuales destacan edificios del MOP, de la PDI, de Labocar, el Aeropuerto Desierto de Atacama en Copiap\u00f3 y cuatro escuelas de la Araucan\u00eda y Ays\u00e9n, puestas a disposici\u00f3n del proyecto por el Ministerio de Educaci\u00f3n, en su calidad de Interesado.<\/p>\n<p style=\"text-align: justify;\">El estudio contempl\u00f3 mediciones en per\u00edodo de invierno y verano, tomando en consideraci\u00f3n las distintas zonas clim\u00e1ticas del pa\u00eds. Asimismo, se hicieron encuestas a los usuarios de estos edificios para incluir datos de calidad ambiental y percepci\u00f3n de quienes habitan esas construcciones.\u201cNo solo me tengo que preocupar de la eficiencia energ\u00e9tica, sino que tambi\u00e9n de la calidad ambiental, porque significa confort para las personas, lo que ayuda a que trabajen o estudien con una mayor productividad\u201d, explica Luciano Odone, jefe del proyecto INNOVA DA\/MOP.<\/p>\n<p style=\"text-align: justify;\">En ese sentido, adem\u00e1s del aspecto f\u00edsico constructivo, en las mediciones se tomaron en consideraci\u00f3n par\u00e1metros lum\u00ednicos de sonido y calidad del aire, entre otros.<\/p>\n<p style=\"text-align: justify;\">\u201cEl Manual de Dise\u00f1o recoge la experiencia de la medici\u00f3n de estos edificios y genera una base para que los nuevos dise\u00f1os y profesionales que tomen este manual tengan ciertas consideraciones, para que los edificios futuros cuenten con mejores criterios de eficiencia energ\u00e9tica y calidad ambiental, de acuerdo a par\u00e1metros reales\u201d, precisa el arquitecto.<\/p>\n<p style=\"text-align: justify;\">En tanto, el Manual de Gesti\u00f3n Energ\u00e9tica es una gu\u00eda para mejorar la operatividad de los edificios y, con ello, reducir el gasto energ\u00e9tico. \u201cEste producto propone una metodolog\u00eda para poder evaluar en qu\u00e9 t\u00e9rminos se encuentra el edificio en la actualidad, hacer un levantamiento de las caracter\u00edsticas y condici\u00f3n energ\u00e9tica, para luego efectuar las mejoras y tomar las mediciones correspondientes\u201d, a\u00f1ade.<\/p>\n<p style=\"text-align: justify;\"><strong>Impacto para el sector<\/strong><\/p>\n<p style=\"text-align: justify;\">Cuando este proyecto est\u00e1 a punto de finalizar y las conclusiones ya est\u00e1n perfiladas, es posible constatar que el impacto de estos resultados puede ayudar de distintas maneras al sector de la construcci\u00f3n.<\/p>\n<p style=\"text-align: justify;\">Como cuenta Luciano Odone, las instituciones acad\u00e9micas codesarrolladoras \u2013CITEC, DECON UC, DICTUC e IDIEM- pudieron generar un nuevo expertise relacionado con hacer mediciones concretas bajo distintos par\u00e1metros y en diferentes zonas de Chile. \u201cEstas mediciones permitieron recoger caracter\u00edsticas, condiciones y datos relevantes que ayudan a tener un conocimiento m\u00e1s cabal de ciertos sistemas constructivos, materiales, condiciones de luminosidad, sonido y calidad del aire en distintos climas de nuestro pa\u00eds, y obtener as\u00ed par\u00e1metros para la certificaci\u00f3n de eficiencia energ\u00e9tica y calidad ambiental de edificaciones p\u00fablicas en Chile\u201d, se\u00f1ala el jefe del proyecto.<\/p>\n<p style=\"text-align: justify;\">Con esto, es posible que la Direcci\u00f3n de Arquitectura del MOP desarrolle estrategias de optimizaci\u00f3n de par\u00e1metros de eficiencia energ\u00e9tica y calidad ambiental en los futuros edificios p\u00fablicos a desarrollar, con lo cual se lograr\u00eda un paso significativo en el desarrollo de la edificaci\u00f3n p\u00fablica.<\/p>\n<p style=\"text-align: justify;\"><strong><span style=\"text-decoration: underline;\">Programa<\/span><\/strong><\/p>\n<p style=\"text-align: justify;\"><strong>Viernes 8 de junio:<\/strong> Sal\u00f3n MOP de Antofagasta, de 09:00 a 13:30 horas<\/p>\n<p style=\"text-align: justify;\"><strong>Martes 12 de junio:<\/strong> C\u00e1mara Chilena de la Construcci\u00f3n de Puerto Montt, de 09:00 a 13:30 horas<\/p>\n<p style=\"text-align: justify;\"><strong>Martes 19 de junio:<\/strong> Sal\u00f3n Gorbea de la Facultad de Ingenier\u00eda de la U. de Chile, en Santiago, de 09:00 a 13:30 horas<\/p>\n<p>&nbsp;<\/p>\n<p>&nbsp;<\/p>\n<p>&nbsp;<\/p>\n<p><\/p>","protected":false},"excerpt":{"rendered":"<p>En tres seminarios que se realizar\u00e1n en Antofagasta, Puerto Montt y Santiago en junio, se mostrar\u00e1n las principales conclusiones y los dos Manuales elaborados como productos finales del Proyecto INNOVA DA\/MOP. Luego de 30 meses de trabajo e investigaci\u00f3n, el &hellip; <a class=\"more-link\" href=\"https:\/\/colegioarquitectos.com\/noticias\/?p=1053\">ver m\u00e1s<\/a><\/p>","protected":false},"author":1,"featured_media":0,"comment_status":"open","ping_status":"open","sticky":false,"template":"","format":"standard","meta":{"footnotes":""},"categories":[19],"tags":[],"class_list":["post-1053","post","type-post","status-publish","format-standard","hentry","category-actividades"],"yoast_head":"<!-- This site is optimized with the Yoast SEO plugin v24.2 - https:\/\/yoast.com\/wordpress\/plugins\/seo\/ -->\n<title>El IC presentar\u00e1 resultados de proyecto que midi\u00f3 calidad ambiental y eficiencia energ\u00e9tica de 10 edificios p\u00fablicos  - COLEGIO DE ARQUITECTOS DE CHILE<\/title>\n<meta name=\"robots\" content=\"index, follow, max-snippet:-1, max-image-preview:large, max-video-preview:-1\" \/>\n<link rel=\"canonical\" href=\"https:\/\/colegioarquitectos.com\/noticias\/?p=1053\" \/>\n<meta property=\"og:locale\" content=\"es_ES\" \/>\n<meta property=\"og:type\" content=\"article\" \/>\n<meta property=\"og:title\" content=\"El IC presentar\u00e1 resultados de proyecto que midi\u00f3 calidad ambiental y eficiencia energ\u00e9tica de 10 edificios p\u00fablicos  - COLEGIO DE ARQUITECTOS DE CHILE\" \/>\n<meta property=\"og:description\" content=\"En tres seminarios que se realizar\u00e1n en Antofagasta, Puerto Montt y Santiago en junio, se mostrar\u00e1n las principales conclusiones y los dos Manuales elaborados como productos finales del Proyecto INNOVA DA\/MOP. Luego de 30 meses de trabajo e investigaci\u00f3n, el &hellip; ver m\u00e1s\" \/>\n<meta property=\"og:url\" content=\"https:\/\/colegioarquitectos.com\/noticias\/?p=1053\" \/>\n<meta property=\"og:site_name\" content=\"COLEGIO DE ARQUITECTOS DE CHILE\" \/>\n<meta property=\"article:publisher\" content=\"https:\/\/facebook.com\/Colegioarq\/\" \/>\n<meta property=\"article:published_time\" content=\"2012-05-30T07:55:53+00:00\" \/>\n<meta property=\"article:modified_time\" content=\"2012-06-08T16:59:15+00:00\" \/>\n<meta name=\"author\" content=\"Gabriel Salgado S.\" \/>\n<meta name=\"twitter:card\" content=\"summary_large_image\" \/>\n<meta name=\"twitter:creator\" content=\"@colegioarq\" \/>\n<meta name=\"twitter:site\" content=\"@colegioarq\" \/>\n<meta name=\"twitter:label1\" content=\"Escrito por\" \/>\n\t<meta name=\"twitter:data1\" content=\"Gabriel Salgado S.\" \/>\n\t<meta name=\"twitter:label2\" content=\"Tiempo de lectura\" \/>\n\t<meta name=\"twitter:data2\" content=\"5 minutos\" \/>\n<script type=\"application\/ld+json\" class=\"yoast-schema-graph\">{\"@context\":\"https:\/\/schema.org\",\"@graph\":[{\"@type\":\"Article\",\"@id\":\"https:\/\/colegioarquitectos.com\/noticias\/?p=1053#article\",\"isPartOf\":{\"@id\":\"https:\/\/colegioarquitectos.com\/noticias\/?p=1053\"},\"author\":{\"name\":\"Gabriel Salgado S.\",\"@id\":\"https:\/\/colegioarquitectos.com\/noticias\/#\/schema\/person\/b6c7e912cd1283c089114093ed09741f\"},\"headline\":\"El IC presentar\u00e1 resultados de proyecto que midi\u00f3 calidad ambiental y eficiencia energ\u00e9tica de 10 edificios p\u00fablicos\",\"datePublished\":\"2012-05-30T07:55:53+00:00\",\"dateModified\":\"2012-06-08T16:59:15+00:00\",\"mainEntityOfPage\":{\"@id\":\"https:\/\/colegioarquitectos.com\/noticias\/?p=1053\"},\"wordCount\":984,\"commentCount\":0,\"publisher\":{\"@id\":\"https:\/\/colegioarquitectos.com\/noticias\/#organization\"},\"articleSection\":[\"Actividades\"],\"inLanguage\":\"es\",\"potentialAction\":[{\"@type\":\"CommentAction\",\"name\":\"Comment\",\"target\":[\"https:\/\/colegioarquitectos.com\/noticias\/?p=1053#respond\"]}]},{\"@type\":\"WebPage\",\"@id\":\"https:\/\/colegioarquitectos.com\/noticias\/?p=1053\",\"url\":\"https:\/\/colegioarquitectos.com\/noticias\/?p=1053\",\"name\":\"El IC presentar\u00e1 resultados de proyecto que midi\u00f3 calidad ambiental y eficiencia energ\u00e9tica de 10 edificios p\u00fablicos - COLEGIO DE ARQUITECTOS DE CHILE\",\"isPartOf\":{\"@id\":\"https:\/\/colegioarquitectos.com\/noticias\/#website\"},\"datePublished\":\"2012-05-30T07:55:53+00:00\",\"dateModified\":\"2012-06-08T16:59:15+00:00\",\"breadcrumb\":{\"@id\":\"https:\/\/colegioarquitectos.com\/noticias\/?p=1053#breadcrumb\"},\"inLanguage\":\"es\",\"potentialAction\":[{\"@type\":\"ReadAction\",\"target\":[\"https:\/\/colegioarquitectos.com\/noticias\/?p=1053\"]}]},{\"@type\":\"BreadcrumbList\",\"@id\":\"https:\/\/colegioarquitectos.com\/noticias\/?p=1053#breadcrumb\",\"itemListElement\":[{\"@type\":\"ListItem\",\"position\":1,\"name\":\"Portada\",\"item\":\"https:\/\/colegioarquitectos.com\/noticias\"},{\"@type\":\"ListItem\",\"position\":2,\"name\":\"El IC presentar\u00e1 resultados de proyecto que midi\u00f3 calidad ambiental y eficiencia energ\u00e9tica de 10 edificios p\u00fablicos\"}]},{\"@type\":\"WebSite\",\"@id\":\"https:\/\/colegioarquitectos.com\/noticias\/#website\",\"url\":\"https:\/\/colegioarquitectos.com\/noticias\/\",\"name\":\"COLEGIO DE ARQUITECTOS DE CHILE\",\"description\":\"\",\"publisher\":{\"@id\":\"https:\/\/colegioarquitectos.com\/noticias\/#organization\"},\"potentialAction\":[{\"@type\":\"SearchAction\",\"target\":{\"@type\":\"EntryPoint\",\"urlTemplate\":\"https:\/\/colegioarquitectos.com\/noticias\/?s={search_term_string}\"},\"query-input\":{\"@type\":\"PropertyValueSpecification\",\"valueRequired\":true,\"valueName\":\"search_term_string\"}}],\"inLanguage\":\"es\"},{\"@type\":\"Organization\",\"@id\":\"https:\/\/colegioarquitectos.com\/noticias\/#organization\",\"name\":\"COLEGIO DE ARQUITECTOS DE CHILE\",\"url\":\"https:\/\/colegioarquitectos.com\/noticias\/\",\"logo\":{\"@type\":\"ImageObject\",\"inLanguage\":\"es\",\"@id\":\"https:\/\/colegioarquitectos.com\/noticias\/#\/schema\/logo\/image\/\",\"url\":\"https:\/\/colegioarquitectos.com\/noticias\/wp-content\/uploads\/2021\/05\/ENCABEZADO-LOGO-CA.jpg\",\"contentUrl\":\"https:\/\/colegioarquitectos.com\/noticias\/wp-content\/uploads\/2021\/05\/ENCABEZADO-LOGO-CA.jpg\",\"width\":690,\"height\":350,\"caption\":\"COLEGIO DE ARQUITECTOS DE CHILE\"},\"image\":{\"@id\":\"https:\/\/colegioarquitectos.com\/noticias\/#\/schema\/logo\/image\/\"},\"sameAs\":[\"https:\/\/facebook.com\/Colegioarq\/\",\"https:\/\/x.com\/colegioarq\",\"https:\/\/instagram.com\/colegioarq\",\"https:\/\/youtube.com\/@ColegiodeArquitectosdeChile\"]},{\"@type\":\"Person\",\"@id\":\"https:\/\/colegioarquitectos.com\/noticias\/#\/schema\/person\/b6c7e912cd1283c089114093ed09741f\",\"name\":\"Gabriel Salgado S.\",\"url\":\"https:\/\/colegioarquitectos.com\/noticias\/?author=1\"}]}<\/script>\n<!-- \/ Yoast SEO plugin. -->","yoast_head_json":{"title":"El IC presentar\u00e1 resultados de proyecto que midi\u00f3 calidad ambiental y eficiencia energ\u00e9tica de 10 edificios p\u00fablicos  - COLEGIO DE ARQUITECTOS DE CHILE","robots":{"index":"index","follow":"follow","max-snippet":"max-snippet:-1","max-image-preview":"max-image-preview:large","max-video-preview":"max-video-preview:-1"},"canonical":"https:\/\/colegioarquitectos.com\/noticias\/?p=1053","og_locale":"es_ES","og_type":"article","og_title":"El IC presentar\u00e1 resultados de proyecto que midi\u00f3 calidad ambiental y eficiencia energ\u00e9tica de 10 edificios p\u00fablicos  - COLEGIO DE ARQUITECTOS DE CHILE","og_description":"En tres seminarios que se realizar\u00e1n en Antofagasta, Puerto Montt y Santiago en junio, se mostrar\u00e1n las principales conclusiones y los dos Manuales elaborados como productos finales del Proyecto INNOVA DA\/MOP. Luego de 30 meses de trabajo e investigaci\u00f3n, el &hellip; ver m\u00e1s","og_url":"https:\/\/colegioarquitectos.com\/noticias\/?p=1053","og_site_name":"COLEGIO DE ARQUITECTOS DE CHILE","article_publisher":"https:\/\/facebook.com\/Colegioarq\/","article_published_time":"2012-05-30T07:55:53+00:00","article_modified_time":"2012-06-08T16:59:15+00:00","author":"Gabriel Salgado S.","twitter_card":"summary_large_image","twitter_creator":"@colegioarq","twitter_site":"@colegioarq","twitter_misc":{"Escrito por":"Gabriel Salgado S.","Tiempo de lectura":"5 minutos"},"schema":{"@context":"https:\/\/schema.org","@graph":[{"@type":"Article","@id":"https:\/\/colegioarquitectos.com\/noticias\/?p=1053#article","isPartOf":{"@id":"https:\/\/colegioarquitectos.com\/noticias\/?p=1053"},"author":{"name":"Gabriel Salgado S.","@id":"https:\/\/colegioarquitectos.com\/noticias\/#\/schema\/person\/b6c7e912cd1283c089114093ed09741f"},"headline":"El IC presentar\u00e1 resultados de proyecto que midi\u00f3 calidad ambiental y eficiencia energ\u00e9tica de 10 edificios p\u00fablicos","datePublished":"2012-05-30T07:55:53+00:00","dateModified":"2012-06-08T16:59:15+00:00","mainEntityOfPage":{"@id":"https:\/\/colegioarquitectos.com\/noticias\/?p=1053"},"wordCount":984,"commentCount":0,"publisher":{"@id":"https:\/\/colegioarquitectos.com\/noticias\/#organization"},"articleSection":["Actividades"],"inLanguage":"es","potentialAction":[{"@type":"CommentAction","name":"Comment","target":["https:\/\/colegioarquitectos.com\/noticias\/?p=1053#respond"]}]},{"@type":"WebPage","@id":"https:\/\/colegioarquitectos.com\/noticias\/?p=1053","url":"https:\/\/colegioarquitectos.com\/noticias\/?p=1053","name":"El IC presentar\u00e1 resultados de proyecto que midi\u00f3 calidad ambiental y eficiencia energ\u00e9tica de 10 edificios p\u00fablicos - COLEGIO DE ARQUITECTOS DE CHILE","isPartOf":{"@id":"https:\/\/colegioarquitectos.com\/noticias\/#website"},"datePublished":"2012-05-30T07:55:53+00:00","dateModified":"2012-06-08T16:59:15+00:00","breadcrumb":{"@id":"https:\/\/colegioarquitectos.com\/noticias\/?p=1053#breadcrumb"},"inLanguage":"es","potentialAction":[{"@type":"ReadAction","target":["https:\/\/colegioarquitectos.com\/noticias\/?p=1053"]}]},{"@type":"BreadcrumbList","@id":"https:\/\/colegioarquitectos.com\/noticias\/?p=1053#breadcrumb","itemListElement":[{"@type":"ListItem","position":1,"name":"Portada","item":"https:\/\/colegioarquitectos.com\/noticias"},{"@type":"ListItem","position":2,"name":"El IC presentar\u00e1 resultados de proyecto que midi\u00f3 calidad ambiental y eficiencia energ\u00e9tica de 10 edificios p\u00fablicos"}]},{"@type":"WebSite","@id":"https:\/\/colegioarquitectos.com\/noticias\/#website","url":"https:\/\/colegioarquitectos.com\/noticias\/","name":"COLEGIO DE ARQUITECTOS DE CHILE","description":"","publisher":{"@id":"https:\/\/colegioarquitectos.com\/noticias\/#organization"},"potentialAction":[{"@type":"SearchAction","target":{"@type":"EntryPoint","urlTemplate":"https:\/\/colegioarquitectos.com\/noticias\/?s={search_term_string}"},"query-input":{"@type":"PropertyValueSpecification","valueRequired":true,"valueName":"search_term_string"}}],"inLanguage":"es"},{"@type":"Organization","@id":"https:\/\/colegioarquitectos.com\/noticias\/#organization","name":"COLEGIO DE ARQUITECTOS DE CHILE","url":"https:\/\/colegioarquitectos.com\/noticias\/","logo":{"@type":"ImageObject","inLanguage":"es","@id":"https:\/\/colegioarquitectos.com\/noticias\/#\/schema\/logo\/image\/","url":"https:\/\/colegioarquitectos.com\/noticias\/wp-content\/uploads\/2021\/05\/ENCABEZADO-LOGO-CA.jpg","contentUrl":"https:\/\/colegioarquitectos.com\/noticias\/wp-content\/uploads\/2021\/05\/ENCABEZADO-LOGO-CA.jpg","width":690,"height":350,"caption":"COLEGIO DE ARQUITECTOS DE CHILE"},"image":{"@id":"https:\/\/colegioarquitectos.com\/noticias\/#\/schema\/logo\/image\/"},"sameAs":["https:\/\/facebook.com\/Colegioarq\/","https:\/\/x.com\/colegioarq","https:\/\/instagram.com\/colegioarq","https:\/\/youtube.com\/@ColegiodeArquitectosdeChile"]},{"@type":"Person","@id":"https:\/\/colegioarquitectos.com\/noticias\/#\/schema\/person\/b6c7e912cd1283c089114093ed09741f","name":"Gabriel Salgado S.","url":"https:\/\/colegioarquitectos.com\/noticias\/?author=1"}]}},"_links":{"self":[{"href":"https:\/\/colegioarquitectos.com\/noticias\/index.php?rest_route=\/wp\/v2\/posts\/1053","targetHints":{"allow":["GET"]}}],"collection":[{"href":"https:\/\/colegioarquitectos.com\/noticias\/index.php?rest_route=\/wp\/v2\/posts"}],"about":[{"href":"https:\/\/colegioarquitectos.com\/noticias\/index.php?rest_route=\/wp\/v2\/types\/post"}],"author":[{"embeddable":true,"href":"https:\/\/colegioarquitectos.com\/noticias\/index.php?rest_route=\/wp\/v2\/users\/1"}],"replies":[{"embeddable":true,"href":"https:\/\/colegioarquitectos.com\/noticias\/index.php?rest_route=%2Fwp%2Fv2%2Fcomments&post=1053"}],"version-history":[{"count":0,"href":"https:\/\/colegioarquitectos.com\/noticias\/index.php?rest_route=\/wp\/v2\/posts\/1053\/revisions"}],"wp:attachment":[{"href":"https:\/\/colegioarquitectos.com\/noticias\/index.php?rest_route=%2Fwp%2Fv2%2Fmedia&parent=1053"}],"wp:term":[{"taxonomy":"category","embeddable":true,"href":"https:\/\/colegioarquitectos.com\/noticias\/index.php?rest_route=%2Fwp%2Fv2%2Fcategories&post=1053"},{"taxonomy":"post_tag","embeddable":true,"href":"https:\/\/colegioarquitectos.com\/noticias\/index.php?rest_route=%2Fwp%2Fv2%2Ftags&post=1053"}],"curies":[{"name":"wp","href":"https:\/\/api.w.org\/{rel}","templated":true}]}}