
{"id":10555,"date":"2015-12-10T13:39:55","date_gmt":"2015-12-10T13:39:55","guid":{"rendered":"http:\/\/colegioarquitectos.com\/?p=10555"},"modified":"2015-12-10T13:52:55","modified_gmt":"2015-12-10T13:52:55","slug":"las-ideas-tras-el-i-encuentro-de-arquitectos-del-servicio-publico","status":"publish","type":"post","link":"https:\/\/colegioarquitectos.com\/noticias\/?p=10555","title":{"rendered":"Las ideas tras el I Encuentro de Arquitectos de Servicios P\u00fablicos"},"content":{"rendered":"<div style=\"text-algn:left\"><span style=\"display:inline-block;text-align:center;\"><iframe allow=\"autoplay\" class=\"youtube_embed_iframe\"    allowFullScreen=\"true\" style=\"width:640px; height:385px\" src=\"https:\/\/www.youtube.com\/embed\/22bOClsC7Bo?autoplay=0&theme=dark&loop=0&fs=1&showinfo=0&modestbranding=1&iv_load_policy=1&color=white&autohide=1&disablekb=0&enablejsapi=1&version=3\"><\/iframe><\/span><\/div>\n<p>&nbsp;<\/p>\n<p>Cerca de 40 personas asistieron al I Encuentro de Arquitectos del Servicio P\u00fablico el pasado jueves 26 de noviembre. La actividad organizada por el Colegio de Arquitectos y su Director Nacional, Pablo Fuentes, cont\u00f3 con la Presidenta del Colegio de Arquitectos, Pilar Urrejola; el Vicepresidente de Asuntos Externos, Alberto Texido; el Secretario General, Juan Pablo Urrutia y el Seremi Regional Metropolitano de Vivienda y Urbanismo, Aldo Ramaciotti; entre varios arquitectos que trabajan en Municipios, Ministerios y otros servicios p\u00fablicos.<\/p>\n<p>En la primera parte Pablo Fuentes, quien se desempe\u00f1a como Director Regional de Arquitectura (RM) del Ministerio de Obras P\u00fablicas y gran parte de su carrera la ha desarrollado en organismos del Estado, present\u00f3 el escenario actual de los arquitectos y sus problem\u00e1ticas junto a los \u00a0principales desaf\u00edos del \u00e1rea. Pilar Urrejola, a su vez pidi\u00f3 a cada uno presentarse y aportar con alguna idea al debate.<\/p>\n<p>Al final del encuentro se propuso la creaci\u00f3n de un nuevo Comit\u00e9 de Arquitectos de Servicios P\u00fablicos que tendr\u00e1 como fin de reunir de manera peri\u00f3dica a los arquitectos y arquitectas que trabajan en alguna instituci\u00f3n p\u00fablica nacional, regional o local, y que deseen participar con sus ideas.<\/p>\n<p>Lo que se determine como necesidades m\u00e1s urgentes del gremio, junto a las propuestas innovadoras de gesti\u00f3n p\u00fablica, ser\u00e1n recogidas por este nuevo Comit\u00e9 del Colegio de Arquitectos que trabajar\u00e1 por sacar adelante los distintos desaf\u00edos que enfrentan los Arquitectos que trabajan para el Estado.<\/p>\n<p>Entre los temas relevados en este encuentro destacan:<\/p>\n<ul>\n<li>Condiciones laborales y contractuales.<\/li>\n<li>La proporci\u00f3n de titulados respecto a la demanda real del pa\u00eds.<\/li>\n<li>La formaci\u00f3n \u00e9tica de los arquitectos que ingresan al Estado.<\/li>\n<li>Participaci\u00f3n del gremio en los debates de la agenda p\u00fablica.<\/li>\n<li>Descentralizaci\u00f3n de las decisiones.<\/li>\n<\/ul>\n<p>&nbsp;<\/p>\n<p>&nbsp;<\/p>\n<p>&nbsp;<\/p>\n<p><\/p>","protected":false},"excerpt":{"rendered":"<p>&nbsp; Cerca de 40 personas asistieron al I Encuentro de Arquitectos del Servicio P\u00fablico el pasado jueves 26 de noviembre. La actividad organizada por el Colegio de Arquitectos y su Director Nacional, Pablo Fuentes, cont\u00f3 con la Presidenta del Colegio &hellip; <a class=\"more-link\" href=\"https:\/\/colegioarquitectos.com\/noticias\/?p=10555\">ver m\u00e1s<\/a><\/p>","protected":false},"author":4,"featured_media":10556,"comment_status":"open","ping_status":"open","sticky":false,"template":"","format":"standard","meta":{"footnotes":""},"categories":[8],"tags":[],"class_list":["post-10555","post","type-post","status-publish","format-standard","has-post-thumbnail","hentry","category-colegio-de-arquitectos"],"yoast_head":"<!-- This site is optimized with the Yoast SEO plugin v24.2 - https:\/\/yoast.com\/wordpress\/plugins\/seo\/ -->\n<title>Las ideas tras el I Encuentro de Arquitectos de Servicios P\u00fablicos - COLEGIO DE ARQUITECTOS DE CHILE<\/title>\n<meta name=\"robots\" content=\"index, follow, max-snippet:-1, max-image-preview:large, max-video-preview:-1\" \/>\n<link rel=\"canonical\" href=\"https:\/\/colegioarquitectos.com\/noticias\/?p=10555\" \/>\n<meta property=\"og:locale\" content=\"es_ES\" \/>\n<meta property=\"og:type\" content=\"article\" \/>\n<meta property=\"og:title\" content=\"Las ideas tras el I Encuentro de Arquitectos de Servicios P\u00fablicos - COLEGIO DE ARQUITECTOS DE CHILE\" \/>\n<meta property=\"og:description\" content=\"&nbsp; Cerca de 40 personas asistieron al I Encuentro de Arquitectos del Servicio P\u00fablico el pasado jueves 26 de noviembre. La actividad organizada por el Colegio de Arquitectos y su Director Nacional, Pablo Fuentes, cont\u00f3 con la Presidenta del Colegio &hellip; ver m\u00e1s\" \/>\n<meta property=\"og:url\" content=\"https:\/\/colegioarquitectos.com\/noticias\/?p=10555\" \/>\n<meta property=\"og:site_name\" content=\"COLEGIO DE ARQUITECTOS DE CHILE\" \/>\n<meta property=\"article:publisher\" content=\"https:\/\/facebook.com\/Colegioarq\/\" \/>\n<meta property=\"article:published_time\" content=\"2015-12-10T13:39:55+00:00\" \/>\n<meta property=\"article:modified_time\" content=\"2015-12-10T13:52:55+00:00\" \/>\n<meta property=\"og:image\" content=\"https:\/\/colegioarquitectos.com\/noticias\/wp-content\/uploads\/2015\/12\/Portada-encuentro-arquitectos-servicios-p\u00fablicos.jpg\" \/>\n\t<meta property=\"og:image:width\" content=\"690\" \/>\n\t<meta property=\"og:image:height\" content=\"350\" \/>\n\t<meta property=\"og:image:type\" content=\"image\/jpeg\" \/>\n<meta name=\"author\" content=\"Colegio de Arquitectos de Chile\" \/>\n<meta name=\"twitter:card\" content=\"summary_large_image\" \/>\n<meta name=\"twitter:creator\" content=\"@colegioarq\" \/>\n<meta name=\"twitter:site\" content=\"@colegioarq\" \/>\n<meta name=\"twitter:label1\" content=\"Escrito por\" \/>\n\t<meta name=\"twitter:data1\" content=\"Colegio de Arquitectos de Chile\" \/>\n\t<meta name=\"twitter:label2\" content=\"Tiempo de lectura\" \/>\n\t<meta name=\"twitter:data2\" content=\"2 minutos\" \/>\n<script type=\"application\/ld+json\" class=\"yoast-schema-graph\">{\"@context\":\"https:\/\/schema.org\",\"@graph\":[{\"@type\":\"Article\",\"@id\":\"https:\/\/colegioarquitectos.com\/noticias\/?p=10555#article\",\"isPartOf\":{\"@id\":\"https:\/\/colegioarquitectos.com\/noticias\/?p=10555\"},\"author\":{\"name\":\"Colegio de Arquitectos de Chile\",\"@id\":\"https:\/\/colegioarquitectos.com\/noticias\/#\/schema\/person\/685cc0aad148303c5608f049af8285ad\"},\"headline\":\"Las ideas tras el I Encuentro de Arquitectos de Servicios P\u00fablicos\",\"datePublished\":\"2015-12-10T13:39:55+00:00\",\"dateModified\":\"2015-12-10T13:52:55+00:00\",\"mainEntityOfPage\":{\"@id\":\"https:\/\/colegioarquitectos.com\/noticias\/?p=10555\"},\"wordCount\":328,\"commentCount\":3,\"publisher\":{\"@id\":\"https:\/\/colegioarquitectos.com\/noticias\/#organization\"},\"image\":{\"@id\":\"https:\/\/colegioarquitectos.com\/noticias\/?p=10555#primaryimage\"},\"thumbnailUrl\":\"https:\/\/colegioarquitectos.com\/noticias\/wp-content\/uploads\/2015\/12\/Portada-encuentro-arquitectos-servicios-p\u00fablicos.jpg\",\"articleSection\":[\"Colegio\"],\"inLanguage\":\"es\",\"potentialAction\":[{\"@type\":\"CommentAction\",\"name\":\"Comment\",\"target\":[\"https:\/\/colegioarquitectos.com\/noticias\/?p=10555#respond\"]}]},{\"@type\":\"WebPage\",\"@id\":\"https:\/\/colegioarquitectos.com\/noticias\/?p=10555\",\"url\":\"https:\/\/colegioarquitectos.com\/noticias\/?p=10555\",\"name\":\"Las ideas tras el I Encuentro de Arquitectos de Servicios P\u00fablicos - COLEGIO DE ARQUITECTOS DE CHILE\",\"isPartOf\":{\"@id\":\"https:\/\/colegioarquitectos.com\/noticias\/#website\"},\"primaryImageOfPage\":{\"@id\":\"https:\/\/colegioarquitectos.com\/noticias\/?p=10555#primaryimage\"},\"image\":{\"@id\":\"https:\/\/colegioarquitectos.com\/noticias\/?p=10555#primaryimage\"},\"thumbnailUrl\":\"https:\/\/colegioarquitectos.com\/noticias\/wp-content\/uploads\/2015\/12\/Portada-encuentro-arquitectos-servicios-p\u00fablicos.jpg\",\"datePublished\":\"2015-12-10T13:39:55+00:00\",\"dateModified\":\"2015-12-10T13:52:55+00:00\",\"breadcrumb\":{\"@id\":\"https:\/\/colegioarquitectos.com\/noticias\/?p=10555#breadcrumb\"},\"inLanguage\":\"es\",\"potentialAction\":[{\"@type\":\"ReadAction\",\"target\":[\"https:\/\/colegioarquitectos.com\/noticias\/?p=10555\"]}]},{\"@type\":\"ImageObject\",\"inLanguage\":\"es\",\"@id\":\"https:\/\/colegioarquitectos.com\/noticias\/?p=10555#primaryimage\",\"url\":\"https:\/\/colegioarquitectos.com\/noticias\/wp-content\/uploads\/2015\/12\/Portada-encuentro-arquitectos-servicios-p\u00fablicos.jpg\",\"contentUrl\":\"https:\/\/colegioarquitectos.com\/noticias\/wp-content\/uploads\/2015\/12\/Portada-encuentro-arquitectos-servicios-p\u00fablicos.jpg\",\"width\":690,\"height\":350},{\"@type\":\"BreadcrumbList\",\"@id\":\"https:\/\/colegioarquitectos.com\/noticias\/?p=10555#breadcrumb\",\"itemListElement\":[{\"@type\":\"ListItem\",\"position\":1,\"name\":\"Portada\",\"item\":\"https:\/\/colegioarquitectos.com\/noticias\"},{\"@type\":\"ListItem\",\"position\":2,\"name\":\"Las ideas tras el I Encuentro de Arquitectos de Servicios P\u00fablicos\"}]},{\"@type\":\"WebSite\",\"@id\":\"https:\/\/colegioarquitectos.com\/noticias\/#website\",\"url\":\"https:\/\/colegioarquitectos.com\/noticias\/\",\"name\":\"COLEGIO DE ARQUITECTOS DE CHILE\",\"description\":\"\",\"publisher\":{\"@id\":\"https:\/\/colegioarquitectos.com\/noticias\/#organization\"},\"potentialAction\":[{\"@type\":\"SearchAction\",\"target\":{\"@type\":\"EntryPoint\",\"urlTemplate\":\"https:\/\/colegioarquitectos.com\/noticias\/?s={search_term_string}\"},\"query-input\":{\"@type\":\"PropertyValueSpecification\",\"valueRequired\":true,\"valueName\":\"search_term_string\"}}],\"inLanguage\":\"es\"},{\"@type\":\"Organization\",\"@id\":\"https:\/\/colegioarquitectos.com\/noticias\/#organization\",\"name\":\"COLEGIO DE ARQUITECTOS DE CHILE\",\"url\":\"https:\/\/colegioarquitectos.com\/noticias\/\",\"logo\":{\"@type\":\"ImageObject\",\"inLanguage\":\"es\",\"@id\":\"https:\/\/colegioarquitectos.com\/noticias\/#\/schema\/logo\/image\/\",\"url\":\"https:\/\/colegioarquitectos.com\/noticias\/wp-content\/uploads\/2021\/05\/ENCABEZADO-LOGO-CA.jpg\",\"contentUrl\":\"https:\/\/colegioarquitectos.com\/noticias\/wp-content\/uploads\/2021\/05\/ENCABEZADO-LOGO-CA.jpg\",\"width\":690,\"height\":350,\"caption\":\"COLEGIO DE ARQUITECTOS DE CHILE\"},\"image\":{\"@id\":\"https:\/\/colegioarquitectos.com\/noticias\/#\/schema\/logo\/image\/\"},\"sameAs\":[\"https:\/\/facebook.com\/Colegioarq\/\",\"https:\/\/x.com\/colegioarq\",\"https:\/\/instagram.com\/colegioarq\",\"https:\/\/youtube.com\/@ColegiodeArquitectosdeChile\"]},{\"@type\":\"Person\",\"@id\":\"https:\/\/colegioarquitectos.com\/noticias\/#\/schema\/person\/685cc0aad148303c5608f049af8285ad\",\"name\":\"Colegio de Arquitectos de Chile\",\"url\":\"https:\/\/colegioarquitectos.com\/noticias\/?author=4\"}]}<\/script>\n<!-- \/ Yoast SEO plugin. -->","yoast_head_json":{"title":"Las ideas tras el I Encuentro de Arquitectos de Servicios P\u00fablicos - COLEGIO DE ARQUITECTOS DE CHILE","robots":{"index":"index","follow":"follow","max-snippet":"max-snippet:-1","max-image-preview":"max-image-preview:large","max-video-preview":"max-video-preview:-1"},"canonical":"https:\/\/colegioarquitectos.com\/noticias\/?p=10555","og_locale":"es_ES","og_type":"article","og_title":"Las ideas tras el I Encuentro de Arquitectos de Servicios P\u00fablicos - COLEGIO DE ARQUITECTOS DE CHILE","og_description":"&nbsp; Cerca de 40 personas asistieron al I Encuentro de Arquitectos del Servicio P\u00fablico el pasado jueves 26 de noviembre. La actividad organizada por el Colegio de Arquitectos y su Director Nacional, Pablo Fuentes, cont\u00f3 con la Presidenta del Colegio &hellip; ver m\u00e1s","og_url":"https:\/\/colegioarquitectos.com\/noticias\/?p=10555","og_site_name":"COLEGIO DE ARQUITECTOS DE CHILE","article_publisher":"https:\/\/facebook.com\/Colegioarq\/","article_published_time":"2015-12-10T13:39:55+00:00","article_modified_time":"2015-12-10T13:52:55+00:00","og_image":[{"width":690,"height":350,"url":"https:\/\/colegioarquitectos.com\/noticias\/wp-content\/uploads\/2015\/12\/Portada-encuentro-arquitectos-servicios-p\u00fablicos.jpg","type":"image\/jpeg"}],"author":"Colegio de Arquitectos de Chile","twitter_card":"summary_large_image","twitter_creator":"@colegioarq","twitter_site":"@colegioarq","twitter_misc":{"Escrito por":"Colegio de Arquitectos de Chile","Tiempo de lectura":"2 minutos"},"schema":{"@context":"https:\/\/schema.org","@graph":[{"@type":"Article","@id":"https:\/\/colegioarquitectos.com\/noticias\/?p=10555#article","isPartOf":{"@id":"https:\/\/colegioarquitectos.com\/noticias\/?p=10555"},"author":{"name":"Colegio de Arquitectos de Chile","@id":"https:\/\/colegioarquitectos.com\/noticias\/#\/schema\/person\/685cc0aad148303c5608f049af8285ad"},"headline":"Las ideas tras el I Encuentro de Arquitectos de Servicios P\u00fablicos","datePublished":"2015-12-10T13:39:55+00:00","dateModified":"2015-12-10T13:52:55+00:00","mainEntityOfPage":{"@id":"https:\/\/colegioarquitectos.com\/noticias\/?p=10555"},"wordCount":328,"commentCount":3,"publisher":{"@id":"https:\/\/colegioarquitectos.com\/noticias\/#organization"},"image":{"@id":"https:\/\/colegioarquitectos.com\/noticias\/?p=10555#primaryimage"},"thumbnailUrl":"https:\/\/colegioarquitectos.com\/noticias\/wp-content\/uploads\/2015\/12\/Portada-encuentro-arquitectos-servicios-p\u00fablicos.jpg","articleSection":["Colegio"],"inLanguage":"es","potentialAction":[{"@type":"CommentAction","name":"Comment","target":["https:\/\/colegioarquitectos.com\/noticias\/?p=10555#respond"]}]},{"@type":"WebPage","@id":"https:\/\/colegioarquitectos.com\/noticias\/?p=10555","url":"https:\/\/colegioarquitectos.com\/noticias\/?p=10555","name":"Las ideas tras el I Encuentro de Arquitectos de Servicios P\u00fablicos - COLEGIO DE ARQUITECTOS DE CHILE","isPartOf":{"@id":"https:\/\/colegioarquitectos.com\/noticias\/#website"},"primaryImageOfPage":{"@id":"https:\/\/colegioarquitectos.com\/noticias\/?p=10555#primaryimage"},"image":{"@id":"https:\/\/colegioarquitectos.com\/noticias\/?p=10555#primaryimage"},"thumbnailUrl":"https:\/\/colegioarquitectos.com\/noticias\/wp-content\/uploads\/2015\/12\/Portada-encuentro-arquitectos-servicios-p\u00fablicos.jpg","datePublished":"2015-12-10T13:39:55+00:00","dateModified":"2015-12-10T13:52:55+00:00","breadcrumb":{"@id":"https:\/\/colegioarquitectos.com\/noticias\/?p=10555#breadcrumb"},"inLanguage":"es","potentialAction":[{"@type":"ReadAction","target":["https:\/\/colegioarquitectos.com\/noticias\/?p=10555"]}]},{"@type":"ImageObject","inLanguage":"es","@id":"https:\/\/colegioarquitectos.com\/noticias\/?p=10555#primaryimage","url":"https:\/\/colegioarquitectos.com\/noticias\/wp-content\/uploads\/2015\/12\/Portada-encuentro-arquitectos-servicios-p\u00fablicos.jpg","contentUrl":"https:\/\/colegioarquitectos.com\/noticias\/wp-content\/uploads\/2015\/12\/Portada-encuentro-arquitectos-servicios-p\u00fablicos.jpg","width":690,"height":350},{"@type":"BreadcrumbList","@id":"https:\/\/colegioarquitectos.com\/noticias\/?p=10555#breadcrumb","itemListElement":[{"@type":"ListItem","position":1,"name":"Portada","item":"https:\/\/colegioarquitectos.com\/noticias"},{"@type":"ListItem","position":2,"name":"Las ideas tras el I Encuentro de Arquitectos de Servicios P\u00fablicos"}]},{"@type":"WebSite","@id":"https:\/\/colegioarquitectos.com\/noticias\/#website","url":"https:\/\/colegioarquitectos.com\/noticias\/","name":"COLEGIO DE ARQUITECTOS DE CHILE","description":"","publisher":{"@id":"https:\/\/colegioarquitectos.com\/noticias\/#organization"},"potentialAction":[{"@type":"SearchAction","target":{"@type":"EntryPoint","urlTemplate":"https:\/\/colegioarquitectos.com\/noticias\/?s={search_term_string}"},"query-input":{"@type":"PropertyValueSpecification","valueRequired":true,"valueName":"search_term_string"}}],"inLanguage":"es"},{"@type":"Organization","@id":"https:\/\/colegioarquitectos.com\/noticias\/#organization","name":"COLEGIO DE ARQUITECTOS DE CHILE","url":"https:\/\/colegioarquitectos.com\/noticias\/","logo":{"@type":"ImageObject","inLanguage":"es","@id":"https:\/\/colegioarquitectos.com\/noticias\/#\/schema\/logo\/image\/","url":"https:\/\/colegioarquitectos.com\/noticias\/wp-content\/uploads\/2021\/05\/ENCABEZADO-LOGO-CA.jpg","contentUrl":"https:\/\/colegioarquitectos.com\/noticias\/wp-content\/uploads\/2021\/05\/ENCABEZADO-LOGO-CA.jpg","width":690,"height":350,"caption":"COLEGIO DE ARQUITECTOS DE CHILE"},"image":{"@id":"https:\/\/colegioarquitectos.com\/noticias\/#\/schema\/logo\/image\/"},"sameAs":["https:\/\/facebook.com\/Colegioarq\/","https:\/\/x.com\/colegioarq","https:\/\/instagram.com\/colegioarq","https:\/\/youtube.com\/@ColegiodeArquitectosdeChile"]},{"@type":"Person","@id":"https:\/\/colegioarquitectos.com\/noticias\/#\/schema\/person\/685cc0aad148303c5608f049af8285ad","name":"Colegio de Arquitectos de Chile","url":"https:\/\/colegioarquitectos.com\/noticias\/?author=4"}]}},"_links":{"self":[{"href":"https:\/\/colegioarquitectos.com\/noticias\/index.php?rest_route=\/wp\/v2\/posts\/10555","targetHints":{"allow":["GET"]}}],"collection":[{"href":"https:\/\/colegioarquitectos.com\/noticias\/index.php?rest_route=\/wp\/v2\/posts"}],"about":[{"href":"https:\/\/colegioarquitectos.com\/noticias\/index.php?rest_route=\/wp\/v2\/types\/post"}],"author":[{"embeddable":true,"href":"https:\/\/colegioarquitectos.com\/noticias\/index.php?rest_route=\/wp\/v2\/users\/4"}],"replies":[{"embeddable":true,"href":"https:\/\/colegioarquitectos.com\/noticias\/index.php?rest_route=%2Fwp%2Fv2%2Fcomments&post=10555"}],"version-history":[{"count":0,"href":"https:\/\/colegioarquitectos.com\/noticias\/index.php?rest_route=\/wp\/v2\/posts\/10555\/revisions"}],"wp:featuredmedia":[{"embeddable":true,"href":"https:\/\/colegioarquitectos.com\/noticias\/index.php?rest_route=\/wp\/v2\/media\/10556"}],"wp:attachment":[{"href":"https:\/\/colegioarquitectos.com\/noticias\/index.php?rest_route=%2Fwp%2Fv2%2Fmedia&parent=10555"}],"wp:term":[{"taxonomy":"category","embeddable":true,"href":"https:\/\/colegioarquitectos.com\/noticias\/index.php?rest_route=%2Fwp%2Fv2%2Fcategories&post=10555"},{"taxonomy":"post_tag","embeddable":true,"href":"https:\/\/colegioarquitectos.com\/noticias\/index.php?rest_route=%2Fwp%2Fv2%2Ftags&post=10555"}],"curies":[{"name":"wp","href":"https:\/\/api.w.org\/{rel}","templated":true}]}}