
{"id":10585,"date":"2015-12-11T19:36:32","date_gmt":"2015-12-11T19:36:32","guid":{"rendered":"http:\/\/colegioarquitectos.com\/?p=10585"},"modified":"2015-12-11T19:36:33","modified_gmt":"2015-12-11T19:36:33","slug":"comunidad-y-territorio-exposicion-del-barrio-matta-sur","status":"publish","type":"post","link":"https:\/\/colegioarquitectos.com\/noticias\/?p=10585","title":{"rendered":"\u201cComunidad y Territorio\u201d exposici\u00f3n del barrio Matta Sur"},"content":{"rendered":"<p>Hasta el 14 de diciembre el Centro Cultural Patrimonio de Matta Sur estar\u00e1 mostrando la exposici\u00f3n \u201cComunidad y Territorio\u201d en el hall del Palacio Consistorial de la Municipalidad de Santiago, en la Plaza de Armas.\u00a0La exposici\u00f3n muestra historias, fotograf\u00edas y objetos que invitan a conocer y reencontrase con este emblem\u00e1tico barrio de la comuna de Santiago.<\/p>\n<p><em>\u201cEl Barrio Matta Sur es un territorio extenso, rodeado por las Avenidas Vicu\u00f1a Mackenna, Manuel Antonio Matta, Franklin (Zanj\u00f3n de la Aguada) y la Carretera Norte Sur. Es un barrio heterog\u00e9neo y diverso, que combina actividad industrial y comercial con un marcado car\u00e1cter residencial. Las viviendas son propias de fines del siglo XIX y comienzos del XX, pero recientemente tambi\u00e9n han sido construidas torres en altura, poniendo en riesgo su patrimonio cultural\u201d.<\/em><\/p>\n<p>Esta exposici\u00f3n de barrio ha sido levantada por los propios vecinos, quienes donaron objetos, prestaron fotos y contaron las historias que invitan a ser parte de la aventura de recuperar la memoria perdida y el desarrollo de la identidad barrial.<\/p>\n<p>La exposici\u00f3n corresponde a una recopilaci\u00f3n de muestras que el Centro Cultural ha estado mostrando desde el 2014 hasta hoy en el barrio matta sur. Las exposiciones han estado en diversos lugares tales como el centro comunitario del barrio, el hospital San Borja (que tambi\u00e9n se encuentra en el barrio), \u00a0el liceo Sara Blinder, y en plazas y calles acompa\u00f1ando ferias ecol\u00f3gicas o de las pulgas.<\/p>\n<p>En la exposici\u00f3n se presenta el Museo Comunitario del Barrio Matta sur, que fue el resultado del proyecto Muestra en viaje. Tambi\u00e9n incluye la exposici\u00f3n del Taller de Fotograf\u00eda Patrimonial de Matta Sur, proyecto apoyado por el FONDART Regional; y como exposici\u00f3n nueva se presentar\u00e1 una muestra hist\u00f3rica sobre la Bicicleta, trabajo de recopilaci\u00f3n que ha realizado el vecino del barrio Ricardo Jerez por m\u00e1s de 10 a\u00f1os. Esta \u00faltima exposici\u00f3n habla de la historia de la bicicleta en el mundo y principalmente de su uso en Chile desde 1850 hasta la fecha.<\/p>\n<p>Finalmente, se exponen tambi\u00e9n las fotos de los participantes y ganadores del primer concurso de fotograf\u00eda que el centro cultural patrimonio matta sur organiz\u00f3 recientemente.<\/p>\n<p>\u201cComunidad y Territorio\u201d cuenta con el apoyo financiero del 2% de cultura del gobierno regional, y el patrocinio de la Municipalidad de Santiago. Tambi\u00e9n apoyan el Centro Cultural Casadanza y el Liceo Sara Blinder, del Barrio Matta sur.<\/p>\n<p><strong>Sobre el Centro Cultural Patrimonio Matta Sur<\/strong><\/p>\n<p>El Centro Cultural Patrimonio Matta Sur es un grupo de vecinos comprometidos con la misi\u00f3n de valorizar el patrimonio barrial -tanto material como inmaterial- de este sector sur de la comuna de Santiago. En el pasado han realizado diversas iniciativas culturales participativas en defensa del barrio, con diferentes mecanismos de encuentro y difusi\u00f3n como ferias, boletines, bibliotecas patrimoniales, entre otros.<\/p>\n<p>&nbsp;<\/p>\n<p>Lugar: <strong>Hall Palacio Consistorial Municipalidad de Santiago.<\/strong><\/p>\n<p>Horario: <strong>de lunes a domingo de 09.00 a 18.00 hrs.<\/strong><\/p>\n<p>Mas informaci\u00f3n facebook de <a href=\"https:\/\/www.facebook.com\/Patrimonio-Matta-Sur-546094338900960\/\" target=\"_blank\">Patrimonio Matta Sur<\/a>.<\/p>\n<p><a href=\"http:\/\/www.plataformaurbana.cl\/archive\/2015\/12\/11\/comunidad-y-territorio-la-exposicion-del-barrio-matta-sur\/\">(Fuente: Plataforma Urbana)<\/a><\/p>\n<p><\/p>","protected":false},"excerpt":{"rendered":"<p>Hasta el 14 de diciembre el Centro Cultural Patrimonio de Matta Sur estar\u00e1 mostrando la exposici\u00f3n \u201cComunidad y Territorio\u201d en el hall del Palacio Consistorial de la Municipalidad de Santiago, en la Plaza de Armas.\u00a0La exposici\u00f3n muestra historias, fotograf\u00edas y &hellip; <a class=\"more-link\" href=\"https:\/\/colegioarquitectos.com\/noticias\/?p=10585\">ver m\u00e1s<\/a><\/p>","protected":false},"author":4,"featured_media":10586,"comment_status":"open","ping_status":"open","sticky":false,"template":"","format":"standard","meta":{"footnotes":""},"categories":[19],"tags":[],"class_list":["post-10585","post","type-post","status-publish","format-standard","has-post-thumbnail","hentry","category-actividades"],"yoast_head":"<!-- This site is optimized with the Yoast SEO plugin v24.2 - https:\/\/yoast.com\/wordpress\/plugins\/seo\/ -->\n<title>\u201cComunidad y Territorio\u201d exposici\u00f3n del barrio Matta Sur - COLEGIO DE ARQUITECTOS DE CHILE<\/title>\n<meta name=\"robots\" content=\"index, follow, max-snippet:-1, max-image-preview:large, max-video-preview:-1\" \/>\n<link rel=\"canonical\" href=\"https:\/\/colegioarquitectos.com\/noticias\/?p=10585\" \/>\n<meta property=\"og:locale\" content=\"es_ES\" \/>\n<meta property=\"og:type\" content=\"article\" \/>\n<meta property=\"og:title\" content=\"\u201cComunidad y Territorio\u201d exposici\u00f3n del barrio Matta Sur - COLEGIO DE ARQUITECTOS DE CHILE\" \/>\n<meta property=\"og:description\" content=\"Hasta el 14 de diciembre el Centro Cultural Patrimonio de Matta Sur estar\u00e1 mostrando la exposici\u00f3n \u201cComunidad y Territorio\u201d en el hall del Palacio Consistorial de la Municipalidad de Santiago, en la Plaza de Armas.\u00a0La exposici\u00f3n muestra historias, fotograf\u00edas y &hellip; ver m\u00e1s\" \/>\n<meta property=\"og:url\" content=\"https:\/\/colegioarquitectos.com\/noticias\/?p=10585\" \/>\n<meta property=\"og:site_name\" content=\"COLEGIO DE ARQUITECTOS DE CHILE\" \/>\n<meta property=\"article:publisher\" content=\"https:\/\/facebook.com\/Colegioarq\/\" \/>\n<meta property=\"article:published_time\" content=\"2015-12-11T19:36:32+00:00\" \/>\n<meta property=\"article:modified_time\" content=\"2015-12-11T19:36:33+00:00\" \/>\n<meta property=\"og:image\" content=\"https:\/\/colegioarquitectos.com\/noticias\/wp-content\/uploads\/2015\/12\/Portada-Matta-Sur.jpg\" \/>\n\t<meta property=\"og:image:width\" content=\"690\" \/>\n\t<meta property=\"og:image:height\" content=\"350\" \/>\n\t<meta property=\"og:image:type\" content=\"image\/jpeg\" \/>\n<meta name=\"author\" content=\"Colegio de Arquitectos de Chile\" \/>\n<meta name=\"twitter:card\" content=\"summary_large_image\" \/>\n<meta name=\"twitter:creator\" content=\"@colegioarq\" \/>\n<meta name=\"twitter:site\" content=\"@colegioarq\" \/>\n<meta name=\"twitter:label1\" content=\"Escrito por\" \/>\n\t<meta name=\"twitter:data1\" content=\"Colegio de Arquitectos de Chile\" \/>\n\t<meta name=\"twitter:label2\" content=\"Tiempo de lectura\" \/>\n\t<meta name=\"twitter:data2\" content=\"3 minutos\" \/>\n<script type=\"application\/ld+json\" class=\"yoast-schema-graph\">{\"@context\":\"https:\/\/schema.org\",\"@graph\":[{\"@type\":\"Article\",\"@id\":\"https:\/\/colegioarquitectos.com\/noticias\/?p=10585#article\",\"isPartOf\":{\"@id\":\"https:\/\/colegioarquitectos.com\/noticias\/?p=10585\"},\"author\":{\"name\":\"Colegio de Arquitectos de Chile\",\"@id\":\"https:\/\/colegioarquitectos.com\/noticias\/#\/schema\/person\/685cc0aad148303c5608f049af8285ad\"},\"headline\":\"\u201cComunidad y Territorio\u201d exposici\u00f3n del barrio Matta Sur\",\"datePublished\":\"2015-12-11T19:36:32+00:00\",\"dateModified\":\"2015-12-11T19:36:33+00:00\",\"mainEntityOfPage\":{\"@id\":\"https:\/\/colegioarquitectos.com\/noticias\/?p=10585\"},\"wordCount\":519,\"commentCount\":0,\"publisher\":{\"@id\":\"https:\/\/colegioarquitectos.com\/noticias\/#organization\"},\"image\":{\"@id\":\"https:\/\/colegioarquitectos.com\/noticias\/?p=10585#primaryimage\"},\"thumbnailUrl\":\"https:\/\/colegioarquitectos.com\/noticias\/wp-content\/uploads\/2015\/12\/Portada-Matta-Sur.jpg\",\"articleSection\":[\"Actividades\"],\"inLanguage\":\"es\",\"potentialAction\":[{\"@type\":\"CommentAction\",\"name\":\"Comment\",\"target\":[\"https:\/\/colegioarquitectos.com\/noticias\/?p=10585#respond\"]}]},{\"@type\":\"WebPage\",\"@id\":\"https:\/\/colegioarquitectos.com\/noticias\/?p=10585\",\"url\":\"https:\/\/colegioarquitectos.com\/noticias\/?p=10585\",\"name\":\"\u201cComunidad y Territorio\u201d exposici\u00f3n del barrio Matta Sur - COLEGIO DE ARQUITECTOS DE CHILE\",\"isPartOf\":{\"@id\":\"https:\/\/colegioarquitectos.com\/noticias\/#website\"},\"primaryImageOfPage\":{\"@id\":\"https:\/\/colegioarquitectos.com\/noticias\/?p=10585#primaryimage\"},\"image\":{\"@id\":\"https:\/\/colegioarquitectos.com\/noticias\/?p=10585#primaryimage\"},\"thumbnailUrl\":\"https:\/\/colegioarquitectos.com\/noticias\/wp-content\/uploads\/2015\/12\/Portada-Matta-Sur.jpg\",\"datePublished\":\"2015-12-11T19:36:32+00:00\",\"dateModified\":\"2015-12-11T19:36:33+00:00\",\"breadcrumb\":{\"@id\":\"https:\/\/colegioarquitectos.com\/noticias\/?p=10585#breadcrumb\"},\"inLanguage\":\"es\",\"potentialAction\":[{\"@type\":\"ReadAction\",\"target\":[\"https:\/\/colegioarquitectos.com\/noticias\/?p=10585\"]}]},{\"@type\":\"ImageObject\",\"inLanguage\":\"es\",\"@id\":\"https:\/\/colegioarquitectos.com\/noticias\/?p=10585#primaryimage\",\"url\":\"https:\/\/colegioarquitectos.com\/noticias\/wp-content\/uploads\/2015\/12\/Portada-Matta-Sur.jpg\",\"contentUrl\":\"https:\/\/colegioarquitectos.com\/noticias\/wp-content\/uploads\/2015\/12\/Portada-Matta-Sur.jpg\",\"width\":690,\"height\":350},{\"@type\":\"BreadcrumbList\",\"@id\":\"https:\/\/colegioarquitectos.com\/noticias\/?p=10585#breadcrumb\",\"itemListElement\":[{\"@type\":\"ListItem\",\"position\":1,\"name\":\"Portada\",\"item\":\"https:\/\/colegioarquitectos.com\/noticias\"},{\"@type\":\"ListItem\",\"position\":2,\"name\":\"\u201cComunidad y Territorio\u201d exposici\u00f3n del barrio Matta Sur\"}]},{\"@type\":\"WebSite\",\"@id\":\"https:\/\/colegioarquitectos.com\/noticias\/#website\",\"url\":\"https:\/\/colegioarquitectos.com\/noticias\/\",\"name\":\"COLEGIO DE ARQUITECTOS DE CHILE\",\"description\":\"\",\"publisher\":{\"@id\":\"https:\/\/colegioarquitectos.com\/noticias\/#organization\"},\"potentialAction\":[{\"@type\":\"SearchAction\",\"target\":{\"@type\":\"EntryPoint\",\"urlTemplate\":\"https:\/\/colegioarquitectos.com\/noticias\/?s={search_term_string}\"},\"query-input\":{\"@type\":\"PropertyValueSpecification\",\"valueRequired\":true,\"valueName\":\"search_term_string\"}}],\"inLanguage\":\"es\"},{\"@type\":\"Organization\",\"@id\":\"https:\/\/colegioarquitectos.com\/noticias\/#organization\",\"name\":\"COLEGIO DE ARQUITECTOS DE CHILE\",\"url\":\"https:\/\/colegioarquitectos.com\/noticias\/\",\"logo\":{\"@type\":\"ImageObject\",\"inLanguage\":\"es\",\"@id\":\"https:\/\/colegioarquitectos.com\/noticias\/#\/schema\/logo\/image\/\",\"url\":\"https:\/\/colegioarquitectos.com\/noticias\/wp-content\/uploads\/2021\/05\/ENCABEZADO-LOGO-CA.jpg\",\"contentUrl\":\"https:\/\/colegioarquitectos.com\/noticias\/wp-content\/uploads\/2021\/05\/ENCABEZADO-LOGO-CA.jpg\",\"width\":690,\"height\":350,\"caption\":\"COLEGIO DE ARQUITECTOS DE CHILE\"},\"image\":{\"@id\":\"https:\/\/colegioarquitectos.com\/noticias\/#\/schema\/logo\/image\/\"},\"sameAs\":[\"https:\/\/facebook.com\/Colegioarq\/\",\"https:\/\/x.com\/colegioarq\",\"https:\/\/instagram.com\/colegioarq\",\"https:\/\/youtube.com\/@ColegiodeArquitectosdeChile\"]},{\"@type\":\"Person\",\"@id\":\"https:\/\/colegioarquitectos.com\/noticias\/#\/schema\/person\/685cc0aad148303c5608f049af8285ad\",\"name\":\"Colegio de Arquitectos de Chile\",\"url\":\"https:\/\/colegioarquitectos.com\/noticias\/?author=4\"}]}<\/script>\n<!-- \/ Yoast SEO plugin. -->","yoast_head_json":{"title":"\u201cComunidad y Territorio\u201d exposici\u00f3n del barrio Matta Sur - COLEGIO DE ARQUITECTOS DE CHILE","robots":{"index":"index","follow":"follow","max-snippet":"max-snippet:-1","max-image-preview":"max-image-preview:large","max-video-preview":"max-video-preview:-1"},"canonical":"https:\/\/colegioarquitectos.com\/noticias\/?p=10585","og_locale":"es_ES","og_type":"article","og_title":"\u201cComunidad y Territorio\u201d exposici\u00f3n del barrio Matta Sur - COLEGIO DE ARQUITECTOS DE CHILE","og_description":"Hasta el 14 de diciembre el Centro Cultural Patrimonio de Matta Sur estar\u00e1 mostrando la exposici\u00f3n \u201cComunidad y Territorio\u201d en el hall del Palacio Consistorial de la Municipalidad de Santiago, en la Plaza de Armas.\u00a0La exposici\u00f3n muestra historias, fotograf\u00edas y &hellip; ver m\u00e1s","og_url":"https:\/\/colegioarquitectos.com\/noticias\/?p=10585","og_site_name":"COLEGIO DE ARQUITECTOS DE CHILE","article_publisher":"https:\/\/facebook.com\/Colegioarq\/","article_published_time":"2015-12-11T19:36:32+00:00","article_modified_time":"2015-12-11T19:36:33+00:00","og_image":[{"width":690,"height":350,"url":"https:\/\/colegioarquitectos.com\/noticias\/wp-content\/uploads\/2015\/12\/Portada-Matta-Sur.jpg","type":"image\/jpeg"}],"author":"Colegio de Arquitectos de Chile","twitter_card":"summary_large_image","twitter_creator":"@colegioarq","twitter_site":"@colegioarq","twitter_misc":{"Escrito por":"Colegio de Arquitectos de Chile","Tiempo de lectura":"3 minutos"},"schema":{"@context":"https:\/\/schema.org","@graph":[{"@type":"Article","@id":"https:\/\/colegioarquitectos.com\/noticias\/?p=10585#article","isPartOf":{"@id":"https:\/\/colegioarquitectos.com\/noticias\/?p=10585"},"author":{"name":"Colegio de Arquitectos de Chile","@id":"https:\/\/colegioarquitectos.com\/noticias\/#\/schema\/person\/685cc0aad148303c5608f049af8285ad"},"headline":"\u201cComunidad y Territorio\u201d exposici\u00f3n del barrio Matta Sur","datePublished":"2015-12-11T19:36:32+00:00","dateModified":"2015-12-11T19:36:33+00:00","mainEntityOfPage":{"@id":"https:\/\/colegioarquitectos.com\/noticias\/?p=10585"},"wordCount":519,"commentCount":0,"publisher":{"@id":"https:\/\/colegioarquitectos.com\/noticias\/#organization"},"image":{"@id":"https:\/\/colegioarquitectos.com\/noticias\/?p=10585#primaryimage"},"thumbnailUrl":"https:\/\/colegioarquitectos.com\/noticias\/wp-content\/uploads\/2015\/12\/Portada-Matta-Sur.jpg","articleSection":["Actividades"],"inLanguage":"es","potentialAction":[{"@type":"CommentAction","name":"Comment","target":["https:\/\/colegioarquitectos.com\/noticias\/?p=10585#respond"]}]},{"@type":"WebPage","@id":"https:\/\/colegioarquitectos.com\/noticias\/?p=10585","url":"https:\/\/colegioarquitectos.com\/noticias\/?p=10585","name":"\u201cComunidad y Territorio\u201d exposici\u00f3n del barrio Matta Sur - COLEGIO DE ARQUITECTOS DE CHILE","isPartOf":{"@id":"https:\/\/colegioarquitectos.com\/noticias\/#website"},"primaryImageOfPage":{"@id":"https:\/\/colegioarquitectos.com\/noticias\/?p=10585#primaryimage"},"image":{"@id":"https:\/\/colegioarquitectos.com\/noticias\/?p=10585#primaryimage"},"thumbnailUrl":"https:\/\/colegioarquitectos.com\/noticias\/wp-content\/uploads\/2015\/12\/Portada-Matta-Sur.jpg","datePublished":"2015-12-11T19:36:32+00:00","dateModified":"2015-12-11T19:36:33+00:00","breadcrumb":{"@id":"https:\/\/colegioarquitectos.com\/noticias\/?p=10585#breadcrumb"},"inLanguage":"es","potentialAction":[{"@type":"ReadAction","target":["https:\/\/colegioarquitectos.com\/noticias\/?p=10585"]}]},{"@type":"ImageObject","inLanguage":"es","@id":"https:\/\/colegioarquitectos.com\/noticias\/?p=10585#primaryimage","url":"https:\/\/colegioarquitectos.com\/noticias\/wp-content\/uploads\/2015\/12\/Portada-Matta-Sur.jpg","contentUrl":"https:\/\/colegioarquitectos.com\/noticias\/wp-content\/uploads\/2015\/12\/Portada-Matta-Sur.jpg","width":690,"height":350},{"@type":"BreadcrumbList","@id":"https:\/\/colegioarquitectos.com\/noticias\/?p=10585#breadcrumb","itemListElement":[{"@type":"ListItem","position":1,"name":"Portada","item":"https:\/\/colegioarquitectos.com\/noticias"},{"@type":"ListItem","position":2,"name":"\u201cComunidad y Territorio\u201d exposici\u00f3n del barrio Matta Sur"}]},{"@type":"WebSite","@id":"https:\/\/colegioarquitectos.com\/noticias\/#website","url":"https:\/\/colegioarquitectos.com\/noticias\/","name":"COLEGIO DE ARQUITECTOS DE CHILE","description":"","publisher":{"@id":"https:\/\/colegioarquitectos.com\/noticias\/#organization"},"potentialAction":[{"@type":"SearchAction","target":{"@type":"EntryPoint","urlTemplate":"https:\/\/colegioarquitectos.com\/noticias\/?s={search_term_string}"},"query-input":{"@type":"PropertyValueSpecification","valueRequired":true,"valueName":"search_term_string"}}],"inLanguage":"es"},{"@type":"Organization","@id":"https:\/\/colegioarquitectos.com\/noticias\/#organization","name":"COLEGIO DE ARQUITECTOS DE CHILE","url":"https:\/\/colegioarquitectos.com\/noticias\/","logo":{"@type":"ImageObject","inLanguage":"es","@id":"https:\/\/colegioarquitectos.com\/noticias\/#\/schema\/logo\/image\/","url":"https:\/\/colegioarquitectos.com\/noticias\/wp-content\/uploads\/2021\/05\/ENCABEZADO-LOGO-CA.jpg","contentUrl":"https:\/\/colegioarquitectos.com\/noticias\/wp-content\/uploads\/2021\/05\/ENCABEZADO-LOGO-CA.jpg","width":690,"height":350,"caption":"COLEGIO DE ARQUITECTOS DE CHILE"},"image":{"@id":"https:\/\/colegioarquitectos.com\/noticias\/#\/schema\/logo\/image\/"},"sameAs":["https:\/\/facebook.com\/Colegioarq\/","https:\/\/x.com\/colegioarq","https:\/\/instagram.com\/colegioarq","https:\/\/youtube.com\/@ColegiodeArquitectosdeChile"]},{"@type":"Person","@id":"https:\/\/colegioarquitectos.com\/noticias\/#\/schema\/person\/685cc0aad148303c5608f049af8285ad","name":"Colegio de Arquitectos de Chile","url":"https:\/\/colegioarquitectos.com\/noticias\/?author=4"}]}},"_links":{"self":[{"href":"https:\/\/colegioarquitectos.com\/noticias\/index.php?rest_route=\/wp\/v2\/posts\/10585","targetHints":{"allow":["GET"]}}],"collection":[{"href":"https:\/\/colegioarquitectos.com\/noticias\/index.php?rest_route=\/wp\/v2\/posts"}],"about":[{"href":"https:\/\/colegioarquitectos.com\/noticias\/index.php?rest_route=\/wp\/v2\/types\/post"}],"author":[{"embeddable":true,"href":"https:\/\/colegioarquitectos.com\/noticias\/index.php?rest_route=\/wp\/v2\/users\/4"}],"replies":[{"embeddable":true,"href":"https:\/\/colegioarquitectos.com\/noticias\/index.php?rest_route=%2Fwp%2Fv2%2Fcomments&post=10585"}],"version-history":[{"count":0,"href":"https:\/\/colegioarquitectos.com\/noticias\/index.php?rest_route=\/wp\/v2\/posts\/10585\/revisions"}],"wp:featuredmedia":[{"embeddable":true,"href":"https:\/\/colegioarquitectos.com\/noticias\/index.php?rest_route=\/wp\/v2\/media\/10586"}],"wp:attachment":[{"href":"https:\/\/colegioarquitectos.com\/noticias\/index.php?rest_route=%2Fwp%2Fv2%2Fmedia&parent=10585"}],"wp:term":[{"taxonomy":"category","embeddable":true,"href":"https:\/\/colegioarquitectos.com\/noticias\/index.php?rest_route=%2Fwp%2Fv2%2Fcategories&post=10585"},{"taxonomy":"post_tag","embeddable":true,"href":"https:\/\/colegioarquitectos.com\/noticias\/index.php?rest_route=%2Fwp%2Fv2%2Ftags&post=10585"}],"curies":[{"name":"wp","href":"https:\/\/api.w.org\/{rel}","templated":true}]}}