
{"id":10775,"date":"2015-12-09T14:17:11","date_gmt":"2015-12-09T14:17:11","guid":{"rendered":"http:\/\/colegioarquitectos.com\/?p=10775"},"modified":"2015-12-22T14:27:26","modified_gmt":"2015-12-22T14:27:26","slug":"entrevista-a-ismael-rivera-presidente-dz-osorno","status":"publish","type":"post","link":"https:\/\/colegioarquitectos.com\/noticias\/?p=10775","title":{"rendered":"Entrevista a Ismael Rivera Presidente DZ Osorno"},"content":{"rendered":"<p class=\"autor\">Hace unos d\u00edas el municipio anunci\u00f3 que enero ser\u00eda la fecha tentativa para cumplir con una de las \u00faltimas etapas y as\u00ed comenzar a poner t\u00e9rmino al proyecto de Plan Regulador de la comuna. En dicha fase la comunidad deber\u00e1 plantear sus puntos de vista ante este estudio que definir\u00e1 los lineamientos de crecimiento de Osorno para los pr\u00f3ximos a\u00f1os.<\/p>\n<p class=\"Tex_Normal\">El plan finalizar\u00e1 cuando inmediatamente luego de ello sea el propio Concejo Municipal quien apruebe o no la iniciativa. Uno de los actores que particip\u00f3 en la conformaci\u00f3n de \u00e9ste, en su calidad de miembro del Consejo de Organizaciones de la Sociedad Civil de la Comuna de Osorno (Cosoci), fue el presidente del Colegio de Arquitectos de Osorno, Ismael Rivera.<\/p>\n<p class=\"Tex_Normal\">El profesional, pese a estar contento por el t\u00e9rmino del proceso, tiene sus reparos ante lo que considera ser\u00e1 un plan que podr\u00eda desilusionar a muchos de quienes participaron activamente del mismo.<\/p>\n<h3 class=\"Sub_Normal-c\">Condiciones<\/h3>\n<p class=\"Tex_Preg\">-Como presidente del Colegio de Arquitectos de Osorno, \u00bfc\u00f3mo ve el t\u00e9rmino del Plan Regulador?<\/p>\n<p class=\"Tex_Normals-e\">-Aunque nos parece positivo el cierre del proceso, como Colegio hemos sido enf\u00e1ticos en varias cosas, y entre las m\u00e1s importantes est\u00e1 se\u00f1alar que el plan regulador -sin conocerlo a\u00fan- no cumplir\u00e1 las expectativas de todos, debido a que la normativa se ha vuelto cada vez m\u00e1s flexible; y porque los mismos planificadores no tienen las herramientas como para poder establecer las condiciones para que Osorno sea una ciudad m\u00e1s o menos sustentable.<\/p>\n<p class=\"Tex_Preg\">\u00bfQu\u00e9 condiciones deben darse para que as\u00ed sea?<\/p>\n<p class=\"Tex_Normals-e\">-Por poner un ejemplo, en alg\u00fan momento el Plan Regulador contempl\u00f3 en sus art\u00edculos el crecimiento de la ciudad hasta cierto punto, ya sea debido a problemas de conexi\u00f3n, de calidad de vida u otros que hab\u00edan sido establecidos en su momento, pero luego \u00e9ste o los art\u00edculos que sosten\u00edan dichos puntos se modificaron e hicieron que cualquier particular o el mismo Estado pudiese construir viviendas fuera del l\u00edmite urbano. Por eso vemos hoy en d\u00eda que hay muchas viviendas creciendo en \u00e1reas agregadas a la parte urbana, lo que hace que la ciudad sea poco sustentable. Por eso pr\u00e1cticamente no se puede planificar nada, porque la misma ley se va sensibilizando a favor de los privados y el planificador finalmente se queda en la teor\u00eda de lo que se hubiese querido.<\/p>\n<h3 class=\"Sub_Normal-c\">Decisi\u00f3n final<\/h3>\n<p class=\"Tex_Preg\">-\u00bfAfecta que en la decisi\u00f3n final no sean arquitectos los que participen en las etapas definitorias?<\/p>\n<p class=\"Tex_Normals-e\">-Bueno, los planes reguladores son elaborados por personas capacitadas en las normas t\u00e9cnicas y son quienes piensan en una ciudad relativamente arm\u00f3nica y sustentable. Pero estos planes luego son aprobados por pol\u00edticos como el Intendente o los consejeros regionales (Cores) y entre ellos no hay arquitectos. El problema es que nosotros los arquitectos no estamos presentes en los cargos pol\u00edticos. Yo entiendo que sean los pol\u00edticos quienes finalmente decidan, porque as\u00ed es como funciona la l\u00f3gica de mercado. Con los pol\u00edticos comienzan las negociaciones, el lobby y terminan teniendo m\u00e1s importancia los interese pol\u00edticos y econ\u00f3micos, que los intereses t\u00e9cnicos de una ciudad.<\/p>\n<p class=\"Tex_Preg\">-\u00bfDe todos modos es un avance que se concluya el Plan Regulador?<\/p>\n<p class=\"Tex_Normals-e\">-S\u00ed, es un avance, pues era una tarea pendiente, pero hay un reparo que se debe hacer a la propuesta que se est\u00e1 haciendo . Las ideas son demasiado generales en muchos aspectos y no retoma el esp\u00edritu de la ciudad de Osorno y la planificaci\u00f3n que ya ven\u00eda con a\u00f1os de estudio.<\/p>\n<p class=\"Tex_Preg\">-Como por ejemplo&#8230;<\/p>\n<p class=\"Tex_Normals-e\">-No considera estudios que ya estaban hechos, trazados de calles que ya se hab\u00edan planificado y que de hecho ya est\u00e1n aprobadas. Pero van a salir una vez que ya est\u00e9 aprobado el proyecto y el municipio se encuentre con ciertos problemas para ejecutar proyectos.<\/p>\n<p class=\"Tex_Preg\">-\u00bfLa ciudadan\u00eda no debe hacerse expectativas con lo que se presentar\u00e1?<\/p>\n<p class=\"Tex_Normals-e\">-Primero, los planos reguladores no est\u00e1n destinados a resolver los problemas sociales. Lo que generan son lineamientos para el desarrollo de la ciudad y, a su vez, la oportunidad de desarrollo de inversi\u00f3n al poder gravar terrenos para ciertos usos, pero en ning\u00fan caso viene a resolver el problema, como por ejemplo, de falta de plazas o de urbanizaci\u00f3n. A lo mejor hay juntas de vecinos que tienen muchas expectativas que no van a poder ser cumplidas, porque adem\u00e1s esto ser\u00eda una tarea imposible para un plan regulador.<\/p>\n<p><a href=\"http:\/\/www.australosorno.cl\/impresa\/2015\/12\/08\/full\/cuerpo-principal\/4\/texto\/\">Por Leonardo Y\u00e9venes, Diario Austral de Osorno<\/a><\/p>\n<p><\/p>","protected":false},"excerpt":{"rendered":"<p>Hace unos d\u00edas el municipio anunci\u00f3 que enero ser\u00eda la fecha tentativa para cumplir con una de las \u00faltimas etapas y as\u00ed comenzar a poner t\u00e9rmino al proyecto de Plan Regulador de la comuna. En dicha fase la comunidad deber\u00e1 &hellip; <a class=\"more-link\" href=\"https:\/\/colegioarquitectos.com\/noticias\/?p=10775\">ver m\u00e1s<\/a><\/p>","protected":false},"author":4,"featured_media":10776,"comment_status":"open","ping_status":"open","sticky":false,"template":"","format":"standard","meta":{"footnotes":""},"categories":[10],"tags":[],"class_list":["post-10775","post","type-post","status-publish","format-standard","has-post-thumbnail","hentry","category-delegaciones-zonales"],"yoast_head":"<!-- This site is optimized with the Yoast SEO plugin v24.2 - https:\/\/yoast.com\/wordpress\/plugins\/seo\/ -->\n<title>Entrevista a Ismael Rivera Presidente DZ Osorno - COLEGIO DE ARQUITECTOS DE CHILE<\/title>\n<meta name=\"robots\" content=\"index, follow, max-snippet:-1, max-image-preview:large, max-video-preview:-1\" \/>\n<link rel=\"canonical\" href=\"https:\/\/colegioarquitectos.com\/noticias\/?p=10775\" \/>\n<meta property=\"og:locale\" content=\"es_ES\" \/>\n<meta property=\"og:type\" content=\"article\" \/>\n<meta property=\"og:title\" content=\"Entrevista a Ismael Rivera Presidente DZ Osorno - COLEGIO DE ARQUITECTOS DE CHILE\" \/>\n<meta property=\"og:description\" content=\"Hace unos d\u00edas el municipio anunci\u00f3 que enero ser\u00eda la fecha tentativa para cumplir con una de las \u00faltimas etapas y as\u00ed comenzar a poner t\u00e9rmino al proyecto de Plan Regulador de la comuna. En dicha fase la comunidad deber\u00e1 &hellip; ver m\u00e1s\" \/>\n<meta property=\"og:url\" content=\"https:\/\/colegioarquitectos.com\/noticias\/?p=10775\" \/>\n<meta property=\"og:site_name\" content=\"COLEGIO DE ARQUITECTOS DE CHILE\" \/>\n<meta property=\"article:publisher\" content=\"https:\/\/facebook.com\/Colegioarq\/\" \/>\n<meta property=\"article:published_time\" content=\"2015-12-09T14:17:11+00:00\" \/>\n<meta property=\"article:modified_time\" content=\"2015-12-22T14:27:26+00:00\" \/>\n<meta property=\"og:image\" content=\"https:\/\/colegioarquitectos.com\/noticias\/wp-content\/uploads\/2015\/12\/Ismael-Rivera.jpg\" \/>\n\t<meta property=\"og:image:width\" content=\"690\" \/>\n\t<meta property=\"og:image:height\" content=\"350\" \/>\n\t<meta property=\"og:image:type\" content=\"image\/jpeg\" \/>\n<meta name=\"author\" content=\"Colegio de Arquitectos de Chile\" \/>\n<meta name=\"twitter:card\" content=\"summary_large_image\" \/>\n<meta name=\"twitter:creator\" content=\"@colegioarq\" \/>\n<meta name=\"twitter:site\" content=\"@colegioarq\" \/>\n<meta name=\"twitter:label1\" content=\"Escrito por\" \/>\n\t<meta name=\"twitter:data1\" content=\"Colegio de Arquitectos de Chile\" \/>\n\t<meta name=\"twitter:label2\" content=\"Tiempo de lectura\" \/>\n\t<meta name=\"twitter:data2\" content=\"4 minutos\" \/>\n<script type=\"application\/ld+json\" class=\"yoast-schema-graph\">{\"@context\":\"https:\/\/schema.org\",\"@graph\":[{\"@type\":\"Article\",\"@id\":\"https:\/\/colegioarquitectos.com\/noticias\/?p=10775#article\",\"isPartOf\":{\"@id\":\"https:\/\/colegioarquitectos.com\/noticias\/?p=10775\"},\"author\":{\"name\":\"Colegio de Arquitectos de Chile\",\"@id\":\"https:\/\/colegioarquitectos.com\/noticias\/#\/schema\/person\/685cc0aad148303c5608f049af8285ad\"},\"headline\":\"Entrevista a Ismael Rivera Presidente DZ Osorno\",\"datePublished\":\"2015-12-09T14:17:11+00:00\",\"dateModified\":\"2015-12-22T14:27:26+00:00\",\"mainEntityOfPage\":{\"@id\":\"https:\/\/colegioarquitectos.com\/noticias\/?p=10775\"},\"wordCount\":783,\"commentCount\":0,\"publisher\":{\"@id\":\"https:\/\/colegioarquitectos.com\/noticias\/#organization\"},\"image\":{\"@id\":\"https:\/\/colegioarquitectos.com\/noticias\/?p=10775#primaryimage\"},\"thumbnailUrl\":\"https:\/\/colegioarquitectos.com\/noticias\/wp-content\/uploads\/2015\/12\/Ismael-Rivera.jpg\",\"articleSection\":[\"Delegaciones\"],\"inLanguage\":\"es\",\"potentialAction\":[{\"@type\":\"CommentAction\",\"name\":\"Comment\",\"target\":[\"https:\/\/colegioarquitectos.com\/noticias\/?p=10775#respond\"]}]},{\"@type\":\"WebPage\",\"@id\":\"https:\/\/colegioarquitectos.com\/noticias\/?p=10775\",\"url\":\"https:\/\/colegioarquitectos.com\/noticias\/?p=10775\",\"name\":\"Entrevista a Ismael Rivera Presidente DZ Osorno - COLEGIO DE ARQUITECTOS DE CHILE\",\"isPartOf\":{\"@id\":\"https:\/\/colegioarquitectos.com\/noticias\/#website\"},\"primaryImageOfPage\":{\"@id\":\"https:\/\/colegioarquitectos.com\/noticias\/?p=10775#primaryimage\"},\"image\":{\"@id\":\"https:\/\/colegioarquitectos.com\/noticias\/?p=10775#primaryimage\"},\"thumbnailUrl\":\"https:\/\/colegioarquitectos.com\/noticias\/wp-content\/uploads\/2015\/12\/Ismael-Rivera.jpg\",\"datePublished\":\"2015-12-09T14:17:11+00:00\",\"dateModified\":\"2015-12-22T14:27:26+00:00\",\"breadcrumb\":{\"@id\":\"https:\/\/colegioarquitectos.com\/noticias\/?p=10775#breadcrumb\"},\"inLanguage\":\"es\",\"potentialAction\":[{\"@type\":\"ReadAction\",\"target\":[\"https:\/\/colegioarquitectos.com\/noticias\/?p=10775\"]}]},{\"@type\":\"ImageObject\",\"inLanguage\":\"es\",\"@id\":\"https:\/\/colegioarquitectos.com\/noticias\/?p=10775#primaryimage\",\"url\":\"https:\/\/colegioarquitectos.com\/noticias\/wp-content\/uploads\/2015\/12\/Ismael-Rivera.jpg\",\"contentUrl\":\"https:\/\/colegioarquitectos.com\/noticias\/wp-content\/uploads\/2015\/12\/Ismael-Rivera.jpg\",\"width\":690,\"height\":350},{\"@type\":\"BreadcrumbList\",\"@id\":\"https:\/\/colegioarquitectos.com\/noticias\/?p=10775#breadcrumb\",\"itemListElement\":[{\"@type\":\"ListItem\",\"position\":1,\"name\":\"Portada\",\"item\":\"https:\/\/colegioarquitectos.com\/noticias\"},{\"@type\":\"ListItem\",\"position\":2,\"name\":\"Entrevista a Ismael Rivera Presidente DZ Osorno\"}]},{\"@type\":\"WebSite\",\"@id\":\"https:\/\/colegioarquitectos.com\/noticias\/#website\",\"url\":\"https:\/\/colegioarquitectos.com\/noticias\/\",\"name\":\"COLEGIO DE ARQUITECTOS DE CHILE\",\"description\":\"\",\"publisher\":{\"@id\":\"https:\/\/colegioarquitectos.com\/noticias\/#organization\"},\"potentialAction\":[{\"@type\":\"SearchAction\",\"target\":{\"@type\":\"EntryPoint\",\"urlTemplate\":\"https:\/\/colegioarquitectos.com\/noticias\/?s={search_term_string}\"},\"query-input\":{\"@type\":\"PropertyValueSpecification\",\"valueRequired\":true,\"valueName\":\"search_term_string\"}}],\"inLanguage\":\"es\"},{\"@type\":\"Organization\",\"@id\":\"https:\/\/colegioarquitectos.com\/noticias\/#organization\",\"name\":\"COLEGIO DE ARQUITECTOS DE CHILE\",\"url\":\"https:\/\/colegioarquitectos.com\/noticias\/\",\"logo\":{\"@type\":\"ImageObject\",\"inLanguage\":\"es\",\"@id\":\"https:\/\/colegioarquitectos.com\/noticias\/#\/schema\/logo\/image\/\",\"url\":\"https:\/\/colegioarquitectos.com\/noticias\/wp-content\/uploads\/2021\/05\/ENCABEZADO-LOGO-CA.jpg\",\"contentUrl\":\"https:\/\/colegioarquitectos.com\/noticias\/wp-content\/uploads\/2021\/05\/ENCABEZADO-LOGO-CA.jpg\",\"width\":690,\"height\":350,\"caption\":\"COLEGIO DE ARQUITECTOS DE CHILE\"},\"image\":{\"@id\":\"https:\/\/colegioarquitectos.com\/noticias\/#\/schema\/logo\/image\/\"},\"sameAs\":[\"https:\/\/facebook.com\/Colegioarq\/\",\"https:\/\/x.com\/colegioarq\",\"https:\/\/instagram.com\/colegioarq\",\"https:\/\/youtube.com\/@ColegiodeArquitectosdeChile\"]},{\"@type\":\"Person\",\"@id\":\"https:\/\/colegioarquitectos.com\/noticias\/#\/schema\/person\/685cc0aad148303c5608f049af8285ad\",\"name\":\"Colegio de Arquitectos de Chile\",\"url\":\"https:\/\/colegioarquitectos.com\/noticias\/?author=4\"}]}<\/script>\n<!-- \/ Yoast SEO plugin. -->","yoast_head_json":{"title":"Entrevista a Ismael Rivera Presidente DZ Osorno - COLEGIO DE ARQUITECTOS DE CHILE","robots":{"index":"index","follow":"follow","max-snippet":"max-snippet:-1","max-image-preview":"max-image-preview:large","max-video-preview":"max-video-preview:-1"},"canonical":"https:\/\/colegioarquitectos.com\/noticias\/?p=10775","og_locale":"es_ES","og_type":"article","og_title":"Entrevista a Ismael Rivera Presidente DZ Osorno - COLEGIO DE ARQUITECTOS DE CHILE","og_description":"Hace unos d\u00edas el municipio anunci\u00f3 que enero ser\u00eda la fecha tentativa para cumplir con una de las \u00faltimas etapas y as\u00ed comenzar a poner t\u00e9rmino al proyecto de Plan Regulador de la comuna. En dicha fase la comunidad deber\u00e1 &hellip; ver m\u00e1s","og_url":"https:\/\/colegioarquitectos.com\/noticias\/?p=10775","og_site_name":"COLEGIO DE ARQUITECTOS DE CHILE","article_publisher":"https:\/\/facebook.com\/Colegioarq\/","article_published_time":"2015-12-09T14:17:11+00:00","article_modified_time":"2015-12-22T14:27:26+00:00","og_image":[{"width":690,"height":350,"url":"https:\/\/colegioarquitectos.com\/noticias\/wp-content\/uploads\/2015\/12\/Ismael-Rivera.jpg","type":"image\/jpeg"}],"author":"Colegio de Arquitectos de Chile","twitter_card":"summary_large_image","twitter_creator":"@colegioarq","twitter_site":"@colegioarq","twitter_misc":{"Escrito por":"Colegio de Arquitectos de Chile","Tiempo de lectura":"4 minutos"},"schema":{"@context":"https:\/\/schema.org","@graph":[{"@type":"Article","@id":"https:\/\/colegioarquitectos.com\/noticias\/?p=10775#article","isPartOf":{"@id":"https:\/\/colegioarquitectos.com\/noticias\/?p=10775"},"author":{"name":"Colegio de Arquitectos de Chile","@id":"https:\/\/colegioarquitectos.com\/noticias\/#\/schema\/person\/685cc0aad148303c5608f049af8285ad"},"headline":"Entrevista a Ismael Rivera Presidente DZ Osorno","datePublished":"2015-12-09T14:17:11+00:00","dateModified":"2015-12-22T14:27:26+00:00","mainEntityOfPage":{"@id":"https:\/\/colegioarquitectos.com\/noticias\/?p=10775"},"wordCount":783,"commentCount":0,"publisher":{"@id":"https:\/\/colegioarquitectos.com\/noticias\/#organization"},"image":{"@id":"https:\/\/colegioarquitectos.com\/noticias\/?p=10775#primaryimage"},"thumbnailUrl":"https:\/\/colegioarquitectos.com\/noticias\/wp-content\/uploads\/2015\/12\/Ismael-Rivera.jpg","articleSection":["Delegaciones"],"inLanguage":"es","potentialAction":[{"@type":"CommentAction","name":"Comment","target":["https:\/\/colegioarquitectos.com\/noticias\/?p=10775#respond"]}]},{"@type":"WebPage","@id":"https:\/\/colegioarquitectos.com\/noticias\/?p=10775","url":"https:\/\/colegioarquitectos.com\/noticias\/?p=10775","name":"Entrevista a Ismael Rivera Presidente DZ Osorno - COLEGIO DE ARQUITECTOS DE CHILE","isPartOf":{"@id":"https:\/\/colegioarquitectos.com\/noticias\/#website"},"primaryImageOfPage":{"@id":"https:\/\/colegioarquitectos.com\/noticias\/?p=10775#primaryimage"},"image":{"@id":"https:\/\/colegioarquitectos.com\/noticias\/?p=10775#primaryimage"},"thumbnailUrl":"https:\/\/colegioarquitectos.com\/noticias\/wp-content\/uploads\/2015\/12\/Ismael-Rivera.jpg","datePublished":"2015-12-09T14:17:11+00:00","dateModified":"2015-12-22T14:27:26+00:00","breadcrumb":{"@id":"https:\/\/colegioarquitectos.com\/noticias\/?p=10775#breadcrumb"},"inLanguage":"es","potentialAction":[{"@type":"ReadAction","target":["https:\/\/colegioarquitectos.com\/noticias\/?p=10775"]}]},{"@type":"ImageObject","inLanguage":"es","@id":"https:\/\/colegioarquitectos.com\/noticias\/?p=10775#primaryimage","url":"https:\/\/colegioarquitectos.com\/noticias\/wp-content\/uploads\/2015\/12\/Ismael-Rivera.jpg","contentUrl":"https:\/\/colegioarquitectos.com\/noticias\/wp-content\/uploads\/2015\/12\/Ismael-Rivera.jpg","width":690,"height":350},{"@type":"BreadcrumbList","@id":"https:\/\/colegioarquitectos.com\/noticias\/?p=10775#breadcrumb","itemListElement":[{"@type":"ListItem","position":1,"name":"Portada","item":"https:\/\/colegioarquitectos.com\/noticias"},{"@type":"ListItem","position":2,"name":"Entrevista a Ismael Rivera Presidente DZ Osorno"}]},{"@type":"WebSite","@id":"https:\/\/colegioarquitectos.com\/noticias\/#website","url":"https:\/\/colegioarquitectos.com\/noticias\/","name":"COLEGIO DE ARQUITECTOS DE CHILE","description":"","publisher":{"@id":"https:\/\/colegioarquitectos.com\/noticias\/#organization"},"potentialAction":[{"@type":"SearchAction","target":{"@type":"EntryPoint","urlTemplate":"https:\/\/colegioarquitectos.com\/noticias\/?s={search_term_string}"},"query-input":{"@type":"PropertyValueSpecification","valueRequired":true,"valueName":"search_term_string"}}],"inLanguage":"es"},{"@type":"Organization","@id":"https:\/\/colegioarquitectos.com\/noticias\/#organization","name":"COLEGIO DE ARQUITECTOS DE CHILE","url":"https:\/\/colegioarquitectos.com\/noticias\/","logo":{"@type":"ImageObject","inLanguage":"es","@id":"https:\/\/colegioarquitectos.com\/noticias\/#\/schema\/logo\/image\/","url":"https:\/\/colegioarquitectos.com\/noticias\/wp-content\/uploads\/2021\/05\/ENCABEZADO-LOGO-CA.jpg","contentUrl":"https:\/\/colegioarquitectos.com\/noticias\/wp-content\/uploads\/2021\/05\/ENCABEZADO-LOGO-CA.jpg","width":690,"height":350,"caption":"COLEGIO DE ARQUITECTOS DE CHILE"},"image":{"@id":"https:\/\/colegioarquitectos.com\/noticias\/#\/schema\/logo\/image\/"},"sameAs":["https:\/\/facebook.com\/Colegioarq\/","https:\/\/x.com\/colegioarq","https:\/\/instagram.com\/colegioarq","https:\/\/youtube.com\/@ColegiodeArquitectosdeChile"]},{"@type":"Person","@id":"https:\/\/colegioarquitectos.com\/noticias\/#\/schema\/person\/685cc0aad148303c5608f049af8285ad","name":"Colegio de Arquitectos de Chile","url":"https:\/\/colegioarquitectos.com\/noticias\/?author=4"}]}},"_links":{"self":[{"href":"https:\/\/colegioarquitectos.com\/noticias\/index.php?rest_route=\/wp\/v2\/posts\/10775","targetHints":{"allow":["GET"]}}],"collection":[{"href":"https:\/\/colegioarquitectos.com\/noticias\/index.php?rest_route=\/wp\/v2\/posts"}],"about":[{"href":"https:\/\/colegioarquitectos.com\/noticias\/index.php?rest_route=\/wp\/v2\/types\/post"}],"author":[{"embeddable":true,"href":"https:\/\/colegioarquitectos.com\/noticias\/index.php?rest_route=\/wp\/v2\/users\/4"}],"replies":[{"embeddable":true,"href":"https:\/\/colegioarquitectos.com\/noticias\/index.php?rest_route=%2Fwp%2Fv2%2Fcomments&post=10775"}],"version-history":[{"count":0,"href":"https:\/\/colegioarquitectos.com\/noticias\/index.php?rest_route=\/wp\/v2\/posts\/10775\/revisions"}],"wp:featuredmedia":[{"embeddable":true,"href":"https:\/\/colegioarquitectos.com\/noticias\/index.php?rest_route=\/wp\/v2\/media\/10776"}],"wp:attachment":[{"href":"https:\/\/colegioarquitectos.com\/noticias\/index.php?rest_route=%2Fwp%2Fv2%2Fmedia&parent=10775"}],"wp:term":[{"taxonomy":"category","embeddable":true,"href":"https:\/\/colegioarquitectos.com\/noticias\/index.php?rest_route=%2Fwp%2Fv2%2Fcategories&post=10775"},{"taxonomy":"post_tag","embeddable":true,"href":"https:\/\/colegioarquitectos.com\/noticias\/index.php?rest_route=%2Fwp%2Fv2%2Ftags&post=10775"}],"curies":[{"name":"wp","href":"https:\/\/api.w.org\/{rel}","templated":true}]}}