
{"id":10805,"date":"2015-12-23T22:28:08","date_gmt":"2015-12-23T22:28:08","guid":{"rendered":"http:\/\/colegioarquitectos.com\/?p=10805"},"modified":"2015-12-23T22:28:08","modified_gmt":"2015-12-23T22:28:08","slug":"delegacion-valparaiso-pide-abrir-el-debate-por-expansion-portuaria","status":"publish","type":"post","link":"https:\/\/colegioarquitectos.com\/noticias\/?p=10805","title":{"rendered":"Delegaci\u00f3n Valpara\u00edso pide abrir el debate por expansi\u00f3n portuaria"},"content":{"rendered":"<p>Gratamente sorprendidos por las fuertes declaraciones que realiz\u00f3 el expresidente Ricardo Lagos en contra del proyecto de expansi\u00f3n portuaria del Terminal N\u00b02 Espig\u00f3n, se mostraron representantes del Colegio de Arquitectos, parlamentarios, voces t\u00e9cnicas y ciudadanas e incluso, la C\u00e1mara Aduanera de Chile, quienes si bien comparten solo algunos matices, valoran la sinceridad del exmandatario y el debate que se abre con su planteamiento.<\/p>\n<p>En primer lugar, el presidente regional del Colegio de Arquitectos, Claudio Reyes, comparti\u00f3 el criterio de la afectaci\u00f3n visual de la bah\u00eda que volver\u00eda a estar llena de contenedores como plantea Lagos Escobar, pero tambi\u00e9n llam\u00f3 a entender la problem\u00e1tica de fondo que implica que un proyecto de envergadura industrial se instale en una zona urbana y patrimonial.<\/p>\n<p>\u00abUn proyecto de envergadura industrial como el T2 impacta no s\u00f3lo por el ruido, sino que tambi\u00e9n en el aspecto visual y la relaci\u00f3n tan delicada que es el l\u00edmite entre la ciudad y el borde costero, una zona que no est\u00e1 controlada lo que provocar\u00eda problemas en el desarrollo futuro propio de la ciudad\u00bb, se\u00f1al\u00f3 Reyes.<\/p>\n<p>A\u00f1adi\u00f3 que las declaraciones formuladas por el exmandatario lo sorprendieron porque van m\u00e1s all\u00e1 de lo que el Colegio de Arquitectos ha planteado respecto a revisar el emplazamiento, puesto que Lagos Escobar es m\u00e1s claro y duro al se\u00f1alar que el Terminal 2 de plano destruir\u00eda la ciudad de Valpara\u00edso.<\/p>\n<p>\u00abMe sorprendieron las fuertes declaraciones del expresidente Lagos, las que apuntan en definitiva a lo inconveniente que ser\u00e1 la construcci\u00f3n del T2 tal como hoy est\u00e1 planteado, incluso \u00e9l avanza a\u00fan m\u00e1s de lo que hemos planteado, porque nosotros estamos en una postura de emplazar el proyecto en otro lado, pero Lagos pone una opini\u00f3n mucho m\u00e1s dura al decir que este proyecto en 20 a\u00f1os quedar\u00eda pr\u00e1cticamente obsoleto con la consecuencia de, adem\u00e1s, destruir la ciudad tal y como est\u00e1 planteado\u00bb, sostuvo el presidente del Colegio de Arquitectos en Valpara\u00edso.<\/p>\n<p>Valoraci\u00f3n que tambi\u00e9n realiz\u00f3 el arquitecto y miembro de la organizaci\u00f3n Metropol\u00edtica, Iv\u00e1n Poduje, quien adem\u00e1s plantea que se requiere un proyecto 100% p\u00fablico que ordene con visi\u00f3n de futuro las acciones individuales del borde costero como gran activo de inversi\u00f3n y desarrollo en diversos \u00e1mbitos.<\/p>\n<p>\u00abFue una gran entrevista, era necesario tener una visi\u00f3n m\u00e1s de estadista, m\u00e1s de largo plazo, una mirada estrat\u00e9gica para ver este problema (\u2026) Es importante la discusi\u00f3n de fondo que \u00e9l plantea cuando se\u00f1ala que se construy\u00f3 La P\u00f3lvora y la Zeal justamente para liberar espacios, por eso ac\u00e1 lo que hace falta es un proyecto p\u00fablico en su m\u00e1xima expresi\u00f3n porque el borde costero es un activo muy valioso, por tanto no solo debe administrarse bajo la l\u00f3gica sectorial portuaria\u00bb, asever\u00f3 el profesional y mag\u00edster en Desarrollo Urbano.<\/p>\n<p>Uno de los aspectos que tambi\u00e9n se destac\u00f3 de la entrevista realizada al exmandatario, es la apertura al debate que queda instalada con la opini\u00f3n de un exjefe de Estado que tuvo gran injerencia en el tema portuario de Valpara\u00edso. Para Javier Le\u00f3n, vicepresidente de la C\u00e1mara Aduanera de Chile, es una oportunidad para replantear la iniciativa y tratar de consensuar el tema de la expansi\u00f3n del T2 en conjunto con la ciudadan\u00eda.<\/p>\n<p>\u00abEs una bomba lanzada al proyecto de EPV, pero encuentro que le da una visi\u00f3n externa que era necesaria, porque nosotros estamos inmersos en una visi\u00f3n regionalista y la visi\u00f3n de pa\u00eds que le da \u00e9l puede ser una buena salida para este conflicto\u00bb, consign\u00f3 Le\u00f3n.<\/p>\n<p>El tambi\u00e9n secretario del Consejo Regional Log\u00edstico (Corelog) asegur\u00f3 que como representante de la C\u00e1mara Aduanera apoya el proyecto T2 debido a que \u00e9ste ya est\u00e1 en carpeta y licitado por TCVAL, filial del grupo espa\u00f1ol OHL.<\/p>\n<p>\u00abApoyamos el T2 en el sentido de que ya est\u00e1 en carpeta, aunque l\u00f3gicamente nos hubiese gustado un proyecto m\u00e1s consensuado, pero ya se licit\u00f3. Pero si ahora existe la posibilidad de que alguien de m\u00e1s arriba como el expresidente Lagos pueda llevar a replantearse esto, cambia la situaci\u00f3n de Valpara\u00edso, sobre todo pensando en que se ampli\u00f3 en un a\u00f1o m\u00e1s la cl\u00e1usula de salida del concesionario (ver recuadro)\u00bb, a\u00f1adi\u00f3 Javier Le\u00f3n.<\/p>\n<p>La entrevista a Ricardo Lagos Escobar publicada en la secci\u00f3n de reportajes de ayer en este diario, gener\u00f3 controversia tambi\u00e9n en las redes sociales, siendo replicada incluso por varios portales nacionales.<\/p>\n<p>\u00abBien Ricardo Lagos Escobar al criticar proyecto Terminal 2 que destruye vocaci\u00f3n cultural tur\u00edstica y patrimonial de Valpara\u00edso (\u2026) el proyecto atenta contra declaraci\u00f3n de Valpara\u00edso como patrimonio de la humanidad de Unesco\u00bb, fue la publicaci\u00f3n que hizo a trav\u00e9s de su cuenta de twitter el senador del PPD, Guido Girardi.<\/p>\n<p>Una opini\u00f3n que en algunos puntos comparte el diputado de Amplitud, Joaqu\u00edn Godoy, quien pese a encontrar algunas contradicciones en dichas declaraciones del exmandatario, valor\u00f3 la visi\u00f3n a largo plazo que tiene del puerto de Valpara\u00edso.<\/p>\n<p>\u00abComparto su visi\u00f3n a largo plazo, pero tambi\u00e9n veo una contradicci\u00f3n producto de \u00e9l haber aprobado en su momento la construcci\u00f3n del mall (\u2026) Rescato y considero que es importante que Ricardo Lagos de su opini\u00f3n sincera sin importar el color pol\u00edtico, eso habla bien de \u00e9l, quiz\u00e1s lo que uno esperar\u00eda es que lo haga tambi\u00e9n de manera interna debido a su influencia al interior de la Nueva Mayor\u00eda\u00bb, concluy\u00f3 Godoy.<\/p>\n<p><a href=\"http:\/\/colegioarquitectos.com\/noticias\/wp-content\/uploads\/2015\/12\/Claudio-Reyes.jpg\"><img loading=\"lazy\" decoding=\"async\" class=\"alignnone wp-image-10807 size-full\" src=\"http:\/\/colegioarquitectos.com\/noticias\/wp-content\/uploads\/2015\/12\/Claudio-Reyes.jpg\" alt=\"Claudio Reyes\" width=\"397\" height=\"516\" srcset=\"https:\/\/colegioarquitectos.com\/noticias\/wp-content\/uploads\/2015\/12\/Claudio-Reyes.jpg 397w, https:\/\/colegioarquitectos.com\/noticias\/wp-content\/uploads\/2015\/12\/Claudio-Reyes-231x300.jpg 231w\" sizes=\"auto, (max-width: 397px) 100vw, 397px\" \/><\/a><\/p>\n<p><strong>Ampliaci\u00f3n de cl\u00e1usula de salida del T2<\/strong><\/p>\n<p>Hace una semana la concesionaria TCVAL, filial del grupo espa\u00f1ol OHL, decidi\u00f3 prorrogar el uso de la cl\u00e1usula de salida que le permite desistir de la expansi\u00f3n del Espig\u00f3n. Eso fue interpetado desde EPV como una se\u00f1al de que la espa\u00f1ola no pretende desistir del proyecto por las inversiones que ha realizado el holding tanto en infraestructura como en programas con la comunidad. Ello sin contar los bonos de mitigaci\u00f3n que implic\u00f3 el proceso de licitaci\u00f3n. OHL deber\u00e1 sortear ahora un estudio ambiental respondiendo m\u00e1s de 600 observaciones.<\/p>\n<p>&nbsp;<\/p>\n<p><a href=\"http:\/\/www.mercuriovalpo.cl\/impresa\/2015\/12\/21\/full\/cuerpo-principal\/4\/texto\/\">Por\u00a0Karen Unda Galdames, El Mercurio de Valpara\u00edso<\/a><\/p>\n<p><\/p>","protected":false},"excerpt":{"rendered":"<p>Gratamente sorprendidos por las fuertes declaraciones que realiz\u00f3 el expresidente Ricardo Lagos en contra del proyecto de expansi\u00f3n portuaria del Terminal N\u00b02 Espig\u00f3n, se mostraron representantes del Colegio de Arquitectos, parlamentarios, voces t\u00e9cnicas y ciudadanas e incluso, la C\u00e1mara Aduanera &hellip; <a class=\"more-link\" href=\"https:\/\/colegioarquitectos.com\/noticias\/?p=10805\">ver m\u00e1s<\/a><\/p>","protected":false},"author":4,"featured_media":10806,"comment_status":"open","ping_status":"open","sticky":false,"template":"","format":"standard","meta":{"footnotes":""},"categories":[10],"tags":[],"class_list":["post-10805","post","type-post","status-publish","format-standard","has-post-thumbnail","hentry","category-delegaciones-zonales"],"yoast_head":"<!-- This site is optimized with the Yoast SEO plugin v24.2 - https:\/\/yoast.com\/wordpress\/plugins\/seo\/ -->\n<title>Delegaci\u00f3n Valpara\u00edso pide abrir el debate por expansi\u00f3n portuaria - COLEGIO DE ARQUITECTOS DE CHILE<\/title>\n<meta name=\"robots\" content=\"index, follow, max-snippet:-1, max-image-preview:large, max-video-preview:-1\" \/>\n<link rel=\"canonical\" href=\"https:\/\/colegioarquitectos.com\/noticias\/?p=10805\" \/>\n<meta property=\"og:locale\" content=\"es_ES\" \/>\n<meta property=\"og:type\" content=\"article\" \/>\n<meta property=\"og:title\" content=\"Delegaci\u00f3n Valpara\u00edso pide abrir el debate por expansi\u00f3n portuaria - COLEGIO DE ARQUITECTOS DE CHILE\" \/>\n<meta property=\"og:description\" content=\"Gratamente sorprendidos por las fuertes declaraciones que realiz\u00f3 el expresidente Ricardo Lagos en contra del proyecto de expansi\u00f3n portuaria del Terminal N\u00b02 Espig\u00f3n, se mostraron representantes del Colegio de Arquitectos, parlamentarios, voces t\u00e9cnicas y ciudadanas e incluso, la C\u00e1mara Aduanera &hellip; ver m\u00e1s\" \/>\n<meta property=\"og:url\" content=\"https:\/\/colegioarquitectos.com\/noticias\/?p=10805\" \/>\n<meta property=\"og:site_name\" content=\"COLEGIO DE ARQUITECTOS DE CHILE\" \/>\n<meta property=\"article:publisher\" content=\"https:\/\/facebook.com\/Colegioarq\/\" \/>\n<meta property=\"article:published_time\" content=\"2015-12-23T22:28:08+00:00\" \/>\n<meta property=\"og:image\" content=\"https:\/\/colegioarquitectos.com\/noticias\/wp-content\/uploads\/2015\/12\/CA-VALPO.jpg\" \/>\n\t<meta property=\"og:image:width\" content=\"690\" \/>\n\t<meta property=\"og:image:height\" content=\"350\" \/>\n\t<meta property=\"og:image:type\" content=\"image\/jpeg\" \/>\n<meta name=\"author\" content=\"Colegio de Arquitectos de Chile\" \/>\n<meta name=\"twitter:card\" content=\"summary_large_image\" \/>\n<meta name=\"twitter:creator\" content=\"@colegioarq\" \/>\n<meta name=\"twitter:site\" content=\"@colegioarq\" \/>\n<meta name=\"twitter:label1\" content=\"Escrito por\" \/>\n\t<meta name=\"twitter:data1\" content=\"Colegio de Arquitectos de Chile\" \/>\n\t<meta name=\"twitter:label2\" content=\"Tiempo de lectura\" \/>\n\t<meta name=\"twitter:data2\" content=\"5 minutos\" \/>\n<script type=\"application\/ld+json\" class=\"yoast-schema-graph\">{\"@context\":\"https:\/\/schema.org\",\"@graph\":[{\"@type\":\"Article\",\"@id\":\"https:\/\/colegioarquitectos.com\/noticias\/?p=10805#article\",\"isPartOf\":{\"@id\":\"https:\/\/colegioarquitectos.com\/noticias\/?p=10805\"},\"author\":{\"name\":\"Colegio de Arquitectos de Chile\",\"@id\":\"https:\/\/colegioarquitectos.com\/noticias\/#\/schema\/person\/685cc0aad148303c5608f049af8285ad\"},\"headline\":\"Delegaci\u00f3n Valpara\u00edso pide abrir el debate por expansi\u00f3n portuaria\",\"datePublished\":\"2015-12-23T22:28:08+00:00\",\"dateModified\":\"2015-12-23T22:28:08+00:00\",\"mainEntityOfPage\":{\"@id\":\"https:\/\/colegioarquitectos.com\/noticias\/?p=10805\"},\"wordCount\":1095,\"commentCount\":0,\"publisher\":{\"@id\":\"https:\/\/colegioarquitectos.com\/noticias\/#organization\"},\"image\":{\"@id\":\"https:\/\/colegioarquitectos.com\/noticias\/?p=10805#primaryimage\"},\"thumbnailUrl\":\"https:\/\/colegioarquitectos.com\/noticias\/wp-content\/uploads\/2015\/12\/CA-VALPO.jpg\",\"articleSection\":[\"Delegaciones\"],\"inLanguage\":\"es\",\"potentialAction\":[{\"@type\":\"CommentAction\",\"name\":\"Comment\",\"target\":[\"https:\/\/colegioarquitectos.com\/noticias\/?p=10805#respond\"]}]},{\"@type\":\"WebPage\",\"@id\":\"https:\/\/colegioarquitectos.com\/noticias\/?p=10805\",\"url\":\"https:\/\/colegioarquitectos.com\/noticias\/?p=10805\",\"name\":\"Delegaci\u00f3n Valpara\u00edso pide abrir el debate por expansi\u00f3n portuaria - COLEGIO DE ARQUITECTOS DE CHILE\",\"isPartOf\":{\"@id\":\"https:\/\/colegioarquitectos.com\/noticias\/#website\"},\"primaryImageOfPage\":{\"@id\":\"https:\/\/colegioarquitectos.com\/noticias\/?p=10805#primaryimage\"},\"image\":{\"@id\":\"https:\/\/colegioarquitectos.com\/noticias\/?p=10805#primaryimage\"},\"thumbnailUrl\":\"https:\/\/colegioarquitectos.com\/noticias\/wp-content\/uploads\/2015\/12\/CA-VALPO.jpg\",\"datePublished\":\"2015-12-23T22:28:08+00:00\",\"dateModified\":\"2015-12-23T22:28:08+00:00\",\"breadcrumb\":{\"@id\":\"https:\/\/colegioarquitectos.com\/noticias\/?p=10805#breadcrumb\"},\"inLanguage\":\"es\",\"potentialAction\":[{\"@type\":\"ReadAction\",\"target\":[\"https:\/\/colegioarquitectos.com\/noticias\/?p=10805\"]}]},{\"@type\":\"ImageObject\",\"inLanguage\":\"es\",\"@id\":\"https:\/\/colegioarquitectos.com\/noticias\/?p=10805#primaryimage\",\"url\":\"https:\/\/colegioarquitectos.com\/noticias\/wp-content\/uploads\/2015\/12\/CA-VALPO.jpg\",\"contentUrl\":\"https:\/\/colegioarquitectos.com\/noticias\/wp-content\/uploads\/2015\/12\/CA-VALPO.jpg\",\"width\":690,\"height\":350},{\"@type\":\"BreadcrumbList\",\"@id\":\"https:\/\/colegioarquitectos.com\/noticias\/?p=10805#breadcrumb\",\"itemListElement\":[{\"@type\":\"ListItem\",\"position\":1,\"name\":\"Portada\",\"item\":\"https:\/\/colegioarquitectos.com\/noticias\"},{\"@type\":\"ListItem\",\"position\":2,\"name\":\"Delegaci\u00f3n Valpara\u00edso pide abrir el debate por expansi\u00f3n portuaria\"}]},{\"@type\":\"WebSite\",\"@id\":\"https:\/\/colegioarquitectos.com\/noticias\/#website\",\"url\":\"https:\/\/colegioarquitectos.com\/noticias\/\",\"name\":\"COLEGIO DE ARQUITECTOS DE CHILE\",\"description\":\"\",\"publisher\":{\"@id\":\"https:\/\/colegioarquitectos.com\/noticias\/#organization\"},\"potentialAction\":[{\"@type\":\"SearchAction\",\"target\":{\"@type\":\"EntryPoint\",\"urlTemplate\":\"https:\/\/colegioarquitectos.com\/noticias\/?s={search_term_string}\"},\"query-input\":{\"@type\":\"PropertyValueSpecification\",\"valueRequired\":true,\"valueName\":\"search_term_string\"}}],\"inLanguage\":\"es\"},{\"@type\":\"Organization\",\"@id\":\"https:\/\/colegioarquitectos.com\/noticias\/#organization\",\"name\":\"COLEGIO DE ARQUITECTOS DE CHILE\",\"url\":\"https:\/\/colegioarquitectos.com\/noticias\/\",\"logo\":{\"@type\":\"ImageObject\",\"inLanguage\":\"es\",\"@id\":\"https:\/\/colegioarquitectos.com\/noticias\/#\/schema\/logo\/image\/\",\"url\":\"https:\/\/colegioarquitectos.com\/noticias\/wp-content\/uploads\/2021\/05\/ENCABEZADO-LOGO-CA.jpg\",\"contentUrl\":\"https:\/\/colegioarquitectos.com\/noticias\/wp-content\/uploads\/2021\/05\/ENCABEZADO-LOGO-CA.jpg\",\"width\":690,\"height\":350,\"caption\":\"COLEGIO DE ARQUITECTOS DE CHILE\"},\"image\":{\"@id\":\"https:\/\/colegioarquitectos.com\/noticias\/#\/schema\/logo\/image\/\"},\"sameAs\":[\"https:\/\/facebook.com\/Colegioarq\/\",\"https:\/\/x.com\/colegioarq\",\"https:\/\/instagram.com\/colegioarq\",\"https:\/\/youtube.com\/@ColegiodeArquitectosdeChile\"]},{\"@type\":\"Person\",\"@id\":\"https:\/\/colegioarquitectos.com\/noticias\/#\/schema\/person\/685cc0aad148303c5608f049af8285ad\",\"name\":\"Colegio de Arquitectos de Chile\",\"url\":\"https:\/\/colegioarquitectos.com\/noticias\/?author=4\"}]}<\/script>\n<!-- \/ Yoast SEO plugin. -->","yoast_head_json":{"title":"Delegaci\u00f3n Valpara\u00edso pide abrir el debate por expansi\u00f3n portuaria - COLEGIO DE ARQUITECTOS DE CHILE","robots":{"index":"index","follow":"follow","max-snippet":"max-snippet:-1","max-image-preview":"max-image-preview:large","max-video-preview":"max-video-preview:-1"},"canonical":"https:\/\/colegioarquitectos.com\/noticias\/?p=10805","og_locale":"es_ES","og_type":"article","og_title":"Delegaci\u00f3n Valpara\u00edso pide abrir el debate por expansi\u00f3n portuaria - COLEGIO DE ARQUITECTOS DE CHILE","og_description":"Gratamente sorprendidos por las fuertes declaraciones que realiz\u00f3 el expresidente Ricardo Lagos en contra del proyecto de expansi\u00f3n portuaria del Terminal N\u00b02 Espig\u00f3n, se mostraron representantes del Colegio de Arquitectos, parlamentarios, voces t\u00e9cnicas y ciudadanas e incluso, la C\u00e1mara Aduanera &hellip; ver m\u00e1s","og_url":"https:\/\/colegioarquitectos.com\/noticias\/?p=10805","og_site_name":"COLEGIO DE ARQUITECTOS DE CHILE","article_publisher":"https:\/\/facebook.com\/Colegioarq\/","article_published_time":"2015-12-23T22:28:08+00:00","og_image":[{"width":690,"height":350,"url":"https:\/\/colegioarquitectos.com\/noticias\/wp-content\/uploads\/2015\/12\/CA-VALPO.jpg","type":"image\/jpeg"}],"author":"Colegio de Arquitectos de Chile","twitter_card":"summary_large_image","twitter_creator":"@colegioarq","twitter_site":"@colegioarq","twitter_misc":{"Escrito por":"Colegio de Arquitectos de Chile","Tiempo de lectura":"5 minutos"},"schema":{"@context":"https:\/\/schema.org","@graph":[{"@type":"Article","@id":"https:\/\/colegioarquitectos.com\/noticias\/?p=10805#article","isPartOf":{"@id":"https:\/\/colegioarquitectos.com\/noticias\/?p=10805"},"author":{"name":"Colegio de Arquitectos de Chile","@id":"https:\/\/colegioarquitectos.com\/noticias\/#\/schema\/person\/685cc0aad148303c5608f049af8285ad"},"headline":"Delegaci\u00f3n Valpara\u00edso pide abrir el debate por expansi\u00f3n portuaria","datePublished":"2015-12-23T22:28:08+00:00","dateModified":"2015-12-23T22:28:08+00:00","mainEntityOfPage":{"@id":"https:\/\/colegioarquitectos.com\/noticias\/?p=10805"},"wordCount":1095,"commentCount":0,"publisher":{"@id":"https:\/\/colegioarquitectos.com\/noticias\/#organization"},"image":{"@id":"https:\/\/colegioarquitectos.com\/noticias\/?p=10805#primaryimage"},"thumbnailUrl":"https:\/\/colegioarquitectos.com\/noticias\/wp-content\/uploads\/2015\/12\/CA-VALPO.jpg","articleSection":["Delegaciones"],"inLanguage":"es","potentialAction":[{"@type":"CommentAction","name":"Comment","target":["https:\/\/colegioarquitectos.com\/noticias\/?p=10805#respond"]}]},{"@type":"WebPage","@id":"https:\/\/colegioarquitectos.com\/noticias\/?p=10805","url":"https:\/\/colegioarquitectos.com\/noticias\/?p=10805","name":"Delegaci\u00f3n Valpara\u00edso pide abrir el debate por expansi\u00f3n portuaria - COLEGIO DE ARQUITECTOS DE CHILE","isPartOf":{"@id":"https:\/\/colegioarquitectos.com\/noticias\/#website"},"primaryImageOfPage":{"@id":"https:\/\/colegioarquitectos.com\/noticias\/?p=10805#primaryimage"},"image":{"@id":"https:\/\/colegioarquitectos.com\/noticias\/?p=10805#primaryimage"},"thumbnailUrl":"https:\/\/colegioarquitectos.com\/noticias\/wp-content\/uploads\/2015\/12\/CA-VALPO.jpg","datePublished":"2015-12-23T22:28:08+00:00","dateModified":"2015-12-23T22:28:08+00:00","breadcrumb":{"@id":"https:\/\/colegioarquitectos.com\/noticias\/?p=10805#breadcrumb"},"inLanguage":"es","potentialAction":[{"@type":"ReadAction","target":["https:\/\/colegioarquitectos.com\/noticias\/?p=10805"]}]},{"@type":"ImageObject","inLanguage":"es","@id":"https:\/\/colegioarquitectos.com\/noticias\/?p=10805#primaryimage","url":"https:\/\/colegioarquitectos.com\/noticias\/wp-content\/uploads\/2015\/12\/CA-VALPO.jpg","contentUrl":"https:\/\/colegioarquitectos.com\/noticias\/wp-content\/uploads\/2015\/12\/CA-VALPO.jpg","width":690,"height":350},{"@type":"BreadcrumbList","@id":"https:\/\/colegioarquitectos.com\/noticias\/?p=10805#breadcrumb","itemListElement":[{"@type":"ListItem","position":1,"name":"Portada","item":"https:\/\/colegioarquitectos.com\/noticias"},{"@type":"ListItem","position":2,"name":"Delegaci\u00f3n Valpara\u00edso pide abrir el debate por expansi\u00f3n portuaria"}]},{"@type":"WebSite","@id":"https:\/\/colegioarquitectos.com\/noticias\/#website","url":"https:\/\/colegioarquitectos.com\/noticias\/","name":"COLEGIO DE ARQUITECTOS DE CHILE","description":"","publisher":{"@id":"https:\/\/colegioarquitectos.com\/noticias\/#organization"},"potentialAction":[{"@type":"SearchAction","target":{"@type":"EntryPoint","urlTemplate":"https:\/\/colegioarquitectos.com\/noticias\/?s={search_term_string}"},"query-input":{"@type":"PropertyValueSpecification","valueRequired":true,"valueName":"search_term_string"}}],"inLanguage":"es"},{"@type":"Organization","@id":"https:\/\/colegioarquitectos.com\/noticias\/#organization","name":"COLEGIO DE ARQUITECTOS DE CHILE","url":"https:\/\/colegioarquitectos.com\/noticias\/","logo":{"@type":"ImageObject","inLanguage":"es","@id":"https:\/\/colegioarquitectos.com\/noticias\/#\/schema\/logo\/image\/","url":"https:\/\/colegioarquitectos.com\/noticias\/wp-content\/uploads\/2021\/05\/ENCABEZADO-LOGO-CA.jpg","contentUrl":"https:\/\/colegioarquitectos.com\/noticias\/wp-content\/uploads\/2021\/05\/ENCABEZADO-LOGO-CA.jpg","width":690,"height":350,"caption":"COLEGIO DE ARQUITECTOS DE CHILE"},"image":{"@id":"https:\/\/colegioarquitectos.com\/noticias\/#\/schema\/logo\/image\/"},"sameAs":["https:\/\/facebook.com\/Colegioarq\/","https:\/\/x.com\/colegioarq","https:\/\/instagram.com\/colegioarq","https:\/\/youtube.com\/@ColegiodeArquitectosdeChile"]},{"@type":"Person","@id":"https:\/\/colegioarquitectos.com\/noticias\/#\/schema\/person\/685cc0aad148303c5608f049af8285ad","name":"Colegio de Arquitectos de Chile","url":"https:\/\/colegioarquitectos.com\/noticias\/?author=4"}]}},"_links":{"self":[{"href":"https:\/\/colegioarquitectos.com\/noticias\/index.php?rest_route=\/wp\/v2\/posts\/10805","targetHints":{"allow":["GET"]}}],"collection":[{"href":"https:\/\/colegioarquitectos.com\/noticias\/index.php?rest_route=\/wp\/v2\/posts"}],"about":[{"href":"https:\/\/colegioarquitectos.com\/noticias\/index.php?rest_route=\/wp\/v2\/types\/post"}],"author":[{"embeddable":true,"href":"https:\/\/colegioarquitectos.com\/noticias\/index.php?rest_route=\/wp\/v2\/users\/4"}],"replies":[{"embeddable":true,"href":"https:\/\/colegioarquitectos.com\/noticias\/index.php?rest_route=%2Fwp%2Fv2%2Fcomments&post=10805"}],"version-history":[{"count":0,"href":"https:\/\/colegioarquitectos.com\/noticias\/index.php?rest_route=\/wp\/v2\/posts\/10805\/revisions"}],"wp:featuredmedia":[{"embeddable":true,"href":"https:\/\/colegioarquitectos.com\/noticias\/index.php?rest_route=\/wp\/v2\/media\/10806"}],"wp:attachment":[{"href":"https:\/\/colegioarquitectos.com\/noticias\/index.php?rest_route=%2Fwp%2Fv2%2Fmedia&parent=10805"}],"wp:term":[{"taxonomy":"category","embeddable":true,"href":"https:\/\/colegioarquitectos.com\/noticias\/index.php?rest_route=%2Fwp%2Fv2%2Fcategories&post=10805"},{"taxonomy":"post_tag","embeddable":true,"href":"https:\/\/colegioarquitectos.com\/noticias\/index.php?rest_route=%2Fwp%2Fv2%2Ftags&post=10805"}],"curies":[{"name":"wp","href":"https:\/\/api.w.org\/{rel}","templated":true}]}}