
{"id":10835,"date":"2015-12-26T19:55:23","date_gmt":"2015-12-26T19:55:23","guid":{"rendered":"http:\/\/colegioarquitectos.com\/?p=10835"},"modified":"2015-12-29T20:13:15","modified_gmt":"2015-12-29T20:13:15","slug":"11-y-12-de-enero-consejo-presidentes-delegaciones-zonales","status":"publish","type":"post","link":"https:\/\/colegioarquitectos.com\/noticias\/?p=10835","title":{"rendered":"11 y 12 de enero: Consejo Presidentes Delegaciones Zonales"},"content":{"rendered":"<p>Arquitectos<\/p>\n<p>Presidentes Delegaciones Zonales<\/p>\n<p>Colegio de Arquitectos de Chile<\/p>\n<p>PRESENTE<\/p>\n<p>&nbsp;<\/p>\n<p>Estimados Arquitectos:<\/p>\n<p>&nbsp;<\/p>\n<p>Como es de su conocimiento, el Estatuto del Colegio de Arquitectos en su Art. 37 indica que el Consejo de Presidentes de Delegaciones estar\u00e1 constituido por todos los Presidentes de las Delegaciones Zonales y, entre sus actividades, se re\u00fane peri\u00f3dicamente para cumplir las funciones que le indique esa normativa.<\/p>\n<p>El 27 de agosto se realiz\u00f3 la primera sesi\u00f3n del a\u00f1o 2015. En esa reuni\u00f3n se acord\u00f3 realizar un nuevo Consejo a fines de a\u00f1o para profundizar los acuerdos tomados en esa oportunidad.<\/p>\n<p>Por ello, el Directorio Nacional acord\u00f3 invitarles a una Jornada doble de trabajo que realizaremos en la sede nacional del Colegio y que se inicia el d\u00eda lunes 11 de Enero 2016 a las 10:00 hasta las 18:30 horas. Al d\u00eda siguiente, martes 12 de Enero, desarrollaremos un programa de reuniones bilaterales entre el Directorio Nacional y las Delegaciones, para profundizar situaciones y temas espec\u00edficos de cada una.<\/p>\n<p>Contamos con la participaci\u00f3n de todos los Presidentes, o sus representantes para as\u00ed continuar el camino de fortalecimiento del Colegio a nivel nacional con una estructura institucional y comunicacional que pueda poner en valor y diversidad la importancia que tienen las Delegaciones Zonales del Colegio de Arquitectos.<\/p>\n<p>&nbsp;<\/p>\n<p>Esperando contar con su aporte y visi\u00f3n regional, le saludan cordialmente,<\/p>\n<p>&nbsp;<\/p>\n<p><strong>ALBERTO TEXIDO Z. \u00a0 \u00a0 \u00a0 \u00a0 \u00a0 \u00a0 \u00a0 \u00a0 \u00a0 \u00a0 \u00a0 \u00a0 \u00a0 \u00a0 \u00a0 \u00a0 \u00a0 \u00a0 \u00a0 \u00a0 \u00a0 \u00a0 \u00a0 \u00a0 \u00a0 \u00a0 \u00a0 \u00a0 \u00a0 \u00a0 \u00a0 \u00a0 \u00a0 \u00a0 \u00a0 \u00a0 \u00a0 \u00a0 \u00a0 \u00a0 PILAR URREJOLA D.<\/strong><\/p>\n<p><strong>Vicepresidente Asuntos Externos \u00a0 \u00a0 \u00a0 \u00a0 \u00a0 \u00a0 \u00a0 \u00a0 \u00a0 \u00a0 \u00a0 \u00a0 \u00a0 \u00a0 \u00a0 \u00a0 \u00a0 \u00a0 \u00a0 \u00a0 \u00a0 \u00a0 \u00a0 \u00a0 \u00a0 \u00a0 \u00a0 \u00a0 \u00a0Presidenta Nacional<\/strong><\/p>\n<p><strong><br \/>\n<\/strong><\/p>\n<p>&nbsp;<\/p>\n<p><\/p>","protected":false},"excerpt":{"rendered":"<p>Arquitectos Presidentes Delegaciones Zonales Colegio de Arquitectos de Chile PRESENTE &nbsp; Estimados Arquitectos: &nbsp; Como es de su conocimiento, el Estatuto del Colegio de Arquitectos en su Art. 37 indica que el Consejo de Presidentes de Delegaciones estar\u00e1 constituido por &hellip; <a class=\"more-link\" href=\"https:\/\/colegioarquitectos.com\/noticias\/?p=10835\">ver m\u00e1s<\/a><\/p>","protected":false},"author":4,"featured_media":0,"comment_status":"open","ping_status":"open","sticky":false,"template":"","format":"standard","meta":{"footnotes":""},"categories":[10],"tags":[],"class_list":["post-10835","post","type-post","status-publish","format-standard","hentry","category-delegaciones-zonales"],"yoast_head":"<!-- This site is optimized with the Yoast SEO plugin v24.2 - https:\/\/yoast.com\/wordpress\/plugins\/seo\/ -->\n<title>11 y 12 de enero: Consejo Presidentes Delegaciones Zonales - COLEGIO DE ARQUITECTOS DE CHILE<\/title>\n<meta name=\"robots\" content=\"index, follow, max-snippet:-1, max-image-preview:large, max-video-preview:-1\" \/>\n<link rel=\"canonical\" href=\"https:\/\/colegioarquitectos.com\/noticias\/?p=10835\" \/>\n<meta property=\"og:locale\" content=\"es_ES\" \/>\n<meta property=\"og:type\" content=\"article\" \/>\n<meta property=\"og:title\" content=\"11 y 12 de enero: Consejo Presidentes Delegaciones Zonales - COLEGIO DE ARQUITECTOS DE CHILE\" \/>\n<meta property=\"og:description\" content=\"Arquitectos Presidentes Delegaciones Zonales Colegio de Arquitectos de Chile PRESENTE &nbsp; Estimados Arquitectos: &nbsp; Como es de su conocimiento, el Estatuto del Colegio de Arquitectos en su Art. 37 indica que el Consejo de Presidentes de Delegaciones estar\u00e1 constituido por &hellip; ver m\u00e1s\" \/>\n<meta property=\"og:url\" content=\"https:\/\/colegioarquitectos.com\/noticias\/?p=10835\" \/>\n<meta property=\"og:site_name\" content=\"COLEGIO DE ARQUITECTOS DE CHILE\" \/>\n<meta property=\"article:publisher\" content=\"https:\/\/facebook.com\/Colegioarq\/\" \/>\n<meta property=\"article:published_time\" content=\"2015-12-26T19:55:23+00:00\" \/>\n<meta property=\"article:modified_time\" content=\"2015-12-29T20:13:15+00:00\" \/>\n<meta name=\"author\" content=\"Colegio de Arquitectos de Chile\" \/>\n<meta name=\"twitter:card\" content=\"summary_large_image\" \/>\n<meta name=\"twitter:creator\" content=\"@colegioarq\" \/>\n<meta name=\"twitter:site\" content=\"@colegioarq\" \/>\n<meta name=\"twitter:label1\" content=\"Escrito por\" \/>\n\t<meta name=\"twitter:data1\" content=\"Colegio de Arquitectos de Chile\" \/>\n\t<meta name=\"twitter:label2\" content=\"Tiempo de lectura\" \/>\n\t<meta name=\"twitter:data2\" content=\"1 minuto\" \/>\n<script type=\"application\/ld+json\" class=\"yoast-schema-graph\">{\"@context\":\"https:\/\/schema.org\",\"@graph\":[{\"@type\":\"Article\",\"@id\":\"https:\/\/colegioarquitectos.com\/noticias\/?p=10835#article\",\"isPartOf\":{\"@id\":\"https:\/\/colegioarquitectos.com\/noticias\/?p=10835\"},\"author\":{\"name\":\"Colegio de Arquitectos de Chile\",\"@id\":\"https:\/\/colegioarquitectos.com\/noticias\/#\/schema\/person\/685cc0aad148303c5608f049af8285ad\"},\"headline\":\"11 y 12 de enero: Consejo Presidentes Delegaciones Zonales\",\"datePublished\":\"2015-12-26T19:55:23+00:00\",\"dateModified\":\"2015-12-29T20:13:15+00:00\",\"mainEntityOfPage\":{\"@id\":\"https:\/\/colegioarquitectos.com\/noticias\/?p=10835\"},\"wordCount\":246,\"commentCount\":0,\"publisher\":{\"@id\":\"https:\/\/colegioarquitectos.com\/noticias\/#organization\"},\"articleSection\":[\"Delegaciones\"],\"inLanguage\":\"es\",\"potentialAction\":[{\"@type\":\"CommentAction\",\"name\":\"Comment\",\"target\":[\"https:\/\/colegioarquitectos.com\/noticias\/?p=10835#respond\"]}]},{\"@type\":\"WebPage\",\"@id\":\"https:\/\/colegioarquitectos.com\/noticias\/?p=10835\",\"url\":\"https:\/\/colegioarquitectos.com\/noticias\/?p=10835\",\"name\":\"11 y 12 de enero: Consejo Presidentes Delegaciones Zonales - COLEGIO DE ARQUITECTOS DE CHILE\",\"isPartOf\":{\"@id\":\"https:\/\/colegioarquitectos.com\/noticias\/#website\"},\"datePublished\":\"2015-12-26T19:55:23+00:00\",\"dateModified\":\"2015-12-29T20:13:15+00:00\",\"breadcrumb\":{\"@id\":\"https:\/\/colegioarquitectos.com\/noticias\/?p=10835#breadcrumb\"},\"inLanguage\":\"es\",\"potentialAction\":[{\"@type\":\"ReadAction\",\"target\":[\"https:\/\/colegioarquitectos.com\/noticias\/?p=10835\"]}]},{\"@type\":\"BreadcrumbList\",\"@id\":\"https:\/\/colegioarquitectos.com\/noticias\/?p=10835#breadcrumb\",\"itemListElement\":[{\"@type\":\"ListItem\",\"position\":1,\"name\":\"Portada\",\"item\":\"https:\/\/colegioarquitectos.com\/noticias\"},{\"@type\":\"ListItem\",\"position\":2,\"name\":\"11 y 12 de enero: Consejo Presidentes Delegaciones Zonales\"}]},{\"@type\":\"WebSite\",\"@id\":\"https:\/\/colegioarquitectos.com\/noticias\/#website\",\"url\":\"https:\/\/colegioarquitectos.com\/noticias\/\",\"name\":\"COLEGIO DE ARQUITECTOS DE CHILE\",\"description\":\"\",\"publisher\":{\"@id\":\"https:\/\/colegioarquitectos.com\/noticias\/#organization\"},\"potentialAction\":[{\"@type\":\"SearchAction\",\"target\":{\"@type\":\"EntryPoint\",\"urlTemplate\":\"https:\/\/colegioarquitectos.com\/noticias\/?s={search_term_string}\"},\"query-input\":{\"@type\":\"PropertyValueSpecification\",\"valueRequired\":true,\"valueName\":\"search_term_string\"}}],\"inLanguage\":\"es\"},{\"@type\":\"Organization\",\"@id\":\"https:\/\/colegioarquitectos.com\/noticias\/#organization\",\"name\":\"COLEGIO DE ARQUITECTOS DE CHILE\",\"url\":\"https:\/\/colegioarquitectos.com\/noticias\/\",\"logo\":{\"@type\":\"ImageObject\",\"inLanguage\":\"es\",\"@id\":\"https:\/\/colegioarquitectos.com\/noticias\/#\/schema\/logo\/image\/\",\"url\":\"https:\/\/colegioarquitectos.com\/noticias\/wp-content\/uploads\/2021\/05\/ENCABEZADO-LOGO-CA.jpg\",\"contentUrl\":\"https:\/\/colegioarquitectos.com\/noticias\/wp-content\/uploads\/2021\/05\/ENCABEZADO-LOGO-CA.jpg\",\"width\":690,\"height\":350,\"caption\":\"COLEGIO DE ARQUITECTOS DE CHILE\"},\"image\":{\"@id\":\"https:\/\/colegioarquitectos.com\/noticias\/#\/schema\/logo\/image\/\"},\"sameAs\":[\"https:\/\/facebook.com\/Colegioarq\/\",\"https:\/\/x.com\/colegioarq\",\"https:\/\/instagram.com\/colegioarq\",\"https:\/\/youtube.com\/@ColegiodeArquitectosdeChile\"]},{\"@type\":\"Person\",\"@id\":\"https:\/\/colegioarquitectos.com\/noticias\/#\/schema\/person\/685cc0aad148303c5608f049af8285ad\",\"name\":\"Colegio de Arquitectos de Chile\",\"url\":\"https:\/\/colegioarquitectos.com\/noticias\/?author=4\"}]}<\/script>\n<!-- \/ Yoast SEO plugin. -->","yoast_head_json":{"title":"11 y 12 de enero: Consejo Presidentes Delegaciones Zonales - COLEGIO DE ARQUITECTOS DE CHILE","robots":{"index":"index","follow":"follow","max-snippet":"max-snippet:-1","max-image-preview":"max-image-preview:large","max-video-preview":"max-video-preview:-1"},"canonical":"https:\/\/colegioarquitectos.com\/noticias\/?p=10835","og_locale":"es_ES","og_type":"article","og_title":"11 y 12 de enero: Consejo Presidentes Delegaciones Zonales - COLEGIO DE ARQUITECTOS DE CHILE","og_description":"Arquitectos Presidentes Delegaciones Zonales Colegio de Arquitectos de Chile PRESENTE &nbsp; Estimados Arquitectos: &nbsp; Como es de su conocimiento, el Estatuto del Colegio de Arquitectos en su Art. 37 indica que el Consejo de Presidentes de Delegaciones estar\u00e1 constituido por &hellip; ver m\u00e1s","og_url":"https:\/\/colegioarquitectos.com\/noticias\/?p=10835","og_site_name":"COLEGIO DE ARQUITECTOS DE CHILE","article_publisher":"https:\/\/facebook.com\/Colegioarq\/","article_published_time":"2015-12-26T19:55:23+00:00","article_modified_time":"2015-12-29T20:13:15+00:00","author":"Colegio de Arquitectos de Chile","twitter_card":"summary_large_image","twitter_creator":"@colegioarq","twitter_site":"@colegioarq","twitter_misc":{"Escrito por":"Colegio de Arquitectos de Chile","Tiempo de lectura":"1 minuto"},"schema":{"@context":"https:\/\/schema.org","@graph":[{"@type":"Article","@id":"https:\/\/colegioarquitectos.com\/noticias\/?p=10835#article","isPartOf":{"@id":"https:\/\/colegioarquitectos.com\/noticias\/?p=10835"},"author":{"name":"Colegio de Arquitectos de Chile","@id":"https:\/\/colegioarquitectos.com\/noticias\/#\/schema\/person\/685cc0aad148303c5608f049af8285ad"},"headline":"11 y 12 de enero: Consejo Presidentes Delegaciones Zonales","datePublished":"2015-12-26T19:55:23+00:00","dateModified":"2015-12-29T20:13:15+00:00","mainEntityOfPage":{"@id":"https:\/\/colegioarquitectos.com\/noticias\/?p=10835"},"wordCount":246,"commentCount":0,"publisher":{"@id":"https:\/\/colegioarquitectos.com\/noticias\/#organization"},"articleSection":["Delegaciones"],"inLanguage":"es","potentialAction":[{"@type":"CommentAction","name":"Comment","target":["https:\/\/colegioarquitectos.com\/noticias\/?p=10835#respond"]}]},{"@type":"WebPage","@id":"https:\/\/colegioarquitectos.com\/noticias\/?p=10835","url":"https:\/\/colegioarquitectos.com\/noticias\/?p=10835","name":"11 y 12 de enero: Consejo Presidentes Delegaciones Zonales - COLEGIO DE ARQUITECTOS DE CHILE","isPartOf":{"@id":"https:\/\/colegioarquitectos.com\/noticias\/#website"},"datePublished":"2015-12-26T19:55:23+00:00","dateModified":"2015-12-29T20:13:15+00:00","breadcrumb":{"@id":"https:\/\/colegioarquitectos.com\/noticias\/?p=10835#breadcrumb"},"inLanguage":"es","potentialAction":[{"@type":"ReadAction","target":["https:\/\/colegioarquitectos.com\/noticias\/?p=10835"]}]},{"@type":"BreadcrumbList","@id":"https:\/\/colegioarquitectos.com\/noticias\/?p=10835#breadcrumb","itemListElement":[{"@type":"ListItem","position":1,"name":"Portada","item":"https:\/\/colegioarquitectos.com\/noticias"},{"@type":"ListItem","position":2,"name":"11 y 12 de enero: Consejo Presidentes Delegaciones Zonales"}]},{"@type":"WebSite","@id":"https:\/\/colegioarquitectos.com\/noticias\/#website","url":"https:\/\/colegioarquitectos.com\/noticias\/","name":"COLEGIO DE ARQUITECTOS DE CHILE","description":"","publisher":{"@id":"https:\/\/colegioarquitectos.com\/noticias\/#organization"},"potentialAction":[{"@type":"SearchAction","target":{"@type":"EntryPoint","urlTemplate":"https:\/\/colegioarquitectos.com\/noticias\/?s={search_term_string}"},"query-input":{"@type":"PropertyValueSpecification","valueRequired":true,"valueName":"search_term_string"}}],"inLanguage":"es"},{"@type":"Organization","@id":"https:\/\/colegioarquitectos.com\/noticias\/#organization","name":"COLEGIO DE ARQUITECTOS DE CHILE","url":"https:\/\/colegioarquitectos.com\/noticias\/","logo":{"@type":"ImageObject","inLanguage":"es","@id":"https:\/\/colegioarquitectos.com\/noticias\/#\/schema\/logo\/image\/","url":"https:\/\/colegioarquitectos.com\/noticias\/wp-content\/uploads\/2021\/05\/ENCABEZADO-LOGO-CA.jpg","contentUrl":"https:\/\/colegioarquitectos.com\/noticias\/wp-content\/uploads\/2021\/05\/ENCABEZADO-LOGO-CA.jpg","width":690,"height":350,"caption":"COLEGIO DE ARQUITECTOS DE CHILE"},"image":{"@id":"https:\/\/colegioarquitectos.com\/noticias\/#\/schema\/logo\/image\/"},"sameAs":["https:\/\/facebook.com\/Colegioarq\/","https:\/\/x.com\/colegioarq","https:\/\/instagram.com\/colegioarq","https:\/\/youtube.com\/@ColegiodeArquitectosdeChile"]},{"@type":"Person","@id":"https:\/\/colegioarquitectos.com\/noticias\/#\/schema\/person\/685cc0aad148303c5608f049af8285ad","name":"Colegio de Arquitectos de Chile","url":"https:\/\/colegioarquitectos.com\/noticias\/?author=4"}]}},"_links":{"self":[{"href":"https:\/\/colegioarquitectos.com\/noticias\/index.php?rest_route=\/wp\/v2\/posts\/10835","targetHints":{"allow":["GET"]}}],"collection":[{"href":"https:\/\/colegioarquitectos.com\/noticias\/index.php?rest_route=\/wp\/v2\/posts"}],"about":[{"href":"https:\/\/colegioarquitectos.com\/noticias\/index.php?rest_route=\/wp\/v2\/types\/post"}],"author":[{"embeddable":true,"href":"https:\/\/colegioarquitectos.com\/noticias\/index.php?rest_route=\/wp\/v2\/users\/4"}],"replies":[{"embeddable":true,"href":"https:\/\/colegioarquitectos.com\/noticias\/index.php?rest_route=%2Fwp%2Fv2%2Fcomments&post=10835"}],"version-history":[{"count":0,"href":"https:\/\/colegioarquitectos.com\/noticias\/index.php?rest_route=\/wp\/v2\/posts\/10835\/revisions"}],"wp:attachment":[{"href":"https:\/\/colegioarquitectos.com\/noticias\/index.php?rest_route=%2Fwp%2Fv2%2Fmedia&parent=10835"}],"wp:term":[{"taxonomy":"category","embeddable":true,"href":"https:\/\/colegioarquitectos.com\/noticias\/index.php?rest_route=%2Fwp%2Fv2%2Fcategories&post=10835"},{"taxonomy":"post_tag","embeddable":true,"href":"https:\/\/colegioarquitectos.com\/noticias\/index.php?rest_route=%2Fwp%2Fv2%2Ftags&post=10835"}],"curies":[{"name":"wp","href":"https:\/\/api.w.org\/{rel}","templated":true}]}}