
{"id":10860,"date":"2016-01-05T14:08:47","date_gmt":"2016-01-05T14:08:47","guid":{"rendered":"http:\/\/colegioarquitectos.com\/?p=10860"},"modified":"2016-01-05T14:16:04","modified_gmt":"2016-01-05T14:16:04","slug":"segundo-encuentro-nacional-de-teoria-e-historia-de-la-arquitectura","status":"publish","type":"post","link":"https:\/\/colegioarquitectos.com\/noticias\/?p=10860","title":{"rendered":"Segundo encuentro nacional de Teor\u00eda e Historia de la Arquitectura"},"content":{"rendered":"<p>Investigadores, docentes y estudiantes est\u00e1n invitados a participar, en forma gratuita, en el <strong>segundo encuentro nacional de Teor\u00eda e Historia de la Arquitectura \u00abEspesores de lo actual: pr\u00e1cticas y debates para la Teor\u00eda y la Historia de la Arquitectura\u00bb<\/strong>, que se desarrollar\u00e1 los d\u00edas jueves 7 y viernes 8 de enero de 2016.<\/p>\n<p>El evento es organizado por las escuelas de Arquitectura de las universidades Central de Chile (UCEN), Cat\u00f3lica del Norte (UCN), del B\u00edo-B\u00edo (UBB), de Chile (U. Chile) y de Santiago (USACH), para reflexionar en torno a pensar los espesores de \u00ablo actual\u00bb, as\u00ed a los desaf\u00edos y las perspectivas de la Teor\u00eda e Historia de la Arquitectura.<\/p>\n<p>El encuentro abordar\u00e1 tres \u00e1reas tem\u00e1ticas, que son \u00abEspesor acad\u00e9mico la teor\u00eda y la historia en la ense\u00f1anza del dise\u00f1o arquitect\u00f3nico\u00bb, \u00abEspesor discursivo: fronteras de la teor\u00eda y la historia de la arquitectura en el debate multidisciplinar\u00bb y\u00a0 \u00abEspesor contextual: perspectivas latinoamericanas para la Teor\u00eda y la Historia de la Arquitectura\u00bb.<\/p>\n<p>Para ello, se contar\u00e1 con las exposiciones de 22 expositores provenientes de distintas universidades del pa\u00eds, nueve de los cuales van en representaci\u00f3n de la Facultad de Arquitectura, Urbanismo y Paisaje de la UCEN.<\/p>\n<p>Asimismo, el profesor del Departamento de Teor\u00eda en Literatura de la Universidad de Chile, Doctor en Literatura Sergio Rojas, ofrecer\u00e1 la clase magistral \u00abContemporaneidad: habitar en las redes\u00bb.<\/p>\n<p>Para los interesados en asistir, la inauguraci\u00f3n y las exposiciones del jueves 7 de enero se efectuar\u00e1n, a partir de las 09:00 horas, en el Sal\u00f3n de Honor de la USACH, mientras que la jornada programada para el viernes 8 de enero, tendr\u00e1 lugar en el Auditorio de Matem\u00e1ticas de esta misma universidad. La direcci\u00f3n es avenida Libertador Bernardo O&#8217;Higgins N\u00b0 3677. Metro Estaci\u00f3n Central, Santiago.<\/p>\n<p>&nbsp;<\/p>\n<p>M\u00e1s informaciones a\u00a0<a href=\"mailto:encuentronacionalth@ucentral.cl\">encuentronacionalth@ucentral.cl<\/a><\/p>\n<p><a href=\"http:\/\/www.ucentral.cl\/formulario-inscripcion-segundo-encuentro-nacional-teoria-e-historia\/prontus_ucentral2012\/2015-11-27\/172610.html\">Inscripciones en el siguiente link\u00a0<\/a><\/p>\n<p><a href=\"http:\/\/boletin-faup.ucentral.cl\/programa_segundo_encuentro_teoria_historia_dic_2015.pdf\">Ver detalles del programa<\/a><\/p>\n<p>&nbsp;<\/p>\n<p><a href=\"http:\/\/colegioarquitectos.com\/noticias\/wp-content\/uploads\/2016\/01\/teor\u00eda-e-historia.jpg\"><img loading=\"lazy\" decoding=\"async\" class=\"alignnone wp-image-10861 size-large\" src=\"http:\/\/colegioarquitectos.com\/noticias\/wp-content\/uploads\/2016\/01\/teor\u00eda-e-historia-704x1024.jpg\" alt=\"teor\u00eda e historia\" width=\"690\" height=\"1004\" srcset=\"https:\/\/colegioarquitectos.com\/noticias\/wp-content\/uploads\/2016\/01\/teor\u00eda-e-historia-704x1024.jpg 704w, https:\/\/colegioarquitectos.com\/noticias\/wp-content\/uploads\/2016\/01\/teor\u00eda-e-historia-206x300.jpg 206w, https:\/\/colegioarquitectos.com\/noticias\/wp-content\/uploads\/2016\/01\/teor\u00eda-e-historia.jpg 800w\" sizes=\"auto, (max-width: 690px) 100vw, 690px\" \/><\/a><\/p>\n<p>&nbsp;<\/p>\n<p>&nbsp;<\/p>\n<p>&nbsp;<\/p>\n<p><\/p>","protected":false},"excerpt":{"rendered":"<p>Investigadores, docentes y estudiantes est\u00e1n invitados a participar, en forma gratuita, en el segundo encuentro nacional de Teor\u00eda e Historia de la Arquitectura \u00abEspesores de lo actual: pr\u00e1cticas y debates para la Teor\u00eda y la Historia de la Arquitectura\u00bb, que &hellip; <a class=\"more-link\" href=\"https:\/\/colegioarquitectos.com\/noticias\/?p=10860\">ver m\u00e1s<\/a><\/p>","protected":false},"author":4,"featured_media":10863,"comment_status":"open","ping_status":"open","sticky":false,"template":"","format":"standard","meta":{"footnotes":""},"categories":[35],"tags":[],"class_list":["post-10860","post","type-post","status-publish","format-standard","has-post-thumbnail","hentry","category-universidades"],"yoast_head":"<!-- This site is optimized with the Yoast SEO plugin v24.2 - https:\/\/yoast.com\/wordpress\/plugins\/seo\/ -->\n<title>Segundo encuentro nacional de Teor\u00eda e Historia de la Arquitectura - COLEGIO DE ARQUITECTOS DE CHILE<\/title>\n<meta name=\"robots\" content=\"index, follow, max-snippet:-1, max-image-preview:large, max-video-preview:-1\" \/>\n<link rel=\"canonical\" href=\"https:\/\/colegioarquitectos.com\/noticias\/?p=10860\" \/>\n<meta property=\"og:locale\" content=\"es_ES\" \/>\n<meta property=\"og:type\" content=\"article\" \/>\n<meta property=\"og:title\" content=\"Segundo encuentro nacional de Teor\u00eda e Historia de la Arquitectura - COLEGIO DE ARQUITECTOS DE CHILE\" \/>\n<meta property=\"og:description\" content=\"Investigadores, docentes y estudiantes est\u00e1n invitados a participar, en forma gratuita, en el segundo encuentro nacional de Teor\u00eda e Historia de la Arquitectura \u00abEspesores de lo actual: pr\u00e1cticas y debates para la Teor\u00eda y la Historia de la Arquitectura\u00bb, que &hellip; ver m\u00e1s\" \/>\n<meta property=\"og:url\" content=\"https:\/\/colegioarquitectos.com\/noticias\/?p=10860\" \/>\n<meta property=\"og:site_name\" content=\"COLEGIO DE ARQUITECTOS DE CHILE\" \/>\n<meta property=\"article:publisher\" content=\"https:\/\/facebook.com\/Colegioarq\/\" \/>\n<meta property=\"article:published_time\" content=\"2016-01-05T14:08:47+00:00\" \/>\n<meta property=\"article:modified_time\" content=\"2016-01-05T14:16:04+00:00\" \/>\n<meta property=\"og:image\" content=\"https:\/\/colegioarquitectos.com\/noticias\/wp-content\/uploads\/2016\/01\/2do-Encuentro.jpg\" \/>\n\t<meta property=\"og:image:width\" content=\"690\" \/>\n\t<meta property=\"og:image:height\" content=\"350\" \/>\n\t<meta property=\"og:image:type\" content=\"image\/jpeg\" \/>\n<meta name=\"author\" content=\"Colegio de Arquitectos de Chile\" \/>\n<meta name=\"twitter:card\" content=\"summary_large_image\" \/>\n<meta name=\"twitter:creator\" content=\"@colegioarq\" \/>\n<meta name=\"twitter:site\" content=\"@colegioarq\" \/>\n<meta name=\"twitter:label1\" content=\"Escrito por\" \/>\n\t<meta name=\"twitter:data1\" content=\"Colegio de Arquitectos de Chile\" \/>\n\t<meta name=\"twitter:label2\" content=\"Tiempo de lectura\" \/>\n\t<meta name=\"twitter:data2\" content=\"2 minutos\" \/>\n<script type=\"application\/ld+json\" class=\"yoast-schema-graph\">{\"@context\":\"https:\/\/schema.org\",\"@graph\":[{\"@type\":\"Article\",\"@id\":\"https:\/\/colegioarquitectos.com\/noticias\/?p=10860#article\",\"isPartOf\":{\"@id\":\"https:\/\/colegioarquitectos.com\/noticias\/?p=10860\"},\"author\":{\"name\":\"Colegio de Arquitectos de Chile\",\"@id\":\"https:\/\/colegioarquitectos.com\/noticias\/#\/schema\/person\/685cc0aad148303c5608f049af8285ad\"},\"headline\":\"Segundo encuentro nacional de Teor\u00eda e Historia de la Arquitectura\",\"datePublished\":\"2016-01-05T14:08:47+00:00\",\"dateModified\":\"2016-01-05T14:16:04+00:00\",\"mainEntityOfPage\":{\"@id\":\"https:\/\/colegioarquitectos.com\/noticias\/?p=10860\"},\"wordCount\":341,\"commentCount\":0,\"publisher\":{\"@id\":\"https:\/\/colegioarquitectos.com\/noticias\/#organization\"},\"image\":{\"@id\":\"https:\/\/colegioarquitectos.com\/noticias\/?p=10860#primaryimage\"},\"thumbnailUrl\":\"https:\/\/colegioarquitectos.com\/noticias\/wp-content\/uploads\/2016\/01\/2do-Encuentro.jpg\",\"articleSection\":[\"Universidades\"],\"inLanguage\":\"es\",\"potentialAction\":[{\"@type\":\"CommentAction\",\"name\":\"Comment\",\"target\":[\"https:\/\/colegioarquitectos.com\/noticias\/?p=10860#respond\"]}]},{\"@type\":\"WebPage\",\"@id\":\"https:\/\/colegioarquitectos.com\/noticias\/?p=10860\",\"url\":\"https:\/\/colegioarquitectos.com\/noticias\/?p=10860\",\"name\":\"Segundo encuentro nacional de Teor\u00eda e Historia de la Arquitectura - COLEGIO DE ARQUITECTOS DE CHILE\",\"isPartOf\":{\"@id\":\"https:\/\/colegioarquitectos.com\/noticias\/#website\"},\"primaryImageOfPage\":{\"@id\":\"https:\/\/colegioarquitectos.com\/noticias\/?p=10860#primaryimage\"},\"image\":{\"@id\":\"https:\/\/colegioarquitectos.com\/noticias\/?p=10860#primaryimage\"},\"thumbnailUrl\":\"https:\/\/colegioarquitectos.com\/noticias\/wp-content\/uploads\/2016\/01\/2do-Encuentro.jpg\",\"datePublished\":\"2016-01-05T14:08:47+00:00\",\"dateModified\":\"2016-01-05T14:16:04+00:00\",\"breadcrumb\":{\"@id\":\"https:\/\/colegioarquitectos.com\/noticias\/?p=10860#breadcrumb\"},\"inLanguage\":\"es\",\"potentialAction\":[{\"@type\":\"ReadAction\",\"target\":[\"https:\/\/colegioarquitectos.com\/noticias\/?p=10860\"]}]},{\"@type\":\"ImageObject\",\"inLanguage\":\"es\",\"@id\":\"https:\/\/colegioarquitectos.com\/noticias\/?p=10860#primaryimage\",\"url\":\"https:\/\/colegioarquitectos.com\/noticias\/wp-content\/uploads\/2016\/01\/2do-Encuentro.jpg\",\"contentUrl\":\"https:\/\/colegioarquitectos.com\/noticias\/wp-content\/uploads\/2016\/01\/2do-Encuentro.jpg\",\"width\":690,\"height\":350},{\"@type\":\"BreadcrumbList\",\"@id\":\"https:\/\/colegioarquitectos.com\/noticias\/?p=10860#breadcrumb\",\"itemListElement\":[{\"@type\":\"ListItem\",\"position\":1,\"name\":\"Portada\",\"item\":\"https:\/\/colegioarquitectos.com\/noticias\"},{\"@type\":\"ListItem\",\"position\":2,\"name\":\"Segundo encuentro nacional de Teor\u00eda e Historia de la Arquitectura\"}]},{\"@type\":\"WebSite\",\"@id\":\"https:\/\/colegioarquitectos.com\/noticias\/#website\",\"url\":\"https:\/\/colegioarquitectos.com\/noticias\/\",\"name\":\"COLEGIO DE ARQUITECTOS DE CHILE\",\"description\":\"\",\"publisher\":{\"@id\":\"https:\/\/colegioarquitectos.com\/noticias\/#organization\"},\"potentialAction\":[{\"@type\":\"SearchAction\",\"target\":{\"@type\":\"EntryPoint\",\"urlTemplate\":\"https:\/\/colegioarquitectos.com\/noticias\/?s={search_term_string}\"},\"query-input\":{\"@type\":\"PropertyValueSpecification\",\"valueRequired\":true,\"valueName\":\"search_term_string\"}}],\"inLanguage\":\"es\"},{\"@type\":\"Organization\",\"@id\":\"https:\/\/colegioarquitectos.com\/noticias\/#organization\",\"name\":\"COLEGIO DE ARQUITECTOS DE CHILE\",\"url\":\"https:\/\/colegioarquitectos.com\/noticias\/\",\"logo\":{\"@type\":\"ImageObject\",\"inLanguage\":\"es\",\"@id\":\"https:\/\/colegioarquitectos.com\/noticias\/#\/schema\/logo\/image\/\",\"url\":\"https:\/\/colegioarquitectos.com\/noticias\/wp-content\/uploads\/2021\/05\/ENCABEZADO-LOGO-CA.jpg\",\"contentUrl\":\"https:\/\/colegioarquitectos.com\/noticias\/wp-content\/uploads\/2021\/05\/ENCABEZADO-LOGO-CA.jpg\",\"width\":690,\"height\":350,\"caption\":\"COLEGIO DE ARQUITECTOS DE CHILE\"},\"image\":{\"@id\":\"https:\/\/colegioarquitectos.com\/noticias\/#\/schema\/logo\/image\/\"},\"sameAs\":[\"https:\/\/facebook.com\/Colegioarq\/\",\"https:\/\/x.com\/colegioarq\",\"https:\/\/instagram.com\/colegioarq\",\"https:\/\/youtube.com\/@ColegiodeArquitectosdeChile\"]},{\"@type\":\"Person\",\"@id\":\"https:\/\/colegioarquitectos.com\/noticias\/#\/schema\/person\/685cc0aad148303c5608f049af8285ad\",\"name\":\"Colegio de Arquitectos de Chile\",\"url\":\"https:\/\/colegioarquitectos.com\/noticias\/?author=4\"}]}<\/script>\n<!-- \/ Yoast SEO plugin. -->","yoast_head_json":{"title":"Segundo encuentro nacional de Teor\u00eda e Historia de la Arquitectura - COLEGIO DE ARQUITECTOS DE CHILE","robots":{"index":"index","follow":"follow","max-snippet":"max-snippet:-1","max-image-preview":"max-image-preview:large","max-video-preview":"max-video-preview:-1"},"canonical":"https:\/\/colegioarquitectos.com\/noticias\/?p=10860","og_locale":"es_ES","og_type":"article","og_title":"Segundo encuentro nacional de Teor\u00eda e Historia de la Arquitectura - COLEGIO DE ARQUITECTOS DE CHILE","og_description":"Investigadores, docentes y estudiantes est\u00e1n invitados a participar, en forma gratuita, en el segundo encuentro nacional de Teor\u00eda e Historia de la Arquitectura \u00abEspesores de lo actual: pr\u00e1cticas y debates para la Teor\u00eda y la Historia de la Arquitectura\u00bb, que &hellip; ver m\u00e1s","og_url":"https:\/\/colegioarquitectos.com\/noticias\/?p=10860","og_site_name":"COLEGIO DE ARQUITECTOS DE CHILE","article_publisher":"https:\/\/facebook.com\/Colegioarq\/","article_published_time":"2016-01-05T14:08:47+00:00","article_modified_time":"2016-01-05T14:16:04+00:00","og_image":[{"width":690,"height":350,"url":"https:\/\/colegioarquitectos.com\/noticias\/wp-content\/uploads\/2016\/01\/2do-Encuentro.jpg","type":"image\/jpeg"}],"author":"Colegio de Arquitectos de Chile","twitter_card":"summary_large_image","twitter_creator":"@colegioarq","twitter_site":"@colegioarq","twitter_misc":{"Escrito por":"Colegio de Arquitectos de Chile","Tiempo de lectura":"2 minutos"},"schema":{"@context":"https:\/\/schema.org","@graph":[{"@type":"Article","@id":"https:\/\/colegioarquitectos.com\/noticias\/?p=10860#article","isPartOf":{"@id":"https:\/\/colegioarquitectos.com\/noticias\/?p=10860"},"author":{"name":"Colegio de Arquitectos de Chile","@id":"https:\/\/colegioarquitectos.com\/noticias\/#\/schema\/person\/685cc0aad148303c5608f049af8285ad"},"headline":"Segundo encuentro nacional de Teor\u00eda e Historia de la Arquitectura","datePublished":"2016-01-05T14:08:47+00:00","dateModified":"2016-01-05T14:16:04+00:00","mainEntityOfPage":{"@id":"https:\/\/colegioarquitectos.com\/noticias\/?p=10860"},"wordCount":341,"commentCount":0,"publisher":{"@id":"https:\/\/colegioarquitectos.com\/noticias\/#organization"},"image":{"@id":"https:\/\/colegioarquitectos.com\/noticias\/?p=10860#primaryimage"},"thumbnailUrl":"https:\/\/colegioarquitectos.com\/noticias\/wp-content\/uploads\/2016\/01\/2do-Encuentro.jpg","articleSection":["Universidades"],"inLanguage":"es","potentialAction":[{"@type":"CommentAction","name":"Comment","target":["https:\/\/colegioarquitectos.com\/noticias\/?p=10860#respond"]}]},{"@type":"WebPage","@id":"https:\/\/colegioarquitectos.com\/noticias\/?p=10860","url":"https:\/\/colegioarquitectos.com\/noticias\/?p=10860","name":"Segundo encuentro nacional de Teor\u00eda e Historia de la Arquitectura - COLEGIO DE ARQUITECTOS DE CHILE","isPartOf":{"@id":"https:\/\/colegioarquitectos.com\/noticias\/#website"},"primaryImageOfPage":{"@id":"https:\/\/colegioarquitectos.com\/noticias\/?p=10860#primaryimage"},"image":{"@id":"https:\/\/colegioarquitectos.com\/noticias\/?p=10860#primaryimage"},"thumbnailUrl":"https:\/\/colegioarquitectos.com\/noticias\/wp-content\/uploads\/2016\/01\/2do-Encuentro.jpg","datePublished":"2016-01-05T14:08:47+00:00","dateModified":"2016-01-05T14:16:04+00:00","breadcrumb":{"@id":"https:\/\/colegioarquitectos.com\/noticias\/?p=10860#breadcrumb"},"inLanguage":"es","potentialAction":[{"@type":"ReadAction","target":["https:\/\/colegioarquitectos.com\/noticias\/?p=10860"]}]},{"@type":"ImageObject","inLanguage":"es","@id":"https:\/\/colegioarquitectos.com\/noticias\/?p=10860#primaryimage","url":"https:\/\/colegioarquitectos.com\/noticias\/wp-content\/uploads\/2016\/01\/2do-Encuentro.jpg","contentUrl":"https:\/\/colegioarquitectos.com\/noticias\/wp-content\/uploads\/2016\/01\/2do-Encuentro.jpg","width":690,"height":350},{"@type":"BreadcrumbList","@id":"https:\/\/colegioarquitectos.com\/noticias\/?p=10860#breadcrumb","itemListElement":[{"@type":"ListItem","position":1,"name":"Portada","item":"https:\/\/colegioarquitectos.com\/noticias"},{"@type":"ListItem","position":2,"name":"Segundo encuentro nacional de Teor\u00eda e Historia de la Arquitectura"}]},{"@type":"WebSite","@id":"https:\/\/colegioarquitectos.com\/noticias\/#website","url":"https:\/\/colegioarquitectos.com\/noticias\/","name":"COLEGIO DE ARQUITECTOS DE CHILE","description":"","publisher":{"@id":"https:\/\/colegioarquitectos.com\/noticias\/#organization"},"potentialAction":[{"@type":"SearchAction","target":{"@type":"EntryPoint","urlTemplate":"https:\/\/colegioarquitectos.com\/noticias\/?s={search_term_string}"},"query-input":{"@type":"PropertyValueSpecification","valueRequired":true,"valueName":"search_term_string"}}],"inLanguage":"es"},{"@type":"Organization","@id":"https:\/\/colegioarquitectos.com\/noticias\/#organization","name":"COLEGIO DE ARQUITECTOS DE CHILE","url":"https:\/\/colegioarquitectos.com\/noticias\/","logo":{"@type":"ImageObject","inLanguage":"es","@id":"https:\/\/colegioarquitectos.com\/noticias\/#\/schema\/logo\/image\/","url":"https:\/\/colegioarquitectos.com\/noticias\/wp-content\/uploads\/2021\/05\/ENCABEZADO-LOGO-CA.jpg","contentUrl":"https:\/\/colegioarquitectos.com\/noticias\/wp-content\/uploads\/2021\/05\/ENCABEZADO-LOGO-CA.jpg","width":690,"height":350,"caption":"COLEGIO DE ARQUITECTOS DE CHILE"},"image":{"@id":"https:\/\/colegioarquitectos.com\/noticias\/#\/schema\/logo\/image\/"},"sameAs":["https:\/\/facebook.com\/Colegioarq\/","https:\/\/x.com\/colegioarq","https:\/\/instagram.com\/colegioarq","https:\/\/youtube.com\/@ColegiodeArquitectosdeChile"]},{"@type":"Person","@id":"https:\/\/colegioarquitectos.com\/noticias\/#\/schema\/person\/685cc0aad148303c5608f049af8285ad","name":"Colegio de Arquitectos de Chile","url":"https:\/\/colegioarquitectos.com\/noticias\/?author=4"}]}},"_links":{"self":[{"href":"https:\/\/colegioarquitectos.com\/noticias\/index.php?rest_route=\/wp\/v2\/posts\/10860","targetHints":{"allow":["GET"]}}],"collection":[{"href":"https:\/\/colegioarquitectos.com\/noticias\/index.php?rest_route=\/wp\/v2\/posts"}],"about":[{"href":"https:\/\/colegioarquitectos.com\/noticias\/index.php?rest_route=\/wp\/v2\/types\/post"}],"author":[{"embeddable":true,"href":"https:\/\/colegioarquitectos.com\/noticias\/index.php?rest_route=\/wp\/v2\/users\/4"}],"replies":[{"embeddable":true,"href":"https:\/\/colegioarquitectos.com\/noticias\/index.php?rest_route=%2Fwp%2Fv2%2Fcomments&post=10860"}],"version-history":[{"count":0,"href":"https:\/\/colegioarquitectos.com\/noticias\/index.php?rest_route=\/wp\/v2\/posts\/10860\/revisions"}],"wp:featuredmedia":[{"embeddable":true,"href":"https:\/\/colegioarquitectos.com\/noticias\/index.php?rest_route=\/wp\/v2\/media\/10863"}],"wp:attachment":[{"href":"https:\/\/colegioarquitectos.com\/noticias\/index.php?rest_route=%2Fwp%2Fv2%2Fmedia&parent=10860"}],"wp:term":[{"taxonomy":"category","embeddable":true,"href":"https:\/\/colegioarquitectos.com\/noticias\/index.php?rest_route=%2Fwp%2Fv2%2Fcategories&post=10860"},{"taxonomy":"post_tag","embeddable":true,"href":"https:\/\/colegioarquitectos.com\/noticias\/index.php?rest_route=%2Fwp%2Fv2%2Ftags&post=10860"}],"curies":[{"name":"wp","href":"https:\/\/api.w.org\/{rel}","templated":true}]}}