
{"id":11005,"date":"2016-01-11T09:00:23","date_gmt":"2016-01-11T09:00:23","guid":{"rendered":"http:\/\/colegioarquitectos.com\/?p=11005"},"modified":"2016-01-12T13:35:12","modified_gmt":"2016-01-12T13:35:12","slug":"seminario-santiago-1939-1989-karl-brunner-y-la-idea-de-ciudad-moderna","status":"publish","type":"post","link":"https:\/\/colegioarquitectos.com\/noticias\/?p=11005","title":{"rendered":"SEMINARIO | Santiago 1939-1989: Karl Brunner y la idea de Ciudad Moderna"},"content":{"rendered":"<p>La Pontificia Universidad Cat\u00f3lica invita\u00a0al Encuentro de Cooperaci\u00f3n Internacional \u00abSeminario Santiago 1939-1989: Karl Brunner y la idea de Ciudad Moderna\u00bb a realizarse los d\u00edas 12, 13 y 14 de enero, en Sal\u00f3n Sergio Larra\u00edn, El Comendador 1916, Campus Lo Contador.<\/p>\n<p>Horarios: martes y mi\u00e9rcoles de 15:00 a 19:00 hrs. Jueves de 18:00 a 20:00 hrs.<\/p>\n<p>Este encuentro se realiza en el marco del Proyecto Fondecyt n\u00b01141084 \u00abSantiago 1939. La idea de \u00abciudad moderna\u201d de Karl Brunner y El Plano Oficial de Urbanizaci\u00f3n de Santiago en sus 50 a\u00f1os de vigencia\u00bb. Rosas, Bannen, Hidalgo, Strabucchi.<\/p>\n<p>El horizonte que este Seminario propone y debate se realizar\u00e1 en torno a la participaci\u00f3n de Karl Brunner en la ideaci\u00f3n, formulaci\u00f3n y puesta en pr\u00e1ctica del primer Plano Regulador de Santiago, y la continuidad que le da a este encargo el arquitecto chileno Roberto Humeres. En otras palabras, interesa saber cu\u00e1nto de la ciudad moderna discutida y proyectada por Karl Brunner y desarrollada por Roberto Humeres est\u00e1 contenido en la ciudad actual.<\/p>\n<p>Para ello, se plantea el estudio de las propuestas de tres fuentes primarias fundamentales: el Anteproyecto de Plano Regulador de 1934, realizado por el urbanista vien\u00e9s; el Plano Oficial de Urbanizaci\u00f3n de la Comuna de Santiago de 1939, desarrollado y firmado por Roberto Humeres; y las modificaciones de \u00e9ste que se prolongaron entre los a\u00f1os 1939 y 1989, periodo en el cual tuvo vigencia el Plano Oficial hasta su derogaci\u00f3n.<\/p>\n<p>El seminario se estructurar\u00e1 en dos jornadas de presentaciones tem\u00e1ticas por parte del equipo de investigaci\u00f3n del proyecto Fondecyt y una jornada de conferencias por parte de destacados invitados internacionales, profesores Josep Parcerisa (ETSAB-LUB), Carles Crosas (ETSAB-LUB), y v\u00eda videoconferencia, Andreas Hofer (UTV).<\/p>\n<p><a href=\"http:\/\/www.estudiosurbanos.uc.cl\/images\/noticias-actividades\/2016\/Enero_2016\/Programa_Seminario_Enero_2016_final.pdf\">Ver programa aqu\u00ed<\/a><\/p>\n<p>&nbsp;<\/p>\n<p><a href=\"http:\/\/colegioarquitectos.com\/noticias\/wp-content\/uploads\/2016\/01\/Afiche-Seminario-Enero-2016_final.jpg\"><img loading=\"lazy\" decoding=\"async\" class=\"alignnone wp-image-11007 size-full\" src=\"http:\/\/colegioarquitectos.com\/noticias\/wp-content\/uploads\/2016\/01\/Afiche-Seminario-Enero-2016_final.jpg\" alt=\"Afiche-Seminario-Enero-2016_final\" width=\"650\" height=\"1005\" srcset=\"https:\/\/colegioarquitectos.com\/noticias\/wp-content\/uploads\/2016\/01\/Afiche-Seminario-Enero-2016_final.jpg 650w, https:\/\/colegioarquitectos.com\/noticias\/wp-content\/uploads\/2016\/01\/Afiche-Seminario-Enero-2016_final-194x300.jpg 194w\" sizes=\"auto, (max-width: 650px) 100vw, 650px\" \/><\/a><\/p>\n<p><\/p>","protected":false},"excerpt":{"rendered":"<p>La Pontificia Universidad Cat\u00f3lica invita\u00a0al Encuentro de Cooperaci\u00f3n Internacional \u00abSeminario Santiago 1939-1989: Karl Brunner y la idea de Ciudad Moderna\u00bb a realizarse los d\u00edas 12, 13 y 14 de enero, en Sal\u00f3n Sergio Larra\u00edn, El Comendador 1916, Campus Lo Contador. &hellip; <a class=\"more-link\" href=\"https:\/\/colegioarquitectos.com\/noticias\/?p=11005\">ver m\u00e1s<\/a><\/p>","protected":false},"author":4,"featured_media":11006,"comment_status":"open","ping_status":"open","sticky":false,"template":"","format":"standard","meta":{"footnotes":""},"categories":[35],"tags":[],"class_list":["post-11005","post","type-post","status-publish","format-standard","has-post-thumbnail","hentry","category-universidades"],"yoast_head":"<!-- This site is optimized with the Yoast SEO plugin v24.2 - https:\/\/yoast.com\/wordpress\/plugins\/seo\/ -->\n<title>SEMINARIO | Santiago 1939-1989: Karl Brunner y la idea de Ciudad Moderna - COLEGIO DE ARQUITECTOS DE CHILE<\/title>\n<meta name=\"robots\" content=\"index, follow, max-snippet:-1, max-image-preview:large, max-video-preview:-1\" \/>\n<link rel=\"canonical\" href=\"https:\/\/colegioarquitectos.com\/noticias\/?p=11005\" \/>\n<meta property=\"og:locale\" content=\"es_ES\" \/>\n<meta property=\"og:type\" content=\"article\" \/>\n<meta property=\"og:title\" content=\"SEMINARIO | Santiago 1939-1989: Karl Brunner y la idea de Ciudad Moderna - COLEGIO DE ARQUITECTOS DE CHILE\" \/>\n<meta property=\"og:description\" content=\"La Pontificia Universidad Cat\u00f3lica invita\u00a0al Encuentro de Cooperaci\u00f3n Internacional \u00abSeminario Santiago 1939-1989: Karl Brunner y la idea de Ciudad Moderna\u00bb a realizarse los d\u00edas 12, 13 y 14 de enero, en Sal\u00f3n Sergio Larra\u00edn, El Comendador 1916, Campus Lo Contador. &hellip; ver m\u00e1s\" \/>\n<meta property=\"og:url\" content=\"https:\/\/colegioarquitectos.com\/noticias\/?p=11005\" \/>\n<meta property=\"og:site_name\" content=\"COLEGIO DE ARQUITECTOS DE CHILE\" \/>\n<meta property=\"article:publisher\" content=\"https:\/\/facebook.com\/Colegioarq\/\" \/>\n<meta property=\"article:published_time\" content=\"2016-01-11T09:00:23+00:00\" \/>\n<meta property=\"article:modified_time\" content=\"2016-01-12T13:35:12+00:00\" \/>\n<meta property=\"og:image\" content=\"https:\/\/colegioarquitectos.com\/noticias\/wp-content\/uploads\/2016\/01\/Seminario-Karl-Brunner.jpg\" \/>\n\t<meta property=\"og:image:width\" content=\"690\" \/>\n\t<meta property=\"og:image:height\" content=\"350\" \/>\n\t<meta property=\"og:image:type\" content=\"image\/jpeg\" \/>\n<meta name=\"author\" content=\"Colegio de Arquitectos de Chile\" \/>\n<meta name=\"twitter:card\" content=\"summary_large_image\" \/>\n<meta name=\"twitter:creator\" content=\"@colegioarq\" \/>\n<meta name=\"twitter:site\" content=\"@colegioarq\" \/>\n<meta name=\"twitter:label1\" content=\"Escrito por\" \/>\n\t<meta name=\"twitter:data1\" content=\"Colegio de Arquitectos de Chile\" \/>\n\t<meta name=\"twitter:label2\" content=\"Tiempo de lectura\" \/>\n\t<meta name=\"twitter:data2\" content=\"1 minuto\" \/>\n<script type=\"application\/ld+json\" class=\"yoast-schema-graph\">{\"@context\":\"https:\/\/schema.org\",\"@graph\":[{\"@type\":\"Article\",\"@id\":\"https:\/\/colegioarquitectos.com\/noticias\/?p=11005#article\",\"isPartOf\":{\"@id\":\"https:\/\/colegioarquitectos.com\/noticias\/?p=11005\"},\"author\":{\"name\":\"Colegio de Arquitectos de Chile\",\"@id\":\"https:\/\/colegioarquitectos.com\/noticias\/#\/schema\/person\/685cc0aad148303c5608f049af8285ad\"},\"headline\":\"SEMINARIO | Santiago 1939-1989: Karl Brunner y la idea de Ciudad Moderna\",\"datePublished\":\"2016-01-11T09:00:23+00:00\",\"dateModified\":\"2016-01-12T13:35:12+00:00\",\"mainEntityOfPage\":{\"@id\":\"https:\/\/colegioarquitectos.com\/noticias\/?p=11005\"},\"wordCount\":302,\"commentCount\":1,\"publisher\":{\"@id\":\"https:\/\/colegioarquitectos.com\/noticias\/#organization\"},\"image\":{\"@id\":\"https:\/\/colegioarquitectos.com\/noticias\/?p=11005#primaryimage\"},\"thumbnailUrl\":\"https:\/\/colegioarquitectos.com\/noticias\/wp-content\/uploads\/2016\/01\/Seminario-Karl-Brunner.jpg\",\"articleSection\":[\"Universidades\"],\"inLanguage\":\"es\",\"potentialAction\":[{\"@type\":\"CommentAction\",\"name\":\"Comment\",\"target\":[\"https:\/\/colegioarquitectos.com\/noticias\/?p=11005#respond\"]}]},{\"@type\":\"WebPage\",\"@id\":\"https:\/\/colegioarquitectos.com\/noticias\/?p=11005\",\"url\":\"https:\/\/colegioarquitectos.com\/noticias\/?p=11005\",\"name\":\"SEMINARIO | Santiago 1939-1989: Karl Brunner y la idea de Ciudad Moderna - COLEGIO DE ARQUITECTOS DE CHILE\",\"isPartOf\":{\"@id\":\"https:\/\/colegioarquitectos.com\/noticias\/#website\"},\"primaryImageOfPage\":{\"@id\":\"https:\/\/colegioarquitectos.com\/noticias\/?p=11005#primaryimage\"},\"image\":{\"@id\":\"https:\/\/colegioarquitectos.com\/noticias\/?p=11005#primaryimage\"},\"thumbnailUrl\":\"https:\/\/colegioarquitectos.com\/noticias\/wp-content\/uploads\/2016\/01\/Seminario-Karl-Brunner.jpg\",\"datePublished\":\"2016-01-11T09:00:23+00:00\",\"dateModified\":\"2016-01-12T13:35:12+00:00\",\"breadcrumb\":{\"@id\":\"https:\/\/colegioarquitectos.com\/noticias\/?p=11005#breadcrumb\"},\"inLanguage\":\"es\",\"potentialAction\":[{\"@type\":\"ReadAction\",\"target\":[\"https:\/\/colegioarquitectos.com\/noticias\/?p=11005\"]}]},{\"@type\":\"ImageObject\",\"inLanguage\":\"es\",\"@id\":\"https:\/\/colegioarquitectos.com\/noticias\/?p=11005#primaryimage\",\"url\":\"https:\/\/colegioarquitectos.com\/noticias\/wp-content\/uploads\/2016\/01\/Seminario-Karl-Brunner.jpg\",\"contentUrl\":\"https:\/\/colegioarquitectos.com\/noticias\/wp-content\/uploads\/2016\/01\/Seminario-Karl-Brunner.jpg\",\"width\":690,\"height\":350},{\"@type\":\"BreadcrumbList\",\"@id\":\"https:\/\/colegioarquitectos.com\/noticias\/?p=11005#breadcrumb\",\"itemListElement\":[{\"@type\":\"ListItem\",\"position\":1,\"name\":\"Portada\",\"item\":\"https:\/\/colegioarquitectos.com\/noticias\"},{\"@type\":\"ListItem\",\"position\":2,\"name\":\"SEMINARIO | Santiago 1939-1989: Karl Brunner y la idea de Ciudad Moderna\"}]},{\"@type\":\"WebSite\",\"@id\":\"https:\/\/colegioarquitectos.com\/noticias\/#website\",\"url\":\"https:\/\/colegioarquitectos.com\/noticias\/\",\"name\":\"COLEGIO DE ARQUITECTOS DE CHILE\",\"description\":\"\",\"publisher\":{\"@id\":\"https:\/\/colegioarquitectos.com\/noticias\/#organization\"},\"potentialAction\":[{\"@type\":\"SearchAction\",\"target\":{\"@type\":\"EntryPoint\",\"urlTemplate\":\"https:\/\/colegioarquitectos.com\/noticias\/?s={search_term_string}\"},\"query-input\":{\"@type\":\"PropertyValueSpecification\",\"valueRequired\":true,\"valueName\":\"search_term_string\"}}],\"inLanguage\":\"es\"},{\"@type\":\"Organization\",\"@id\":\"https:\/\/colegioarquitectos.com\/noticias\/#organization\",\"name\":\"COLEGIO DE ARQUITECTOS DE CHILE\",\"url\":\"https:\/\/colegioarquitectos.com\/noticias\/\",\"logo\":{\"@type\":\"ImageObject\",\"inLanguage\":\"es\",\"@id\":\"https:\/\/colegioarquitectos.com\/noticias\/#\/schema\/logo\/image\/\",\"url\":\"https:\/\/colegioarquitectos.com\/noticias\/wp-content\/uploads\/2021\/05\/ENCABEZADO-LOGO-CA.jpg\",\"contentUrl\":\"https:\/\/colegioarquitectos.com\/noticias\/wp-content\/uploads\/2021\/05\/ENCABEZADO-LOGO-CA.jpg\",\"width\":690,\"height\":350,\"caption\":\"COLEGIO DE ARQUITECTOS DE CHILE\"},\"image\":{\"@id\":\"https:\/\/colegioarquitectos.com\/noticias\/#\/schema\/logo\/image\/\"},\"sameAs\":[\"https:\/\/facebook.com\/Colegioarq\/\",\"https:\/\/x.com\/colegioarq\",\"https:\/\/instagram.com\/colegioarq\",\"https:\/\/youtube.com\/@ColegiodeArquitectosdeChile\"]},{\"@type\":\"Person\",\"@id\":\"https:\/\/colegioarquitectos.com\/noticias\/#\/schema\/person\/685cc0aad148303c5608f049af8285ad\",\"name\":\"Colegio de Arquitectos de Chile\",\"url\":\"https:\/\/colegioarquitectos.com\/noticias\/?author=4\"}]}<\/script>\n<!-- \/ Yoast SEO plugin. -->","yoast_head_json":{"title":"SEMINARIO | Santiago 1939-1989: Karl Brunner y la idea de Ciudad Moderna - COLEGIO DE ARQUITECTOS DE CHILE","robots":{"index":"index","follow":"follow","max-snippet":"max-snippet:-1","max-image-preview":"max-image-preview:large","max-video-preview":"max-video-preview:-1"},"canonical":"https:\/\/colegioarquitectos.com\/noticias\/?p=11005","og_locale":"es_ES","og_type":"article","og_title":"SEMINARIO | Santiago 1939-1989: Karl Brunner y la idea de Ciudad Moderna - COLEGIO DE ARQUITECTOS DE CHILE","og_description":"La Pontificia Universidad Cat\u00f3lica invita\u00a0al Encuentro de Cooperaci\u00f3n Internacional \u00abSeminario Santiago 1939-1989: Karl Brunner y la idea de Ciudad Moderna\u00bb a realizarse los d\u00edas 12, 13 y 14 de enero, en Sal\u00f3n Sergio Larra\u00edn, El Comendador 1916, Campus Lo Contador. &hellip; ver m\u00e1s","og_url":"https:\/\/colegioarquitectos.com\/noticias\/?p=11005","og_site_name":"COLEGIO DE ARQUITECTOS DE CHILE","article_publisher":"https:\/\/facebook.com\/Colegioarq\/","article_published_time":"2016-01-11T09:00:23+00:00","article_modified_time":"2016-01-12T13:35:12+00:00","og_image":[{"width":690,"height":350,"url":"https:\/\/colegioarquitectos.com\/noticias\/wp-content\/uploads\/2016\/01\/Seminario-Karl-Brunner.jpg","type":"image\/jpeg"}],"author":"Colegio de Arquitectos de Chile","twitter_card":"summary_large_image","twitter_creator":"@colegioarq","twitter_site":"@colegioarq","twitter_misc":{"Escrito por":"Colegio de Arquitectos de Chile","Tiempo de lectura":"1 minuto"},"schema":{"@context":"https:\/\/schema.org","@graph":[{"@type":"Article","@id":"https:\/\/colegioarquitectos.com\/noticias\/?p=11005#article","isPartOf":{"@id":"https:\/\/colegioarquitectos.com\/noticias\/?p=11005"},"author":{"name":"Colegio de Arquitectos de Chile","@id":"https:\/\/colegioarquitectos.com\/noticias\/#\/schema\/person\/685cc0aad148303c5608f049af8285ad"},"headline":"SEMINARIO | Santiago 1939-1989: Karl Brunner y la idea de Ciudad Moderna","datePublished":"2016-01-11T09:00:23+00:00","dateModified":"2016-01-12T13:35:12+00:00","mainEntityOfPage":{"@id":"https:\/\/colegioarquitectos.com\/noticias\/?p=11005"},"wordCount":302,"commentCount":1,"publisher":{"@id":"https:\/\/colegioarquitectos.com\/noticias\/#organization"},"image":{"@id":"https:\/\/colegioarquitectos.com\/noticias\/?p=11005#primaryimage"},"thumbnailUrl":"https:\/\/colegioarquitectos.com\/noticias\/wp-content\/uploads\/2016\/01\/Seminario-Karl-Brunner.jpg","articleSection":["Universidades"],"inLanguage":"es","potentialAction":[{"@type":"CommentAction","name":"Comment","target":["https:\/\/colegioarquitectos.com\/noticias\/?p=11005#respond"]}]},{"@type":"WebPage","@id":"https:\/\/colegioarquitectos.com\/noticias\/?p=11005","url":"https:\/\/colegioarquitectos.com\/noticias\/?p=11005","name":"SEMINARIO | Santiago 1939-1989: Karl Brunner y la idea de Ciudad Moderna - COLEGIO DE ARQUITECTOS DE CHILE","isPartOf":{"@id":"https:\/\/colegioarquitectos.com\/noticias\/#website"},"primaryImageOfPage":{"@id":"https:\/\/colegioarquitectos.com\/noticias\/?p=11005#primaryimage"},"image":{"@id":"https:\/\/colegioarquitectos.com\/noticias\/?p=11005#primaryimage"},"thumbnailUrl":"https:\/\/colegioarquitectos.com\/noticias\/wp-content\/uploads\/2016\/01\/Seminario-Karl-Brunner.jpg","datePublished":"2016-01-11T09:00:23+00:00","dateModified":"2016-01-12T13:35:12+00:00","breadcrumb":{"@id":"https:\/\/colegioarquitectos.com\/noticias\/?p=11005#breadcrumb"},"inLanguage":"es","potentialAction":[{"@type":"ReadAction","target":["https:\/\/colegioarquitectos.com\/noticias\/?p=11005"]}]},{"@type":"ImageObject","inLanguage":"es","@id":"https:\/\/colegioarquitectos.com\/noticias\/?p=11005#primaryimage","url":"https:\/\/colegioarquitectos.com\/noticias\/wp-content\/uploads\/2016\/01\/Seminario-Karl-Brunner.jpg","contentUrl":"https:\/\/colegioarquitectos.com\/noticias\/wp-content\/uploads\/2016\/01\/Seminario-Karl-Brunner.jpg","width":690,"height":350},{"@type":"BreadcrumbList","@id":"https:\/\/colegioarquitectos.com\/noticias\/?p=11005#breadcrumb","itemListElement":[{"@type":"ListItem","position":1,"name":"Portada","item":"https:\/\/colegioarquitectos.com\/noticias"},{"@type":"ListItem","position":2,"name":"SEMINARIO | Santiago 1939-1989: Karl Brunner y la idea de Ciudad Moderna"}]},{"@type":"WebSite","@id":"https:\/\/colegioarquitectos.com\/noticias\/#website","url":"https:\/\/colegioarquitectos.com\/noticias\/","name":"COLEGIO DE ARQUITECTOS DE CHILE","description":"","publisher":{"@id":"https:\/\/colegioarquitectos.com\/noticias\/#organization"},"potentialAction":[{"@type":"SearchAction","target":{"@type":"EntryPoint","urlTemplate":"https:\/\/colegioarquitectos.com\/noticias\/?s={search_term_string}"},"query-input":{"@type":"PropertyValueSpecification","valueRequired":true,"valueName":"search_term_string"}}],"inLanguage":"es"},{"@type":"Organization","@id":"https:\/\/colegioarquitectos.com\/noticias\/#organization","name":"COLEGIO DE ARQUITECTOS DE CHILE","url":"https:\/\/colegioarquitectos.com\/noticias\/","logo":{"@type":"ImageObject","inLanguage":"es","@id":"https:\/\/colegioarquitectos.com\/noticias\/#\/schema\/logo\/image\/","url":"https:\/\/colegioarquitectos.com\/noticias\/wp-content\/uploads\/2021\/05\/ENCABEZADO-LOGO-CA.jpg","contentUrl":"https:\/\/colegioarquitectos.com\/noticias\/wp-content\/uploads\/2021\/05\/ENCABEZADO-LOGO-CA.jpg","width":690,"height":350,"caption":"COLEGIO DE ARQUITECTOS DE CHILE"},"image":{"@id":"https:\/\/colegioarquitectos.com\/noticias\/#\/schema\/logo\/image\/"},"sameAs":["https:\/\/facebook.com\/Colegioarq\/","https:\/\/x.com\/colegioarq","https:\/\/instagram.com\/colegioarq","https:\/\/youtube.com\/@ColegiodeArquitectosdeChile"]},{"@type":"Person","@id":"https:\/\/colegioarquitectos.com\/noticias\/#\/schema\/person\/685cc0aad148303c5608f049af8285ad","name":"Colegio de Arquitectos de Chile","url":"https:\/\/colegioarquitectos.com\/noticias\/?author=4"}]}},"_links":{"self":[{"href":"https:\/\/colegioarquitectos.com\/noticias\/index.php?rest_route=\/wp\/v2\/posts\/11005","targetHints":{"allow":["GET"]}}],"collection":[{"href":"https:\/\/colegioarquitectos.com\/noticias\/index.php?rest_route=\/wp\/v2\/posts"}],"about":[{"href":"https:\/\/colegioarquitectos.com\/noticias\/index.php?rest_route=\/wp\/v2\/types\/post"}],"author":[{"embeddable":true,"href":"https:\/\/colegioarquitectos.com\/noticias\/index.php?rest_route=\/wp\/v2\/users\/4"}],"replies":[{"embeddable":true,"href":"https:\/\/colegioarquitectos.com\/noticias\/index.php?rest_route=%2Fwp%2Fv2%2Fcomments&post=11005"}],"version-history":[{"count":0,"href":"https:\/\/colegioarquitectos.com\/noticias\/index.php?rest_route=\/wp\/v2\/posts\/11005\/revisions"}],"wp:featuredmedia":[{"embeddable":true,"href":"https:\/\/colegioarquitectos.com\/noticias\/index.php?rest_route=\/wp\/v2\/media\/11006"}],"wp:attachment":[{"href":"https:\/\/colegioarquitectos.com\/noticias\/index.php?rest_route=%2Fwp%2Fv2%2Fmedia&parent=11005"}],"wp:term":[{"taxonomy":"category","embeddable":true,"href":"https:\/\/colegioarquitectos.com\/noticias\/index.php?rest_route=%2Fwp%2Fv2%2Fcategories&post=11005"},{"taxonomy":"post_tag","embeddable":true,"href":"https:\/\/colegioarquitectos.com\/noticias\/index.php?rest_route=%2Fwp%2Fv2%2Ftags&post=11005"}],"curies":[{"name":"wp","href":"https:\/\/api.w.org\/{rel}","templated":true}]}}