
{"id":11020,"date":"2016-01-13T15:25:36","date_gmt":"2016-01-13T15:25:36","guid":{"rendered":"http:\/\/colegioarquitectos.com\/?p=11020"},"modified":"2016-01-14T19:50:56","modified_gmt":"2016-01-14T19:50:56","slug":"alejandro-aravena-recibe-el-premio-pritzker-2016","status":"publish","type":"post","link":"https:\/\/colegioarquitectos.com\/noticias\/?p=11020","title":{"rendered":"Chileno obtiene Premio de Arquitectura m\u00e1s importante del Mundo"},"content":{"rendered":"<p dir=\"ltr\"><a href=\"http:\/\/www.plataformaarquitectura.cl\/cl\/tag\/alejandro-aravena\">Alejandro Aravena<\/a> recibi\u00f3 el Premio Pritzker 2016. En reconocimiento a\u00a0su capacidad de ampliar el campo de acci\u00f3n del arquitecto para concretar soluciones que permitan mejorar los entornos urbanos y hacer frente a la crisis mundial de vivienda, el jurado ha seleccionado al chileno\u00a0como el ganador de la edici\u00f3n 2016 del <a href=\"http:\/\/www.plataformaarquitectura.cl\/cl\/tag\/premio-pritzker\" target=\"_blank\">Premio Pritzker<\/a>. Aravena es el 41\u00ba galardonado y el primer chileno en recibirlo.<\/p>\n<p dir=\"ltr\">Con 48 a\u00f1os de edad, Aravena no s\u00f3lo presenta una nutrida producci\u00f3n de obras privadas, p\u00fablicas y educacionales en Chile, Estados Unidos, M\u00e9xico, China y Suiza, sino que ha logrado construir -a trav\u00e9s del Do Tank <a href=\"http:\/\/www.plataformaarquitectura.cl\/cl\/office\/elemental\" target=\"_blank\">ELEMENTAL<\/a>&#8211; m\u00e1s de <strong>2.500 unidades de vivienda social<\/strong>, involucr\u00e1ndose en el \u00e1mbito de las pol\u00edticas p\u00fablicas habitacionales y tomando las reglas del mercado como una oportunidad de generar un impacto real y de gran alcance.<\/p>\n<p dir=\"ltr\"><em>\u00abAlejandro Aravena personifica el renacimiento de un arquitecto comprometido con la sociedad. (&#8230;) Tiene un profundo conocimiento de la arquitectura y la sociedad civil, como se refleja en sus escritos, en su activismo y en sus dise\u00f1os. El papel del arquitecto est\u00e1 siendo desafiado para servir mayoritariamente a necesidades sociales y humanitarias, y Alejandro Aravena ha respondido a este desaf\u00edo de forma clara, plena y generosa\u00bb<\/em>, manifiesta el acta del jurado.<\/p>\n<p dir=\"ltr\"><div style=\"text-algn:left\"><span style=\"display:inline-block;text-align:center;\"><iframe allow=\"autoplay\" class=\"youtube_embed_iframe\"    allowFullScreen=\"true\" style=\"width:640px; height:385px\" src=\"https:\/\/www.youtube.com\/embed\/10g60sZqNpg?autoplay=0&theme=dark&loop=0&fs=1&showinfo=0&modestbranding=1&iv_load_policy=1&color=white&autohide=1&disablekb=0&enablejsapi=1&version=3\"><\/iframe><\/span><\/div><\/p>\n<p dir=\"ltr\"><strong>Pritzker 2016:<\/strong><br \/>\n<strong>Un llamado de atenci\u00f3n a los arquitectos (o una positiva invitaci\u00f3n a enfocarse en lo elemental)<\/strong><\/p>\n<p dir=\"ltr\">Por tercera vez en la historia [1], el <a href=\"http:\/\/www.plataformaarquitectura.cl\/cl\/tag\/premio-pritzker\">Premio Pritzker<\/a> recae en un arquitecto proveniente de<strong> Am\u00e9rica del Sur<\/strong>. Un sub-continente tan fascinante como desigual y complejo, pues todav\u00eda existen una serie de situaciones no resueltas que mantienen a gran parte de la poblaci\u00f3n viviendo en condiciones irregulares, por decir lo menos.<\/p>\n<p dir=\"ltr\">Actualmente, en Sudam\u00e9rica\u00a0habitan m\u00e1s de 400 millones de personas -el 6% de la poblaci\u00f3n mundial-, de las cuales m\u00e1s del 80% vive en zonas urbanas [2]. Esto ha generado un<strong> alto d\u00e9ficit de vivienda en la regi\u00f3n<\/strong>, y al no haber respuestas claras frente a este proceso de urbanizaci\u00f3n, las ciudades se van colmando de asentamientos informales dif\u00edciles de manejar una vez consolidados. Seg\u00fan el <a href=\"http:\/\/es.unhabitat.org\/temas-urbanos\/\">\u00faltimo informe de ONU H\u00e1bitat<\/a>, en Latinoam\u00e9rica y el Caribe las personas que habitan en asentamientos precarios alcanzan los 110.7 millones.<\/p>\n<p dir=\"ltr\"><em>\u00abPara dar respuesta al crecimiento urbano de aqu\u00ed al 2030, deber\u00edamos ser capaces de construir, s\u00f3lo en los pa\u00edses en v\u00edas de desarrollo, una ciudad de 1 mill\u00f3n de habitantes por semana con unidades de vivienda de $10.000 d\u00f3lares, en el mejor de los casos\u00bb.\u00a0<\/em>[3]<\/p>\n<p dir=\"ltr\">Parad\u00f3jicamente, y a pesar de convivir d\u00eda a d\u00eda con esta situaci\u00f3n, el general de los arquitectos locales parece no estar realmente ocupado en hacerse cargo de ese desaf\u00edo. Y es por eso que premiar a Alejandro Aravena en este momento podr\u00eda considerarse casi un llamado de atenci\u00f3n para los arquitectos y una<strong>positiva invitaci\u00f3n a enfocarse nuevamente en lo elemental<\/strong>.\u00a0Con el\u00a0tema central\u00a0de la pr\u00f3xima <a href=\"http:\/\/www.plataformaarquitectura.cl\/cl\/773430\/el-statement-de-alejandro-aravena-para-la-bienal-de-venecia-2016\" target=\"_blank\">Bienal de Venecia 2016<\/a>, <em>\u00abReportando desde\u00a0el Frente\u00bb<\/em>, Aravena ya ha expresaba con fuerza este ideal.<\/p>\n<p dir=\"ltr\"><a href=\"http:\/\/www.plataformaarquitectura.cl\/cl\/780204\/alejandro-aravena-recibe-el-premio-pritzker-2016\">Fuente: Plataforma Arquitectura\u00a0<\/a><\/p>\n<p dir=\"ltr\">Desde el Colegio de Arquitectos felicitamos a Aravena por este gran reconocimiento que enorgullece a todo su pa\u00eds<\/p>\n<p><\/p>","protected":false},"excerpt":{"rendered":"<p>Alejandro Aravena recibi\u00f3 el Premio Pritzker 2016. En reconocimiento a\u00a0su capacidad de ampliar el campo de acci\u00f3n del arquitecto para concretar soluciones que permitan mejorar los entornos urbanos y hacer frente a la crisis mundial de vivienda, el jurado ha &hellip; <a class=\"more-link\" href=\"https:\/\/colegioarquitectos.com\/noticias\/?p=11020\">ver m\u00e1s<\/a><\/p>","protected":false},"author":4,"featured_media":11021,"comment_status":"open","ping_status":"open","sticky":false,"template":"","format":"standard","meta":{"footnotes":""},"categories":[1],"tags":[],"class_list":["post-11020","post","type-post","status-publish","format-standard","has-post-thumbnail","hentry","category-sin-categoria"],"yoast_head":"<!-- This site is optimized with the Yoast SEO plugin v24.2 - https:\/\/yoast.com\/wordpress\/plugins\/seo\/ -->\n<title>Chileno obtiene Premio de Arquitectura m\u00e1s importante del Mundo - COLEGIO DE ARQUITECTOS DE CHILE<\/title>\n<meta name=\"robots\" content=\"index, follow, max-snippet:-1, max-image-preview:large, max-video-preview:-1\" \/>\n<link rel=\"canonical\" href=\"https:\/\/colegioarquitectos.com\/noticias\/?p=11020\" \/>\n<meta property=\"og:locale\" content=\"es_ES\" \/>\n<meta property=\"og:type\" content=\"article\" \/>\n<meta property=\"og:title\" content=\"Chileno obtiene Premio de Arquitectura m\u00e1s importante del Mundo - COLEGIO DE ARQUITECTOS DE CHILE\" \/>\n<meta property=\"og:description\" content=\"Alejandro Aravena recibi\u00f3 el Premio Pritzker 2016. En reconocimiento a\u00a0su capacidad de ampliar el campo de acci\u00f3n del arquitecto para concretar soluciones que permitan mejorar los entornos urbanos y hacer frente a la crisis mundial de vivienda, el jurado ha &hellip; ver m\u00e1s\" \/>\n<meta property=\"og:url\" content=\"https:\/\/colegioarquitectos.com\/noticias\/?p=11020\" \/>\n<meta property=\"og:site_name\" content=\"COLEGIO DE ARQUITECTOS DE CHILE\" \/>\n<meta property=\"article:publisher\" content=\"https:\/\/facebook.com\/Colegioarq\/\" \/>\n<meta property=\"article:published_time\" content=\"2016-01-13T15:25:36+00:00\" \/>\n<meta property=\"article:modified_time\" content=\"2016-01-14T19:50:56+00:00\" \/>\n<meta property=\"og:image\" content=\"https:\/\/colegioarquitectos.com\/noticias\/wp-content\/uploads\/2016\/01\/Aravena.jpg\" \/>\n\t<meta property=\"og:image:width\" content=\"690\" \/>\n\t<meta property=\"og:image:height\" content=\"350\" \/>\n\t<meta property=\"og:image:type\" content=\"image\/jpeg\" \/>\n<meta name=\"author\" content=\"Colegio de Arquitectos de Chile\" \/>\n<meta name=\"twitter:card\" content=\"summary_large_image\" \/>\n<meta name=\"twitter:creator\" content=\"@colegioarq\" \/>\n<meta name=\"twitter:site\" content=\"@colegioarq\" \/>\n<meta name=\"twitter:label1\" content=\"Escrito por\" \/>\n\t<meta name=\"twitter:data1\" content=\"Colegio de Arquitectos de Chile\" \/>\n\t<meta name=\"twitter:label2\" content=\"Tiempo de lectura\" \/>\n\t<meta name=\"twitter:data2\" content=\"3 minutos\" \/>\n<script type=\"application\/ld+json\" class=\"yoast-schema-graph\">{\"@context\":\"https:\/\/schema.org\",\"@graph\":[{\"@type\":\"Article\",\"@id\":\"https:\/\/colegioarquitectos.com\/noticias\/?p=11020#article\",\"isPartOf\":{\"@id\":\"https:\/\/colegioarquitectos.com\/noticias\/?p=11020\"},\"author\":{\"name\":\"Colegio de Arquitectos de Chile\",\"@id\":\"https:\/\/colegioarquitectos.com\/noticias\/#\/schema\/person\/685cc0aad148303c5608f049af8285ad\"},\"headline\":\"Chileno obtiene Premio de Arquitectura m\u00e1s importante del Mundo\",\"datePublished\":\"2016-01-13T15:25:36+00:00\",\"dateModified\":\"2016-01-14T19:50:56+00:00\",\"mainEntityOfPage\":{\"@id\":\"https:\/\/colegioarquitectos.com\/noticias\/?p=11020\"},\"wordCount\":558,\"commentCount\":4,\"publisher\":{\"@id\":\"https:\/\/colegioarquitectos.com\/noticias\/#organization\"},\"image\":{\"@id\":\"https:\/\/colegioarquitectos.com\/noticias\/?p=11020#primaryimage\"},\"thumbnailUrl\":\"https:\/\/colegioarquitectos.com\/noticias\/wp-content\/uploads\/2016\/01\/Aravena.jpg\",\"inLanguage\":\"es\",\"potentialAction\":[{\"@type\":\"CommentAction\",\"name\":\"Comment\",\"target\":[\"https:\/\/colegioarquitectos.com\/noticias\/?p=11020#respond\"]}]},{\"@type\":\"WebPage\",\"@id\":\"https:\/\/colegioarquitectos.com\/noticias\/?p=11020\",\"url\":\"https:\/\/colegioarquitectos.com\/noticias\/?p=11020\",\"name\":\"Chileno obtiene Premio de Arquitectura m\u00e1s importante del Mundo - COLEGIO DE ARQUITECTOS DE CHILE\",\"isPartOf\":{\"@id\":\"https:\/\/colegioarquitectos.com\/noticias\/#website\"},\"primaryImageOfPage\":{\"@id\":\"https:\/\/colegioarquitectos.com\/noticias\/?p=11020#primaryimage\"},\"image\":{\"@id\":\"https:\/\/colegioarquitectos.com\/noticias\/?p=11020#primaryimage\"},\"thumbnailUrl\":\"https:\/\/colegioarquitectos.com\/noticias\/wp-content\/uploads\/2016\/01\/Aravena.jpg\",\"datePublished\":\"2016-01-13T15:25:36+00:00\",\"dateModified\":\"2016-01-14T19:50:56+00:00\",\"breadcrumb\":{\"@id\":\"https:\/\/colegioarquitectos.com\/noticias\/?p=11020#breadcrumb\"},\"inLanguage\":\"es\",\"potentialAction\":[{\"@type\":\"ReadAction\",\"target\":[\"https:\/\/colegioarquitectos.com\/noticias\/?p=11020\"]}]},{\"@type\":\"ImageObject\",\"inLanguage\":\"es\",\"@id\":\"https:\/\/colegioarquitectos.com\/noticias\/?p=11020#primaryimage\",\"url\":\"https:\/\/colegioarquitectos.com\/noticias\/wp-content\/uploads\/2016\/01\/Aravena.jpg\",\"contentUrl\":\"https:\/\/colegioarquitectos.com\/noticias\/wp-content\/uploads\/2016\/01\/Aravena.jpg\",\"width\":690,\"height\":350},{\"@type\":\"BreadcrumbList\",\"@id\":\"https:\/\/colegioarquitectos.com\/noticias\/?p=11020#breadcrumb\",\"itemListElement\":[{\"@type\":\"ListItem\",\"position\":1,\"name\":\"Portada\",\"item\":\"https:\/\/colegioarquitectos.com\/noticias\"},{\"@type\":\"ListItem\",\"position\":2,\"name\":\"Chileno obtiene Premio de Arquitectura m\u00e1s importante del Mundo\"}]},{\"@type\":\"WebSite\",\"@id\":\"https:\/\/colegioarquitectos.com\/noticias\/#website\",\"url\":\"https:\/\/colegioarquitectos.com\/noticias\/\",\"name\":\"COLEGIO DE ARQUITECTOS DE CHILE\",\"description\":\"\",\"publisher\":{\"@id\":\"https:\/\/colegioarquitectos.com\/noticias\/#organization\"},\"potentialAction\":[{\"@type\":\"SearchAction\",\"target\":{\"@type\":\"EntryPoint\",\"urlTemplate\":\"https:\/\/colegioarquitectos.com\/noticias\/?s={search_term_string}\"},\"query-input\":{\"@type\":\"PropertyValueSpecification\",\"valueRequired\":true,\"valueName\":\"search_term_string\"}}],\"inLanguage\":\"es\"},{\"@type\":\"Organization\",\"@id\":\"https:\/\/colegioarquitectos.com\/noticias\/#organization\",\"name\":\"COLEGIO DE ARQUITECTOS DE CHILE\",\"url\":\"https:\/\/colegioarquitectos.com\/noticias\/\",\"logo\":{\"@type\":\"ImageObject\",\"inLanguage\":\"es\",\"@id\":\"https:\/\/colegioarquitectos.com\/noticias\/#\/schema\/logo\/image\/\",\"url\":\"https:\/\/colegioarquitectos.com\/noticias\/wp-content\/uploads\/2021\/05\/ENCABEZADO-LOGO-CA.jpg\",\"contentUrl\":\"https:\/\/colegioarquitectos.com\/noticias\/wp-content\/uploads\/2021\/05\/ENCABEZADO-LOGO-CA.jpg\",\"width\":690,\"height\":350,\"caption\":\"COLEGIO DE ARQUITECTOS DE CHILE\"},\"image\":{\"@id\":\"https:\/\/colegioarquitectos.com\/noticias\/#\/schema\/logo\/image\/\"},\"sameAs\":[\"https:\/\/facebook.com\/Colegioarq\/\",\"https:\/\/x.com\/colegioarq\",\"https:\/\/instagram.com\/colegioarq\",\"https:\/\/youtube.com\/@ColegiodeArquitectosdeChile\"]},{\"@type\":\"Person\",\"@id\":\"https:\/\/colegioarquitectos.com\/noticias\/#\/schema\/person\/685cc0aad148303c5608f049af8285ad\",\"name\":\"Colegio de Arquitectos de Chile\",\"url\":\"https:\/\/colegioarquitectos.com\/noticias\/?author=4\"}]}<\/script>\n<!-- \/ Yoast SEO plugin. -->","yoast_head_json":{"title":"Chileno obtiene Premio de Arquitectura m\u00e1s importante del Mundo - COLEGIO DE ARQUITECTOS DE CHILE","robots":{"index":"index","follow":"follow","max-snippet":"max-snippet:-1","max-image-preview":"max-image-preview:large","max-video-preview":"max-video-preview:-1"},"canonical":"https:\/\/colegioarquitectos.com\/noticias\/?p=11020","og_locale":"es_ES","og_type":"article","og_title":"Chileno obtiene Premio de Arquitectura m\u00e1s importante del Mundo - COLEGIO DE ARQUITECTOS DE CHILE","og_description":"Alejandro Aravena recibi\u00f3 el Premio Pritzker 2016. En reconocimiento a\u00a0su capacidad de ampliar el campo de acci\u00f3n del arquitecto para concretar soluciones que permitan mejorar los entornos urbanos y hacer frente a la crisis mundial de vivienda, el jurado ha &hellip; ver m\u00e1s","og_url":"https:\/\/colegioarquitectos.com\/noticias\/?p=11020","og_site_name":"COLEGIO DE ARQUITECTOS DE CHILE","article_publisher":"https:\/\/facebook.com\/Colegioarq\/","article_published_time":"2016-01-13T15:25:36+00:00","article_modified_time":"2016-01-14T19:50:56+00:00","og_image":[{"width":690,"height":350,"url":"https:\/\/colegioarquitectos.com\/noticias\/wp-content\/uploads\/2016\/01\/Aravena.jpg","type":"image\/jpeg"}],"author":"Colegio de Arquitectos de Chile","twitter_card":"summary_large_image","twitter_creator":"@colegioarq","twitter_site":"@colegioarq","twitter_misc":{"Escrito por":"Colegio de Arquitectos de Chile","Tiempo de lectura":"3 minutos"},"schema":{"@context":"https:\/\/schema.org","@graph":[{"@type":"Article","@id":"https:\/\/colegioarquitectos.com\/noticias\/?p=11020#article","isPartOf":{"@id":"https:\/\/colegioarquitectos.com\/noticias\/?p=11020"},"author":{"name":"Colegio de Arquitectos de Chile","@id":"https:\/\/colegioarquitectos.com\/noticias\/#\/schema\/person\/685cc0aad148303c5608f049af8285ad"},"headline":"Chileno obtiene Premio de Arquitectura m\u00e1s importante del Mundo","datePublished":"2016-01-13T15:25:36+00:00","dateModified":"2016-01-14T19:50:56+00:00","mainEntityOfPage":{"@id":"https:\/\/colegioarquitectos.com\/noticias\/?p=11020"},"wordCount":558,"commentCount":4,"publisher":{"@id":"https:\/\/colegioarquitectos.com\/noticias\/#organization"},"image":{"@id":"https:\/\/colegioarquitectos.com\/noticias\/?p=11020#primaryimage"},"thumbnailUrl":"https:\/\/colegioarquitectos.com\/noticias\/wp-content\/uploads\/2016\/01\/Aravena.jpg","inLanguage":"es","potentialAction":[{"@type":"CommentAction","name":"Comment","target":["https:\/\/colegioarquitectos.com\/noticias\/?p=11020#respond"]}]},{"@type":"WebPage","@id":"https:\/\/colegioarquitectos.com\/noticias\/?p=11020","url":"https:\/\/colegioarquitectos.com\/noticias\/?p=11020","name":"Chileno obtiene Premio de Arquitectura m\u00e1s importante del Mundo - COLEGIO DE ARQUITECTOS DE CHILE","isPartOf":{"@id":"https:\/\/colegioarquitectos.com\/noticias\/#website"},"primaryImageOfPage":{"@id":"https:\/\/colegioarquitectos.com\/noticias\/?p=11020#primaryimage"},"image":{"@id":"https:\/\/colegioarquitectos.com\/noticias\/?p=11020#primaryimage"},"thumbnailUrl":"https:\/\/colegioarquitectos.com\/noticias\/wp-content\/uploads\/2016\/01\/Aravena.jpg","datePublished":"2016-01-13T15:25:36+00:00","dateModified":"2016-01-14T19:50:56+00:00","breadcrumb":{"@id":"https:\/\/colegioarquitectos.com\/noticias\/?p=11020#breadcrumb"},"inLanguage":"es","potentialAction":[{"@type":"ReadAction","target":["https:\/\/colegioarquitectos.com\/noticias\/?p=11020"]}]},{"@type":"ImageObject","inLanguage":"es","@id":"https:\/\/colegioarquitectos.com\/noticias\/?p=11020#primaryimage","url":"https:\/\/colegioarquitectos.com\/noticias\/wp-content\/uploads\/2016\/01\/Aravena.jpg","contentUrl":"https:\/\/colegioarquitectos.com\/noticias\/wp-content\/uploads\/2016\/01\/Aravena.jpg","width":690,"height":350},{"@type":"BreadcrumbList","@id":"https:\/\/colegioarquitectos.com\/noticias\/?p=11020#breadcrumb","itemListElement":[{"@type":"ListItem","position":1,"name":"Portada","item":"https:\/\/colegioarquitectos.com\/noticias"},{"@type":"ListItem","position":2,"name":"Chileno obtiene Premio de Arquitectura m\u00e1s importante del Mundo"}]},{"@type":"WebSite","@id":"https:\/\/colegioarquitectos.com\/noticias\/#website","url":"https:\/\/colegioarquitectos.com\/noticias\/","name":"COLEGIO DE ARQUITECTOS DE CHILE","description":"","publisher":{"@id":"https:\/\/colegioarquitectos.com\/noticias\/#organization"},"potentialAction":[{"@type":"SearchAction","target":{"@type":"EntryPoint","urlTemplate":"https:\/\/colegioarquitectos.com\/noticias\/?s={search_term_string}"},"query-input":{"@type":"PropertyValueSpecification","valueRequired":true,"valueName":"search_term_string"}}],"inLanguage":"es"},{"@type":"Organization","@id":"https:\/\/colegioarquitectos.com\/noticias\/#organization","name":"COLEGIO DE ARQUITECTOS DE CHILE","url":"https:\/\/colegioarquitectos.com\/noticias\/","logo":{"@type":"ImageObject","inLanguage":"es","@id":"https:\/\/colegioarquitectos.com\/noticias\/#\/schema\/logo\/image\/","url":"https:\/\/colegioarquitectos.com\/noticias\/wp-content\/uploads\/2021\/05\/ENCABEZADO-LOGO-CA.jpg","contentUrl":"https:\/\/colegioarquitectos.com\/noticias\/wp-content\/uploads\/2021\/05\/ENCABEZADO-LOGO-CA.jpg","width":690,"height":350,"caption":"COLEGIO DE ARQUITECTOS DE CHILE"},"image":{"@id":"https:\/\/colegioarquitectos.com\/noticias\/#\/schema\/logo\/image\/"},"sameAs":["https:\/\/facebook.com\/Colegioarq\/","https:\/\/x.com\/colegioarq","https:\/\/instagram.com\/colegioarq","https:\/\/youtube.com\/@ColegiodeArquitectosdeChile"]},{"@type":"Person","@id":"https:\/\/colegioarquitectos.com\/noticias\/#\/schema\/person\/685cc0aad148303c5608f049af8285ad","name":"Colegio de Arquitectos de Chile","url":"https:\/\/colegioarquitectos.com\/noticias\/?author=4"}]}},"_links":{"self":[{"href":"https:\/\/colegioarquitectos.com\/noticias\/index.php?rest_route=\/wp\/v2\/posts\/11020","targetHints":{"allow":["GET"]}}],"collection":[{"href":"https:\/\/colegioarquitectos.com\/noticias\/index.php?rest_route=\/wp\/v2\/posts"}],"about":[{"href":"https:\/\/colegioarquitectos.com\/noticias\/index.php?rest_route=\/wp\/v2\/types\/post"}],"author":[{"embeddable":true,"href":"https:\/\/colegioarquitectos.com\/noticias\/index.php?rest_route=\/wp\/v2\/users\/4"}],"replies":[{"embeddable":true,"href":"https:\/\/colegioarquitectos.com\/noticias\/index.php?rest_route=%2Fwp%2Fv2%2Fcomments&post=11020"}],"version-history":[{"count":0,"href":"https:\/\/colegioarquitectos.com\/noticias\/index.php?rest_route=\/wp\/v2\/posts\/11020\/revisions"}],"wp:featuredmedia":[{"embeddable":true,"href":"https:\/\/colegioarquitectos.com\/noticias\/index.php?rest_route=\/wp\/v2\/media\/11021"}],"wp:attachment":[{"href":"https:\/\/colegioarquitectos.com\/noticias\/index.php?rest_route=%2Fwp%2Fv2%2Fmedia&parent=11020"}],"wp:term":[{"taxonomy":"category","embeddable":true,"href":"https:\/\/colegioarquitectos.com\/noticias\/index.php?rest_route=%2Fwp%2Fv2%2Fcategories&post=11020"},{"taxonomy":"post_tag","embeddable":true,"href":"https:\/\/colegioarquitectos.com\/noticias\/index.php?rest_route=%2Fwp%2Fv2%2Ftags&post=11020"}],"curies":[{"name":"wp","href":"https:\/\/api.w.org\/{rel}","templated":true}]}}