
{"id":11155,"date":"2016-01-21T14:53:11","date_gmt":"2016-01-21T14:53:11","guid":{"rendered":"http:\/\/colegioarquitectos.com\/?p=11155"},"modified":"2016-01-21T15:01:32","modified_gmt":"2016-01-21T15:01:32","slug":"gran-noticia-para-la-arquitectura-y-el-urbanismo-chileno-opinion-de-ivan-gonzalez-tapia","status":"publish","type":"post","link":"https:\/\/colegioarquitectos.com\/noticias\/?p=11155","title":{"rendered":"\u00abGran noticia para la arquitectura y el urbanismo chileno\u00bb Opini\u00f3n de Iv\u00e1n Gonz\u00e1lez Tapia"},"content":{"rendered":"<p><a href=\"http:\/\/colegioarquitectos.com\/noticias\/wp-content\/uploads\/2016\/01\/IGT.jpg\"><img loading=\"lazy\" decoding=\"async\" class=\"wp-image-11157 alignleft\" src=\"http:\/\/colegioarquitectos.com\/noticias\/wp-content\/uploads\/2016\/01\/IGT-265x300.jpg\" alt=\"IGT\" width=\"190\" height=\"215\" srcset=\"https:\/\/colegioarquitectos.com\/noticias\/wp-content\/uploads\/2016\/01\/IGT-265x300.jpg 265w, https:\/\/colegioarquitectos.com\/noticias\/wp-content\/uploads\/2016\/01\/IGT.jpg 337w\" sizes=\"auto, (max-width: 190px) 100vw, 190px\" \/><\/a>Alejandro Aravena ha ganado el Premio Pritzker 2016, equivalente al Nobel en arquitectura. Nos parece que, adem\u00e1s de tratarse de un arquitecto joven y chileno, lo mas importante de este galard\u00f3n, en especial para las nuevas generaciones de profesionales de nuestro pa\u00eds, es que en sus propias palabras y la cristalizaci\u00f3n de su obra est\u00e1 basada la conciencia de que la arquitectura y el urbanismo est\u00e1n lejos de ser s\u00f3lo una serie de realizaciones individuales para la satisfacci\u00f3n del propietario y el arquitecto, con beneficio econ\u00f3mico para ambos.<\/p>\n<p>El colega Aravena ha dicho que lo esencial de su obra, en su mayor\u00eda consistente en conjuntos habitacionales de vivienda social y para damnificados por cat\u00e1strofes, es la \u00abINSERCI\u00d3N DE LOS USUARIOS EN LA CREACI\u00d3N\u00bb, incorporando conceptualmente desde el principio que los verdaderos y mejores ejemplos de urbanismo y arquitectura &#8211; as\u00ed la historia lo demuestra &#8211; consisten en la creaci\u00f3n planificada, gesti\u00f3n y construcci\u00f3n de obras que benefician a toda la sociedad, otorg\u00e1ndole el bien de los espacios necesarios para su vida y su desarrollo, con la necesaria riqueza formal que se los haga mas gratos. No es otro \u00abbien de consumo\u00bb, como alguien podr\u00eda simplistamente sentenciar.<\/p>\n<p>Por eso, las palabras del colega Aravena describen la m\u00e9dula de una obra que ha tenido su merecida valorizaci\u00f3n en el extranjero, pero que hasta hoy no ha tenido un reconocimiento semejante en su propio pa\u00eds. Son palabras que, poniendo en su necesaria dimensi\u00f3n a la verdadera participaci\u00f3n ciudadana, nos recuerdan los esfuerzos de la Corporaci\u00f3n de Reconstrucci\u00f3n (CORVI) y la Corporaci\u00f3n de Mejoramiento Urbano (CORMU) para conseguir lo mismo, en los a\u00f1os en que equipos de arquitectos de ambas instituciones estatales trabajaron codo a codo con los pobladores para gestar conjuntos habitacionales que dieron viviendas y ciudades dignas a cientos de miles de nuestras familias. Conjuntos que iban conformando ciudades con viviendas de mas de 60 m2 \u00fatiles y equipamiento comunitario completo, incluidas \u00e1reas verdes de verdad. B\u00e1stenos recordar que la \u201cVilla Ol\u00edmpica\u201d y la \u201cVilla Frei\u201d, ambas en el coraz\u00f3n de \u00d1u\u00f1oa, tienen departamentos de 80 m2 \u00fatiles, adem\u00e1s de parques y edificios para un equipamiento suficiente.<\/p>\n<p>Ojal\u00e1 que esto sirva para abrir los ojos, actualmente cerrados por las inmobiliarias; de los arquitectos chilenos que habitualmente son destacados por \u00abencargos\u00bb institucionales o proyectos para ser vendidos por empresas privadas, quienes no hacen arquitectura con proyecci\u00f3n a la sociedad, sino que s\u00f3lo para satisfacer fines de lucro. As\u00ed, quienes trabajan para \u00e9stas, se hacen c\u00f3mplices activos de sus afanes, dejando una estela de obras ego-centradas, que en conjunto forman ciudades que no colaboran en absoluto con el bien com\u00fan, ya que para esto se requiere una planificaci\u00f3n previa que incorpore conceptualmente su imprescindible sentido social.<\/p>\n<p>Queremos destacar el premio de Alejandro Aravena porque su obra adem\u00e1s tiene el m\u00e9rito de colaborar en la apertura de nuevos caminos para nuestro urbanismo. Un urbanismo que tambi\u00e9n requiere ser concebido desde otra conceptualizaci\u00f3n. Un urbanismo que, partiendo de una utilizaci\u00f3n racional y democr\u00e1tica de nuestros suelos y sobre la verdad de que el territorio es uno s\u00f3lo para todo el pa\u00eds, debe dar a todos los chilenos su leg\u00edtimo derecho a gozar de proyectos concebidos desde el respeto que merecen el desarrollo sustentable, la preservaci\u00f3n de la vida, una adecuada y solvente simbiosis con la arquitectura y una mayor equidad en toda su dimensi\u00f3n.<\/p>\n<p>En s\u00edntesis, un urbanismo que, desprendi\u00e9ndose de la vieja dicotom\u00eda del crecimiento en extensi\u00f3n versus el crecimiento en densidad, nos se\u00f1ale opciones nuevas, no s\u00f3lo de crecimiento sino tambi\u00e9n de Mejoramiento, para abrirnos al siglo que a\u00fan estamos comenzando.<\/p>\n<p>El Comit\u00e9 de Desarrollo Urbano y Medio Ambiente se ha propuesto como tema central para su labor de 2016 el trabajo sobre estas nuevas opciones, incluyendo en ello a la pr\u00f3xima Bienal. Porque al \u201cUrbanismo Del Futuro\u201d no s\u00f3lo hay que mencionarlo. Ya es hora de crearlo y proponerlo. Y en eso tambi\u00e9n debe estar considerado el repetido concepto de que \u201cLas Ciudades las Hacemos Todos\u201d.<\/p>\n<p>Ahora es tiempo de que les incorporemos la tecnolog\u00eda que ya est\u00e1 a nuestro alcance, y de que las hagamos con todos, porque as\u00ed estaremos adem\u00e1s combatiendo de ra\u00edz la tan mencionada segregaci\u00f3n que nos aqueja.<\/p>\n<p>&nbsp;<\/p>\n<p style=\"text-align: right;\"><strong>Iv\u00e1n Gonz\u00e1lez Tapia<\/strong><\/p>\n<p style=\"text-align: right;\"><strong>\u00a0\u00a0\u00a0\u00a0\u00a0\u00a0\u00a0\u00a0\u00a0\u00a0\u00a0\u00a0\u00a0\u00a0\u00a0\u00a0\u00a0\u00a0\u00a0\u00a0\u00a0\u00a0\u00a0\u00a0\u00a0\u00a0\u00a0\u00a0\u00a0\u00a0\u00a0\u00a0\u00a0\u00a0\u00a0\u00a0\u00a0\u00a0\u00a0\u00a0\u00a0\u00a0\u00a0\u00a0\u00a0\u00a0\u00a0\u00a0\u00a0\u00a0\u00a0\u00a0\u00a0\u00a0\u00a0\u00a0\u00a0\u00a0\u00a0\u00a0\u00a0\u00a0\u00a0\u00a0\u00a0 Presidente Comit\u00e9 de Desarrollo Urbano y Medio Ambiente<\/strong><\/p>\n<p><\/p>","protected":false},"excerpt":{"rendered":"<p>Alejandro Aravena ha ganado el Premio Pritzker 2016, equivalente al Nobel en arquitectura. Nos parece que, adem\u00e1s de tratarse de un arquitecto joven y chileno, lo mas importante de este galard\u00f3n, en especial para las nuevas generaciones de profesionales de &hellip; <a class=\"more-link\" href=\"https:\/\/colegioarquitectos.com\/noticias\/?p=11155\">ver m\u00e1s<\/a><\/p>","protected":false},"author":4,"featured_media":11156,"comment_status":"open","ping_status":"open","sticky":false,"template":"","format":"standard","meta":{"footnotes":""},"categories":[9],"tags":[],"class_list":["post-11155","post","type-post","status-publish","format-standard","has-post-thumbnail","hentry","category-comites"],"yoast_head":"<!-- This site is optimized with the Yoast SEO plugin v24.2 - https:\/\/yoast.com\/wordpress\/plugins\/seo\/ -->\n<title>&quot;Gran noticia para la arquitectura y el urbanismo chileno&quot; Opini\u00f3n de Iv\u00e1n Gonz\u00e1lez Tapia - COLEGIO DE ARQUITECTOS DE CHILE<\/title>\n<meta name=\"robots\" content=\"index, follow, max-snippet:-1, max-image-preview:large, max-video-preview:-1\" \/>\n<link rel=\"canonical\" href=\"https:\/\/colegioarquitectos.com\/noticias\/?p=11155\" \/>\n<meta property=\"og:locale\" content=\"es_ES\" \/>\n<meta property=\"og:type\" content=\"article\" \/>\n<meta property=\"og:title\" content=\"&quot;Gran noticia para la arquitectura y el urbanismo chileno&quot; Opini\u00f3n de Iv\u00e1n Gonz\u00e1lez Tapia - COLEGIO DE ARQUITECTOS DE CHILE\" \/>\n<meta property=\"og:description\" content=\"Alejandro Aravena ha ganado el Premio Pritzker 2016, equivalente al Nobel en arquitectura. Nos parece que, adem\u00e1s de tratarse de un arquitecto joven y chileno, lo mas importante de este galard\u00f3n, en especial para las nuevas generaciones de profesionales de &hellip; ver m\u00e1s\" \/>\n<meta property=\"og:url\" content=\"https:\/\/colegioarquitectos.com\/noticias\/?p=11155\" \/>\n<meta property=\"og:site_name\" content=\"COLEGIO DE ARQUITECTOS DE CHILE\" \/>\n<meta property=\"article:publisher\" content=\"https:\/\/facebook.com\/Colegioarq\/\" \/>\n<meta property=\"article:published_time\" content=\"2016-01-21T14:53:11+00:00\" \/>\n<meta property=\"article:modified_time\" content=\"2016-01-21T15:01:32+00:00\" \/>\n<meta property=\"og:image\" content=\"https:\/\/colegioarquitectos.com\/noticias\/wp-content\/uploads\/2016\/01\/Opini\u00f3n-Iv\u00e1n-gonzalez.jpg\" \/>\n\t<meta property=\"og:image:width\" content=\"690\" \/>\n\t<meta property=\"og:image:height\" content=\"350\" \/>\n\t<meta property=\"og:image:type\" content=\"image\/jpeg\" \/>\n<meta name=\"author\" content=\"Colegio de Arquitectos de Chile\" \/>\n<meta name=\"twitter:card\" content=\"summary_large_image\" \/>\n<meta name=\"twitter:creator\" content=\"@colegioarq\" \/>\n<meta name=\"twitter:site\" content=\"@colegioarq\" \/>\n<meta name=\"twitter:label1\" content=\"Escrito por\" \/>\n\t<meta name=\"twitter:data1\" content=\"Colegio de Arquitectos de Chile\" \/>\n\t<meta name=\"twitter:label2\" content=\"Tiempo de lectura\" \/>\n\t<meta name=\"twitter:data2\" content=\"4 minutos\" \/>\n<script type=\"application\/ld+json\" class=\"yoast-schema-graph\">{\"@context\":\"https:\/\/schema.org\",\"@graph\":[{\"@type\":\"Article\",\"@id\":\"https:\/\/colegioarquitectos.com\/noticias\/?p=11155#article\",\"isPartOf\":{\"@id\":\"https:\/\/colegioarquitectos.com\/noticias\/?p=11155\"},\"author\":{\"name\":\"Colegio de Arquitectos de Chile\",\"@id\":\"https:\/\/colegioarquitectos.com\/noticias\/#\/schema\/person\/685cc0aad148303c5608f049af8285ad\"},\"headline\":\"\u00abGran noticia para la arquitectura y el urbanismo chileno\u00bb Opini\u00f3n de Iv\u00e1n Gonz\u00e1lez Tapia\",\"datePublished\":\"2016-01-21T14:53:11+00:00\",\"dateModified\":\"2016-01-21T15:01:32+00:00\",\"mainEntityOfPage\":{\"@id\":\"https:\/\/colegioarquitectos.com\/noticias\/?p=11155\"},\"wordCount\":788,\"commentCount\":1,\"publisher\":{\"@id\":\"https:\/\/colegioarquitectos.com\/noticias\/#organization\"},\"image\":{\"@id\":\"https:\/\/colegioarquitectos.com\/noticias\/?p=11155#primaryimage\"},\"thumbnailUrl\":\"https:\/\/colegioarquitectos.com\/noticias\/wp-content\/uploads\/2016\/01\/Opini\u00f3n-Iv\u00e1n-gonzalez.jpg\",\"articleSection\":[\"Comit\u00e9s\"],\"inLanguage\":\"es\",\"potentialAction\":[{\"@type\":\"CommentAction\",\"name\":\"Comment\",\"target\":[\"https:\/\/colegioarquitectos.com\/noticias\/?p=11155#respond\"]}]},{\"@type\":\"WebPage\",\"@id\":\"https:\/\/colegioarquitectos.com\/noticias\/?p=11155\",\"url\":\"https:\/\/colegioarquitectos.com\/noticias\/?p=11155\",\"name\":\"\\\"Gran noticia para la arquitectura y el urbanismo chileno\\\" Opini\u00f3n de Iv\u00e1n Gonz\u00e1lez Tapia - COLEGIO DE ARQUITECTOS DE CHILE\",\"isPartOf\":{\"@id\":\"https:\/\/colegioarquitectos.com\/noticias\/#website\"},\"primaryImageOfPage\":{\"@id\":\"https:\/\/colegioarquitectos.com\/noticias\/?p=11155#primaryimage\"},\"image\":{\"@id\":\"https:\/\/colegioarquitectos.com\/noticias\/?p=11155#primaryimage\"},\"thumbnailUrl\":\"https:\/\/colegioarquitectos.com\/noticias\/wp-content\/uploads\/2016\/01\/Opini\u00f3n-Iv\u00e1n-gonzalez.jpg\",\"datePublished\":\"2016-01-21T14:53:11+00:00\",\"dateModified\":\"2016-01-21T15:01:32+00:00\",\"breadcrumb\":{\"@id\":\"https:\/\/colegioarquitectos.com\/noticias\/?p=11155#breadcrumb\"},\"inLanguage\":\"es\",\"potentialAction\":[{\"@type\":\"ReadAction\",\"target\":[\"https:\/\/colegioarquitectos.com\/noticias\/?p=11155\"]}]},{\"@type\":\"ImageObject\",\"inLanguage\":\"es\",\"@id\":\"https:\/\/colegioarquitectos.com\/noticias\/?p=11155#primaryimage\",\"url\":\"https:\/\/colegioarquitectos.com\/noticias\/wp-content\/uploads\/2016\/01\/Opini\u00f3n-Iv\u00e1n-gonzalez.jpg\",\"contentUrl\":\"https:\/\/colegioarquitectos.com\/noticias\/wp-content\/uploads\/2016\/01\/Opini\u00f3n-Iv\u00e1n-gonzalez.jpg\",\"width\":690,\"height\":350},{\"@type\":\"BreadcrumbList\",\"@id\":\"https:\/\/colegioarquitectos.com\/noticias\/?p=11155#breadcrumb\",\"itemListElement\":[{\"@type\":\"ListItem\",\"position\":1,\"name\":\"Portada\",\"item\":\"https:\/\/colegioarquitectos.com\/noticias\"},{\"@type\":\"ListItem\",\"position\":2,\"name\":\"\u00abGran noticia para la arquitectura y el urbanismo chileno\u00bb Opini\u00f3n de Iv\u00e1n Gonz\u00e1lez Tapia\"}]},{\"@type\":\"WebSite\",\"@id\":\"https:\/\/colegioarquitectos.com\/noticias\/#website\",\"url\":\"https:\/\/colegioarquitectos.com\/noticias\/\",\"name\":\"COLEGIO DE ARQUITECTOS DE CHILE\",\"description\":\"\",\"publisher\":{\"@id\":\"https:\/\/colegioarquitectos.com\/noticias\/#organization\"},\"potentialAction\":[{\"@type\":\"SearchAction\",\"target\":{\"@type\":\"EntryPoint\",\"urlTemplate\":\"https:\/\/colegioarquitectos.com\/noticias\/?s={search_term_string}\"},\"query-input\":{\"@type\":\"PropertyValueSpecification\",\"valueRequired\":true,\"valueName\":\"search_term_string\"}}],\"inLanguage\":\"es\"},{\"@type\":\"Organization\",\"@id\":\"https:\/\/colegioarquitectos.com\/noticias\/#organization\",\"name\":\"COLEGIO DE ARQUITECTOS DE CHILE\",\"url\":\"https:\/\/colegioarquitectos.com\/noticias\/\",\"logo\":{\"@type\":\"ImageObject\",\"inLanguage\":\"es\",\"@id\":\"https:\/\/colegioarquitectos.com\/noticias\/#\/schema\/logo\/image\/\",\"url\":\"https:\/\/colegioarquitectos.com\/noticias\/wp-content\/uploads\/2021\/05\/ENCABEZADO-LOGO-CA.jpg\",\"contentUrl\":\"https:\/\/colegioarquitectos.com\/noticias\/wp-content\/uploads\/2021\/05\/ENCABEZADO-LOGO-CA.jpg\",\"width\":690,\"height\":350,\"caption\":\"COLEGIO DE ARQUITECTOS DE CHILE\"},\"image\":{\"@id\":\"https:\/\/colegioarquitectos.com\/noticias\/#\/schema\/logo\/image\/\"},\"sameAs\":[\"https:\/\/facebook.com\/Colegioarq\/\",\"https:\/\/x.com\/colegioarq\",\"https:\/\/instagram.com\/colegioarq\",\"https:\/\/youtube.com\/@ColegiodeArquitectosdeChile\"]},{\"@type\":\"Person\",\"@id\":\"https:\/\/colegioarquitectos.com\/noticias\/#\/schema\/person\/685cc0aad148303c5608f049af8285ad\",\"name\":\"Colegio de Arquitectos de Chile\",\"url\":\"https:\/\/colegioarquitectos.com\/noticias\/?author=4\"}]}<\/script>\n<!-- \/ Yoast SEO plugin. -->","yoast_head_json":{"title":"\"Gran noticia para la arquitectura y el urbanismo chileno\" Opini\u00f3n de Iv\u00e1n Gonz\u00e1lez Tapia - COLEGIO DE ARQUITECTOS DE CHILE","robots":{"index":"index","follow":"follow","max-snippet":"max-snippet:-1","max-image-preview":"max-image-preview:large","max-video-preview":"max-video-preview:-1"},"canonical":"https:\/\/colegioarquitectos.com\/noticias\/?p=11155","og_locale":"es_ES","og_type":"article","og_title":"\"Gran noticia para la arquitectura y el urbanismo chileno\" Opini\u00f3n de Iv\u00e1n Gonz\u00e1lez Tapia - COLEGIO DE ARQUITECTOS DE CHILE","og_description":"Alejandro Aravena ha ganado el Premio Pritzker 2016, equivalente al Nobel en arquitectura. Nos parece que, adem\u00e1s de tratarse de un arquitecto joven y chileno, lo mas importante de este galard\u00f3n, en especial para las nuevas generaciones de profesionales de &hellip; ver m\u00e1s","og_url":"https:\/\/colegioarquitectos.com\/noticias\/?p=11155","og_site_name":"COLEGIO DE ARQUITECTOS DE CHILE","article_publisher":"https:\/\/facebook.com\/Colegioarq\/","article_published_time":"2016-01-21T14:53:11+00:00","article_modified_time":"2016-01-21T15:01:32+00:00","og_image":[{"width":690,"height":350,"url":"https:\/\/colegioarquitectos.com\/noticias\/wp-content\/uploads\/2016\/01\/Opini\u00f3n-Iv\u00e1n-gonzalez.jpg","type":"image\/jpeg"}],"author":"Colegio de Arquitectos de Chile","twitter_card":"summary_large_image","twitter_creator":"@colegioarq","twitter_site":"@colegioarq","twitter_misc":{"Escrito por":"Colegio de Arquitectos de Chile","Tiempo de lectura":"4 minutos"},"schema":{"@context":"https:\/\/schema.org","@graph":[{"@type":"Article","@id":"https:\/\/colegioarquitectos.com\/noticias\/?p=11155#article","isPartOf":{"@id":"https:\/\/colegioarquitectos.com\/noticias\/?p=11155"},"author":{"name":"Colegio de Arquitectos de Chile","@id":"https:\/\/colegioarquitectos.com\/noticias\/#\/schema\/person\/685cc0aad148303c5608f049af8285ad"},"headline":"\u00abGran noticia para la arquitectura y el urbanismo chileno\u00bb Opini\u00f3n de Iv\u00e1n Gonz\u00e1lez Tapia","datePublished":"2016-01-21T14:53:11+00:00","dateModified":"2016-01-21T15:01:32+00:00","mainEntityOfPage":{"@id":"https:\/\/colegioarquitectos.com\/noticias\/?p=11155"},"wordCount":788,"commentCount":1,"publisher":{"@id":"https:\/\/colegioarquitectos.com\/noticias\/#organization"},"image":{"@id":"https:\/\/colegioarquitectos.com\/noticias\/?p=11155#primaryimage"},"thumbnailUrl":"https:\/\/colegioarquitectos.com\/noticias\/wp-content\/uploads\/2016\/01\/Opini\u00f3n-Iv\u00e1n-gonzalez.jpg","articleSection":["Comit\u00e9s"],"inLanguage":"es","potentialAction":[{"@type":"CommentAction","name":"Comment","target":["https:\/\/colegioarquitectos.com\/noticias\/?p=11155#respond"]}]},{"@type":"WebPage","@id":"https:\/\/colegioarquitectos.com\/noticias\/?p=11155","url":"https:\/\/colegioarquitectos.com\/noticias\/?p=11155","name":"\"Gran noticia para la arquitectura y el urbanismo chileno\" Opini\u00f3n de Iv\u00e1n Gonz\u00e1lez Tapia - COLEGIO DE ARQUITECTOS DE CHILE","isPartOf":{"@id":"https:\/\/colegioarquitectos.com\/noticias\/#website"},"primaryImageOfPage":{"@id":"https:\/\/colegioarquitectos.com\/noticias\/?p=11155#primaryimage"},"image":{"@id":"https:\/\/colegioarquitectos.com\/noticias\/?p=11155#primaryimage"},"thumbnailUrl":"https:\/\/colegioarquitectos.com\/noticias\/wp-content\/uploads\/2016\/01\/Opini\u00f3n-Iv\u00e1n-gonzalez.jpg","datePublished":"2016-01-21T14:53:11+00:00","dateModified":"2016-01-21T15:01:32+00:00","breadcrumb":{"@id":"https:\/\/colegioarquitectos.com\/noticias\/?p=11155#breadcrumb"},"inLanguage":"es","potentialAction":[{"@type":"ReadAction","target":["https:\/\/colegioarquitectos.com\/noticias\/?p=11155"]}]},{"@type":"ImageObject","inLanguage":"es","@id":"https:\/\/colegioarquitectos.com\/noticias\/?p=11155#primaryimage","url":"https:\/\/colegioarquitectos.com\/noticias\/wp-content\/uploads\/2016\/01\/Opini\u00f3n-Iv\u00e1n-gonzalez.jpg","contentUrl":"https:\/\/colegioarquitectos.com\/noticias\/wp-content\/uploads\/2016\/01\/Opini\u00f3n-Iv\u00e1n-gonzalez.jpg","width":690,"height":350},{"@type":"BreadcrumbList","@id":"https:\/\/colegioarquitectos.com\/noticias\/?p=11155#breadcrumb","itemListElement":[{"@type":"ListItem","position":1,"name":"Portada","item":"https:\/\/colegioarquitectos.com\/noticias"},{"@type":"ListItem","position":2,"name":"\u00abGran noticia para la arquitectura y el urbanismo chileno\u00bb Opini\u00f3n de Iv\u00e1n Gonz\u00e1lez Tapia"}]},{"@type":"WebSite","@id":"https:\/\/colegioarquitectos.com\/noticias\/#website","url":"https:\/\/colegioarquitectos.com\/noticias\/","name":"COLEGIO DE ARQUITECTOS DE CHILE","description":"","publisher":{"@id":"https:\/\/colegioarquitectos.com\/noticias\/#organization"},"potentialAction":[{"@type":"SearchAction","target":{"@type":"EntryPoint","urlTemplate":"https:\/\/colegioarquitectos.com\/noticias\/?s={search_term_string}"},"query-input":{"@type":"PropertyValueSpecification","valueRequired":true,"valueName":"search_term_string"}}],"inLanguage":"es"},{"@type":"Organization","@id":"https:\/\/colegioarquitectos.com\/noticias\/#organization","name":"COLEGIO DE ARQUITECTOS DE CHILE","url":"https:\/\/colegioarquitectos.com\/noticias\/","logo":{"@type":"ImageObject","inLanguage":"es","@id":"https:\/\/colegioarquitectos.com\/noticias\/#\/schema\/logo\/image\/","url":"https:\/\/colegioarquitectos.com\/noticias\/wp-content\/uploads\/2021\/05\/ENCABEZADO-LOGO-CA.jpg","contentUrl":"https:\/\/colegioarquitectos.com\/noticias\/wp-content\/uploads\/2021\/05\/ENCABEZADO-LOGO-CA.jpg","width":690,"height":350,"caption":"COLEGIO DE ARQUITECTOS DE CHILE"},"image":{"@id":"https:\/\/colegioarquitectos.com\/noticias\/#\/schema\/logo\/image\/"},"sameAs":["https:\/\/facebook.com\/Colegioarq\/","https:\/\/x.com\/colegioarq","https:\/\/instagram.com\/colegioarq","https:\/\/youtube.com\/@ColegiodeArquitectosdeChile"]},{"@type":"Person","@id":"https:\/\/colegioarquitectos.com\/noticias\/#\/schema\/person\/685cc0aad148303c5608f049af8285ad","name":"Colegio de Arquitectos de Chile","url":"https:\/\/colegioarquitectos.com\/noticias\/?author=4"}]}},"_links":{"self":[{"href":"https:\/\/colegioarquitectos.com\/noticias\/index.php?rest_route=\/wp\/v2\/posts\/11155","targetHints":{"allow":["GET"]}}],"collection":[{"href":"https:\/\/colegioarquitectos.com\/noticias\/index.php?rest_route=\/wp\/v2\/posts"}],"about":[{"href":"https:\/\/colegioarquitectos.com\/noticias\/index.php?rest_route=\/wp\/v2\/types\/post"}],"author":[{"embeddable":true,"href":"https:\/\/colegioarquitectos.com\/noticias\/index.php?rest_route=\/wp\/v2\/users\/4"}],"replies":[{"embeddable":true,"href":"https:\/\/colegioarquitectos.com\/noticias\/index.php?rest_route=%2Fwp%2Fv2%2Fcomments&post=11155"}],"version-history":[{"count":0,"href":"https:\/\/colegioarquitectos.com\/noticias\/index.php?rest_route=\/wp\/v2\/posts\/11155\/revisions"}],"wp:featuredmedia":[{"embeddable":true,"href":"https:\/\/colegioarquitectos.com\/noticias\/index.php?rest_route=\/wp\/v2\/media\/11156"}],"wp:attachment":[{"href":"https:\/\/colegioarquitectos.com\/noticias\/index.php?rest_route=%2Fwp%2Fv2%2Fmedia&parent=11155"}],"wp:term":[{"taxonomy":"category","embeddable":true,"href":"https:\/\/colegioarquitectos.com\/noticias\/index.php?rest_route=%2Fwp%2Fv2%2Fcategories&post=11155"},{"taxonomy":"post_tag","embeddable":true,"href":"https:\/\/colegioarquitectos.com\/noticias\/index.php?rest_route=%2Fwp%2Fv2%2Ftags&post=11155"}],"curies":[{"name":"wp","href":"https:\/\/api.w.org\/{rel}","templated":true}]}}