
{"id":11213,"date":"2016-01-27T14:02:31","date_gmt":"2016-01-27T14:02:31","guid":{"rendered":"http:\/\/colegioarquitectos.com\/?p=11213"},"modified":"2016-01-27T14:02:31","modified_gmt":"2016-01-27T14:02:31","slug":"vina-del-mar-destituye-a-director-de-emergencia-por-falsificar-titulo-de-arquitecto","status":"publish","type":"post","link":"https:\/\/colegioarquitectos.com\/noticias\/?p=11213","title":{"rendered":"Vi\u00f1a del Mar destituye a director de Emergencia por falsificar t\u00edtulo de arquitecto"},"content":{"rendered":"<p class=\"Cap_Normal\">En medio de las complicaciones por las marejadas en Vi\u00f1a del Mar, el municipio desvincul\u00f3 al director del Departamento de Emergencia y Protecci\u00f3n Civil, Jaime de la Fuente, quien trabajaba en la entidad a cargo de resolver parte de los problemas que significan este tipo de eventos en la ciudad.<\/p>\n<p class=\"Tex_Normal\">La raz\u00f3n es contundente: falsificar su t\u00edtulo universitario que lo presentaba como arquitecto de la Pontificia Universidad Cat\u00f3lica (PUC).\u00a0Informe de la Contralor\u00eda orden\u00f3 la desvinculaci\u00f3n del directivo, la que se tom\u00f3 el pasado viernes.<\/p>\n<h3 class=\"Sub_Normal\">Sueldo de profesional<\/h3>\n<p class=\"Tex_Normals-e\">El encargado de Emergencia trabajaba desde el a\u00f1o 1994 en el municipio, desempe\u00f1\u00e1ndose en diferentes cargos como la Direcci\u00f3n de Obras, la Secretar\u00eda Comunal de Planificaci\u00f3n (Secpla) y la Direcci\u00f3n de Gesti\u00f3n de Proyectos. Fue apenas lleg\u00f3 que present\u00f3 el documento adulterado ante sus jefes en el municipio y esto hizo que subiera en el escalaf\u00f3n de sueldos hasta llegar a planta profesional. Luego, ascendi\u00f3 hasta el sueldo de directivo profesional, grado 5 en la escala de sueldos, ganando a diciembre del a\u00f1o pasado sobre los 5 millones de pesos, bajo el cargo de director del Departamento de Emergencia y Protecci\u00f3n Civil que asumi\u00f3 hace un par de a\u00f1os.<\/p>\n<h3 class=\"Sub_Normal\">Denuncia de privado<\/h3>\n<p class=\"Tex_Normals-e\">Una denuncia de un privado a la Contralor\u00eda durante el a\u00f1o pasado hizo que se descubriera su enga\u00f1o. De hecho, fue este mismo organismo fiscalizador el que hace unos d\u00edas ofici\u00f3 al municipio vi\u00f1amarino orden\u00e1ndole que desvinculara a De la Fuente, y adem\u00e1s entreg\u00f3 los antecedentes al Ministerio P\u00fablico para que investigue penalmente lo ocurrido.<\/p>\n<p class=\"Tex_Normal\">Desde el municipio informaron que \u00abdon Jaime de la Fuente ingres\u00f3 al municipio en 1994, a trav\u00e9s de un concurso p\u00fablico al que convoc\u00f3 la autoridad de la \u00e9poca. En esa ocasi\u00f3n present\u00f3 un certificado de t\u00edtulo de arquitecto de la Pontificia Universidad Cat\u00f3lica de Chile, el que fue enviado a registro a la Contralor\u00eda Regional, instituci\u00f3n que revis\u00f3 y registr\u00f3 sin formular observaciones a dicho t\u00edtulo\u00bb.<\/p>\n<p class=\"Tex_Normal\">La casa consistorial agreg\u00f3 que \u00aben esta oportunidad, producto de una denuncia efectuada, la Contralor\u00eda volvi\u00f3 a revisar la situaci\u00f3n y verific\u00f3 que esa universidad no le otorg\u00f3 el t\u00edtulo referido, motivo por el cual dispuso el env\u00edo de los antecedentes correspondientes por la actuaci\u00f3n del Sr. de la Fuente al Ministerio P\u00fablico y, adem\u00e1s, que se declarara vacante el cargo, dado que no cumple los requisitos para el mismo\u00bb.<\/p>\n<p class=\"Tex_Normal\">Desde este viernes y hasta que se llene el cupo disponible est\u00e1 ejerciendo las labores en la Direcci\u00f3n de Emergencia el ingeniero constructor Ricardo Mu\u00f1oz.<\/p>\n<p>Por Pamela Boltei<\/p>\n<p><a href=\"http:\/\/www.mercuriovalpo.cl\/impresa\/2016\/01\/26\/full\/cuerpo-principal\/7\/\">Fuente El Mercurio de Valpara\u00edso<\/a><\/p>\n<p>&nbsp;<\/p>\n<p><\/p>","protected":false},"excerpt":{"rendered":"<p>En medio de las complicaciones por las marejadas en Vi\u00f1a del Mar, el municipio desvincul\u00f3 al director del Departamento de Emergencia y Protecci\u00f3n Civil, Jaime de la Fuente, quien trabajaba en la entidad a cargo de resolver parte de los &hellip; <a class=\"more-link\" href=\"https:\/\/colegioarquitectos.com\/noticias\/?p=11213\">ver m\u00e1s<\/a><\/p>","protected":false},"author":4,"featured_media":11214,"comment_status":"open","ping_status":"open","sticky":false,"template":"","format":"standard","meta":{"footnotes":""},"categories":[3],"tags":[],"class_list":["post-11213","post","type-post","status-publish","format-standard","has-post-thumbnail","hentry","category-noticias"],"yoast_head":"<!-- This site is optimized with the Yoast SEO plugin v24.2 - https:\/\/yoast.com\/wordpress\/plugins\/seo\/ -->\n<title>Vi\u00f1a del Mar destituye a director de Emergencia por falsificar t\u00edtulo de arquitecto - COLEGIO DE ARQUITECTOS DE CHILE<\/title>\n<meta name=\"robots\" content=\"index, follow, max-snippet:-1, max-image-preview:large, max-video-preview:-1\" \/>\n<link rel=\"canonical\" href=\"https:\/\/colegioarquitectos.com\/noticias\/?p=11213\" \/>\n<meta property=\"og:locale\" content=\"es_ES\" \/>\n<meta property=\"og:type\" content=\"article\" \/>\n<meta property=\"og:title\" content=\"Vi\u00f1a del Mar destituye a director de Emergencia por falsificar t\u00edtulo de arquitecto - COLEGIO DE ARQUITECTOS DE CHILE\" \/>\n<meta property=\"og:description\" content=\"En medio de las complicaciones por las marejadas en Vi\u00f1a del Mar, el municipio desvincul\u00f3 al director del Departamento de Emergencia y Protecci\u00f3n Civil, Jaime de la Fuente, quien trabajaba en la entidad a cargo de resolver parte de los &hellip; ver m\u00e1s\" \/>\n<meta property=\"og:url\" content=\"https:\/\/colegioarquitectos.com\/noticias\/?p=11213\" \/>\n<meta property=\"og:site_name\" content=\"COLEGIO DE ARQUITECTOS DE CHILE\" \/>\n<meta property=\"article:publisher\" content=\"https:\/\/facebook.com\/Colegioarq\/\" \/>\n<meta property=\"article:published_time\" content=\"2016-01-27T14:02:31+00:00\" \/>\n<meta property=\"og:image\" content=\"https:\/\/colegioarquitectos.com\/noticias\/wp-content\/uploads\/2016\/01\/Municipalidad-Vi\u00f1a.jpg\" \/>\n\t<meta property=\"og:image:width\" content=\"690\" \/>\n\t<meta property=\"og:image:height\" content=\"350\" \/>\n\t<meta property=\"og:image:type\" content=\"image\/jpeg\" \/>\n<meta name=\"author\" content=\"Colegio de Arquitectos de Chile\" \/>\n<meta name=\"twitter:card\" content=\"summary_large_image\" \/>\n<meta name=\"twitter:creator\" content=\"@colegioarq\" \/>\n<meta name=\"twitter:site\" content=\"@colegioarq\" \/>\n<meta name=\"twitter:label1\" content=\"Escrito por\" \/>\n\t<meta name=\"twitter:data1\" content=\"Colegio de Arquitectos de Chile\" \/>\n\t<meta name=\"twitter:label2\" content=\"Tiempo de lectura\" \/>\n\t<meta name=\"twitter:data2\" content=\"2 minutos\" \/>\n<script type=\"application\/ld+json\" class=\"yoast-schema-graph\">{\"@context\":\"https:\/\/schema.org\",\"@graph\":[{\"@type\":\"Article\",\"@id\":\"https:\/\/colegioarquitectos.com\/noticias\/?p=11213#article\",\"isPartOf\":{\"@id\":\"https:\/\/colegioarquitectos.com\/noticias\/?p=11213\"},\"author\":{\"name\":\"Colegio de Arquitectos de Chile\",\"@id\":\"https:\/\/colegioarquitectos.com\/noticias\/#\/schema\/person\/685cc0aad148303c5608f049af8285ad\"},\"headline\":\"Vi\u00f1a del Mar destituye a director de Emergencia por falsificar t\u00edtulo de arquitecto\",\"datePublished\":\"2016-01-27T14:02:31+00:00\",\"dateModified\":\"2016-01-27T14:02:31+00:00\",\"mainEntityOfPage\":{\"@id\":\"https:\/\/colegioarquitectos.com\/noticias\/?p=11213\"},\"wordCount\":481,\"commentCount\":1,\"publisher\":{\"@id\":\"https:\/\/colegioarquitectos.com\/noticias\/#organization\"},\"image\":{\"@id\":\"https:\/\/colegioarquitectos.com\/noticias\/?p=11213#primaryimage\"},\"thumbnailUrl\":\"https:\/\/colegioarquitectos.com\/noticias\/wp-content\/uploads\/2016\/01\/Municipalidad-Vi\u00f1a.jpg\",\"articleSection\":[\"Noticias\"],\"inLanguage\":\"es\",\"potentialAction\":[{\"@type\":\"CommentAction\",\"name\":\"Comment\",\"target\":[\"https:\/\/colegioarquitectos.com\/noticias\/?p=11213#respond\"]}]},{\"@type\":\"WebPage\",\"@id\":\"https:\/\/colegioarquitectos.com\/noticias\/?p=11213\",\"url\":\"https:\/\/colegioarquitectos.com\/noticias\/?p=11213\",\"name\":\"Vi\u00f1a del Mar destituye a director de Emergencia por falsificar t\u00edtulo de arquitecto - COLEGIO DE ARQUITECTOS DE CHILE\",\"isPartOf\":{\"@id\":\"https:\/\/colegioarquitectos.com\/noticias\/#website\"},\"primaryImageOfPage\":{\"@id\":\"https:\/\/colegioarquitectos.com\/noticias\/?p=11213#primaryimage\"},\"image\":{\"@id\":\"https:\/\/colegioarquitectos.com\/noticias\/?p=11213#primaryimage\"},\"thumbnailUrl\":\"https:\/\/colegioarquitectos.com\/noticias\/wp-content\/uploads\/2016\/01\/Municipalidad-Vi\u00f1a.jpg\",\"datePublished\":\"2016-01-27T14:02:31+00:00\",\"dateModified\":\"2016-01-27T14:02:31+00:00\",\"breadcrumb\":{\"@id\":\"https:\/\/colegioarquitectos.com\/noticias\/?p=11213#breadcrumb\"},\"inLanguage\":\"es\",\"potentialAction\":[{\"@type\":\"ReadAction\",\"target\":[\"https:\/\/colegioarquitectos.com\/noticias\/?p=11213\"]}]},{\"@type\":\"ImageObject\",\"inLanguage\":\"es\",\"@id\":\"https:\/\/colegioarquitectos.com\/noticias\/?p=11213#primaryimage\",\"url\":\"https:\/\/colegioarquitectos.com\/noticias\/wp-content\/uploads\/2016\/01\/Municipalidad-Vi\u00f1a.jpg\",\"contentUrl\":\"https:\/\/colegioarquitectos.com\/noticias\/wp-content\/uploads\/2016\/01\/Municipalidad-Vi\u00f1a.jpg\",\"width\":690,\"height\":350},{\"@type\":\"BreadcrumbList\",\"@id\":\"https:\/\/colegioarquitectos.com\/noticias\/?p=11213#breadcrumb\",\"itemListElement\":[{\"@type\":\"ListItem\",\"position\":1,\"name\":\"Portada\",\"item\":\"https:\/\/colegioarquitectos.com\/noticias\"},{\"@type\":\"ListItem\",\"position\":2,\"name\":\"Vi\u00f1a del Mar destituye a director de Emergencia por falsificar t\u00edtulo de arquitecto\"}]},{\"@type\":\"WebSite\",\"@id\":\"https:\/\/colegioarquitectos.com\/noticias\/#website\",\"url\":\"https:\/\/colegioarquitectos.com\/noticias\/\",\"name\":\"COLEGIO DE ARQUITECTOS DE CHILE\",\"description\":\"\",\"publisher\":{\"@id\":\"https:\/\/colegioarquitectos.com\/noticias\/#organization\"},\"potentialAction\":[{\"@type\":\"SearchAction\",\"target\":{\"@type\":\"EntryPoint\",\"urlTemplate\":\"https:\/\/colegioarquitectos.com\/noticias\/?s={search_term_string}\"},\"query-input\":{\"@type\":\"PropertyValueSpecification\",\"valueRequired\":true,\"valueName\":\"search_term_string\"}}],\"inLanguage\":\"es\"},{\"@type\":\"Organization\",\"@id\":\"https:\/\/colegioarquitectos.com\/noticias\/#organization\",\"name\":\"COLEGIO DE ARQUITECTOS DE CHILE\",\"url\":\"https:\/\/colegioarquitectos.com\/noticias\/\",\"logo\":{\"@type\":\"ImageObject\",\"inLanguage\":\"es\",\"@id\":\"https:\/\/colegioarquitectos.com\/noticias\/#\/schema\/logo\/image\/\",\"url\":\"https:\/\/colegioarquitectos.com\/noticias\/wp-content\/uploads\/2021\/05\/ENCABEZADO-LOGO-CA.jpg\",\"contentUrl\":\"https:\/\/colegioarquitectos.com\/noticias\/wp-content\/uploads\/2021\/05\/ENCABEZADO-LOGO-CA.jpg\",\"width\":690,\"height\":350,\"caption\":\"COLEGIO DE ARQUITECTOS DE CHILE\"},\"image\":{\"@id\":\"https:\/\/colegioarquitectos.com\/noticias\/#\/schema\/logo\/image\/\"},\"sameAs\":[\"https:\/\/facebook.com\/Colegioarq\/\",\"https:\/\/x.com\/colegioarq\",\"https:\/\/instagram.com\/colegioarq\",\"https:\/\/youtube.com\/@ColegiodeArquitectosdeChile\"]},{\"@type\":\"Person\",\"@id\":\"https:\/\/colegioarquitectos.com\/noticias\/#\/schema\/person\/685cc0aad148303c5608f049af8285ad\",\"name\":\"Colegio de Arquitectos de Chile\",\"url\":\"https:\/\/colegioarquitectos.com\/noticias\/?author=4\"}]}<\/script>\n<!-- \/ Yoast SEO plugin. -->","yoast_head_json":{"title":"Vi\u00f1a del Mar destituye a director de Emergencia por falsificar t\u00edtulo de arquitecto - COLEGIO DE ARQUITECTOS DE CHILE","robots":{"index":"index","follow":"follow","max-snippet":"max-snippet:-1","max-image-preview":"max-image-preview:large","max-video-preview":"max-video-preview:-1"},"canonical":"https:\/\/colegioarquitectos.com\/noticias\/?p=11213","og_locale":"es_ES","og_type":"article","og_title":"Vi\u00f1a del Mar destituye a director de Emergencia por falsificar t\u00edtulo de arquitecto - COLEGIO DE ARQUITECTOS DE CHILE","og_description":"En medio de las complicaciones por las marejadas en Vi\u00f1a del Mar, el municipio desvincul\u00f3 al director del Departamento de Emergencia y Protecci\u00f3n Civil, Jaime de la Fuente, quien trabajaba en la entidad a cargo de resolver parte de los &hellip; ver m\u00e1s","og_url":"https:\/\/colegioarquitectos.com\/noticias\/?p=11213","og_site_name":"COLEGIO DE ARQUITECTOS DE CHILE","article_publisher":"https:\/\/facebook.com\/Colegioarq\/","article_published_time":"2016-01-27T14:02:31+00:00","og_image":[{"width":690,"height":350,"url":"https:\/\/colegioarquitectos.com\/noticias\/wp-content\/uploads\/2016\/01\/Municipalidad-Vi\u00f1a.jpg","type":"image\/jpeg"}],"author":"Colegio de Arquitectos de Chile","twitter_card":"summary_large_image","twitter_creator":"@colegioarq","twitter_site":"@colegioarq","twitter_misc":{"Escrito por":"Colegio de Arquitectos de Chile","Tiempo de lectura":"2 minutos"},"schema":{"@context":"https:\/\/schema.org","@graph":[{"@type":"Article","@id":"https:\/\/colegioarquitectos.com\/noticias\/?p=11213#article","isPartOf":{"@id":"https:\/\/colegioarquitectos.com\/noticias\/?p=11213"},"author":{"name":"Colegio de Arquitectos de Chile","@id":"https:\/\/colegioarquitectos.com\/noticias\/#\/schema\/person\/685cc0aad148303c5608f049af8285ad"},"headline":"Vi\u00f1a del Mar destituye a director de Emergencia por falsificar t\u00edtulo de arquitecto","datePublished":"2016-01-27T14:02:31+00:00","dateModified":"2016-01-27T14:02:31+00:00","mainEntityOfPage":{"@id":"https:\/\/colegioarquitectos.com\/noticias\/?p=11213"},"wordCount":481,"commentCount":1,"publisher":{"@id":"https:\/\/colegioarquitectos.com\/noticias\/#organization"},"image":{"@id":"https:\/\/colegioarquitectos.com\/noticias\/?p=11213#primaryimage"},"thumbnailUrl":"https:\/\/colegioarquitectos.com\/noticias\/wp-content\/uploads\/2016\/01\/Municipalidad-Vi\u00f1a.jpg","articleSection":["Noticias"],"inLanguage":"es","potentialAction":[{"@type":"CommentAction","name":"Comment","target":["https:\/\/colegioarquitectos.com\/noticias\/?p=11213#respond"]}]},{"@type":"WebPage","@id":"https:\/\/colegioarquitectos.com\/noticias\/?p=11213","url":"https:\/\/colegioarquitectos.com\/noticias\/?p=11213","name":"Vi\u00f1a del Mar destituye a director de Emergencia por falsificar t\u00edtulo de arquitecto - COLEGIO DE ARQUITECTOS DE CHILE","isPartOf":{"@id":"https:\/\/colegioarquitectos.com\/noticias\/#website"},"primaryImageOfPage":{"@id":"https:\/\/colegioarquitectos.com\/noticias\/?p=11213#primaryimage"},"image":{"@id":"https:\/\/colegioarquitectos.com\/noticias\/?p=11213#primaryimage"},"thumbnailUrl":"https:\/\/colegioarquitectos.com\/noticias\/wp-content\/uploads\/2016\/01\/Municipalidad-Vi\u00f1a.jpg","datePublished":"2016-01-27T14:02:31+00:00","dateModified":"2016-01-27T14:02:31+00:00","breadcrumb":{"@id":"https:\/\/colegioarquitectos.com\/noticias\/?p=11213#breadcrumb"},"inLanguage":"es","potentialAction":[{"@type":"ReadAction","target":["https:\/\/colegioarquitectos.com\/noticias\/?p=11213"]}]},{"@type":"ImageObject","inLanguage":"es","@id":"https:\/\/colegioarquitectos.com\/noticias\/?p=11213#primaryimage","url":"https:\/\/colegioarquitectos.com\/noticias\/wp-content\/uploads\/2016\/01\/Municipalidad-Vi\u00f1a.jpg","contentUrl":"https:\/\/colegioarquitectos.com\/noticias\/wp-content\/uploads\/2016\/01\/Municipalidad-Vi\u00f1a.jpg","width":690,"height":350},{"@type":"BreadcrumbList","@id":"https:\/\/colegioarquitectos.com\/noticias\/?p=11213#breadcrumb","itemListElement":[{"@type":"ListItem","position":1,"name":"Portada","item":"https:\/\/colegioarquitectos.com\/noticias"},{"@type":"ListItem","position":2,"name":"Vi\u00f1a del Mar destituye a director de Emergencia por falsificar t\u00edtulo de arquitecto"}]},{"@type":"WebSite","@id":"https:\/\/colegioarquitectos.com\/noticias\/#website","url":"https:\/\/colegioarquitectos.com\/noticias\/","name":"COLEGIO DE ARQUITECTOS DE CHILE","description":"","publisher":{"@id":"https:\/\/colegioarquitectos.com\/noticias\/#organization"},"potentialAction":[{"@type":"SearchAction","target":{"@type":"EntryPoint","urlTemplate":"https:\/\/colegioarquitectos.com\/noticias\/?s={search_term_string}"},"query-input":{"@type":"PropertyValueSpecification","valueRequired":true,"valueName":"search_term_string"}}],"inLanguage":"es"},{"@type":"Organization","@id":"https:\/\/colegioarquitectos.com\/noticias\/#organization","name":"COLEGIO DE ARQUITECTOS DE CHILE","url":"https:\/\/colegioarquitectos.com\/noticias\/","logo":{"@type":"ImageObject","inLanguage":"es","@id":"https:\/\/colegioarquitectos.com\/noticias\/#\/schema\/logo\/image\/","url":"https:\/\/colegioarquitectos.com\/noticias\/wp-content\/uploads\/2021\/05\/ENCABEZADO-LOGO-CA.jpg","contentUrl":"https:\/\/colegioarquitectos.com\/noticias\/wp-content\/uploads\/2021\/05\/ENCABEZADO-LOGO-CA.jpg","width":690,"height":350,"caption":"COLEGIO DE ARQUITECTOS DE CHILE"},"image":{"@id":"https:\/\/colegioarquitectos.com\/noticias\/#\/schema\/logo\/image\/"},"sameAs":["https:\/\/facebook.com\/Colegioarq\/","https:\/\/x.com\/colegioarq","https:\/\/instagram.com\/colegioarq","https:\/\/youtube.com\/@ColegiodeArquitectosdeChile"]},{"@type":"Person","@id":"https:\/\/colegioarquitectos.com\/noticias\/#\/schema\/person\/685cc0aad148303c5608f049af8285ad","name":"Colegio de Arquitectos de Chile","url":"https:\/\/colegioarquitectos.com\/noticias\/?author=4"}]}},"_links":{"self":[{"href":"https:\/\/colegioarquitectos.com\/noticias\/index.php?rest_route=\/wp\/v2\/posts\/11213","targetHints":{"allow":["GET"]}}],"collection":[{"href":"https:\/\/colegioarquitectos.com\/noticias\/index.php?rest_route=\/wp\/v2\/posts"}],"about":[{"href":"https:\/\/colegioarquitectos.com\/noticias\/index.php?rest_route=\/wp\/v2\/types\/post"}],"author":[{"embeddable":true,"href":"https:\/\/colegioarquitectos.com\/noticias\/index.php?rest_route=\/wp\/v2\/users\/4"}],"replies":[{"embeddable":true,"href":"https:\/\/colegioarquitectos.com\/noticias\/index.php?rest_route=%2Fwp%2Fv2%2Fcomments&post=11213"}],"version-history":[{"count":0,"href":"https:\/\/colegioarquitectos.com\/noticias\/index.php?rest_route=\/wp\/v2\/posts\/11213\/revisions"}],"wp:featuredmedia":[{"embeddable":true,"href":"https:\/\/colegioarquitectos.com\/noticias\/index.php?rest_route=\/wp\/v2\/media\/11214"}],"wp:attachment":[{"href":"https:\/\/colegioarquitectos.com\/noticias\/index.php?rest_route=%2Fwp%2Fv2%2Fmedia&parent=11213"}],"wp:term":[{"taxonomy":"category","embeddable":true,"href":"https:\/\/colegioarquitectos.com\/noticias\/index.php?rest_route=%2Fwp%2Fv2%2Fcategories&post=11213"},{"taxonomy":"post_tag","embeddable":true,"href":"https:\/\/colegioarquitectos.com\/noticias\/index.php?rest_route=%2Fwp%2Fv2%2Ftags&post=11213"}],"curies":[{"name":"wp","href":"https:\/\/api.w.org\/{rel}","templated":true}]}}