
{"id":11317,"date":"2016-02-24T11:11:58","date_gmt":"2016-02-24T11:11:58","guid":{"rendered":"http:\/\/colegioarquitectos.com\/?p=11317"},"modified":"2016-02-24T18:18:03","modified_gmt":"2016-02-24T18:18:03","slug":"corte-de-apelaciones-rechaza-recurso-contra-memorial-en-providencia","status":"publish","type":"post","link":"https:\/\/colegioarquitectos.com\/noticias\/?p=11317","title":{"rendered":"Corte de Apelaciones rechaza recurso contra memorial en Providencia"},"content":{"rendered":"<p>La<strong> Tercera Sala de la Corte de Apelaciones<\/strong> rechaz\u00f3 el recurso de protecci\u00f3n presentado por vecinos, en contra de <strong>la Municipalidad de Providencia<\/strong> para la construcci\u00f3n de un memorial en recuerdo <strong>al caso Degollados.<\/strong><\/p>\n<p>Los vecinos de la <strong>Comunidad Edificio Espacio Los Leones<\/strong> presentaron el recurso en contra de la Municipalidad de Providencia, argumento, entre otras cosas, que quieren vivir en un lugar tranquilo sin posiciones pol\u00edticas.<\/p>\n<p>El fallo de la corte precisa que \u00ab<strong>en todo este procedimiento no se observa de manera alguna que las decisiones adoptadas obedezcan al mero capricho de la Municipalidad recurrida<\/strong>, sino que, por el contrario, ellas fueron el producto final de un proceso que implic\u00f3 la recepci\u00f3n de una propuesta, m\u00e1s de una reuni\u00f3n con la comunidad recurrente y una con dos Juntas de Vecinos y un encuentro de amplia convocatoria\u00bb.<\/p>\n<p>Agrega tambi\u00e9n que \u00abordenar la construcci\u00f3n e instalaci\u00f3n de un monumento en memoria de tres profesores secuestrados con fecha 29 de marzo de 1985, en la esquina de avenida Los Leones con calle El Vergel, que corresponde a un \u00e1rea cedida gratuitamente a la Municipalidad de Providencia con destino de vialidad por el propietario\u00bb.<\/p>\n<p><em>Por\u00a0Ang\u00e9lica Baeza Palavecino<\/em><\/p>\n<p><a href=\"http:\/\/www.latercera.com\/noticia\/nacional\/2016\/02\/680-669670-9-caso-degollados-corte-de-apelaciones-rechaza-recurso-contra-memorial-en.shtml\">Fuente: La Tercera\u00a0<\/a><\/p>\n<p>&nbsp;<\/p>\n<p><em>La iniciativa de este Memorial fue apoyada por el Colegio de Arquitectos de Chile, su Directorio Nacional y el Comit\u00e9 de Derechos Humanos de la misma Instituci\u00f3n.<\/em><\/p>\n<p><\/p>","protected":false},"excerpt":{"rendered":"<p>La Tercera Sala de la Corte de Apelaciones rechaz\u00f3 el recurso de protecci\u00f3n presentado por vecinos, en contra de la Municipalidad de Providencia para la construcci\u00f3n de un memorial en recuerdo al caso Degollados. Los vecinos de la Comunidad Edificio &hellip; <a class=\"more-link\" href=\"https:\/\/colegioarquitectos.com\/noticias\/?p=11317\">ver m\u00e1s<\/a><\/p>","protected":false},"author":4,"featured_media":11318,"comment_status":"open","ping_status":"open","sticky":false,"template":"","format":"standard","meta":{"footnotes":""},"categories":[3],"tags":[],"class_list":["post-11317","post","type-post","status-publish","format-standard","has-post-thumbnail","hentry","category-noticias"],"yoast_head":"<!-- This site is optimized with the Yoast SEO plugin v24.2 - https:\/\/yoast.com\/wordpress\/plugins\/seo\/ -->\n<title>Corte de Apelaciones rechaza recurso contra memorial en Providencia - COLEGIO DE ARQUITECTOS DE CHILE<\/title>\n<meta name=\"robots\" content=\"index, follow, max-snippet:-1, max-image-preview:large, max-video-preview:-1\" \/>\n<link rel=\"canonical\" href=\"https:\/\/colegioarquitectos.com\/noticias\/?p=11317\" \/>\n<meta property=\"og:locale\" content=\"es_ES\" \/>\n<meta property=\"og:type\" content=\"article\" \/>\n<meta property=\"og:title\" content=\"Corte de Apelaciones rechaza recurso contra memorial en Providencia - COLEGIO DE ARQUITECTOS DE CHILE\" \/>\n<meta property=\"og:description\" content=\"La Tercera Sala de la Corte de Apelaciones rechaz\u00f3 el recurso de protecci\u00f3n presentado por vecinos, en contra de la Municipalidad de Providencia para la construcci\u00f3n de un memorial en recuerdo al caso Degollados. Los vecinos de la Comunidad Edificio &hellip; ver m\u00e1s\" \/>\n<meta property=\"og:url\" content=\"https:\/\/colegioarquitectos.com\/noticias\/?p=11317\" \/>\n<meta property=\"og:site_name\" content=\"COLEGIO DE ARQUITECTOS DE CHILE\" \/>\n<meta property=\"article:publisher\" content=\"https:\/\/facebook.com\/Colegioarq\/\" \/>\n<meta property=\"article:published_time\" content=\"2016-02-24T11:11:58+00:00\" \/>\n<meta property=\"article:modified_time\" content=\"2016-02-24T18:18:03+00:00\" \/>\n<meta property=\"og:image\" content=\"https:\/\/colegioarquitectos.com\/noticias\/wp-content\/uploads\/2016\/02\/Memorial.jpg\" \/>\n\t<meta property=\"og:image:width\" content=\"900\" \/>\n\t<meta property=\"og:image:height\" content=\"450\" \/>\n\t<meta property=\"og:image:type\" content=\"image\/jpeg\" \/>\n<meta name=\"author\" content=\"Colegio de Arquitectos de Chile\" \/>\n<meta name=\"twitter:card\" content=\"summary_large_image\" \/>\n<meta name=\"twitter:creator\" content=\"@colegioarq\" \/>\n<meta name=\"twitter:site\" content=\"@colegioarq\" \/>\n<meta name=\"twitter:label1\" content=\"Escrito por\" \/>\n\t<meta name=\"twitter:data1\" content=\"Colegio de Arquitectos de Chile\" \/>\n\t<meta name=\"twitter:label2\" content=\"Tiempo de lectura\" \/>\n\t<meta name=\"twitter:data2\" content=\"1 minuto\" \/>\n<script type=\"application\/ld+json\" class=\"yoast-schema-graph\">{\"@context\":\"https:\/\/schema.org\",\"@graph\":[{\"@type\":\"Article\",\"@id\":\"https:\/\/colegioarquitectos.com\/noticias\/?p=11317#article\",\"isPartOf\":{\"@id\":\"https:\/\/colegioarquitectos.com\/noticias\/?p=11317\"},\"author\":{\"name\":\"Colegio de Arquitectos de Chile\",\"@id\":\"https:\/\/colegioarquitectos.com\/noticias\/#\/schema\/person\/685cc0aad148303c5608f049af8285ad\"},\"headline\":\"Corte de Apelaciones rechaza recurso contra memorial en Providencia\",\"datePublished\":\"2016-02-24T11:11:58+00:00\",\"dateModified\":\"2016-02-24T18:18:03+00:00\",\"mainEntityOfPage\":{\"@id\":\"https:\/\/colegioarquitectos.com\/noticias\/?p=11317\"},\"wordCount\":244,\"commentCount\":0,\"publisher\":{\"@id\":\"https:\/\/colegioarquitectos.com\/noticias\/#organization\"},\"image\":{\"@id\":\"https:\/\/colegioarquitectos.com\/noticias\/?p=11317#primaryimage\"},\"thumbnailUrl\":\"https:\/\/colegioarquitectos.com\/noticias\/wp-content\/uploads\/2016\/02\/Memorial.jpg\",\"articleSection\":[\"Noticias\"],\"inLanguage\":\"es\",\"potentialAction\":[{\"@type\":\"CommentAction\",\"name\":\"Comment\",\"target\":[\"https:\/\/colegioarquitectos.com\/noticias\/?p=11317#respond\"]}]},{\"@type\":\"WebPage\",\"@id\":\"https:\/\/colegioarquitectos.com\/noticias\/?p=11317\",\"url\":\"https:\/\/colegioarquitectos.com\/noticias\/?p=11317\",\"name\":\"Corte de Apelaciones rechaza recurso contra memorial en Providencia - COLEGIO DE ARQUITECTOS DE CHILE\",\"isPartOf\":{\"@id\":\"https:\/\/colegioarquitectos.com\/noticias\/#website\"},\"primaryImageOfPage\":{\"@id\":\"https:\/\/colegioarquitectos.com\/noticias\/?p=11317#primaryimage\"},\"image\":{\"@id\":\"https:\/\/colegioarquitectos.com\/noticias\/?p=11317#primaryimage\"},\"thumbnailUrl\":\"https:\/\/colegioarquitectos.com\/noticias\/wp-content\/uploads\/2016\/02\/Memorial.jpg\",\"datePublished\":\"2016-02-24T11:11:58+00:00\",\"dateModified\":\"2016-02-24T18:18:03+00:00\",\"breadcrumb\":{\"@id\":\"https:\/\/colegioarquitectos.com\/noticias\/?p=11317#breadcrumb\"},\"inLanguage\":\"es\",\"potentialAction\":[{\"@type\":\"ReadAction\",\"target\":[\"https:\/\/colegioarquitectos.com\/noticias\/?p=11317\"]}]},{\"@type\":\"ImageObject\",\"inLanguage\":\"es\",\"@id\":\"https:\/\/colegioarquitectos.com\/noticias\/?p=11317#primaryimage\",\"url\":\"https:\/\/colegioarquitectos.com\/noticias\/wp-content\/uploads\/2016\/02\/Memorial.jpg\",\"contentUrl\":\"https:\/\/colegioarquitectos.com\/noticias\/wp-content\/uploads\/2016\/02\/Memorial.jpg\",\"width\":900,\"height\":450},{\"@type\":\"BreadcrumbList\",\"@id\":\"https:\/\/colegioarquitectos.com\/noticias\/?p=11317#breadcrumb\",\"itemListElement\":[{\"@type\":\"ListItem\",\"position\":1,\"name\":\"Portada\",\"item\":\"https:\/\/colegioarquitectos.com\/noticias\"},{\"@type\":\"ListItem\",\"position\":2,\"name\":\"Corte de Apelaciones rechaza recurso contra memorial en Providencia\"}]},{\"@type\":\"WebSite\",\"@id\":\"https:\/\/colegioarquitectos.com\/noticias\/#website\",\"url\":\"https:\/\/colegioarquitectos.com\/noticias\/\",\"name\":\"COLEGIO DE ARQUITECTOS DE CHILE\",\"description\":\"\",\"publisher\":{\"@id\":\"https:\/\/colegioarquitectos.com\/noticias\/#organization\"},\"potentialAction\":[{\"@type\":\"SearchAction\",\"target\":{\"@type\":\"EntryPoint\",\"urlTemplate\":\"https:\/\/colegioarquitectos.com\/noticias\/?s={search_term_string}\"},\"query-input\":{\"@type\":\"PropertyValueSpecification\",\"valueRequired\":true,\"valueName\":\"search_term_string\"}}],\"inLanguage\":\"es\"},{\"@type\":\"Organization\",\"@id\":\"https:\/\/colegioarquitectos.com\/noticias\/#organization\",\"name\":\"COLEGIO DE ARQUITECTOS DE CHILE\",\"url\":\"https:\/\/colegioarquitectos.com\/noticias\/\",\"logo\":{\"@type\":\"ImageObject\",\"inLanguage\":\"es\",\"@id\":\"https:\/\/colegioarquitectos.com\/noticias\/#\/schema\/logo\/image\/\",\"url\":\"https:\/\/colegioarquitectos.com\/noticias\/wp-content\/uploads\/2021\/05\/ENCABEZADO-LOGO-CA.jpg\",\"contentUrl\":\"https:\/\/colegioarquitectos.com\/noticias\/wp-content\/uploads\/2021\/05\/ENCABEZADO-LOGO-CA.jpg\",\"width\":690,\"height\":350,\"caption\":\"COLEGIO DE ARQUITECTOS DE CHILE\"},\"image\":{\"@id\":\"https:\/\/colegioarquitectos.com\/noticias\/#\/schema\/logo\/image\/\"},\"sameAs\":[\"https:\/\/facebook.com\/Colegioarq\/\",\"https:\/\/x.com\/colegioarq\",\"https:\/\/instagram.com\/colegioarq\",\"https:\/\/youtube.com\/@ColegiodeArquitectosdeChile\"]},{\"@type\":\"Person\",\"@id\":\"https:\/\/colegioarquitectos.com\/noticias\/#\/schema\/person\/685cc0aad148303c5608f049af8285ad\",\"name\":\"Colegio de Arquitectos de Chile\",\"url\":\"https:\/\/colegioarquitectos.com\/noticias\/?author=4\"}]}<\/script>\n<!-- \/ Yoast SEO plugin. -->","yoast_head_json":{"title":"Corte de Apelaciones rechaza recurso contra memorial en Providencia - COLEGIO DE ARQUITECTOS DE CHILE","robots":{"index":"index","follow":"follow","max-snippet":"max-snippet:-1","max-image-preview":"max-image-preview:large","max-video-preview":"max-video-preview:-1"},"canonical":"https:\/\/colegioarquitectos.com\/noticias\/?p=11317","og_locale":"es_ES","og_type":"article","og_title":"Corte de Apelaciones rechaza recurso contra memorial en Providencia - COLEGIO DE ARQUITECTOS DE CHILE","og_description":"La Tercera Sala de la Corte de Apelaciones rechaz\u00f3 el recurso de protecci\u00f3n presentado por vecinos, en contra de la Municipalidad de Providencia para la construcci\u00f3n de un memorial en recuerdo al caso Degollados. Los vecinos de la Comunidad Edificio &hellip; ver m\u00e1s","og_url":"https:\/\/colegioarquitectos.com\/noticias\/?p=11317","og_site_name":"COLEGIO DE ARQUITECTOS DE CHILE","article_publisher":"https:\/\/facebook.com\/Colegioarq\/","article_published_time":"2016-02-24T11:11:58+00:00","article_modified_time":"2016-02-24T18:18:03+00:00","og_image":[{"width":900,"height":450,"url":"https:\/\/colegioarquitectos.com\/noticias\/wp-content\/uploads\/2016\/02\/Memorial.jpg","type":"image\/jpeg"}],"author":"Colegio de Arquitectos de Chile","twitter_card":"summary_large_image","twitter_creator":"@colegioarq","twitter_site":"@colegioarq","twitter_misc":{"Escrito por":"Colegio de Arquitectos de Chile","Tiempo de lectura":"1 minuto"},"schema":{"@context":"https:\/\/schema.org","@graph":[{"@type":"Article","@id":"https:\/\/colegioarquitectos.com\/noticias\/?p=11317#article","isPartOf":{"@id":"https:\/\/colegioarquitectos.com\/noticias\/?p=11317"},"author":{"name":"Colegio de Arquitectos de Chile","@id":"https:\/\/colegioarquitectos.com\/noticias\/#\/schema\/person\/685cc0aad148303c5608f049af8285ad"},"headline":"Corte de Apelaciones rechaza recurso contra memorial en Providencia","datePublished":"2016-02-24T11:11:58+00:00","dateModified":"2016-02-24T18:18:03+00:00","mainEntityOfPage":{"@id":"https:\/\/colegioarquitectos.com\/noticias\/?p=11317"},"wordCount":244,"commentCount":0,"publisher":{"@id":"https:\/\/colegioarquitectos.com\/noticias\/#organization"},"image":{"@id":"https:\/\/colegioarquitectos.com\/noticias\/?p=11317#primaryimage"},"thumbnailUrl":"https:\/\/colegioarquitectos.com\/noticias\/wp-content\/uploads\/2016\/02\/Memorial.jpg","articleSection":["Noticias"],"inLanguage":"es","potentialAction":[{"@type":"CommentAction","name":"Comment","target":["https:\/\/colegioarquitectos.com\/noticias\/?p=11317#respond"]}]},{"@type":"WebPage","@id":"https:\/\/colegioarquitectos.com\/noticias\/?p=11317","url":"https:\/\/colegioarquitectos.com\/noticias\/?p=11317","name":"Corte de Apelaciones rechaza recurso contra memorial en Providencia - COLEGIO DE ARQUITECTOS DE CHILE","isPartOf":{"@id":"https:\/\/colegioarquitectos.com\/noticias\/#website"},"primaryImageOfPage":{"@id":"https:\/\/colegioarquitectos.com\/noticias\/?p=11317#primaryimage"},"image":{"@id":"https:\/\/colegioarquitectos.com\/noticias\/?p=11317#primaryimage"},"thumbnailUrl":"https:\/\/colegioarquitectos.com\/noticias\/wp-content\/uploads\/2016\/02\/Memorial.jpg","datePublished":"2016-02-24T11:11:58+00:00","dateModified":"2016-02-24T18:18:03+00:00","breadcrumb":{"@id":"https:\/\/colegioarquitectos.com\/noticias\/?p=11317#breadcrumb"},"inLanguage":"es","potentialAction":[{"@type":"ReadAction","target":["https:\/\/colegioarquitectos.com\/noticias\/?p=11317"]}]},{"@type":"ImageObject","inLanguage":"es","@id":"https:\/\/colegioarquitectos.com\/noticias\/?p=11317#primaryimage","url":"https:\/\/colegioarquitectos.com\/noticias\/wp-content\/uploads\/2016\/02\/Memorial.jpg","contentUrl":"https:\/\/colegioarquitectos.com\/noticias\/wp-content\/uploads\/2016\/02\/Memorial.jpg","width":900,"height":450},{"@type":"BreadcrumbList","@id":"https:\/\/colegioarquitectos.com\/noticias\/?p=11317#breadcrumb","itemListElement":[{"@type":"ListItem","position":1,"name":"Portada","item":"https:\/\/colegioarquitectos.com\/noticias"},{"@type":"ListItem","position":2,"name":"Corte de Apelaciones rechaza recurso contra memorial en Providencia"}]},{"@type":"WebSite","@id":"https:\/\/colegioarquitectos.com\/noticias\/#website","url":"https:\/\/colegioarquitectos.com\/noticias\/","name":"COLEGIO DE ARQUITECTOS DE CHILE","description":"","publisher":{"@id":"https:\/\/colegioarquitectos.com\/noticias\/#organization"},"potentialAction":[{"@type":"SearchAction","target":{"@type":"EntryPoint","urlTemplate":"https:\/\/colegioarquitectos.com\/noticias\/?s={search_term_string}"},"query-input":{"@type":"PropertyValueSpecification","valueRequired":true,"valueName":"search_term_string"}}],"inLanguage":"es"},{"@type":"Organization","@id":"https:\/\/colegioarquitectos.com\/noticias\/#organization","name":"COLEGIO DE ARQUITECTOS DE CHILE","url":"https:\/\/colegioarquitectos.com\/noticias\/","logo":{"@type":"ImageObject","inLanguage":"es","@id":"https:\/\/colegioarquitectos.com\/noticias\/#\/schema\/logo\/image\/","url":"https:\/\/colegioarquitectos.com\/noticias\/wp-content\/uploads\/2021\/05\/ENCABEZADO-LOGO-CA.jpg","contentUrl":"https:\/\/colegioarquitectos.com\/noticias\/wp-content\/uploads\/2021\/05\/ENCABEZADO-LOGO-CA.jpg","width":690,"height":350,"caption":"COLEGIO DE ARQUITECTOS DE CHILE"},"image":{"@id":"https:\/\/colegioarquitectos.com\/noticias\/#\/schema\/logo\/image\/"},"sameAs":["https:\/\/facebook.com\/Colegioarq\/","https:\/\/x.com\/colegioarq","https:\/\/instagram.com\/colegioarq","https:\/\/youtube.com\/@ColegiodeArquitectosdeChile"]},{"@type":"Person","@id":"https:\/\/colegioarquitectos.com\/noticias\/#\/schema\/person\/685cc0aad148303c5608f049af8285ad","name":"Colegio de Arquitectos de Chile","url":"https:\/\/colegioarquitectos.com\/noticias\/?author=4"}]}},"_links":{"self":[{"href":"https:\/\/colegioarquitectos.com\/noticias\/index.php?rest_route=\/wp\/v2\/posts\/11317","targetHints":{"allow":["GET"]}}],"collection":[{"href":"https:\/\/colegioarquitectos.com\/noticias\/index.php?rest_route=\/wp\/v2\/posts"}],"about":[{"href":"https:\/\/colegioarquitectos.com\/noticias\/index.php?rest_route=\/wp\/v2\/types\/post"}],"author":[{"embeddable":true,"href":"https:\/\/colegioarquitectos.com\/noticias\/index.php?rest_route=\/wp\/v2\/users\/4"}],"replies":[{"embeddable":true,"href":"https:\/\/colegioarquitectos.com\/noticias\/index.php?rest_route=%2Fwp%2Fv2%2Fcomments&post=11317"}],"version-history":[{"count":0,"href":"https:\/\/colegioarquitectos.com\/noticias\/index.php?rest_route=\/wp\/v2\/posts\/11317\/revisions"}],"wp:featuredmedia":[{"embeddable":true,"href":"https:\/\/colegioarquitectos.com\/noticias\/index.php?rest_route=\/wp\/v2\/media\/11318"}],"wp:attachment":[{"href":"https:\/\/colegioarquitectos.com\/noticias\/index.php?rest_route=%2Fwp%2Fv2%2Fmedia&parent=11317"}],"wp:term":[{"taxonomy":"category","embeddable":true,"href":"https:\/\/colegioarquitectos.com\/noticias\/index.php?rest_route=%2Fwp%2Fv2%2Fcategories&post=11317"},{"taxonomy":"post_tag","embeddable":true,"href":"https:\/\/colegioarquitectos.com\/noticias\/index.php?rest_route=%2Fwp%2Fv2%2Ftags&post=11317"}],"curies":[{"name":"wp","href":"https:\/\/api.w.org\/{rel}","templated":true}]}}