
{"id":11501,"date":"2016-03-08T16:28:53","date_gmt":"2016-03-08T16:28:53","guid":{"rendered":"http:\/\/colegioarquitectos.com\/?p=11501"},"modified":"2016-03-08T16:29:20","modified_gmt":"2016-03-08T16:29:20","slug":"delegacion-valparaiso-pide-a-municipio-de-vina-del-mar-profundizar-estudios-para-plan-regulador","status":"publish","type":"post","link":"https:\/\/colegioarquitectos.com\/noticias\/?p=11501","title":{"rendered":"Delegaci\u00f3n Valpara\u00edso pide a Municipio de Vi\u00f1a del Mar profundizar estudios para plan regulador"},"content":{"rendered":"<p>&nbsp;<\/p>\n<p><strong>Grupo de profesionales se\u00f1ala que el cambio est\u00e1 centrado solo en la construcci\u00f3n en altura y no ha existido una adecuada participaci\u00f3n ciudadana.<\/strong><\/p>\n<p>Un llamado al municipio de Vi\u00f1a del Mar a profundizar los estudios para modificar el plan regulador de la comuna hizo un grupo transversal de arquitectos, acad\u00e9micos y ex funcionarios del Ministerio de Vivienda. En un comunicado sostienen que los cambios que la municipalidad quiere realizar afectan al sector conocido como \u00abPoblaci\u00f3n Vergara\u00bb, que corresponde al plan de la ciudad (desde Uno a 15 Norte y desde la Av. Per\u00fa hasta Los Casta\u00f1os).<\/p>\n<p>El presidente regional del Colegio de Arquitectos, Claudio Reyes, uno de los firmantes del comunicado, sostiene que \u00abno han existido las instancias adecuadas de participaci\u00f3n, ya que se realizaron dos presentaciones de los cambios que se pretenden hacer en los meses de vacaciones y a los que concurrieron solo 74 personas\u00bb.<\/p>\n<p>El ex secretario ministerial de Vivienda y Urbanismo, Andr\u00e9s Silva, se\u00f1al\u00f3 que el municipio inici\u00f3 un proceso para modificar el plan regulador \u00abdel tipo express \u00ab, y para ello est\u00e1 realizando los antecedentes b\u00e1sicos para llevarlo a cabo a m\u00e1s tardar en mayo, \u00abya que en esa fecha se termina el congelamiento de los permisos de construcci\u00f3n en el plan de la ciudad. Y si no est\u00e1 modificada la norma a esa fecha, vuelven a aplicarse las disposiciones anteriores que permitieron la construcci\u00f3n indiscriminada de edificios en altura y, en definitiva, el desarrollo desordenado de la ciudad\u00bb.<\/p>\n<p>&nbsp;<\/p>\n<p><strong>14 a\u00f1os de vigencia tiene el actual Plan Regulador que norma las construcciones.<\/strong><\/p>\n<p><strong>57,2 kil\u00f3metros cuadrados tiene la superficie urbana de la comuna de Vi\u00f1a del Mar.<\/strong><\/p>\n<p><strong>286 mil habitantes registra la Ciudad Jard\u00edn seg\u00fan datos del Censo del 2002.<\/strong><\/p>\n<p>&nbsp;<\/p>\n<p>El grupo pide al municipio solicitar un nuevo congelamiento de los permisos de construcci\u00f3n para tener tiempo de incorporar al estudio otras materias, como los riesgos por emergencias naturales y las vialidades que faciliten la movilidad. El municipio, a trav\u00e9s del asesor urbanista Pablo Rodr\u00edguez, respondi\u00f3 que se han cumplido todos los aspectos legales sobre participaci\u00f3n y que no es posible legalmente pedir un segundo congelamiento de permisos de obras en un mismo sector. A\u00f1ade que la modificaci\u00f3n al plan regulador disminuir\u00e1 la altura de edificaci\u00f3n, densidad, nivel de construcci\u00f3n e incorporar\u00e1 \u00abuna zona de riesgo s\u00edsmico\u00bb.<\/p>\n<p>&nbsp;<\/p>\n<p><a href=\"http:\/\/www.economiaynegocios.cl\/noticias\/noticias.asp?id=232411\">Fuente: El Mercurio. Periodista: Aud\u00e9nico Barr\u00eda<\/a><\/p>\n<p>&nbsp;<\/p>\n<p><\/p>","protected":false},"excerpt":{"rendered":"<p>&nbsp; Grupo de profesionales se\u00f1ala que el cambio est\u00e1 centrado solo en la construcci\u00f3n en altura y no ha existido una adecuada participaci\u00f3n ciudadana. Un llamado al municipio de Vi\u00f1a del Mar a profundizar los estudios para modificar el plan &hellip; <a class=\"more-link\" href=\"https:\/\/colegioarquitectos.com\/noticias\/?p=11501\">ver m\u00e1s<\/a><\/p>","protected":false},"author":4,"featured_media":11502,"comment_status":"open","ping_status":"open","sticky":false,"template":"","format":"standard","meta":{"footnotes":""},"categories":[10,1],"tags":[],"class_list":["post-11501","post","type-post","status-publish","format-standard","has-post-thumbnail","hentry","category-delegaciones-zonales","category-sin-categoria"],"yoast_head":"<!-- This site is optimized with the Yoast SEO plugin v24.2 - https:\/\/yoast.com\/wordpress\/plugins\/seo\/ -->\n<title>Delegaci\u00f3n Valpara\u00edso pide a Municipio de Vi\u00f1a del Mar profundizar estudios para plan regulador - COLEGIO DE ARQUITECTOS DE CHILE<\/title>\n<meta name=\"robots\" content=\"index, follow, max-snippet:-1, max-image-preview:large, max-video-preview:-1\" \/>\n<link rel=\"canonical\" href=\"https:\/\/colegioarquitectos.com\/noticias\/?p=11501\" \/>\n<meta property=\"og:locale\" content=\"es_ES\" \/>\n<meta property=\"og:type\" content=\"article\" \/>\n<meta property=\"og:title\" content=\"Delegaci\u00f3n Valpara\u00edso pide a Municipio de Vi\u00f1a del Mar profundizar estudios para plan regulador - COLEGIO DE ARQUITECTOS DE CHILE\" \/>\n<meta property=\"og:description\" content=\"&nbsp; Grupo de profesionales se\u00f1ala que el cambio est\u00e1 centrado solo en la construcci\u00f3n en altura y no ha existido una adecuada participaci\u00f3n ciudadana. Un llamado al municipio de Vi\u00f1a del Mar a profundizar los estudios para modificar el plan &hellip; ver m\u00e1s\" \/>\n<meta property=\"og:url\" content=\"https:\/\/colegioarquitectos.com\/noticias\/?p=11501\" \/>\n<meta property=\"og:site_name\" content=\"COLEGIO DE ARQUITECTOS DE CHILE\" \/>\n<meta property=\"article:publisher\" content=\"https:\/\/facebook.com\/Colegioarq\/\" \/>\n<meta property=\"article:published_time\" content=\"2016-03-08T16:28:53+00:00\" \/>\n<meta property=\"article:modified_time\" content=\"2016-03-08T16:29:20+00:00\" \/>\n<meta property=\"og:image\" content=\"https:\/\/colegioarquitectos.com\/noticias\/wp-content\/uploads\/2016\/03\/Vi\u00f1a-del-Mar.jpg\" \/>\n\t<meta property=\"og:image:width\" content=\"690\" \/>\n\t<meta property=\"og:image:height\" content=\"350\" \/>\n\t<meta property=\"og:image:type\" content=\"image\/jpeg\" \/>\n<meta name=\"author\" content=\"Colegio de Arquitectos de Chile\" \/>\n<meta name=\"twitter:card\" content=\"summary_large_image\" \/>\n<meta name=\"twitter:creator\" content=\"@colegioarq\" \/>\n<meta name=\"twitter:site\" content=\"@colegioarq\" \/>\n<meta name=\"twitter:label1\" content=\"Escrito por\" \/>\n\t<meta name=\"twitter:data1\" content=\"Colegio de Arquitectos de Chile\" \/>\n\t<meta name=\"twitter:label2\" content=\"Tiempo de lectura\" \/>\n\t<meta name=\"twitter:data2\" content=\"2 minutos\" \/>\n<script type=\"application\/ld+json\" class=\"yoast-schema-graph\">{\"@context\":\"https:\/\/schema.org\",\"@graph\":[{\"@type\":\"Article\",\"@id\":\"https:\/\/colegioarquitectos.com\/noticias\/?p=11501#article\",\"isPartOf\":{\"@id\":\"https:\/\/colegioarquitectos.com\/noticias\/?p=11501\"},\"author\":{\"name\":\"Colegio de Arquitectos de Chile\",\"@id\":\"https:\/\/colegioarquitectos.com\/noticias\/#\/schema\/person\/685cc0aad148303c5608f049af8285ad\"},\"headline\":\"Delegaci\u00f3n Valpara\u00edso pide a Municipio de Vi\u00f1a del Mar profundizar estudios para plan regulador\",\"datePublished\":\"2016-03-08T16:28:53+00:00\",\"dateModified\":\"2016-03-08T16:29:20+00:00\",\"mainEntityOfPage\":{\"@id\":\"https:\/\/colegioarquitectos.com\/noticias\/?p=11501\"},\"wordCount\":432,\"commentCount\":0,\"publisher\":{\"@id\":\"https:\/\/colegioarquitectos.com\/noticias\/#organization\"},\"image\":{\"@id\":\"https:\/\/colegioarquitectos.com\/noticias\/?p=11501#primaryimage\"},\"thumbnailUrl\":\"https:\/\/colegioarquitectos.com\/noticias\/wp-content\/uploads\/2016\/03\/Vi\u00f1a-del-Mar.jpg\",\"articleSection\":[\"Delegaciones\"],\"inLanguage\":\"es\",\"potentialAction\":[{\"@type\":\"CommentAction\",\"name\":\"Comment\",\"target\":[\"https:\/\/colegioarquitectos.com\/noticias\/?p=11501#respond\"]}]},{\"@type\":\"WebPage\",\"@id\":\"https:\/\/colegioarquitectos.com\/noticias\/?p=11501\",\"url\":\"https:\/\/colegioarquitectos.com\/noticias\/?p=11501\",\"name\":\"Delegaci\u00f3n Valpara\u00edso pide a Municipio de Vi\u00f1a del Mar profundizar estudios para plan regulador - COLEGIO DE ARQUITECTOS DE CHILE\",\"isPartOf\":{\"@id\":\"https:\/\/colegioarquitectos.com\/noticias\/#website\"},\"primaryImageOfPage\":{\"@id\":\"https:\/\/colegioarquitectos.com\/noticias\/?p=11501#primaryimage\"},\"image\":{\"@id\":\"https:\/\/colegioarquitectos.com\/noticias\/?p=11501#primaryimage\"},\"thumbnailUrl\":\"https:\/\/colegioarquitectos.com\/noticias\/wp-content\/uploads\/2016\/03\/Vi\u00f1a-del-Mar.jpg\",\"datePublished\":\"2016-03-08T16:28:53+00:00\",\"dateModified\":\"2016-03-08T16:29:20+00:00\",\"breadcrumb\":{\"@id\":\"https:\/\/colegioarquitectos.com\/noticias\/?p=11501#breadcrumb\"},\"inLanguage\":\"es\",\"potentialAction\":[{\"@type\":\"ReadAction\",\"target\":[\"https:\/\/colegioarquitectos.com\/noticias\/?p=11501\"]}]},{\"@type\":\"ImageObject\",\"inLanguage\":\"es\",\"@id\":\"https:\/\/colegioarquitectos.com\/noticias\/?p=11501#primaryimage\",\"url\":\"https:\/\/colegioarquitectos.com\/noticias\/wp-content\/uploads\/2016\/03\/Vi\u00f1a-del-Mar.jpg\",\"contentUrl\":\"https:\/\/colegioarquitectos.com\/noticias\/wp-content\/uploads\/2016\/03\/Vi\u00f1a-del-Mar.jpg\",\"width\":690,\"height\":350},{\"@type\":\"BreadcrumbList\",\"@id\":\"https:\/\/colegioarquitectos.com\/noticias\/?p=11501#breadcrumb\",\"itemListElement\":[{\"@type\":\"ListItem\",\"position\":1,\"name\":\"Portada\",\"item\":\"https:\/\/colegioarquitectos.com\/noticias\"},{\"@type\":\"ListItem\",\"position\":2,\"name\":\"Delegaci\u00f3n Valpara\u00edso pide a Municipio de Vi\u00f1a del Mar profundizar estudios para plan regulador\"}]},{\"@type\":\"WebSite\",\"@id\":\"https:\/\/colegioarquitectos.com\/noticias\/#website\",\"url\":\"https:\/\/colegioarquitectos.com\/noticias\/\",\"name\":\"COLEGIO DE ARQUITECTOS DE CHILE\",\"description\":\"\",\"publisher\":{\"@id\":\"https:\/\/colegioarquitectos.com\/noticias\/#organization\"},\"potentialAction\":[{\"@type\":\"SearchAction\",\"target\":{\"@type\":\"EntryPoint\",\"urlTemplate\":\"https:\/\/colegioarquitectos.com\/noticias\/?s={search_term_string}\"},\"query-input\":{\"@type\":\"PropertyValueSpecification\",\"valueRequired\":true,\"valueName\":\"search_term_string\"}}],\"inLanguage\":\"es\"},{\"@type\":\"Organization\",\"@id\":\"https:\/\/colegioarquitectos.com\/noticias\/#organization\",\"name\":\"COLEGIO DE ARQUITECTOS DE CHILE\",\"url\":\"https:\/\/colegioarquitectos.com\/noticias\/\",\"logo\":{\"@type\":\"ImageObject\",\"inLanguage\":\"es\",\"@id\":\"https:\/\/colegioarquitectos.com\/noticias\/#\/schema\/logo\/image\/\",\"url\":\"https:\/\/colegioarquitectos.com\/noticias\/wp-content\/uploads\/2021\/05\/ENCABEZADO-LOGO-CA.jpg\",\"contentUrl\":\"https:\/\/colegioarquitectos.com\/noticias\/wp-content\/uploads\/2021\/05\/ENCABEZADO-LOGO-CA.jpg\",\"width\":690,\"height\":350,\"caption\":\"COLEGIO DE ARQUITECTOS DE CHILE\"},\"image\":{\"@id\":\"https:\/\/colegioarquitectos.com\/noticias\/#\/schema\/logo\/image\/\"},\"sameAs\":[\"https:\/\/facebook.com\/Colegioarq\/\",\"https:\/\/x.com\/colegioarq\",\"https:\/\/instagram.com\/colegioarq\",\"https:\/\/youtube.com\/@ColegiodeArquitectosdeChile\"]},{\"@type\":\"Person\",\"@id\":\"https:\/\/colegioarquitectos.com\/noticias\/#\/schema\/person\/685cc0aad148303c5608f049af8285ad\",\"name\":\"Colegio de Arquitectos de Chile\",\"url\":\"https:\/\/colegioarquitectos.com\/noticias\/?author=4\"}]}<\/script>\n<!-- \/ Yoast SEO plugin. -->","yoast_head_json":{"title":"Delegaci\u00f3n Valpara\u00edso pide a Municipio de Vi\u00f1a del Mar profundizar estudios para plan regulador - COLEGIO DE ARQUITECTOS DE CHILE","robots":{"index":"index","follow":"follow","max-snippet":"max-snippet:-1","max-image-preview":"max-image-preview:large","max-video-preview":"max-video-preview:-1"},"canonical":"https:\/\/colegioarquitectos.com\/noticias\/?p=11501","og_locale":"es_ES","og_type":"article","og_title":"Delegaci\u00f3n Valpara\u00edso pide a Municipio de Vi\u00f1a del Mar profundizar estudios para plan regulador - COLEGIO DE ARQUITECTOS DE CHILE","og_description":"&nbsp; Grupo de profesionales se\u00f1ala que el cambio est\u00e1 centrado solo en la construcci\u00f3n en altura y no ha existido una adecuada participaci\u00f3n ciudadana. Un llamado al municipio de Vi\u00f1a del Mar a profundizar los estudios para modificar el plan &hellip; ver m\u00e1s","og_url":"https:\/\/colegioarquitectos.com\/noticias\/?p=11501","og_site_name":"COLEGIO DE ARQUITECTOS DE CHILE","article_publisher":"https:\/\/facebook.com\/Colegioarq\/","article_published_time":"2016-03-08T16:28:53+00:00","article_modified_time":"2016-03-08T16:29:20+00:00","og_image":[{"width":690,"height":350,"url":"https:\/\/colegioarquitectos.com\/noticias\/wp-content\/uploads\/2016\/03\/Vi\u00f1a-del-Mar.jpg","type":"image\/jpeg"}],"author":"Colegio de Arquitectos de Chile","twitter_card":"summary_large_image","twitter_creator":"@colegioarq","twitter_site":"@colegioarq","twitter_misc":{"Escrito por":"Colegio de Arquitectos de Chile","Tiempo de lectura":"2 minutos"},"schema":{"@context":"https:\/\/schema.org","@graph":[{"@type":"Article","@id":"https:\/\/colegioarquitectos.com\/noticias\/?p=11501#article","isPartOf":{"@id":"https:\/\/colegioarquitectos.com\/noticias\/?p=11501"},"author":{"name":"Colegio de Arquitectos de Chile","@id":"https:\/\/colegioarquitectos.com\/noticias\/#\/schema\/person\/685cc0aad148303c5608f049af8285ad"},"headline":"Delegaci\u00f3n Valpara\u00edso pide a Municipio de Vi\u00f1a del Mar profundizar estudios para plan regulador","datePublished":"2016-03-08T16:28:53+00:00","dateModified":"2016-03-08T16:29:20+00:00","mainEntityOfPage":{"@id":"https:\/\/colegioarquitectos.com\/noticias\/?p=11501"},"wordCount":432,"commentCount":0,"publisher":{"@id":"https:\/\/colegioarquitectos.com\/noticias\/#organization"},"image":{"@id":"https:\/\/colegioarquitectos.com\/noticias\/?p=11501#primaryimage"},"thumbnailUrl":"https:\/\/colegioarquitectos.com\/noticias\/wp-content\/uploads\/2016\/03\/Vi\u00f1a-del-Mar.jpg","articleSection":["Delegaciones"],"inLanguage":"es","potentialAction":[{"@type":"CommentAction","name":"Comment","target":["https:\/\/colegioarquitectos.com\/noticias\/?p=11501#respond"]}]},{"@type":"WebPage","@id":"https:\/\/colegioarquitectos.com\/noticias\/?p=11501","url":"https:\/\/colegioarquitectos.com\/noticias\/?p=11501","name":"Delegaci\u00f3n Valpara\u00edso pide a Municipio de Vi\u00f1a del Mar profundizar estudios para plan regulador - COLEGIO DE ARQUITECTOS DE CHILE","isPartOf":{"@id":"https:\/\/colegioarquitectos.com\/noticias\/#website"},"primaryImageOfPage":{"@id":"https:\/\/colegioarquitectos.com\/noticias\/?p=11501#primaryimage"},"image":{"@id":"https:\/\/colegioarquitectos.com\/noticias\/?p=11501#primaryimage"},"thumbnailUrl":"https:\/\/colegioarquitectos.com\/noticias\/wp-content\/uploads\/2016\/03\/Vi\u00f1a-del-Mar.jpg","datePublished":"2016-03-08T16:28:53+00:00","dateModified":"2016-03-08T16:29:20+00:00","breadcrumb":{"@id":"https:\/\/colegioarquitectos.com\/noticias\/?p=11501#breadcrumb"},"inLanguage":"es","potentialAction":[{"@type":"ReadAction","target":["https:\/\/colegioarquitectos.com\/noticias\/?p=11501"]}]},{"@type":"ImageObject","inLanguage":"es","@id":"https:\/\/colegioarquitectos.com\/noticias\/?p=11501#primaryimage","url":"https:\/\/colegioarquitectos.com\/noticias\/wp-content\/uploads\/2016\/03\/Vi\u00f1a-del-Mar.jpg","contentUrl":"https:\/\/colegioarquitectos.com\/noticias\/wp-content\/uploads\/2016\/03\/Vi\u00f1a-del-Mar.jpg","width":690,"height":350},{"@type":"BreadcrumbList","@id":"https:\/\/colegioarquitectos.com\/noticias\/?p=11501#breadcrumb","itemListElement":[{"@type":"ListItem","position":1,"name":"Portada","item":"https:\/\/colegioarquitectos.com\/noticias"},{"@type":"ListItem","position":2,"name":"Delegaci\u00f3n Valpara\u00edso pide a Municipio de Vi\u00f1a del Mar profundizar estudios para plan regulador"}]},{"@type":"WebSite","@id":"https:\/\/colegioarquitectos.com\/noticias\/#website","url":"https:\/\/colegioarquitectos.com\/noticias\/","name":"COLEGIO DE ARQUITECTOS DE CHILE","description":"","publisher":{"@id":"https:\/\/colegioarquitectos.com\/noticias\/#organization"},"potentialAction":[{"@type":"SearchAction","target":{"@type":"EntryPoint","urlTemplate":"https:\/\/colegioarquitectos.com\/noticias\/?s={search_term_string}"},"query-input":{"@type":"PropertyValueSpecification","valueRequired":true,"valueName":"search_term_string"}}],"inLanguage":"es"},{"@type":"Organization","@id":"https:\/\/colegioarquitectos.com\/noticias\/#organization","name":"COLEGIO DE ARQUITECTOS DE CHILE","url":"https:\/\/colegioarquitectos.com\/noticias\/","logo":{"@type":"ImageObject","inLanguage":"es","@id":"https:\/\/colegioarquitectos.com\/noticias\/#\/schema\/logo\/image\/","url":"https:\/\/colegioarquitectos.com\/noticias\/wp-content\/uploads\/2021\/05\/ENCABEZADO-LOGO-CA.jpg","contentUrl":"https:\/\/colegioarquitectos.com\/noticias\/wp-content\/uploads\/2021\/05\/ENCABEZADO-LOGO-CA.jpg","width":690,"height":350,"caption":"COLEGIO DE ARQUITECTOS DE CHILE"},"image":{"@id":"https:\/\/colegioarquitectos.com\/noticias\/#\/schema\/logo\/image\/"},"sameAs":["https:\/\/facebook.com\/Colegioarq\/","https:\/\/x.com\/colegioarq","https:\/\/instagram.com\/colegioarq","https:\/\/youtube.com\/@ColegiodeArquitectosdeChile"]},{"@type":"Person","@id":"https:\/\/colegioarquitectos.com\/noticias\/#\/schema\/person\/685cc0aad148303c5608f049af8285ad","name":"Colegio de Arquitectos de Chile","url":"https:\/\/colegioarquitectos.com\/noticias\/?author=4"}]}},"_links":{"self":[{"href":"https:\/\/colegioarquitectos.com\/noticias\/index.php?rest_route=\/wp\/v2\/posts\/11501","targetHints":{"allow":["GET"]}}],"collection":[{"href":"https:\/\/colegioarquitectos.com\/noticias\/index.php?rest_route=\/wp\/v2\/posts"}],"about":[{"href":"https:\/\/colegioarquitectos.com\/noticias\/index.php?rest_route=\/wp\/v2\/types\/post"}],"author":[{"embeddable":true,"href":"https:\/\/colegioarquitectos.com\/noticias\/index.php?rest_route=\/wp\/v2\/users\/4"}],"replies":[{"embeddable":true,"href":"https:\/\/colegioarquitectos.com\/noticias\/index.php?rest_route=%2Fwp%2Fv2%2Fcomments&post=11501"}],"version-history":[{"count":0,"href":"https:\/\/colegioarquitectos.com\/noticias\/index.php?rest_route=\/wp\/v2\/posts\/11501\/revisions"}],"wp:featuredmedia":[{"embeddable":true,"href":"https:\/\/colegioarquitectos.com\/noticias\/index.php?rest_route=\/wp\/v2\/media\/11502"}],"wp:attachment":[{"href":"https:\/\/colegioarquitectos.com\/noticias\/index.php?rest_route=%2Fwp%2Fv2%2Fmedia&parent=11501"}],"wp:term":[{"taxonomy":"category","embeddable":true,"href":"https:\/\/colegioarquitectos.com\/noticias\/index.php?rest_route=%2Fwp%2Fv2%2Fcategories&post=11501"},{"taxonomy":"post_tag","embeddable":true,"href":"https:\/\/colegioarquitectos.com\/noticias\/index.php?rest_route=%2Fwp%2Fv2%2Ftags&post=11501"}],"curies":[{"name":"wp","href":"https:\/\/api.w.org\/{rel}","templated":true}]}}