
{"id":11573,"date":"2016-03-18T13:30:43","date_gmt":"2016-03-18T13:30:43","guid":{"rendered":"http:\/\/colegioarquitectos.com\/?p=11573"},"modified":"2016-03-21T20:36:17","modified_gmt":"2016-03-21T20:36:17","slug":"intendencia-inicia-consulta-por-diseno-de-nuevo-eje-alameda","status":"publish","type":"post","link":"https:\/\/colegioarquitectos.com\/noticias\/?p=11573","title":{"rendered":"Intendencia inicia consulta por dise\u00f1o de nuevo eje Alameda"},"content":{"rendered":"<p>Desde el 24 de marzo y hasta septiembre se extender\u00e1 la consulta ciudadana que busca conocer la opini\u00f3n de los usuarios y residentes sobre el proyecto para remodelar el eje Alameda-Providencia, que incluye cambios en los 12 kil\u00f3metros que componen esta v\u00eda, entre el nudo Pajaritos y Tobalaba.<\/p>\n<p>El proceso es impulsado por la Intendencia Metropolitana y, seg\u00fan explic\u00f3 el jefe regional, Claudio Orrego, \u201cestamos convencidos de que una obra formulada con la participaci\u00f3n ciudadana es mejor que una realizada entre cuatro paredes. Queremos que la Alameda- Providencia sea un lugar vivo que integre la ciudad y las ideas de todos\u201d.<\/p>\n<p>La inactiva es la renovaci\u00f3n m\u00e1s ambiciosa que se ha realizado en el sector, desde su creaci\u00f3n como Alameda de las Delicias en 1820, y cuenta con una inversi\u00f3n de US$ 223 millones e intervenciones en las cuatro comunas por donde se extiende, Lo Prado, Estaci\u00f3n Central, Santiago y Providencia. El dise\u00f1o est\u00e1 a cargo del equipo de origen chileno-brit\u00e1nico, conformado por Lyon-Bosch Arquitectos, IDOM Ingenier\u00eda y Consultor\u00eda, Groundlab Landscape Urbanism y Sergio Chiquett, quienes presentaron la propuesta.<\/p>\n<p>Esta incluye un cambio radical en Plaza Italia, que se transforma en una explanada, pero este bosquejo podr\u00eda ser modificado tras la consulta. \u201cDesde el primer momento dijimos que el proyecto inicial, que fue elegido por un jurado transversal, podr\u00eda tener modificaciones\u201d, coment\u00f3 Orrego.<\/p>\n<p>El proceso de consulta est\u00e1 en manos de la Fundaci\u00f3n Casa de la Paz que diversific\u00f3 las formas de participaci\u00f3n, tales como buzones que se instalar\u00e1n en cada una de las comunas que circundan la Alameda, 60 casas abiertas para informar del proyecto, una p\u00e1gina web para postear sugerencias, adem\u00e1s de informaci\u00f3n en paraderos, y nueve talleres de participaci\u00f3n, con m\u00e1s de mil personas, entre vecinos, comerciantes, representantes de instituciones y organizaciones sociales.<\/p>\n<p>Mar\u00eda Eliana Arntz, directora ejecutiva de la fundaci\u00f3n, explic\u00f3 que \u201cla ciudadan\u00eda est\u00e1 invitada a opinar sobre todos los aspectos del proyecto\u201d, tales como la distribuci\u00f3n del espacio p\u00fablico, c\u00f3mo incluir los buses del Transantiago, peatones y ciclistas, c\u00f3mo ser\u00e1n los nuevos paraderos, temas de paisajismo, y recomendaciones para garantizar la adecuada seguridad ciudadana y convivencia urbana.<\/p>\n<p>Por su parte, el presidente de la Asociaci\u00f3n de Locatarios de calle 18 Alameda, Zacar\u00edas Alarc\u00f3n, asegur\u00f3 que \u201ces positivo que se haga la consulta, pero nos preocupa c\u00f3mo nos afectar\u00e1 la etapa de construcci\u00f3n. Esperamos que no nos perjudique en las ventas y eso queremos plantearle a la autoridad\u201d.<\/p>\n<p><a href=\"http:\/\/www.latercera.com\/noticia\/nacional\/2016\/03\/680-671620-9-intendencia-inicia-consulta-por-diseno-de-nuevo-eje-alameda.shtml\">Por Marjory Miranda, La Tercera<\/a><\/p>\n<p>&nbsp;<\/p>\n<p><\/p>","protected":false},"excerpt":{"rendered":"<p>Desde el 24 de marzo y hasta septiembre se extender\u00e1 la consulta ciudadana que busca conocer la opini\u00f3n de los usuarios y residentes sobre el proyecto para remodelar el eje Alameda-Providencia, que incluye cambios en los 12 kil\u00f3metros que componen &hellip; <a class=\"more-link\" href=\"https:\/\/colegioarquitectos.com\/noticias\/?p=11573\">ver m\u00e1s<\/a><\/p>","protected":false},"author":4,"featured_media":11574,"comment_status":"open","ping_status":"open","sticky":false,"template":"","format":"standard","meta":{"footnotes":""},"categories":[3],"tags":[],"class_list":["post-11573","post","type-post","status-publish","format-standard","has-post-thumbnail","hentry","category-noticias"],"yoast_head":"<!-- This site is optimized with the Yoast SEO plugin v24.2 - https:\/\/yoast.com\/wordpress\/plugins\/seo\/ -->\n<title>Intendencia inicia consulta por dise\u00f1o de nuevo eje Alameda - COLEGIO DE ARQUITECTOS DE CHILE<\/title>\n<meta name=\"robots\" content=\"index, follow, max-snippet:-1, max-image-preview:large, max-video-preview:-1\" \/>\n<link rel=\"canonical\" href=\"https:\/\/colegioarquitectos.com\/noticias\/?p=11573\" \/>\n<meta property=\"og:locale\" content=\"es_ES\" \/>\n<meta property=\"og:type\" content=\"article\" \/>\n<meta property=\"og:title\" content=\"Intendencia inicia consulta por dise\u00f1o de nuevo eje Alameda - COLEGIO DE ARQUITECTOS DE CHILE\" \/>\n<meta property=\"og:description\" content=\"Desde el 24 de marzo y hasta septiembre se extender\u00e1 la consulta ciudadana que busca conocer la opini\u00f3n de los usuarios y residentes sobre el proyecto para remodelar el eje Alameda-Providencia, que incluye cambios en los 12 kil\u00f3metros que componen &hellip; ver m\u00e1s\" \/>\n<meta property=\"og:url\" content=\"https:\/\/colegioarquitectos.com\/noticias\/?p=11573\" \/>\n<meta property=\"og:site_name\" content=\"COLEGIO DE ARQUITECTOS DE CHILE\" \/>\n<meta property=\"article:publisher\" content=\"https:\/\/facebook.com\/Colegioarq\/\" \/>\n<meta property=\"article:published_time\" content=\"2016-03-18T13:30:43+00:00\" \/>\n<meta property=\"article:modified_time\" content=\"2016-03-21T20:36:17+00:00\" \/>\n<meta property=\"og:image\" content=\"https:\/\/colegioarquitectos.com\/noticias\/wp-content\/uploads\/2016\/03\/Eje-Alameda-Providencia.jpg\" \/>\n\t<meta property=\"og:image:width\" content=\"690\" \/>\n\t<meta property=\"og:image:height\" content=\"350\" \/>\n\t<meta property=\"og:image:type\" content=\"image\/jpeg\" \/>\n<meta name=\"author\" content=\"Colegio de Arquitectos de Chile\" \/>\n<meta name=\"twitter:card\" content=\"summary_large_image\" \/>\n<meta name=\"twitter:creator\" content=\"@colegioarq\" \/>\n<meta name=\"twitter:site\" content=\"@colegioarq\" \/>\n<meta name=\"twitter:label1\" content=\"Escrito por\" \/>\n\t<meta name=\"twitter:data1\" content=\"Colegio de Arquitectos de Chile\" \/>\n\t<meta name=\"twitter:label2\" content=\"Tiempo de lectura\" \/>\n\t<meta name=\"twitter:data2\" content=\"2 minutos\" \/>\n<script type=\"application\/ld+json\" class=\"yoast-schema-graph\">{\"@context\":\"https:\/\/schema.org\",\"@graph\":[{\"@type\":\"Article\",\"@id\":\"https:\/\/colegioarquitectos.com\/noticias\/?p=11573#article\",\"isPartOf\":{\"@id\":\"https:\/\/colegioarquitectos.com\/noticias\/?p=11573\"},\"author\":{\"name\":\"Colegio de Arquitectos de Chile\",\"@id\":\"https:\/\/colegioarquitectos.com\/noticias\/#\/schema\/person\/685cc0aad148303c5608f049af8285ad\"},\"headline\":\"Intendencia inicia consulta por dise\u00f1o de nuevo eje Alameda\",\"datePublished\":\"2016-03-18T13:30:43+00:00\",\"dateModified\":\"2016-03-21T20:36:17+00:00\",\"mainEntityOfPage\":{\"@id\":\"https:\/\/colegioarquitectos.com\/noticias\/?p=11573\"},\"wordCount\":450,\"commentCount\":2,\"publisher\":{\"@id\":\"https:\/\/colegioarquitectos.com\/noticias\/#organization\"},\"image\":{\"@id\":\"https:\/\/colegioarquitectos.com\/noticias\/?p=11573#primaryimage\"},\"thumbnailUrl\":\"https:\/\/colegioarquitectos.com\/noticias\/wp-content\/uploads\/2016\/03\/Eje-Alameda-Providencia.jpg\",\"articleSection\":[\"Noticias\"],\"inLanguage\":\"es\",\"potentialAction\":[{\"@type\":\"CommentAction\",\"name\":\"Comment\",\"target\":[\"https:\/\/colegioarquitectos.com\/noticias\/?p=11573#respond\"]}]},{\"@type\":\"WebPage\",\"@id\":\"https:\/\/colegioarquitectos.com\/noticias\/?p=11573\",\"url\":\"https:\/\/colegioarquitectos.com\/noticias\/?p=11573\",\"name\":\"Intendencia inicia consulta por dise\u00f1o de nuevo eje Alameda - COLEGIO DE ARQUITECTOS DE CHILE\",\"isPartOf\":{\"@id\":\"https:\/\/colegioarquitectos.com\/noticias\/#website\"},\"primaryImageOfPage\":{\"@id\":\"https:\/\/colegioarquitectos.com\/noticias\/?p=11573#primaryimage\"},\"image\":{\"@id\":\"https:\/\/colegioarquitectos.com\/noticias\/?p=11573#primaryimage\"},\"thumbnailUrl\":\"https:\/\/colegioarquitectos.com\/noticias\/wp-content\/uploads\/2016\/03\/Eje-Alameda-Providencia.jpg\",\"datePublished\":\"2016-03-18T13:30:43+00:00\",\"dateModified\":\"2016-03-21T20:36:17+00:00\",\"breadcrumb\":{\"@id\":\"https:\/\/colegioarquitectos.com\/noticias\/?p=11573#breadcrumb\"},\"inLanguage\":\"es\",\"potentialAction\":[{\"@type\":\"ReadAction\",\"target\":[\"https:\/\/colegioarquitectos.com\/noticias\/?p=11573\"]}]},{\"@type\":\"ImageObject\",\"inLanguage\":\"es\",\"@id\":\"https:\/\/colegioarquitectos.com\/noticias\/?p=11573#primaryimage\",\"url\":\"https:\/\/colegioarquitectos.com\/noticias\/wp-content\/uploads\/2016\/03\/Eje-Alameda-Providencia.jpg\",\"contentUrl\":\"https:\/\/colegioarquitectos.com\/noticias\/wp-content\/uploads\/2016\/03\/Eje-Alameda-Providencia.jpg\",\"width\":690,\"height\":350},{\"@type\":\"BreadcrumbList\",\"@id\":\"https:\/\/colegioarquitectos.com\/noticias\/?p=11573#breadcrumb\",\"itemListElement\":[{\"@type\":\"ListItem\",\"position\":1,\"name\":\"Portada\",\"item\":\"https:\/\/colegioarquitectos.com\/noticias\"},{\"@type\":\"ListItem\",\"position\":2,\"name\":\"Intendencia inicia consulta por dise\u00f1o de nuevo eje Alameda\"}]},{\"@type\":\"WebSite\",\"@id\":\"https:\/\/colegioarquitectos.com\/noticias\/#website\",\"url\":\"https:\/\/colegioarquitectos.com\/noticias\/\",\"name\":\"COLEGIO DE ARQUITECTOS DE CHILE\",\"description\":\"\",\"publisher\":{\"@id\":\"https:\/\/colegioarquitectos.com\/noticias\/#organization\"},\"potentialAction\":[{\"@type\":\"SearchAction\",\"target\":{\"@type\":\"EntryPoint\",\"urlTemplate\":\"https:\/\/colegioarquitectos.com\/noticias\/?s={search_term_string}\"},\"query-input\":{\"@type\":\"PropertyValueSpecification\",\"valueRequired\":true,\"valueName\":\"search_term_string\"}}],\"inLanguage\":\"es\"},{\"@type\":\"Organization\",\"@id\":\"https:\/\/colegioarquitectos.com\/noticias\/#organization\",\"name\":\"COLEGIO DE ARQUITECTOS DE CHILE\",\"url\":\"https:\/\/colegioarquitectos.com\/noticias\/\",\"logo\":{\"@type\":\"ImageObject\",\"inLanguage\":\"es\",\"@id\":\"https:\/\/colegioarquitectos.com\/noticias\/#\/schema\/logo\/image\/\",\"url\":\"https:\/\/colegioarquitectos.com\/noticias\/wp-content\/uploads\/2021\/05\/ENCABEZADO-LOGO-CA.jpg\",\"contentUrl\":\"https:\/\/colegioarquitectos.com\/noticias\/wp-content\/uploads\/2021\/05\/ENCABEZADO-LOGO-CA.jpg\",\"width\":690,\"height\":350,\"caption\":\"COLEGIO DE ARQUITECTOS DE CHILE\"},\"image\":{\"@id\":\"https:\/\/colegioarquitectos.com\/noticias\/#\/schema\/logo\/image\/\"},\"sameAs\":[\"https:\/\/facebook.com\/Colegioarq\/\",\"https:\/\/x.com\/colegioarq\",\"https:\/\/instagram.com\/colegioarq\",\"https:\/\/youtube.com\/@ColegiodeArquitectosdeChile\"]},{\"@type\":\"Person\",\"@id\":\"https:\/\/colegioarquitectos.com\/noticias\/#\/schema\/person\/685cc0aad148303c5608f049af8285ad\",\"name\":\"Colegio de Arquitectos de Chile\",\"url\":\"https:\/\/colegioarquitectos.com\/noticias\/?author=4\"}]}<\/script>\n<!-- \/ Yoast SEO plugin. -->","yoast_head_json":{"title":"Intendencia inicia consulta por dise\u00f1o de nuevo eje Alameda - COLEGIO DE ARQUITECTOS DE CHILE","robots":{"index":"index","follow":"follow","max-snippet":"max-snippet:-1","max-image-preview":"max-image-preview:large","max-video-preview":"max-video-preview:-1"},"canonical":"https:\/\/colegioarquitectos.com\/noticias\/?p=11573","og_locale":"es_ES","og_type":"article","og_title":"Intendencia inicia consulta por dise\u00f1o de nuevo eje Alameda - COLEGIO DE ARQUITECTOS DE CHILE","og_description":"Desde el 24 de marzo y hasta septiembre se extender\u00e1 la consulta ciudadana que busca conocer la opini\u00f3n de los usuarios y residentes sobre el proyecto para remodelar el eje Alameda-Providencia, que incluye cambios en los 12 kil\u00f3metros que componen &hellip; ver m\u00e1s","og_url":"https:\/\/colegioarquitectos.com\/noticias\/?p=11573","og_site_name":"COLEGIO DE ARQUITECTOS DE CHILE","article_publisher":"https:\/\/facebook.com\/Colegioarq\/","article_published_time":"2016-03-18T13:30:43+00:00","article_modified_time":"2016-03-21T20:36:17+00:00","og_image":[{"width":690,"height":350,"url":"https:\/\/colegioarquitectos.com\/noticias\/wp-content\/uploads\/2016\/03\/Eje-Alameda-Providencia.jpg","type":"image\/jpeg"}],"author":"Colegio de Arquitectos de Chile","twitter_card":"summary_large_image","twitter_creator":"@colegioarq","twitter_site":"@colegioarq","twitter_misc":{"Escrito por":"Colegio de Arquitectos de Chile","Tiempo de lectura":"2 minutos"},"schema":{"@context":"https:\/\/schema.org","@graph":[{"@type":"Article","@id":"https:\/\/colegioarquitectos.com\/noticias\/?p=11573#article","isPartOf":{"@id":"https:\/\/colegioarquitectos.com\/noticias\/?p=11573"},"author":{"name":"Colegio de Arquitectos de Chile","@id":"https:\/\/colegioarquitectos.com\/noticias\/#\/schema\/person\/685cc0aad148303c5608f049af8285ad"},"headline":"Intendencia inicia consulta por dise\u00f1o de nuevo eje Alameda","datePublished":"2016-03-18T13:30:43+00:00","dateModified":"2016-03-21T20:36:17+00:00","mainEntityOfPage":{"@id":"https:\/\/colegioarquitectos.com\/noticias\/?p=11573"},"wordCount":450,"commentCount":2,"publisher":{"@id":"https:\/\/colegioarquitectos.com\/noticias\/#organization"},"image":{"@id":"https:\/\/colegioarquitectos.com\/noticias\/?p=11573#primaryimage"},"thumbnailUrl":"https:\/\/colegioarquitectos.com\/noticias\/wp-content\/uploads\/2016\/03\/Eje-Alameda-Providencia.jpg","articleSection":["Noticias"],"inLanguage":"es","potentialAction":[{"@type":"CommentAction","name":"Comment","target":["https:\/\/colegioarquitectos.com\/noticias\/?p=11573#respond"]}]},{"@type":"WebPage","@id":"https:\/\/colegioarquitectos.com\/noticias\/?p=11573","url":"https:\/\/colegioarquitectos.com\/noticias\/?p=11573","name":"Intendencia inicia consulta por dise\u00f1o de nuevo eje Alameda - COLEGIO DE ARQUITECTOS DE CHILE","isPartOf":{"@id":"https:\/\/colegioarquitectos.com\/noticias\/#website"},"primaryImageOfPage":{"@id":"https:\/\/colegioarquitectos.com\/noticias\/?p=11573#primaryimage"},"image":{"@id":"https:\/\/colegioarquitectos.com\/noticias\/?p=11573#primaryimage"},"thumbnailUrl":"https:\/\/colegioarquitectos.com\/noticias\/wp-content\/uploads\/2016\/03\/Eje-Alameda-Providencia.jpg","datePublished":"2016-03-18T13:30:43+00:00","dateModified":"2016-03-21T20:36:17+00:00","breadcrumb":{"@id":"https:\/\/colegioarquitectos.com\/noticias\/?p=11573#breadcrumb"},"inLanguage":"es","potentialAction":[{"@type":"ReadAction","target":["https:\/\/colegioarquitectos.com\/noticias\/?p=11573"]}]},{"@type":"ImageObject","inLanguage":"es","@id":"https:\/\/colegioarquitectos.com\/noticias\/?p=11573#primaryimage","url":"https:\/\/colegioarquitectos.com\/noticias\/wp-content\/uploads\/2016\/03\/Eje-Alameda-Providencia.jpg","contentUrl":"https:\/\/colegioarquitectos.com\/noticias\/wp-content\/uploads\/2016\/03\/Eje-Alameda-Providencia.jpg","width":690,"height":350},{"@type":"BreadcrumbList","@id":"https:\/\/colegioarquitectos.com\/noticias\/?p=11573#breadcrumb","itemListElement":[{"@type":"ListItem","position":1,"name":"Portada","item":"https:\/\/colegioarquitectos.com\/noticias"},{"@type":"ListItem","position":2,"name":"Intendencia inicia consulta por dise\u00f1o de nuevo eje Alameda"}]},{"@type":"WebSite","@id":"https:\/\/colegioarquitectos.com\/noticias\/#website","url":"https:\/\/colegioarquitectos.com\/noticias\/","name":"COLEGIO DE ARQUITECTOS DE CHILE","description":"","publisher":{"@id":"https:\/\/colegioarquitectos.com\/noticias\/#organization"},"potentialAction":[{"@type":"SearchAction","target":{"@type":"EntryPoint","urlTemplate":"https:\/\/colegioarquitectos.com\/noticias\/?s={search_term_string}"},"query-input":{"@type":"PropertyValueSpecification","valueRequired":true,"valueName":"search_term_string"}}],"inLanguage":"es"},{"@type":"Organization","@id":"https:\/\/colegioarquitectos.com\/noticias\/#organization","name":"COLEGIO DE ARQUITECTOS DE CHILE","url":"https:\/\/colegioarquitectos.com\/noticias\/","logo":{"@type":"ImageObject","inLanguage":"es","@id":"https:\/\/colegioarquitectos.com\/noticias\/#\/schema\/logo\/image\/","url":"https:\/\/colegioarquitectos.com\/noticias\/wp-content\/uploads\/2021\/05\/ENCABEZADO-LOGO-CA.jpg","contentUrl":"https:\/\/colegioarquitectos.com\/noticias\/wp-content\/uploads\/2021\/05\/ENCABEZADO-LOGO-CA.jpg","width":690,"height":350,"caption":"COLEGIO DE ARQUITECTOS DE CHILE"},"image":{"@id":"https:\/\/colegioarquitectos.com\/noticias\/#\/schema\/logo\/image\/"},"sameAs":["https:\/\/facebook.com\/Colegioarq\/","https:\/\/x.com\/colegioarq","https:\/\/instagram.com\/colegioarq","https:\/\/youtube.com\/@ColegiodeArquitectosdeChile"]},{"@type":"Person","@id":"https:\/\/colegioarquitectos.com\/noticias\/#\/schema\/person\/685cc0aad148303c5608f049af8285ad","name":"Colegio de Arquitectos de Chile","url":"https:\/\/colegioarquitectos.com\/noticias\/?author=4"}]}},"_links":{"self":[{"href":"https:\/\/colegioarquitectos.com\/noticias\/index.php?rest_route=\/wp\/v2\/posts\/11573","targetHints":{"allow":["GET"]}}],"collection":[{"href":"https:\/\/colegioarquitectos.com\/noticias\/index.php?rest_route=\/wp\/v2\/posts"}],"about":[{"href":"https:\/\/colegioarquitectos.com\/noticias\/index.php?rest_route=\/wp\/v2\/types\/post"}],"author":[{"embeddable":true,"href":"https:\/\/colegioarquitectos.com\/noticias\/index.php?rest_route=\/wp\/v2\/users\/4"}],"replies":[{"embeddable":true,"href":"https:\/\/colegioarquitectos.com\/noticias\/index.php?rest_route=%2Fwp%2Fv2%2Fcomments&post=11573"}],"version-history":[{"count":0,"href":"https:\/\/colegioarquitectos.com\/noticias\/index.php?rest_route=\/wp\/v2\/posts\/11573\/revisions"}],"wp:featuredmedia":[{"embeddable":true,"href":"https:\/\/colegioarquitectos.com\/noticias\/index.php?rest_route=\/wp\/v2\/media\/11574"}],"wp:attachment":[{"href":"https:\/\/colegioarquitectos.com\/noticias\/index.php?rest_route=%2Fwp%2Fv2%2Fmedia&parent=11573"}],"wp:term":[{"taxonomy":"category","embeddable":true,"href":"https:\/\/colegioarquitectos.com\/noticias\/index.php?rest_route=%2Fwp%2Fv2%2Fcategories&post=11573"},{"taxonomy":"post_tag","embeddable":true,"href":"https:\/\/colegioarquitectos.com\/noticias\/index.php?rest_route=%2Fwp%2Fv2%2Ftags&post=11573"}],"curies":[{"name":"wp","href":"https:\/\/api.w.org\/{rel}","templated":true}]}}