
{"id":11586,"date":"2016-03-06T15:00:27","date_gmt":"2016-03-06T15:00:27","guid":{"rendered":"http:\/\/colegioarquitectos.com\/?p=11586"},"modified":"2016-03-10T17:13:36","modified_gmt":"2016-03-10T17:13:36","slug":"cementerio-catolico-de-santiago-es-declarado-monumento-historico","status":"publish","type":"post","link":"https:\/\/colegioarquitectos.com\/noticias\/?p=11586","title":{"rendered":"Cementerio Cat\u00f3lico de Santiago es declarado Monumento Hist\u00f3rico"},"content":{"rendered":"<p>Durante el siglo XIX, el antiguo sector de La Chimba en la zona norte de Santiago, empez\u00f3 a\u00a0acoger\u00a0cementerios y hospitales que en ese entonces se consideraba que era mejor que estuvieran en las afueras de la ciudad para cuidar la salud p\u00fablica.<\/p>\n<p>Esto es lo que en parte explica que en la comuna de Recoleta est\u00e9n tan cerca entre s\u00ed\u00a0el <a href=\"http:\/\/www.plataformaurbana.cl\/archive\/2012\/06\/05\/guia-urbana-de-santiago-cementerio-general\/\" target=\"_blank\">Cementerio General<\/a>, el primer cementerio p\u00fablico de Chile\u00a0inaugurado en 1821, y el Cementerio Cat\u00f3lico de Santiago, que parti\u00f3 su construcci\u00f3n\u00a0en 1878, transform\u00e1ndose en el segundo camposanto m\u00e1s antiguo del pa\u00eds.<\/p>\n<p>Recientemente, este \u00faltimo cementerio ubicado en la calle\u00a0Arzobispo Valdivieso N\u00ba 555, en Recoleta,<strong> fue declarado por el Consejo de Monumentos Nacionales <a href=\"http:\/\/www.monumentos.cl\/\" target=\"_blank\">(CMN)<\/a>\u00a0como Monumento Nacional en la\u00a0categor\u00eda de Monumento Hist\u00f3rico,<\/strong>\u00a0luego de aprobar\u00a0una solicitud\u00a0presentada por el arquitecto <a href=\"http:\/\/www.plataformaurbana.cl\/archive\/2014\/05\/14\/los-arboles-del-cementerio-general-de-santiago-se-estan-muriendo\/\" target=\"_blank\">Tom\u00e1s Dom\u00ednguez Balmaceda<\/a>, quien se ha dedicado a poner en valor el patrimonio de hist\u00f3ricos\u00a0necr\u00f3polis\u00a0de\u00a0la capital.<\/p>\n<p><strong>La primera etapa del Cementerio Cat\u00f3lico fue realizada\u00a0en 1878 por el arquitecto franc\u00e9s\u00a0Paul Lathoud, quien tambi\u00e9n estuvo a cargo\u00a0del <a href=\"http:\/\/www.plataformaurbana.cl\/archive\/2015\/11\/06\/restauracion-del-palacio-cousino-terminara-en-2016-y-sus-jardines-se-podran-visitar-todos-los-dias\/\" target=\"_blank\">Palacio Cousi\u00f1o<\/a> y del Museo Nacional de Historia Natural <a href=\"http:\/\/www.plataformaurbana.cl\/archive\/2012\/07\/17\/guia-urbana-de-santiago-museo-nacional-de-historia-natural\/\" target=\"_blank\">(MNHN)<\/a>.<\/strong> A este sector, en la d\u00e9cada de 1920, se le agreg\u00f3 una nueva superficie que conforma el sector fundacional de camposanto.<\/p>\n<p><a href=\"http:\/\/colegioarquitectos.com\/noticias\/wp-content\/uploads\/2016\/03\/1.png\"><img loading=\"lazy\" decoding=\"async\" class=\"alignnone wp-image-11588 size-full\" src=\"http:\/\/colegioarquitectos.com\/noticias\/wp-content\/uploads\/2016\/03\/1.png\" alt=\"1\" width=\"580\" height=\"384\" srcset=\"https:\/\/colegioarquitectos.com\/noticias\/wp-content\/uploads\/2016\/03\/1.png 580w, https:\/\/colegioarquitectos.com\/noticias\/wp-content\/uploads\/2016\/03\/1-300x199.png 300w\" sizes=\"auto, (max-width: 580px) 100vw, 580px\" \/><\/a><\/p>\n<p><em>Frontis del Cementerio Cat\u00f3lico de Santiago. \u00a9 Consejo de Monumentos Nacionales<\/em><\/p>\n<p>&nbsp;<\/p>\n<p>Los valores art\u00edsticos e hist\u00f3ricos del cementerio que se reconocen\u00a0en el <a href=\"http:\/\/cdn.plataformaurbana.cl\/wp-content\/uploads\/2016\/03\/decreto-declaracion-mh-cementerio-catolico-de-santiago.pdf\">decreto<\/a> de la declaratoria aprobada por el CMN y posteriormente por el Ministerio de Educaci\u00f3n, son que este lugar refleja la separaci\u00f3n que tuvo la Iglesia Cat\u00f3lica del Estado (materializada en la Constituci\u00f3n de 1925) y que es el m\u00e1s grande y antiguo de Santiago para los fieles cat\u00f3licos.<\/p>\n<p>En t\u00e9rminos urbanos, <strong>destaca por estar dise\u00f1ado como un monasterio<\/strong> -a diferencia del Cementerio General que se asemeja a una ciudad- y su cercan\u00eda a otros Monumentos Hist\u00f3ricos como el Casco hist\u00f3rico del Cementerio General y el Hospital San Jos\u00e9 que a su vez da cuenta de las teor\u00edas higienistas de la \u00e9poca.<\/p>\n<p>&nbsp;<\/p>\n<p><a href=\"http:\/\/colegioarquitectos.com\/noticias\/wp-content\/uploads\/2016\/03\/2.png\"><img loading=\"lazy\" decoding=\"async\" class=\"alignnone wp-image-11589 size-full\" src=\"http:\/\/colegioarquitectos.com\/noticias\/wp-content\/uploads\/2016\/03\/2.png\" alt=\"2\" width=\"580\" height=\"435\" srcset=\"https:\/\/colegioarquitectos.com\/noticias\/wp-content\/uploads\/2016\/03\/2.png 580w, https:\/\/colegioarquitectos.com\/noticias\/wp-content\/uploads\/2016\/03\/2-300x225.png 300w\" sizes=\"auto, (max-width: 580px) 100vw, 580px\" \/><\/a><\/p>\n<p><em>Cementerio Cat\u00f3lico de Santiago. \u00a9 Consejo de Monumentos Nacionales<\/em><\/p>\n<p>&nbsp;<\/p>\n<p><strong>Asimismo, presenta una<\/strong> <strong>tipolog\u00eda de edificio f\u00fanebre que el Consejo describe como<em>\u201c\u00fanica de arquitectura funeraria en el contexto nacional\u201d.<\/em><\/strong>\u00a0Esto da lugar a <em>\u201cuna organizaci\u00f3n espacial monacal en base a patios y claustros, distribuida sim\u00e9tricamente, con una iglesia como eje y elemento articulador, con claustros que albergan las capillas familiares o los nichos individuales\u201d<\/em>.<\/p>\n<p>Por \u00faltimo, el valor de las esculturas distribuidas en su interior son otro elemento caracter\u00edstico del cementerio que justifica su declaratoria y que tambi\u00e9n da hincapi\u00e9 para visitar este lugar en donde es posible vincularse con parte de la arquitectura, el arte, la cultura y la historia nacional.<\/p>\n<p>&nbsp;<\/p>\n<p><a href=\"http:\/\/colegioarquitectos.com\/noticias\/wp-content\/uploads\/2016\/03\/3.png\"><img loading=\"lazy\" decoding=\"async\" class=\"alignnone wp-image-11591 size-full\" src=\"http:\/\/colegioarquitectos.com\/noticias\/wp-content\/uploads\/2016\/03\/3.png\" alt=\"3\" width=\"580\" height=\"434\" srcset=\"https:\/\/colegioarquitectos.com\/noticias\/wp-content\/uploads\/2016\/03\/3.png 580w, https:\/\/colegioarquitectos.com\/noticias\/wp-content\/uploads\/2016\/03\/3-300x224.png 300w\" sizes=\"auto, (max-width: 580px) 100vw, 580px\" \/><\/a><\/p>\n<p><em>Cementerio Cat\u00f3lico de Santiago. \u00a9 Consejo de Monumentos Nacionales<\/em><\/p>\n<p>&nbsp;<\/p>\n<p><a href=\"http:\/\/www.plataformaurbana.cl\/archive\/2016\/03\/06\/cementerio-catolico-de-santiago-es-declarado-monumento-historico\/\">Fuente: Plataforma Urbana. Autora: Constanza Mart\u00ednez.<\/a><\/p>\n<p><\/p>","protected":false},"excerpt":{"rendered":"<p>Durante el siglo XIX, el antiguo sector de La Chimba en la zona norte de Santiago, empez\u00f3 a\u00a0acoger\u00a0cementerios y hospitales que en ese entonces se consideraba que era mejor que estuvieran en las afueras de la ciudad para cuidar la &hellip; <a class=\"more-link\" href=\"https:\/\/colegioarquitectos.com\/noticias\/?p=11586\">ver m\u00e1s<\/a><\/p>","protected":false},"author":4,"featured_media":11593,"comment_status":"open","ping_status":"open","sticky":false,"template":"","format":"standard","meta":{"footnotes":""},"categories":[3],"tags":[],"class_list":["post-11586","post","type-post","status-publish","format-standard","has-post-thumbnail","hentry","category-noticias"],"yoast_head":"<!-- This site is optimized with the Yoast SEO plugin v24.2 - https:\/\/yoast.com\/wordpress\/plugins\/seo\/ -->\n<title>Cementerio Cat\u00f3lico de Santiago es declarado Monumento Hist\u00f3rico - COLEGIO DE ARQUITECTOS DE CHILE<\/title>\n<meta name=\"robots\" content=\"index, follow, max-snippet:-1, max-image-preview:large, max-video-preview:-1\" \/>\n<link rel=\"canonical\" href=\"https:\/\/colegioarquitectos.com\/noticias\/?p=11586\" \/>\n<meta property=\"og:locale\" content=\"es_ES\" \/>\n<meta property=\"og:type\" content=\"article\" \/>\n<meta property=\"og:title\" content=\"Cementerio Cat\u00f3lico de Santiago es declarado Monumento Hist\u00f3rico - COLEGIO DE ARQUITECTOS DE CHILE\" \/>\n<meta property=\"og:description\" content=\"Durante el siglo XIX, el antiguo sector de La Chimba en la zona norte de Santiago, empez\u00f3 a\u00a0acoger\u00a0cementerios y hospitales que en ese entonces se consideraba que era mejor que estuvieran en las afueras de la ciudad para cuidar la &hellip; ver m\u00e1s\" \/>\n<meta property=\"og:url\" content=\"https:\/\/colegioarquitectos.com\/noticias\/?p=11586\" \/>\n<meta property=\"og:site_name\" content=\"COLEGIO DE ARQUITECTOS DE CHILE\" \/>\n<meta property=\"article:publisher\" content=\"https:\/\/facebook.com\/Colegioarq\/\" \/>\n<meta property=\"article:published_time\" content=\"2016-03-06T15:00:27+00:00\" \/>\n<meta property=\"article:modified_time\" content=\"2016-03-10T17:13:36+00:00\" \/>\n<meta property=\"og:image\" content=\"https:\/\/colegioarquitectos.com\/noticias\/wp-content\/uploads\/2016\/03\/Portada-Cementerio-Cat\u00f3lico.jpg\" \/>\n\t<meta property=\"og:image:width\" content=\"690\" \/>\n\t<meta property=\"og:image:height\" content=\"350\" \/>\n\t<meta property=\"og:image:type\" content=\"image\/jpeg\" \/>\n<meta name=\"author\" content=\"Colegio de Arquitectos de Chile\" \/>\n<meta name=\"twitter:card\" content=\"summary_large_image\" \/>\n<meta name=\"twitter:creator\" content=\"@colegioarq\" \/>\n<meta name=\"twitter:site\" content=\"@colegioarq\" \/>\n<meta name=\"twitter:label1\" content=\"Escrito por\" \/>\n\t<meta name=\"twitter:data1\" content=\"Colegio de Arquitectos de Chile\" \/>\n\t<meta name=\"twitter:label2\" content=\"Tiempo de lectura\" \/>\n\t<meta name=\"twitter:data2\" content=\"2 minutos\" \/>\n<script type=\"application\/ld+json\" class=\"yoast-schema-graph\">{\"@context\":\"https:\/\/schema.org\",\"@graph\":[{\"@type\":\"Article\",\"@id\":\"https:\/\/colegioarquitectos.com\/noticias\/?p=11586#article\",\"isPartOf\":{\"@id\":\"https:\/\/colegioarquitectos.com\/noticias\/?p=11586\"},\"author\":{\"name\":\"Colegio de Arquitectos de Chile\",\"@id\":\"https:\/\/colegioarquitectos.com\/noticias\/#\/schema\/person\/685cc0aad148303c5608f049af8285ad\"},\"headline\":\"Cementerio Cat\u00f3lico de Santiago es declarado Monumento Hist\u00f3rico\",\"datePublished\":\"2016-03-06T15:00:27+00:00\",\"dateModified\":\"2016-03-10T17:13:36+00:00\",\"mainEntityOfPage\":{\"@id\":\"https:\/\/colegioarquitectos.com\/noticias\/?p=11586\"},\"wordCount\":509,\"commentCount\":0,\"publisher\":{\"@id\":\"https:\/\/colegioarquitectos.com\/noticias\/#organization\"},\"image\":{\"@id\":\"https:\/\/colegioarquitectos.com\/noticias\/?p=11586#primaryimage\"},\"thumbnailUrl\":\"https:\/\/colegioarquitectos.com\/noticias\/wp-content\/uploads\/2016\/03\/Portada-Cementerio-Cat\u00f3lico.jpg\",\"articleSection\":[\"Noticias\"],\"inLanguage\":\"es\",\"potentialAction\":[{\"@type\":\"CommentAction\",\"name\":\"Comment\",\"target\":[\"https:\/\/colegioarquitectos.com\/noticias\/?p=11586#respond\"]}]},{\"@type\":\"WebPage\",\"@id\":\"https:\/\/colegioarquitectos.com\/noticias\/?p=11586\",\"url\":\"https:\/\/colegioarquitectos.com\/noticias\/?p=11586\",\"name\":\"Cementerio Cat\u00f3lico de Santiago es declarado Monumento Hist\u00f3rico - COLEGIO DE ARQUITECTOS DE CHILE\",\"isPartOf\":{\"@id\":\"https:\/\/colegioarquitectos.com\/noticias\/#website\"},\"primaryImageOfPage\":{\"@id\":\"https:\/\/colegioarquitectos.com\/noticias\/?p=11586#primaryimage\"},\"image\":{\"@id\":\"https:\/\/colegioarquitectos.com\/noticias\/?p=11586#primaryimage\"},\"thumbnailUrl\":\"https:\/\/colegioarquitectos.com\/noticias\/wp-content\/uploads\/2016\/03\/Portada-Cementerio-Cat\u00f3lico.jpg\",\"datePublished\":\"2016-03-06T15:00:27+00:00\",\"dateModified\":\"2016-03-10T17:13:36+00:00\",\"breadcrumb\":{\"@id\":\"https:\/\/colegioarquitectos.com\/noticias\/?p=11586#breadcrumb\"},\"inLanguage\":\"es\",\"potentialAction\":[{\"@type\":\"ReadAction\",\"target\":[\"https:\/\/colegioarquitectos.com\/noticias\/?p=11586\"]}]},{\"@type\":\"ImageObject\",\"inLanguage\":\"es\",\"@id\":\"https:\/\/colegioarquitectos.com\/noticias\/?p=11586#primaryimage\",\"url\":\"https:\/\/colegioarquitectos.com\/noticias\/wp-content\/uploads\/2016\/03\/Portada-Cementerio-Cat\u00f3lico.jpg\",\"contentUrl\":\"https:\/\/colegioarquitectos.com\/noticias\/wp-content\/uploads\/2016\/03\/Portada-Cementerio-Cat\u00f3lico.jpg\",\"width\":690,\"height\":350},{\"@type\":\"BreadcrumbList\",\"@id\":\"https:\/\/colegioarquitectos.com\/noticias\/?p=11586#breadcrumb\",\"itemListElement\":[{\"@type\":\"ListItem\",\"position\":1,\"name\":\"Portada\",\"item\":\"https:\/\/colegioarquitectos.com\/noticias\"},{\"@type\":\"ListItem\",\"position\":2,\"name\":\"Cementerio Cat\u00f3lico de Santiago es declarado Monumento Hist\u00f3rico\"}]},{\"@type\":\"WebSite\",\"@id\":\"https:\/\/colegioarquitectos.com\/noticias\/#website\",\"url\":\"https:\/\/colegioarquitectos.com\/noticias\/\",\"name\":\"COLEGIO DE ARQUITECTOS DE CHILE\",\"description\":\"\",\"publisher\":{\"@id\":\"https:\/\/colegioarquitectos.com\/noticias\/#organization\"},\"potentialAction\":[{\"@type\":\"SearchAction\",\"target\":{\"@type\":\"EntryPoint\",\"urlTemplate\":\"https:\/\/colegioarquitectos.com\/noticias\/?s={search_term_string}\"},\"query-input\":{\"@type\":\"PropertyValueSpecification\",\"valueRequired\":true,\"valueName\":\"search_term_string\"}}],\"inLanguage\":\"es\"},{\"@type\":\"Organization\",\"@id\":\"https:\/\/colegioarquitectos.com\/noticias\/#organization\",\"name\":\"COLEGIO DE ARQUITECTOS DE CHILE\",\"url\":\"https:\/\/colegioarquitectos.com\/noticias\/\",\"logo\":{\"@type\":\"ImageObject\",\"inLanguage\":\"es\",\"@id\":\"https:\/\/colegioarquitectos.com\/noticias\/#\/schema\/logo\/image\/\",\"url\":\"https:\/\/colegioarquitectos.com\/noticias\/wp-content\/uploads\/2021\/05\/ENCABEZADO-LOGO-CA.jpg\",\"contentUrl\":\"https:\/\/colegioarquitectos.com\/noticias\/wp-content\/uploads\/2021\/05\/ENCABEZADO-LOGO-CA.jpg\",\"width\":690,\"height\":350,\"caption\":\"COLEGIO DE ARQUITECTOS DE CHILE\"},\"image\":{\"@id\":\"https:\/\/colegioarquitectos.com\/noticias\/#\/schema\/logo\/image\/\"},\"sameAs\":[\"https:\/\/facebook.com\/Colegioarq\/\",\"https:\/\/x.com\/colegioarq\",\"https:\/\/instagram.com\/colegioarq\",\"https:\/\/youtube.com\/@ColegiodeArquitectosdeChile\"]},{\"@type\":\"Person\",\"@id\":\"https:\/\/colegioarquitectos.com\/noticias\/#\/schema\/person\/685cc0aad148303c5608f049af8285ad\",\"name\":\"Colegio de Arquitectos de Chile\",\"url\":\"https:\/\/colegioarquitectos.com\/noticias\/?author=4\"}]}<\/script>\n<!-- \/ Yoast SEO plugin. -->","yoast_head_json":{"title":"Cementerio Cat\u00f3lico de Santiago es declarado Monumento Hist\u00f3rico - COLEGIO DE ARQUITECTOS DE CHILE","robots":{"index":"index","follow":"follow","max-snippet":"max-snippet:-1","max-image-preview":"max-image-preview:large","max-video-preview":"max-video-preview:-1"},"canonical":"https:\/\/colegioarquitectos.com\/noticias\/?p=11586","og_locale":"es_ES","og_type":"article","og_title":"Cementerio Cat\u00f3lico de Santiago es declarado Monumento Hist\u00f3rico - COLEGIO DE ARQUITECTOS DE CHILE","og_description":"Durante el siglo XIX, el antiguo sector de La Chimba en la zona norte de Santiago, empez\u00f3 a\u00a0acoger\u00a0cementerios y hospitales que en ese entonces se consideraba que era mejor que estuvieran en las afueras de la ciudad para cuidar la &hellip; ver m\u00e1s","og_url":"https:\/\/colegioarquitectos.com\/noticias\/?p=11586","og_site_name":"COLEGIO DE ARQUITECTOS DE CHILE","article_publisher":"https:\/\/facebook.com\/Colegioarq\/","article_published_time":"2016-03-06T15:00:27+00:00","article_modified_time":"2016-03-10T17:13:36+00:00","og_image":[{"width":690,"height":350,"url":"https:\/\/colegioarquitectos.com\/noticias\/wp-content\/uploads\/2016\/03\/Portada-Cementerio-Cat\u00f3lico.jpg","type":"image\/jpeg"}],"author":"Colegio de Arquitectos de Chile","twitter_card":"summary_large_image","twitter_creator":"@colegioarq","twitter_site":"@colegioarq","twitter_misc":{"Escrito por":"Colegio de Arquitectos de Chile","Tiempo de lectura":"2 minutos"},"schema":{"@context":"https:\/\/schema.org","@graph":[{"@type":"Article","@id":"https:\/\/colegioarquitectos.com\/noticias\/?p=11586#article","isPartOf":{"@id":"https:\/\/colegioarquitectos.com\/noticias\/?p=11586"},"author":{"name":"Colegio de Arquitectos de Chile","@id":"https:\/\/colegioarquitectos.com\/noticias\/#\/schema\/person\/685cc0aad148303c5608f049af8285ad"},"headline":"Cementerio Cat\u00f3lico de Santiago es declarado Monumento Hist\u00f3rico","datePublished":"2016-03-06T15:00:27+00:00","dateModified":"2016-03-10T17:13:36+00:00","mainEntityOfPage":{"@id":"https:\/\/colegioarquitectos.com\/noticias\/?p=11586"},"wordCount":509,"commentCount":0,"publisher":{"@id":"https:\/\/colegioarquitectos.com\/noticias\/#organization"},"image":{"@id":"https:\/\/colegioarquitectos.com\/noticias\/?p=11586#primaryimage"},"thumbnailUrl":"https:\/\/colegioarquitectos.com\/noticias\/wp-content\/uploads\/2016\/03\/Portada-Cementerio-Cat\u00f3lico.jpg","articleSection":["Noticias"],"inLanguage":"es","potentialAction":[{"@type":"CommentAction","name":"Comment","target":["https:\/\/colegioarquitectos.com\/noticias\/?p=11586#respond"]}]},{"@type":"WebPage","@id":"https:\/\/colegioarquitectos.com\/noticias\/?p=11586","url":"https:\/\/colegioarquitectos.com\/noticias\/?p=11586","name":"Cementerio Cat\u00f3lico de Santiago es declarado Monumento Hist\u00f3rico - COLEGIO DE ARQUITECTOS DE CHILE","isPartOf":{"@id":"https:\/\/colegioarquitectos.com\/noticias\/#website"},"primaryImageOfPage":{"@id":"https:\/\/colegioarquitectos.com\/noticias\/?p=11586#primaryimage"},"image":{"@id":"https:\/\/colegioarquitectos.com\/noticias\/?p=11586#primaryimage"},"thumbnailUrl":"https:\/\/colegioarquitectos.com\/noticias\/wp-content\/uploads\/2016\/03\/Portada-Cementerio-Cat\u00f3lico.jpg","datePublished":"2016-03-06T15:00:27+00:00","dateModified":"2016-03-10T17:13:36+00:00","breadcrumb":{"@id":"https:\/\/colegioarquitectos.com\/noticias\/?p=11586#breadcrumb"},"inLanguage":"es","potentialAction":[{"@type":"ReadAction","target":["https:\/\/colegioarquitectos.com\/noticias\/?p=11586"]}]},{"@type":"ImageObject","inLanguage":"es","@id":"https:\/\/colegioarquitectos.com\/noticias\/?p=11586#primaryimage","url":"https:\/\/colegioarquitectos.com\/noticias\/wp-content\/uploads\/2016\/03\/Portada-Cementerio-Cat\u00f3lico.jpg","contentUrl":"https:\/\/colegioarquitectos.com\/noticias\/wp-content\/uploads\/2016\/03\/Portada-Cementerio-Cat\u00f3lico.jpg","width":690,"height":350},{"@type":"BreadcrumbList","@id":"https:\/\/colegioarquitectos.com\/noticias\/?p=11586#breadcrumb","itemListElement":[{"@type":"ListItem","position":1,"name":"Portada","item":"https:\/\/colegioarquitectos.com\/noticias"},{"@type":"ListItem","position":2,"name":"Cementerio Cat\u00f3lico de Santiago es declarado Monumento Hist\u00f3rico"}]},{"@type":"WebSite","@id":"https:\/\/colegioarquitectos.com\/noticias\/#website","url":"https:\/\/colegioarquitectos.com\/noticias\/","name":"COLEGIO DE ARQUITECTOS DE CHILE","description":"","publisher":{"@id":"https:\/\/colegioarquitectos.com\/noticias\/#organization"},"potentialAction":[{"@type":"SearchAction","target":{"@type":"EntryPoint","urlTemplate":"https:\/\/colegioarquitectos.com\/noticias\/?s={search_term_string}"},"query-input":{"@type":"PropertyValueSpecification","valueRequired":true,"valueName":"search_term_string"}}],"inLanguage":"es"},{"@type":"Organization","@id":"https:\/\/colegioarquitectos.com\/noticias\/#organization","name":"COLEGIO DE ARQUITECTOS DE CHILE","url":"https:\/\/colegioarquitectos.com\/noticias\/","logo":{"@type":"ImageObject","inLanguage":"es","@id":"https:\/\/colegioarquitectos.com\/noticias\/#\/schema\/logo\/image\/","url":"https:\/\/colegioarquitectos.com\/noticias\/wp-content\/uploads\/2021\/05\/ENCABEZADO-LOGO-CA.jpg","contentUrl":"https:\/\/colegioarquitectos.com\/noticias\/wp-content\/uploads\/2021\/05\/ENCABEZADO-LOGO-CA.jpg","width":690,"height":350,"caption":"COLEGIO DE ARQUITECTOS DE CHILE"},"image":{"@id":"https:\/\/colegioarquitectos.com\/noticias\/#\/schema\/logo\/image\/"},"sameAs":["https:\/\/facebook.com\/Colegioarq\/","https:\/\/x.com\/colegioarq","https:\/\/instagram.com\/colegioarq","https:\/\/youtube.com\/@ColegiodeArquitectosdeChile"]},{"@type":"Person","@id":"https:\/\/colegioarquitectos.com\/noticias\/#\/schema\/person\/685cc0aad148303c5608f049af8285ad","name":"Colegio de Arquitectos de Chile","url":"https:\/\/colegioarquitectos.com\/noticias\/?author=4"}]}},"_links":{"self":[{"href":"https:\/\/colegioarquitectos.com\/noticias\/index.php?rest_route=\/wp\/v2\/posts\/11586","targetHints":{"allow":["GET"]}}],"collection":[{"href":"https:\/\/colegioarquitectos.com\/noticias\/index.php?rest_route=\/wp\/v2\/posts"}],"about":[{"href":"https:\/\/colegioarquitectos.com\/noticias\/index.php?rest_route=\/wp\/v2\/types\/post"}],"author":[{"embeddable":true,"href":"https:\/\/colegioarquitectos.com\/noticias\/index.php?rest_route=\/wp\/v2\/users\/4"}],"replies":[{"embeddable":true,"href":"https:\/\/colegioarquitectos.com\/noticias\/index.php?rest_route=%2Fwp%2Fv2%2Fcomments&post=11586"}],"version-history":[{"count":0,"href":"https:\/\/colegioarquitectos.com\/noticias\/index.php?rest_route=\/wp\/v2\/posts\/11586\/revisions"}],"wp:featuredmedia":[{"embeddable":true,"href":"https:\/\/colegioarquitectos.com\/noticias\/index.php?rest_route=\/wp\/v2\/media\/11593"}],"wp:attachment":[{"href":"https:\/\/colegioarquitectos.com\/noticias\/index.php?rest_route=%2Fwp%2Fv2%2Fmedia&parent=11586"}],"wp:term":[{"taxonomy":"category","embeddable":true,"href":"https:\/\/colegioarquitectos.com\/noticias\/index.php?rest_route=%2Fwp%2Fv2%2Fcategories&post=11586"},{"taxonomy":"post_tag","embeddable":true,"href":"https:\/\/colegioarquitectos.com\/noticias\/index.php?rest_route=%2Fwp%2Fv2%2Ftags&post=11586"}],"curies":[{"name":"wp","href":"https:\/\/api.w.org\/{rel}","templated":true}]}}