
{"id":11713,"date":"2016-03-18T15:43:59","date_gmt":"2016-03-18T15:43:59","guid":{"rendered":"http:\/\/colegioarquitectos.com\/?p=11713"},"modified":"2016-03-18T15:43:59","modified_gmt":"2016-03-18T15:43:59","slug":"presidente-delegacion-aysen-opina-sobre-problemas-urbanos-en-coyhaique","status":"publish","type":"post","link":"https:\/\/colegioarquitectos.com\/noticias\/?p=11713","title":{"rendered":"Presidente Delegaci\u00f3n Ays\u00e9n opina sobre problemas urbanos en Coyhaique"},"content":{"rendered":"<p>Fernando Miranda, arquitecto y urbanista coment\u00f3 en <a href=\"http:\/\/radiosantamaria.cl\/2016\/16\/03\/cuales-son-los-principales-problemas-de-la-vida-urbana-en-coyhaique\/\">Radio Santa Mar\u00eda (ver)<\/a> las dificultades que hoy se evidencian en la ciudad, que tienen directa relaci\u00f3n con la planificaci\u00f3n urbana.<\/p>\n<p><em>Por Javier Verdejo<\/em><\/p>\n<p>Calles en mal estado, congesti\u00f3n, esmog, inundaciones y alta presencia de perros abandonados, son parte de los problemas que aquejan a los habitantes de las ciudades de Chile, seg\u00fan el \u00faltimo estudio de Calidad de Vida Urbana desarrollado por el Ministerio de Vivienda y Urbanismo. Ante estos resultados, quisimos conocer cuales con los principales problemas que aquejan a los habitantes de la ciudad de Coyhaique.<\/p>\n<p>Los ciudadanos consultado coincidieron en considerar, la contaminaci\u00f3n como uno de los temas que la ciudadan\u00eda evidencia como preocupante, junto con el estado de las v\u00edas y el poco mantenimiento de los espacios p\u00fablicos como\u00a0 parques y plazas.<\/p>\n<p>La Seremi de Vivienda y Urbanismo en la regi\u00f3n de Ays\u00e9n, Gabriela Retamal, al ser consultada por este estudio realizado por el Ministerio, manifest\u00f3 desconocer su existencia y por ende los resultados del mismo, sin embargo coment\u00f3 que los principales problemas de ciudad se pueden abordar desde los programas de participaci\u00f3n ciudadana<\/p>\n<p>\u201cExisten programas y proyectos que son con participaci\u00f3n, las plazas y los parques tambi\u00e9n se hacen con consultas a la ciudadan\u00eda. Existen varios programas como el Quiero Mi Barrio, Pavimentaci\u00f3n Participativa, Conservaci\u00f3n de Calles y el conocido Programa de Protecci\u00f3n del Patrimonio Familiar\u201d<\/p>\n<p>Un aspecto relevante dentro de las preocupaciones que manifestaron los consultados por Radio Santa Mar\u00eda\u00a0 es la seguridad, principalmente por los recurrentes casos de conducci\u00f3n en Estado de Ebriedad como tambi\u00e9n controles de tolerancia cero para evita.<\/p>\n<p>Fernando Miranda, arquitecto y urbanista coment\u00f3 que los problemas que hoy se evidencian en las ciudades en crecimiento, tienen directa relaci\u00f3n con como se\u00a0 ha desarrollado la planificaci\u00f3n urbana.<\/p>\n<p>\u201cEfectivamente y no solo en Coyhaique, hay un crecimiento inorg\u00e1nico, no planificado y que dif\u00edcilmente se va a poder abordar en forma integral si se sigue abordando la planificaci\u00f3n como se hac\u00eda hace 60 a\u00f1os atr\u00e1s a trav\u00e9s de un paradigma funcionalismo, dividir la ciudad en uso. Uno puede ubicar f\u00e1cilmente en la ciudad los lugares de circulaci\u00f3n, los lugares de residencia, los lugares de equipamiento, este tipo de planificaci\u00f3n tiene cerca de 50 a\u00f1os y ya ha existido en Europa y Estados Unidos una vuelta de mano donde se pretende hacer una planificaci\u00f3n integral del territorio, no solo dividir por uso sino que consultando a la ciudadan\u00eda\u201d<\/p>\n<p>El estudio de calidad de la vida urbana que consider\u00f3 entrevistas a unas 8000 personas distribuidas en 100 comunas del pa\u00eds, realizado por el MINVU, indica que un 79% de las personas encuestadas a lo largo del pa\u00eds siente que su opini\u00f3n \u201crara vez o nunca\u201d es tomada en cuenta para los proyectos y obras que se realizan en la ciudad.<\/p>\n<p><\/p>","protected":false},"excerpt":{"rendered":"<p>Fernando Miranda, arquitecto y urbanista coment\u00f3 en Radio Santa Mar\u00eda (ver) las dificultades que hoy se evidencian en la ciudad, que tienen directa relaci\u00f3n con la planificaci\u00f3n urbana. Por Javier Verdejo Calles en mal estado, congesti\u00f3n, esmog, inundaciones y alta &hellip; <a class=\"more-link\" href=\"https:\/\/colegioarquitectos.com\/noticias\/?p=11713\">ver m\u00e1s<\/a><\/p>","protected":false},"author":4,"featured_media":11714,"comment_status":"open","ping_status":"open","sticky":false,"template":"","format":"standard","meta":{"footnotes":""},"categories":[10],"tags":[],"class_list":["post-11713","post","type-post","status-publish","format-standard","has-post-thumbnail","hentry","category-delegaciones-zonales"],"yoast_head":"<!-- This site is optimized with the Yoast SEO plugin v24.2 - https:\/\/yoast.com\/wordpress\/plugins\/seo\/ -->\n<title>Presidente Delegaci\u00f3n Ays\u00e9n opina sobre problemas urbanos en Coyhaique - COLEGIO DE ARQUITECTOS DE CHILE<\/title>\n<meta name=\"robots\" content=\"index, follow, max-snippet:-1, max-image-preview:large, max-video-preview:-1\" \/>\n<link rel=\"canonical\" href=\"https:\/\/colegioarquitectos.com\/noticias\/?p=11713\" \/>\n<meta property=\"og:locale\" content=\"es_ES\" \/>\n<meta property=\"og:type\" content=\"article\" \/>\n<meta property=\"og:title\" content=\"Presidente Delegaci\u00f3n Ays\u00e9n opina sobre problemas urbanos en Coyhaique - COLEGIO DE ARQUITECTOS DE CHILE\" \/>\n<meta property=\"og:description\" content=\"Fernando Miranda, arquitecto y urbanista coment\u00f3 en Radio Santa Mar\u00eda (ver) las dificultades que hoy se evidencian en la ciudad, que tienen directa relaci\u00f3n con la planificaci\u00f3n urbana. Por Javier Verdejo Calles en mal estado, congesti\u00f3n, esmog, inundaciones y alta &hellip; ver m\u00e1s\" \/>\n<meta property=\"og:url\" content=\"https:\/\/colegioarquitectos.com\/noticias\/?p=11713\" \/>\n<meta property=\"og:site_name\" content=\"COLEGIO DE ARQUITECTOS DE CHILE\" \/>\n<meta property=\"article:publisher\" content=\"https:\/\/facebook.com\/Colegioarq\/\" \/>\n<meta property=\"article:published_time\" content=\"2016-03-18T15:43:59+00:00\" \/>\n<meta property=\"og:image\" content=\"https:\/\/colegioarquitectos.com\/noticias\/wp-content\/uploads\/2016\/03\/Ays\u00e9n.jpg\" \/>\n\t<meta property=\"og:image:width\" content=\"690\" \/>\n\t<meta property=\"og:image:height\" content=\"350\" \/>\n\t<meta property=\"og:image:type\" content=\"image\/jpeg\" \/>\n<meta name=\"author\" content=\"Colegio de Arquitectos de Chile\" \/>\n<meta name=\"twitter:card\" content=\"summary_large_image\" \/>\n<meta name=\"twitter:creator\" content=\"@colegioarq\" \/>\n<meta name=\"twitter:site\" content=\"@colegioarq\" \/>\n<meta name=\"twitter:label1\" content=\"Escrito por\" \/>\n\t<meta name=\"twitter:data1\" content=\"Colegio de Arquitectos de Chile\" \/>\n\t<meta name=\"twitter:label2\" content=\"Tiempo de lectura\" \/>\n\t<meta name=\"twitter:data2\" content=\"2 minutos\" \/>\n<script type=\"application\/ld+json\" class=\"yoast-schema-graph\">{\"@context\":\"https:\/\/schema.org\",\"@graph\":[{\"@type\":\"Article\",\"@id\":\"https:\/\/colegioarquitectos.com\/noticias\/?p=11713#article\",\"isPartOf\":{\"@id\":\"https:\/\/colegioarquitectos.com\/noticias\/?p=11713\"},\"author\":{\"name\":\"Colegio de Arquitectos de Chile\",\"@id\":\"https:\/\/colegioarquitectos.com\/noticias\/#\/schema\/person\/685cc0aad148303c5608f049af8285ad\"},\"headline\":\"Presidente Delegaci\u00f3n Ays\u00e9n opina sobre problemas urbanos en Coyhaique\",\"datePublished\":\"2016-03-18T15:43:59+00:00\",\"dateModified\":\"2016-03-18T15:43:59+00:00\",\"mainEntityOfPage\":{\"@id\":\"https:\/\/colegioarquitectos.com\/noticias\/?p=11713\"},\"wordCount\":509,\"commentCount\":0,\"publisher\":{\"@id\":\"https:\/\/colegioarquitectos.com\/noticias\/#organization\"},\"image\":{\"@id\":\"https:\/\/colegioarquitectos.com\/noticias\/?p=11713#primaryimage\"},\"thumbnailUrl\":\"https:\/\/colegioarquitectos.com\/noticias\/wp-content\/uploads\/2016\/03\/Ays\u00e9n.jpg\",\"articleSection\":[\"Delegaciones\"],\"inLanguage\":\"es\",\"potentialAction\":[{\"@type\":\"CommentAction\",\"name\":\"Comment\",\"target\":[\"https:\/\/colegioarquitectos.com\/noticias\/?p=11713#respond\"]}]},{\"@type\":\"WebPage\",\"@id\":\"https:\/\/colegioarquitectos.com\/noticias\/?p=11713\",\"url\":\"https:\/\/colegioarquitectos.com\/noticias\/?p=11713\",\"name\":\"Presidente Delegaci\u00f3n Ays\u00e9n opina sobre problemas urbanos en Coyhaique - COLEGIO DE ARQUITECTOS DE CHILE\",\"isPartOf\":{\"@id\":\"https:\/\/colegioarquitectos.com\/noticias\/#website\"},\"primaryImageOfPage\":{\"@id\":\"https:\/\/colegioarquitectos.com\/noticias\/?p=11713#primaryimage\"},\"image\":{\"@id\":\"https:\/\/colegioarquitectos.com\/noticias\/?p=11713#primaryimage\"},\"thumbnailUrl\":\"https:\/\/colegioarquitectos.com\/noticias\/wp-content\/uploads\/2016\/03\/Ays\u00e9n.jpg\",\"datePublished\":\"2016-03-18T15:43:59+00:00\",\"dateModified\":\"2016-03-18T15:43:59+00:00\",\"breadcrumb\":{\"@id\":\"https:\/\/colegioarquitectos.com\/noticias\/?p=11713#breadcrumb\"},\"inLanguage\":\"es\",\"potentialAction\":[{\"@type\":\"ReadAction\",\"target\":[\"https:\/\/colegioarquitectos.com\/noticias\/?p=11713\"]}]},{\"@type\":\"ImageObject\",\"inLanguage\":\"es\",\"@id\":\"https:\/\/colegioarquitectos.com\/noticias\/?p=11713#primaryimage\",\"url\":\"https:\/\/colegioarquitectos.com\/noticias\/wp-content\/uploads\/2016\/03\/Ays\u00e9n.jpg\",\"contentUrl\":\"https:\/\/colegioarquitectos.com\/noticias\/wp-content\/uploads\/2016\/03\/Ays\u00e9n.jpg\",\"width\":690,\"height\":350},{\"@type\":\"BreadcrumbList\",\"@id\":\"https:\/\/colegioarquitectos.com\/noticias\/?p=11713#breadcrumb\",\"itemListElement\":[{\"@type\":\"ListItem\",\"position\":1,\"name\":\"Portada\",\"item\":\"https:\/\/colegioarquitectos.com\/noticias\"},{\"@type\":\"ListItem\",\"position\":2,\"name\":\"Presidente Delegaci\u00f3n Ays\u00e9n opina sobre problemas urbanos en Coyhaique\"}]},{\"@type\":\"WebSite\",\"@id\":\"https:\/\/colegioarquitectos.com\/noticias\/#website\",\"url\":\"https:\/\/colegioarquitectos.com\/noticias\/\",\"name\":\"COLEGIO DE ARQUITECTOS DE CHILE\",\"description\":\"\",\"publisher\":{\"@id\":\"https:\/\/colegioarquitectos.com\/noticias\/#organization\"},\"potentialAction\":[{\"@type\":\"SearchAction\",\"target\":{\"@type\":\"EntryPoint\",\"urlTemplate\":\"https:\/\/colegioarquitectos.com\/noticias\/?s={search_term_string}\"},\"query-input\":{\"@type\":\"PropertyValueSpecification\",\"valueRequired\":true,\"valueName\":\"search_term_string\"}}],\"inLanguage\":\"es\"},{\"@type\":\"Organization\",\"@id\":\"https:\/\/colegioarquitectos.com\/noticias\/#organization\",\"name\":\"COLEGIO DE ARQUITECTOS DE CHILE\",\"url\":\"https:\/\/colegioarquitectos.com\/noticias\/\",\"logo\":{\"@type\":\"ImageObject\",\"inLanguage\":\"es\",\"@id\":\"https:\/\/colegioarquitectos.com\/noticias\/#\/schema\/logo\/image\/\",\"url\":\"https:\/\/colegioarquitectos.com\/noticias\/wp-content\/uploads\/2021\/05\/ENCABEZADO-LOGO-CA.jpg\",\"contentUrl\":\"https:\/\/colegioarquitectos.com\/noticias\/wp-content\/uploads\/2021\/05\/ENCABEZADO-LOGO-CA.jpg\",\"width\":690,\"height\":350,\"caption\":\"COLEGIO DE ARQUITECTOS DE CHILE\"},\"image\":{\"@id\":\"https:\/\/colegioarquitectos.com\/noticias\/#\/schema\/logo\/image\/\"},\"sameAs\":[\"https:\/\/facebook.com\/Colegioarq\/\",\"https:\/\/x.com\/colegioarq\",\"https:\/\/instagram.com\/colegioarq\",\"https:\/\/youtube.com\/@ColegiodeArquitectosdeChile\"]},{\"@type\":\"Person\",\"@id\":\"https:\/\/colegioarquitectos.com\/noticias\/#\/schema\/person\/685cc0aad148303c5608f049af8285ad\",\"name\":\"Colegio de Arquitectos de Chile\",\"url\":\"https:\/\/colegioarquitectos.com\/noticias\/?author=4\"}]}<\/script>\n<!-- \/ Yoast SEO plugin. -->","yoast_head_json":{"title":"Presidente Delegaci\u00f3n Ays\u00e9n opina sobre problemas urbanos en Coyhaique - COLEGIO DE ARQUITECTOS DE CHILE","robots":{"index":"index","follow":"follow","max-snippet":"max-snippet:-1","max-image-preview":"max-image-preview:large","max-video-preview":"max-video-preview:-1"},"canonical":"https:\/\/colegioarquitectos.com\/noticias\/?p=11713","og_locale":"es_ES","og_type":"article","og_title":"Presidente Delegaci\u00f3n Ays\u00e9n opina sobre problemas urbanos en Coyhaique - COLEGIO DE ARQUITECTOS DE CHILE","og_description":"Fernando Miranda, arquitecto y urbanista coment\u00f3 en Radio Santa Mar\u00eda (ver) las dificultades que hoy se evidencian en la ciudad, que tienen directa relaci\u00f3n con la planificaci\u00f3n urbana. Por Javier Verdejo Calles en mal estado, congesti\u00f3n, esmog, inundaciones y alta &hellip; ver m\u00e1s","og_url":"https:\/\/colegioarquitectos.com\/noticias\/?p=11713","og_site_name":"COLEGIO DE ARQUITECTOS DE CHILE","article_publisher":"https:\/\/facebook.com\/Colegioarq\/","article_published_time":"2016-03-18T15:43:59+00:00","og_image":[{"width":690,"height":350,"url":"https:\/\/colegioarquitectos.com\/noticias\/wp-content\/uploads\/2016\/03\/Ays\u00e9n.jpg","type":"image\/jpeg"}],"author":"Colegio de Arquitectos de Chile","twitter_card":"summary_large_image","twitter_creator":"@colegioarq","twitter_site":"@colegioarq","twitter_misc":{"Escrito por":"Colegio de Arquitectos de Chile","Tiempo de lectura":"2 minutos"},"schema":{"@context":"https:\/\/schema.org","@graph":[{"@type":"Article","@id":"https:\/\/colegioarquitectos.com\/noticias\/?p=11713#article","isPartOf":{"@id":"https:\/\/colegioarquitectos.com\/noticias\/?p=11713"},"author":{"name":"Colegio de Arquitectos de Chile","@id":"https:\/\/colegioarquitectos.com\/noticias\/#\/schema\/person\/685cc0aad148303c5608f049af8285ad"},"headline":"Presidente Delegaci\u00f3n Ays\u00e9n opina sobre problemas urbanos en Coyhaique","datePublished":"2016-03-18T15:43:59+00:00","dateModified":"2016-03-18T15:43:59+00:00","mainEntityOfPage":{"@id":"https:\/\/colegioarquitectos.com\/noticias\/?p=11713"},"wordCount":509,"commentCount":0,"publisher":{"@id":"https:\/\/colegioarquitectos.com\/noticias\/#organization"},"image":{"@id":"https:\/\/colegioarquitectos.com\/noticias\/?p=11713#primaryimage"},"thumbnailUrl":"https:\/\/colegioarquitectos.com\/noticias\/wp-content\/uploads\/2016\/03\/Ays\u00e9n.jpg","articleSection":["Delegaciones"],"inLanguage":"es","potentialAction":[{"@type":"CommentAction","name":"Comment","target":["https:\/\/colegioarquitectos.com\/noticias\/?p=11713#respond"]}]},{"@type":"WebPage","@id":"https:\/\/colegioarquitectos.com\/noticias\/?p=11713","url":"https:\/\/colegioarquitectos.com\/noticias\/?p=11713","name":"Presidente Delegaci\u00f3n Ays\u00e9n opina sobre problemas urbanos en Coyhaique - COLEGIO DE ARQUITECTOS DE CHILE","isPartOf":{"@id":"https:\/\/colegioarquitectos.com\/noticias\/#website"},"primaryImageOfPage":{"@id":"https:\/\/colegioarquitectos.com\/noticias\/?p=11713#primaryimage"},"image":{"@id":"https:\/\/colegioarquitectos.com\/noticias\/?p=11713#primaryimage"},"thumbnailUrl":"https:\/\/colegioarquitectos.com\/noticias\/wp-content\/uploads\/2016\/03\/Ays\u00e9n.jpg","datePublished":"2016-03-18T15:43:59+00:00","dateModified":"2016-03-18T15:43:59+00:00","breadcrumb":{"@id":"https:\/\/colegioarquitectos.com\/noticias\/?p=11713#breadcrumb"},"inLanguage":"es","potentialAction":[{"@type":"ReadAction","target":["https:\/\/colegioarquitectos.com\/noticias\/?p=11713"]}]},{"@type":"ImageObject","inLanguage":"es","@id":"https:\/\/colegioarquitectos.com\/noticias\/?p=11713#primaryimage","url":"https:\/\/colegioarquitectos.com\/noticias\/wp-content\/uploads\/2016\/03\/Ays\u00e9n.jpg","contentUrl":"https:\/\/colegioarquitectos.com\/noticias\/wp-content\/uploads\/2016\/03\/Ays\u00e9n.jpg","width":690,"height":350},{"@type":"BreadcrumbList","@id":"https:\/\/colegioarquitectos.com\/noticias\/?p=11713#breadcrumb","itemListElement":[{"@type":"ListItem","position":1,"name":"Portada","item":"https:\/\/colegioarquitectos.com\/noticias"},{"@type":"ListItem","position":2,"name":"Presidente Delegaci\u00f3n Ays\u00e9n opina sobre problemas urbanos en Coyhaique"}]},{"@type":"WebSite","@id":"https:\/\/colegioarquitectos.com\/noticias\/#website","url":"https:\/\/colegioarquitectos.com\/noticias\/","name":"COLEGIO DE ARQUITECTOS DE CHILE","description":"","publisher":{"@id":"https:\/\/colegioarquitectos.com\/noticias\/#organization"},"potentialAction":[{"@type":"SearchAction","target":{"@type":"EntryPoint","urlTemplate":"https:\/\/colegioarquitectos.com\/noticias\/?s={search_term_string}"},"query-input":{"@type":"PropertyValueSpecification","valueRequired":true,"valueName":"search_term_string"}}],"inLanguage":"es"},{"@type":"Organization","@id":"https:\/\/colegioarquitectos.com\/noticias\/#organization","name":"COLEGIO DE ARQUITECTOS DE CHILE","url":"https:\/\/colegioarquitectos.com\/noticias\/","logo":{"@type":"ImageObject","inLanguage":"es","@id":"https:\/\/colegioarquitectos.com\/noticias\/#\/schema\/logo\/image\/","url":"https:\/\/colegioarquitectos.com\/noticias\/wp-content\/uploads\/2021\/05\/ENCABEZADO-LOGO-CA.jpg","contentUrl":"https:\/\/colegioarquitectos.com\/noticias\/wp-content\/uploads\/2021\/05\/ENCABEZADO-LOGO-CA.jpg","width":690,"height":350,"caption":"COLEGIO DE ARQUITECTOS DE CHILE"},"image":{"@id":"https:\/\/colegioarquitectos.com\/noticias\/#\/schema\/logo\/image\/"},"sameAs":["https:\/\/facebook.com\/Colegioarq\/","https:\/\/x.com\/colegioarq","https:\/\/instagram.com\/colegioarq","https:\/\/youtube.com\/@ColegiodeArquitectosdeChile"]},{"@type":"Person","@id":"https:\/\/colegioarquitectos.com\/noticias\/#\/schema\/person\/685cc0aad148303c5608f049af8285ad","name":"Colegio de Arquitectos de Chile","url":"https:\/\/colegioarquitectos.com\/noticias\/?author=4"}]}},"_links":{"self":[{"href":"https:\/\/colegioarquitectos.com\/noticias\/index.php?rest_route=\/wp\/v2\/posts\/11713","targetHints":{"allow":["GET"]}}],"collection":[{"href":"https:\/\/colegioarquitectos.com\/noticias\/index.php?rest_route=\/wp\/v2\/posts"}],"about":[{"href":"https:\/\/colegioarquitectos.com\/noticias\/index.php?rest_route=\/wp\/v2\/types\/post"}],"author":[{"embeddable":true,"href":"https:\/\/colegioarquitectos.com\/noticias\/index.php?rest_route=\/wp\/v2\/users\/4"}],"replies":[{"embeddable":true,"href":"https:\/\/colegioarquitectos.com\/noticias\/index.php?rest_route=%2Fwp%2Fv2%2Fcomments&post=11713"}],"version-history":[{"count":0,"href":"https:\/\/colegioarquitectos.com\/noticias\/index.php?rest_route=\/wp\/v2\/posts\/11713\/revisions"}],"wp:featuredmedia":[{"embeddable":true,"href":"https:\/\/colegioarquitectos.com\/noticias\/index.php?rest_route=\/wp\/v2\/media\/11714"}],"wp:attachment":[{"href":"https:\/\/colegioarquitectos.com\/noticias\/index.php?rest_route=%2Fwp%2Fv2%2Fmedia&parent=11713"}],"wp:term":[{"taxonomy":"category","embeddable":true,"href":"https:\/\/colegioarquitectos.com\/noticias\/index.php?rest_route=%2Fwp%2Fv2%2Fcategories&post=11713"},{"taxonomy":"post_tag","embeddable":true,"href":"https:\/\/colegioarquitectos.com\/noticias\/index.php?rest_route=%2Fwp%2Fv2%2Ftags&post=11713"}],"curies":[{"name":"wp","href":"https:\/\/api.w.org\/{rel}","templated":true}]}}