
{"id":11752,"date":"2016-03-21T16:37:57","date_gmt":"2016-03-21T16:37:57","guid":{"rendered":"http:\/\/colegioarquitectos.com\/?p=11752"},"modified":"2016-03-28T19:42:06","modified_gmt":"2016-03-28T19:42:06","slug":"la-historia-de-los-carpinteros-alemanes-en-el-sur-de-chile","status":"publish","type":"post","link":"https:\/\/colegioarquitectos.com\/noticias\/?p=11752","title":{"rendered":"La historia de los carpinteros alemanes en el sur de Chile"},"content":{"rendered":"<p>Gian Piero Cherubini, Vicepresidente de la Delegaci\u00f3n Llanquihue del Colegio de Arquitectos de Chile realiz\u00f3 una investigaci\u00f3n que dio vida al libro<em> \u00abLa escuela de carpinteros alemanes de Puerto Montt, su formaci\u00f3n e influencia m\u00e1s all\u00e1 de las fronteras\u00bb<\/em>\u00a0el que ser\u00e1 lanzado el pr\u00f3ximo viernes 1 de abril.<\/p>\n<p><a href=\"http:\/\/impresa.elmercurio.com\/Pages\/NewsDetail.aspx?dt=2016-03-20&amp;dtB=20-03-2016%200:00:00&amp;PaginaId=7&amp;bodyid=6\">El suplemento Artes y Letras de El Mercurio (ver)<\/a>, decidi\u00f3 llevar un art\u00edculo sobre el libro, que explica los interesantes sistemas constructivos a trav\u00e9s de las explicaciones del autor:<\/p>\n<h2><\/h2>\n<h2>La historia de los carpinteros alemanes en el sur de Chile<\/h2>\n<p><span style=\"font-family: Arial, Helvetica, sans-serif; font-size: small;\"><b>De trabajar con las con\u00edferas europeas pasaron a ocupar el ulmo y el coig\u00fce. Son los carpinteros germanos que llegaron al pa\u00eds, quienes adaptaron sus saberes y traspasaron sus conocimientos, dejando una importante huella en nuestra arquitectura en madera.<\/b><\/span><\/p>\n<p><b><\/b><br \/>\n<span class=\"arial12\">\u00bfC\u00f3mo se difundieron, en la zona del lago Llanquihue, t\u00e9cnicas y modelos de construcci\u00f3n en madera que se repitieron por m\u00e1s de un siglo, muchas veces sin la presencia de un arquitecto? \u00abExisti\u00f3 una forma de trasmisi\u00f3n de los conocimientos por medio del trabajo conjunto entre maestros carpinteros y aprendices, similar al aprendizaje propio de las corporaciones de la Edad Media y del Renacimiento. La ense\u00f1anza se produce al replicar la forma de hacer de los maestros y trabajando con ellos\u00bb, responde el investigador Gian Piero Cherubini, autor del libro \u00abLa escuela de carpinteros alemanes de Puerto Montt\u00bb (Universitaria).<\/span><\/p>\n<p><span class=\"arial12\">\u00abEllos traen y popularizan una serie de conocimiento, m\u00e1s habilidades novedosas del oficio de la carpinter\u00eda, desarrolladas en su contexto cultural europeo. Estas se traducen principalmente en t\u00e9cnicas constructivas, herramientas y maderas elaboradas en aserraderos\u00bb, agrega el arquitecto y profesor de la Universidad de Chile Lorenzo Berg, editor del libro.<\/span><\/p>\n<p><span class=\"arial12\">A juicio de Cherubini -arquitecto de la PUC y tambi\u00e9n de la Universidad de G\u00e9nova- es necesario dejar un testimonio informado de nuestro patrimonio en madera, \u00abel que es cada vez m\u00e1s reducido, producto de las actuales din\u00e1micas urbanas. La historia de la arquitectura en la zona que llamamos de la colonizaci\u00f3n alemana, espec\u00edficamente en torno a Puerto Montt y el lago Llanquihue, est\u00e1 poco estudiada, y lo que se sabe de ella est\u00e1 plagado de mitos, dogmas y lugares comunes\u00bb.<\/span><\/p>\n<p><span class=\"arial12\">Cherubini no tiene sangre alemana, pero es parte de una estirpe de constructores en madera, carpinteros y mueblistas en Italia y Chile, que incluye a su bisabuelo Martino y a los hijos, nietos y bisnietos de este. Su padre, Pietro, se avecind\u00f3 joven en el sur chileno y se dedic\u00f3 a la construcci\u00f3n en madera en distintos lugares del sur.<\/span><\/p>\n<p><span class=\"arial12\">El autor recuerda su infancia en Ancud, \u00abjugando con mis hermanos entre castillos de madera ordenados en la pampa. Ver las faenas de armado de tabiques y cerchas prefabricadas y a los carpinteros en la barraca permiti\u00f3 que me formara una sensibilidad especial frente a la madera como material de construcci\u00f3n, no solo en el \u00e1mbito de los sentimientos, sino tambi\u00e9n en el del conocimiento. Este libro es un homenaje a mi familia, a la madera y a la ciudad en donde vivo: Puerto Montt\u00bb.<\/span><\/p>\n<p><span class=\"arial12\">El libro se centra en el traspaso de saberes en torno a la construcci\u00f3n en madera que se dio en el \u00e1rea de Llanquihue y Puerto Montt. Esta \u00faltima ciudad recibi\u00f3 colonos alemanes entre 1852 y 1875, varios de los cuales estaban calificados como carpinteros y mueblistas. \u00abPuerto Montt se fund\u00f3 como cabecera de la colonizaci\u00f3n del lago Llanquihue, y como puerto de entrada y salida al territorio, no solo de personas y mercanc\u00edas, sino tambi\u00e9n de conocimientos culturales, entre estos de arquitectura y de formas de construcci\u00f3n. Como se explica en el libro, su influencia alcanz\u00f3 Chilo\u00e9 y posteriormente Bariloche\u00bb.<\/span><\/p>\n<p><span class=\"arial12\">De acuerdo con Cherubini, en Puerto Montt y sus alrededores se concreta un proceso distinto y m\u00e1s sencillo del que ocurri\u00f3 en Valdivia, donde el tipo de colonos era distinto -emprendedores y profesionales-, al igual que sus requerimientos espaciales.<\/span><\/p>\n<p><strong><span class=\"arial12\">\u00bfFusi\u00f3n o aprendizaje?<\/span><\/strong><\/p>\n<p><span class=\"arial12\">Una tesis novedosa que desarrolla esta obra es sobre la forma en que se realiza la transmisi\u00f3n de t\u00e9cnicas y modelos desde los carpinteros alemanes a la poblaci\u00f3n local, en especial la chilota. A juicio del autor, en materia constructiva, m\u00e1s que una fusi\u00f3n o integraci\u00f3n de conocimientos entre alemanes y chilotes, hubo un r\u00e1pido aprendizaje y adopci\u00f3n de los conocimientos que tra\u00edan los colonos.<\/span><\/p>\n<p><span class=\"arial12\">Seg\u00fan el libro, el aislamiento y el atraso en la isla de Chilo\u00e9 significaron que, hacia 1850, se viviera all\u00ed una situaci\u00f3n de precariedad; la mayor parte de las construcciones eran ranchos y casi no se conoc\u00edan herramientas de carpinter\u00eda. \u00abLa arquitectura civil era realizada por maestros locales, con m\u00e9todos y formas precarias que repet\u00edan los ranchos o rucas ind\u00edgenas ancestrales. En cambio, los edificios p\u00fablicos como iglesias o las casas del gobernador, de m\u00e1s complejidad, eran llevadas adelante con maestros tra\u00eddos del norte. Por ejemplo, cuando el obispo Azua orden\u00f3 construir la iglesia de Castro, en 1741, envi\u00f3 carpinteros de Santiago\u00bb.<\/span><\/p>\n<p><span class=\"arial12\">De acuerdo con Cherubini, al leer las descripciones y revisar las im\u00e1genes previas a la colonizaci\u00f3n alemana, esta idea se reafirma. \u00abLas construcciones carec\u00edan de fundaciones, y en general corresponden a ranchos monoespaciales (&#8230;). Lo anterior no le quita importancia a los chilotes, ya que no solo aprendieron el oficio, sino que les cupo la labor de llevar el sistema y las formas constructivas m\u00e1s all\u00e1 de la colonia del lago Llanquihue\u00bb.<\/span><\/p>\n<p><span class=\"arial12\">\u00abLos carpinteros chilotes aprendieron un oficio diferente al que ellos conoc\u00edan, como es el de la carpinter\u00eda de armar , que se practicaba en el norte de Europa. Es decir que la escuela de carpinteros tuvo maestros de origen alem\u00e1n y aprendices que fueron hijos de los colonos y chilotes, entre otros, los que a su vez se transformaron en maestros de nuevos aprendices\u00bb, explica Cherubini. \u00abEsto de alguna manera consolida la cultura de la carpinter\u00eda en madera de Chilo\u00e9, que ven\u00eda desarroll\u00e1ndose all\u00ed partir de los aportes locales e influencias externas previas\u00bb, acota Lorenzo Berg.<\/span><\/p>\n<p><strong><span class=\"arial12\">Levantando una casa<\/span><\/strong><\/p>\n<p><span class=\"arial12\">Seg\u00fan las investigaciones de Cherubini, el modelo arquitect\u00f3nico de la \u00abEscuela de carpinteros de Puerto Montt\u00bb es principalmente residencial y la construcci\u00f3n de las casas de los colonos estuvo a cargo de carpinteros -oficio que en Alemania requer\u00eda superar ex\u00e1menes te\u00f3ricos y pr\u00e1cticos ante el gremio-, antes que arquitectos, quienes en general no se quedaron en la zona. \u00abLa construcci\u00f3n estuvo a cargo de maestros carpinteros, quienes conoc\u00edan no solo el oficio de la madera, sino que tambi\u00e9n el de la organizaci\u00f3n de las obras de construcci\u00f3n\u00bb.<\/span><\/p>\n<p><span class=\"arial12\">\u00bfC\u00f3mo se organizaba la construcci\u00f3n de una casa? \u00abLas obras se iniciaban con el requerimiento de un carpintero por parte de un colono y la definici\u00f3n de la ubicaci\u00f3n. Despu\u00e9s se ped\u00edan las maderas a un aserradero. Una vez que el material llegaba al lugar, el maestro carpintero, ayudado por otros carpinteros y por obreros que trabajaban en el campo del colono, dimensionaban las piezas con azuelas y ejecutaban las uniones. Luego se proced\u00eda a armar la casa, la que posteriormente se revest\u00eda por fuera, de manera de poder trabajar en el interior, protegido de las lluvias. Las puertas y ventanas se ped\u00edan a muebler\u00edas especializadas. Llegaban dimensionadas a la obra, listas para su colocaci\u00f3n\u00bb.<\/span><\/p>\n<p><strong><span class=\"arial12\">Doggenweiler y Frick<\/span><\/strong><\/p>\n<p><span class=\"arial12\">En este proceso emergen algunas figuras clave, como la del multifac\u00e9tico Guillermo Frick, quien en Valdivia ejerci\u00f3 como ingeniero, arquitecto, dibujante y reputado m\u00fasico. \u00abSu labor como arquitecto es menos conocida, pero ha sido destacada por el padre Guarda, quien lo se\u00f1ala, como constructor de la catedral de Valdivia y tambi\u00e9n como autor del plano de una casa de volumen simple, techo a dos aguas y mirador central -cuya distribuci\u00f3n interior destaca por la presencia de un pasillo central-, que constituy\u00f3 el modelo formal de la escuela de carpinteros alemanes de Puerto Montt\u00bb, dice Cherubini.<\/span><\/p>\n<p><span class=\"arial12\">Tambi\u00e9n sobresale la figura de Matthias Doggenweiler -bautizado por el historiador Jos\u00e9 Harter S.J. como \u00abel carpintero de la colonia\u00bb- , quien conoci\u00f3 las obras de Frick durante una estad\u00eda en Valdivia. \u00abDoggenweiler no solo colabor\u00f3 en la conformaci\u00f3n de la primera imagen de Puerto Montt, sino que tambi\u00e9n ense\u00f1\u00f3 a otros la forma de trabajar y organizar las faenas\u00bb.<\/span><\/p>\n<p><span class=\"arial12\">El modelo constructivo que caracteriz\u00f3 a la escuela de carpinteros alemanes de Puerto Montt es el \u00absistema de plataforma\u00bb, con etapas claramente establecidas, adaptaci\u00f3n del sistema Fachwerk , utilizado en el norte de Europa. \u00abConsiste en un conjunto de entramados de madera, tanto horizontales como verticales. Sobre fundaciones de piedra o madera se colocan grandes vigas maestras, que reciben un entramado de vigas trabadas entre s\u00ed que forman la primera plataforma. Sobre ella se construyen los tabiques que definen la espacialidad interior del primer piso. Encima se arma una segunda plataforma, que recibe las divisiones del segundo piso, o la estructura de cubierta, la que se arma con un tabique central que define la pendiente del techo\u00bb, dice Cherubini.<\/span><\/p>\n<p><span class=\"arial12\">Con este sistema, los carpinteros de Puerto Montt expandieron un modelo que con el tiempo sufrir\u00eda cambios y el influjo de nuevos estilos, pero que generar\u00eda un sello arquitect\u00f3nico en nuestra arquitectura en madera, visible hasta hoy. Aunque qui\u00e9n sabe por cuanto tiempo m\u00e1s, dada la fragilidad actual de este valioso patrimonio.<\/span><\/p>\n<p><a href=\"http:\/\/impresa.elmercurio.com\/Pages\/NewsDetail.aspx?dt=2016-03-20&amp;dtB=20-03-2016%200:00:00&amp;PaginaId=7&amp;bodyid=6\"><span style=\"font-family: Verdana, Arial, Helvetica, sans-serif; font-size: small;\"><b>Por ELENA IRARR\u00c1ZABAL S\u00c1NCHEZ<\/b><\/span><\/a><br \/>\n<a href=\"http:\/\/impresa.elmercurio.com\/Pages\/NewsDetail.aspx?dt=2016-03-20&amp;dtB=20-03-2016%200:00:00&amp;PaginaId=7&amp;bodyid=6\"><span style=\"font-family: Verdana, Arial, Helvetica, sans-serif; font-size: small;\"><b>Artes y Letras de\u00a0<\/b><\/span><span style=\"font-family: Verdana, Arial, Helvetica, sans-serif; font-size: small;\"><b>El Mercurio<\/b><\/span><\/a><\/p>\n<p><\/p>","protected":false},"excerpt":{"rendered":"<p>Gian Piero Cherubini, Vicepresidente de la Delegaci\u00f3n Llanquihue del Colegio de Arquitectos de Chile realiz\u00f3 una investigaci\u00f3n que dio vida al libro \u00abLa escuela de carpinteros alemanes de Puerto Montt, su formaci\u00f3n e influencia m\u00e1s all\u00e1 de las fronteras\u00bb\u00a0el que &hellip; <a class=\"more-link\" href=\"https:\/\/colegioarquitectos.com\/noticias\/?p=11752\">ver m\u00e1s<\/a><\/p>","protected":false},"author":4,"featured_media":11753,"comment_status":"open","ping_status":"open","sticky":false,"template":"","format":"standard","meta":{"footnotes":""},"categories":[10],"tags":[],"class_list":["post-11752","post","type-post","status-publish","format-standard","has-post-thumbnail","hentry","category-delegaciones-zonales"],"yoast_head":"<!-- This site is optimized with the Yoast SEO plugin v24.2 - https:\/\/yoast.com\/wordpress\/plugins\/seo\/ -->\n<title>La historia de los carpinteros alemanes en el sur de Chile - COLEGIO DE ARQUITECTOS DE CHILE<\/title>\n<meta name=\"robots\" content=\"index, follow, max-snippet:-1, max-image-preview:large, max-video-preview:-1\" \/>\n<link rel=\"canonical\" href=\"https:\/\/colegioarquitectos.com\/noticias\/?p=11752\" \/>\n<meta property=\"og:locale\" content=\"es_ES\" \/>\n<meta property=\"og:type\" content=\"article\" \/>\n<meta property=\"og:title\" content=\"La historia de los carpinteros alemanes en el sur de Chile - COLEGIO DE ARQUITECTOS DE CHILE\" \/>\n<meta property=\"og:description\" content=\"Gian Piero Cherubini, Vicepresidente de la Delegaci\u00f3n Llanquihue del Colegio de Arquitectos de Chile realiz\u00f3 una investigaci\u00f3n que dio vida al libro \u00abLa escuela de carpinteros alemanes de Puerto Montt, su formaci\u00f3n e influencia m\u00e1s all\u00e1 de las fronteras\u00bb\u00a0el que &hellip; ver m\u00e1s\" \/>\n<meta property=\"og:url\" content=\"https:\/\/colegioarquitectos.com\/noticias\/?p=11752\" \/>\n<meta property=\"og:site_name\" content=\"COLEGIO DE ARQUITECTOS DE CHILE\" \/>\n<meta property=\"article:publisher\" content=\"https:\/\/facebook.com\/Colegioarq\/\" \/>\n<meta property=\"article:published_time\" content=\"2016-03-21T16:37:57+00:00\" \/>\n<meta property=\"article:modified_time\" content=\"2016-03-28T19:42:06+00:00\" \/>\n<meta property=\"og:image\" content=\"https:\/\/colegioarquitectos.com\/noticias\/wp-content\/uploads\/2016\/03\/Carpinteros-alemanes-en-el-sur-de-Chile.jpg\" \/>\n\t<meta property=\"og:image:width\" content=\"690\" \/>\n\t<meta property=\"og:image:height\" content=\"350\" \/>\n\t<meta property=\"og:image:type\" content=\"image\/jpeg\" \/>\n<meta name=\"author\" content=\"Colegio de Arquitectos de Chile\" \/>\n<meta name=\"twitter:card\" content=\"summary_large_image\" \/>\n<meta name=\"twitter:creator\" content=\"@colegioarq\" \/>\n<meta name=\"twitter:site\" content=\"@colegioarq\" \/>\n<meta name=\"twitter:label1\" content=\"Escrito por\" \/>\n\t<meta name=\"twitter:data1\" content=\"Colegio de Arquitectos de Chile\" \/>\n\t<meta name=\"twitter:label2\" content=\"Tiempo de lectura\" \/>\n\t<meta name=\"twitter:data2\" content=\"8 minutos\" \/>\n<script type=\"application\/ld+json\" class=\"yoast-schema-graph\">{\"@context\":\"https:\/\/schema.org\",\"@graph\":[{\"@type\":\"Article\",\"@id\":\"https:\/\/colegioarquitectos.com\/noticias\/?p=11752#article\",\"isPartOf\":{\"@id\":\"https:\/\/colegioarquitectos.com\/noticias\/?p=11752\"},\"author\":{\"name\":\"Colegio de Arquitectos de Chile\",\"@id\":\"https:\/\/colegioarquitectos.com\/noticias\/#\/schema\/person\/685cc0aad148303c5608f049af8285ad\"},\"headline\":\"La historia de los carpinteros alemanes en el sur de Chile\",\"datePublished\":\"2016-03-21T16:37:57+00:00\",\"dateModified\":\"2016-03-28T19:42:06+00:00\",\"mainEntityOfPage\":{\"@id\":\"https:\/\/colegioarquitectos.com\/noticias\/?p=11752\"},\"wordCount\":1633,\"commentCount\":4,\"publisher\":{\"@id\":\"https:\/\/colegioarquitectos.com\/noticias\/#organization\"},\"image\":{\"@id\":\"https:\/\/colegioarquitectos.com\/noticias\/?p=11752#primaryimage\"},\"thumbnailUrl\":\"https:\/\/colegioarquitectos.com\/noticias\/wp-content\/uploads\/2016\/03\/Carpinteros-alemanes-en-el-sur-de-Chile.jpg\",\"articleSection\":[\"Delegaciones\"],\"inLanguage\":\"es\",\"potentialAction\":[{\"@type\":\"CommentAction\",\"name\":\"Comment\",\"target\":[\"https:\/\/colegioarquitectos.com\/noticias\/?p=11752#respond\"]}]},{\"@type\":\"WebPage\",\"@id\":\"https:\/\/colegioarquitectos.com\/noticias\/?p=11752\",\"url\":\"https:\/\/colegioarquitectos.com\/noticias\/?p=11752\",\"name\":\"La historia de los carpinteros alemanes en el sur de Chile - COLEGIO DE ARQUITECTOS DE CHILE\",\"isPartOf\":{\"@id\":\"https:\/\/colegioarquitectos.com\/noticias\/#website\"},\"primaryImageOfPage\":{\"@id\":\"https:\/\/colegioarquitectos.com\/noticias\/?p=11752#primaryimage\"},\"image\":{\"@id\":\"https:\/\/colegioarquitectos.com\/noticias\/?p=11752#primaryimage\"},\"thumbnailUrl\":\"https:\/\/colegioarquitectos.com\/noticias\/wp-content\/uploads\/2016\/03\/Carpinteros-alemanes-en-el-sur-de-Chile.jpg\",\"datePublished\":\"2016-03-21T16:37:57+00:00\",\"dateModified\":\"2016-03-28T19:42:06+00:00\",\"breadcrumb\":{\"@id\":\"https:\/\/colegioarquitectos.com\/noticias\/?p=11752#breadcrumb\"},\"inLanguage\":\"es\",\"potentialAction\":[{\"@type\":\"ReadAction\",\"target\":[\"https:\/\/colegioarquitectos.com\/noticias\/?p=11752\"]}]},{\"@type\":\"ImageObject\",\"inLanguage\":\"es\",\"@id\":\"https:\/\/colegioarquitectos.com\/noticias\/?p=11752#primaryimage\",\"url\":\"https:\/\/colegioarquitectos.com\/noticias\/wp-content\/uploads\/2016\/03\/Carpinteros-alemanes-en-el-sur-de-Chile.jpg\",\"contentUrl\":\"https:\/\/colegioarquitectos.com\/noticias\/wp-content\/uploads\/2016\/03\/Carpinteros-alemanes-en-el-sur-de-Chile.jpg\",\"width\":690,\"height\":350},{\"@type\":\"BreadcrumbList\",\"@id\":\"https:\/\/colegioarquitectos.com\/noticias\/?p=11752#breadcrumb\",\"itemListElement\":[{\"@type\":\"ListItem\",\"position\":1,\"name\":\"Portada\",\"item\":\"https:\/\/colegioarquitectos.com\/noticias\"},{\"@type\":\"ListItem\",\"position\":2,\"name\":\"La historia de los carpinteros alemanes en el sur de Chile\"}]},{\"@type\":\"WebSite\",\"@id\":\"https:\/\/colegioarquitectos.com\/noticias\/#website\",\"url\":\"https:\/\/colegioarquitectos.com\/noticias\/\",\"name\":\"COLEGIO DE ARQUITECTOS DE CHILE\",\"description\":\"\",\"publisher\":{\"@id\":\"https:\/\/colegioarquitectos.com\/noticias\/#organization\"},\"potentialAction\":[{\"@type\":\"SearchAction\",\"target\":{\"@type\":\"EntryPoint\",\"urlTemplate\":\"https:\/\/colegioarquitectos.com\/noticias\/?s={search_term_string}\"},\"query-input\":{\"@type\":\"PropertyValueSpecification\",\"valueRequired\":true,\"valueName\":\"search_term_string\"}}],\"inLanguage\":\"es\"},{\"@type\":\"Organization\",\"@id\":\"https:\/\/colegioarquitectos.com\/noticias\/#organization\",\"name\":\"COLEGIO DE ARQUITECTOS DE CHILE\",\"url\":\"https:\/\/colegioarquitectos.com\/noticias\/\",\"logo\":{\"@type\":\"ImageObject\",\"inLanguage\":\"es\",\"@id\":\"https:\/\/colegioarquitectos.com\/noticias\/#\/schema\/logo\/image\/\",\"url\":\"https:\/\/colegioarquitectos.com\/noticias\/wp-content\/uploads\/2021\/05\/ENCABEZADO-LOGO-CA.jpg\",\"contentUrl\":\"https:\/\/colegioarquitectos.com\/noticias\/wp-content\/uploads\/2021\/05\/ENCABEZADO-LOGO-CA.jpg\",\"width\":690,\"height\":350,\"caption\":\"COLEGIO DE ARQUITECTOS DE CHILE\"},\"image\":{\"@id\":\"https:\/\/colegioarquitectos.com\/noticias\/#\/schema\/logo\/image\/\"},\"sameAs\":[\"https:\/\/facebook.com\/Colegioarq\/\",\"https:\/\/x.com\/colegioarq\",\"https:\/\/instagram.com\/colegioarq\",\"https:\/\/youtube.com\/@ColegiodeArquitectosdeChile\"]},{\"@type\":\"Person\",\"@id\":\"https:\/\/colegioarquitectos.com\/noticias\/#\/schema\/person\/685cc0aad148303c5608f049af8285ad\",\"name\":\"Colegio de Arquitectos de Chile\",\"url\":\"https:\/\/colegioarquitectos.com\/noticias\/?author=4\"}]}<\/script>\n<!-- \/ Yoast SEO plugin. -->","yoast_head_json":{"title":"La historia de los carpinteros alemanes en el sur de Chile - COLEGIO DE ARQUITECTOS DE CHILE","robots":{"index":"index","follow":"follow","max-snippet":"max-snippet:-1","max-image-preview":"max-image-preview:large","max-video-preview":"max-video-preview:-1"},"canonical":"https:\/\/colegioarquitectos.com\/noticias\/?p=11752","og_locale":"es_ES","og_type":"article","og_title":"La historia de los carpinteros alemanes en el sur de Chile - COLEGIO DE ARQUITECTOS DE CHILE","og_description":"Gian Piero Cherubini, Vicepresidente de la Delegaci\u00f3n Llanquihue del Colegio de Arquitectos de Chile realiz\u00f3 una investigaci\u00f3n que dio vida al libro \u00abLa escuela de carpinteros alemanes de Puerto Montt, su formaci\u00f3n e influencia m\u00e1s all\u00e1 de las fronteras\u00bb\u00a0el que &hellip; ver m\u00e1s","og_url":"https:\/\/colegioarquitectos.com\/noticias\/?p=11752","og_site_name":"COLEGIO DE ARQUITECTOS DE CHILE","article_publisher":"https:\/\/facebook.com\/Colegioarq\/","article_published_time":"2016-03-21T16:37:57+00:00","article_modified_time":"2016-03-28T19:42:06+00:00","og_image":[{"width":690,"height":350,"url":"https:\/\/colegioarquitectos.com\/noticias\/wp-content\/uploads\/2016\/03\/Carpinteros-alemanes-en-el-sur-de-Chile.jpg","type":"image\/jpeg"}],"author":"Colegio de Arquitectos de Chile","twitter_card":"summary_large_image","twitter_creator":"@colegioarq","twitter_site":"@colegioarq","twitter_misc":{"Escrito por":"Colegio de Arquitectos de Chile","Tiempo de lectura":"8 minutos"},"schema":{"@context":"https:\/\/schema.org","@graph":[{"@type":"Article","@id":"https:\/\/colegioarquitectos.com\/noticias\/?p=11752#article","isPartOf":{"@id":"https:\/\/colegioarquitectos.com\/noticias\/?p=11752"},"author":{"name":"Colegio de Arquitectos de Chile","@id":"https:\/\/colegioarquitectos.com\/noticias\/#\/schema\/person\/685cc0aad148303c5608f049af8285ad"},"headline":"La historia de los carpinteros alemanes en el sur de Chile","datePublished":"2016-03-21T16:37:57+00:00","dateModified":"2016-03-28T19:42:06+00:00","mainEntityOfPage":{"@id":"https:\/\/colegioarquitectos.com\/noticias\/?p=11752"},"wordCount":1633,"commentCount":4,"publisher":{"@id":"https:\/\/colegioarquitectos.com\/noticias\/#organization"},"image":{"@id":"https:\/\/colegioarquitectos.com\/noticias\/?p=11752#primaryimage"},"thumbnailUrl":"https:\/\/colegioarquitectos.com\/noticias\/wp-content\/uploads\/2016\/03\/Carpinteros-alemanes-en-el-sur-de-Chile.jpg","articleSection":["Delegaciones"],"inLanguage":"es","potentialAction":[{"@type":"CommentAction","name":"Comment","target":["https:\/\/colegioarquitectos.com\/noticias\/?p=11752#respond"]}]},{"@type":"WebPage","@id":"https:\/\/colegioarquitectos.com\/noticias\/?p=11752","url":"https:\/\/colegioarquitectos.com\/noticias\/?p=11752","name":"La historia de los carpinteros alemanes en el sur de Chile - COLEGIO DE ARQUITECTOS DE CHILE","isPartOf":{"@id":"https:\/\/colegioarquitectos.com\/noticias\/#website"},"primaryImageOfPage":{"@id":"https:\/\/colegioarquitectos.com\/noticias\/?p=11752#primaryimage"},"image":{"@id":"https:\/\/colegioarquitectos.com\/noticias\/?p=11752#primaryimage"},"thumbnailUrl":"https:\/\/colegioarquitectos.com\/noticias\/wp-content\/uploads\/2016\/03\/Carpinteros-alemanes-en-el-sur-de-Chile.jpg","datePublished":"2016-03-21T16:37:57+00:00","dateModified":"2016-03-28T19:42:06+00:00","breadcrumb":{"@id":"https:\/\/colegioarquitectos.com\/noticias\/?p=11752#breadcrumb"},"inLanguage":"es","potentialAction":[{"@type":"ReadAction","target":["https:\/\/colegioarquitectos.com\/noticias\/?p=11752"]}]},{"@type":"ImageObject","inLanguage":"es","@id":"https:\/\/colegioarquitectos.com\/noticias\/?p=11752#primaryimage","url":"https:\/\/colegioarquitectos.com\/noticias\/wp-content\/uploads\/2016\/03\/Carpinteros-alemanes-en-el-sur-de-Chile.jpg","contentUrl":"https:\/\/colegioarquitectos.com\/noticias\/wp-content\/uploads\/2016\/03\/Carpinteros-alemanes-en-el-sur-de-Chile.jpg","width":690,"height":350},{"@type":"BreadcrumbList","@id":"https:\/\/colegioarquitectos.com\/noticias\/?p=11752#breadcrumb","itemListElement":[{"@type":"ListItem","position":1,"name":"Portada","item":"https:\/\/colegioarquitectos.com\/noticias"},{"@type":"ListItem","position":2,"name":"La historia de los carpinteros alemanes en el sur de Chile"}]},{"@type":"WebSite","@id":"https:\/\/colegioarquitectos.com\/noticias\/#website","url":"https:\/\/colegioarquitectos.com\/noticias\/","name":"COLEGIO DE ARQUITECTOS DE CHILE","description":"","publisher":{"@id":"https:\/\/colegioarquitectos.com\/noticias\/#organization"},"potentialAction":[{"@type":"SearchAction","target":{"@type":"EntryPoint","urlTemplate":"https:\/\/colegioarquitectos.com\/noticias\/?s={search_term_string}"},"query-input":{"@type":"PropertyValueSpecification","valueRequired":true,"valueName":"search_term_string"}}],"inLanguage":"es"},{"@type":"Organization","@id":"https:\/\/colegioarquitectos.com\/noticias\/#organization","name":"COLEGIO DE ARQUITECTOS DE CHILE","url":"https:\/\/colegioarquitectos.com\/noticias\/","logo":{"@type":"ImageObject","inLanguage":"es","@id":"https:\/\/colegioarquitectos.com\/noticias\/#\/schema\/logo\/image\/","url":"https:\/\/colegioarquitectos.com\/noticias\/wp-content\/uploads\/2021\/05\/ENCABEZADO-LOGO-CA.jpg","contentUrl":"https:\/\/colegioarquitectos.com\/noticias\/wp-content\/uploads\/2021\/05\/ENCABEZADO-LOGO-CA.jpg","width":690,"height":350,"caption":"COLEGIO DE ARQUITECTOS DE CHILE"},"image":{"@id":"https:\/\/colegioarquitectos.com\/noticias\/#\/schema\/logo\/image\/"},"sameAs":["https:\/\/facebook.com\/Colegioarq\/","https:\/\/x.com\/colegioarq","https:\/\/instagram.com\/colegioarq","https:\/\/youtube.com\/@ColegiodeArquitectosdeChile"]},{"@type":"Person","@id":"https:\/\/colegioarquitectos.com\/noticias\/#\/schema\/person\/685cc0aad148303c5608f049af8285ad","name":"Colegio de Arquitectos de Chile","url":"https:\/\/colegioarquitectos.com\/noticias\/?author=4"}]}},"_links":{"self":[{"href":"https:\/\/colegioarquitectos.com\/noticias\/index.php?rest_route=\/wp\/v2\/posts\/11752","targetHints":{"allow":["GET"]}}],"collection":[{"href":"https:\/\/colegioarquitectos.com\/noticias\/index.php?rest_route=\/wp\/v2\/posts"}],"about":[{"href":"https:\/\/colegioarquitectos.com\/noticias\/index.php?rest_route=\/wp\/v2\/types\/post"}],"author":[{"embeddable":true,"href":"https:\/\/colegioarquitectos.com\/noticias\/index.php?rest_route=\/wp\/v2\/users\/4"}],"replies":[{"embeddable":true,"href":"https:\/\/colegioarquitectos.com\/noticias\/index.php?rest_route=%2Fwp%2Fv2%2Fcomments&post=11752"}],"version-history":[{"count":0,"href":"https:\/\/colegioarquitectos.com\/noticias\/index.php?rest_route=\/wp\/v2\/posts\/11752\/revisions"}],"wp:featuredmedia":[{"embeddable":true,"href":"https:\/\/colegioarquitectos.com\/noticias\/index.php?rest_route=\/wp\/v2\/media\/11753"}],"wp:attachment":[{"href":"https:\/\/colegioarquitectos.com\/noticias\/index.php?rest_route=%2Fwp%2Fv2%2Fmedia&parent=11752"}],"wp:term":[{"taxonomy":"category","embeddable":true,"href":"https:\/\/colegioarquitectos.com\/noticias\/index.php?rest_route=%2Fwp%2Fv2%2Fcategories&post=11752"},{"taxonomy":"post_tag","embeddable":true,"href":"https:\/\/colegioarquitectos.com\/noticias\/index.php?rest_route=%2Fwp%2Fv2%2Ftags&post=11752"}],"curies":[{"name":"wp","href":"https:\/\/api.w.org\/{rel}","templated":true}]}}