
{"id":1183,"date":"2012-05-30T12:28:23","date_gmt":"2012-05-30T12:28:23","guid":{"rendered":"http:\/\/colegioarquitectos.com\/noticias\/?p=1183"},"modified":"2012-06-20T16:39:04","modified_gmt":"2012-06-20T16:39:04","slug":"curso-de-extension-autocad-universidad-de-chile-ultimos-dias-para-inscribirse-inicio-de-clases-26-de-junio","status":"publish","type":"post","link":"https:\/\/colegioarquitectos.com\/noticias\/?p=1183","title":{"rendered":"Curso de Extensi\u00f3n Autocad \u2013 Universidad de Chile \/ \u00daLTIMOS D\u00cdAS PARA INSCRIBIRSE. Inicio de clases: 26 de junio"},"content":{"rendered":"<p style=\"text-align: justify;\"><strong>Fecha y hora:<\/strong> 26\/06\/2012 al 13\/09\/2012 &#8211; martes, jueves &#8211; 19:00 hrs.<\/p>\n<p style=\"text-align: justify;\"><strong>Lugar: <\/strong>Facultad de Arquitectura y Urbanismo UCH (Portugal 84) 9783086<\/p>\n<p style=\"text-align: justify;\"><strong>Organiza:<\/strong><\/p>\n<p style=\"text-align: justify;\">Educaci\u00f3n T\u00e9cnica Continua &#8211; Direcci\u00f3n de Extensi\u00f3n<\/p>\n<p style=\"text-align: justify;\"><strong>Dirigido a:<\/strong><\/p>\n<p style=\"text-align: justify;\">Proyectistas, Dibujantes T\u00e9cnicos, Arquitectos, Ingenieros, Dise\u00f1adores Industriales. Vis\u00edtanos en: <span style=\"color: #0000ff;\"><a href=\"http:\/\/etc.uchilefau.cl\/\"><span style=\"color: #0000ff;\">http:\/\/etc.uchilefau.cl<\/span><\/a><\/span><\/p>\n<p style=\"text-align: justify;\"><strong>Descripci\u00f3n.<\/strong><\/p>\n<p style=\"text-align: justify;\">En el \u00e1rea de la construcci\u00f3n y fabricaci\u00f3n de productos, el dibujo 2D es una herramienta esencial para el desarrollo proyectual. En este contexto, Autocad es un software que provee los elementos necesarios para el desarrollo de planimetr\u00edas y dibujo t\u00e9cnico, adem\u00e1s de la posibilidad de exportar e importar archivos que facilitan el trabajo con otros software a fines.<\/p>\n<p style=\"text-align: justify;\">Este diplomado es un curso te\u00f3rico pr\u00e1ctico, que surge a partir de la necesidad de entregar a Proyectistas, Dibujantes T\u00e9cnicos, Arquitectos, Ingenieros, Dise\u00f1adores Industriales, los conocimientos, t\u00e9cnicas y herramientas que les permitan conocer, comprender y aplicar los factores que permiten desarrollar planimetr\u00edas y representaciones t\u00e9cnicas en 2D. Para esto, se entregar\u00e1 el conocimiento te\u00f3rico necesario, adem\u00e1s de ejercicios pr\u00e1cticos que le permitan al alumno aplicar las herramientas aprendidas en el proceso.<\/p>\n<p style=\"text-align: justify;\"><strong>Objetivos.<\/strong><br \/>\nEntrar al desarrollo de un lenguaje digital a trav\u00e9s del dibujo 2D inteligente.<\/p>\n<p style=\"text-align: justify;\">Quedar capacitado para realizar dibujo t\u00e9cnico digital, proyectando en 2D.<\/p>\n<p style=\"text-align: justify;\">Conocer las ventajas que conlleva el uso de medios digitales en el dibujo 2D versus el dibujo tradicional en tablero.<\/p>\n<p style=\"text-align: justify;\"><strong>Informaciones e inscripciones:<\/strong><\/p>\n<p style=\"text-align: justify;\"><span style=\"color: #0000ff;\"><a href=\"mailto:etc@uchilefau.cl\"><span style=\"color: #0000ff;\">etc@uchilefau.cl<\/span><\/a><\/span><\/p>\n<p style=\"text-align: justify;\">978 30 86<\/p>\n<p style=\"text-align: justify;\">Direcci\u00f3n de Extensi\u00f3n, of. G29, Av. Portugal 84, Casilla 3387, Santiago<\/p>\n<p style=\"text-align: justify;\">\n<p style=\"text-align: justify;\"><a href=\"http:\/\/colegioarquitectos.com\/noticias\/wp-content\/uploads\/2012\/05\/AUTOCAD.jpg\"><img loading=\"lazy\" decoding=\"async\" class=\"alignnone size-full wp-image-1196\" title=\"AUTOCAD\" src=\"http:\/\/colegioarquitectos.com\/noticias\/wp-content\/uploads\/2012\/05\/AUTOCAD.jpg\" alt=\"\" width=\"550\" height=\"697\" srcset=\"https:\/\/colegioarquitectos.com\/noticias\/wp-content\/uploads\/2012\/05\/AUTOCAD.jpg 550w, https:\/\/colegioarquitectos.com\/noticias\/wp-content\/uploads\/2012\/05\/AUTOCAD-236x300.jpg 236w\" sizes=\"auto, (max-width: 550px) 100vw, 550px\" \/><\/a><\/p>\n<p>&nbsp;<\/p>\n<p><\/p>","protected":false},"excerpt":{"rendered":"<p>Fecha y hora: 26\/06\/2012 al 13\/09\/2012 &#8211; martes, jueves &#8211; 19:00 hrs. Lugar: Facultad de Arquitectura y Urbanismo UCH (Portugal 84) 9783086 Organiza: Educaci\u00f3n T\u00e9cnica Continua &#8211; Direcci\u00f3n de Extensi\u00f3n Dirigido a: Proyectistas, Dibujantes T\u00e9cnicos, Arquitectos, Ingenieros, Dise\u00f1adores Industriales. Vis\u00edtanos &hellip; <a class=\"more-link\" href=\"https:\/\/colegioarquitectos.com\/noticias\/?p=1183\">ver m\u00e1s<\/a><\/p>","protected":false},"author":1,"featured_media":0,"comment_status":"open","ping_status":"open","sticky":false,"template":"","format":"standard","meta":{"footnotes":""},"categories":[19,22],"tags":[],"class_list":["post-1183","post","type-post","status-publish","format-standard","hentry","category-actividades","category-cursos"],"yoast_head":"<!-- This site is optimized with the Yoast SEO plugin v24.2 - https:\/\/yoast.com\/wordpress\/plugins\/seo\/ -->\n<title>Curso de Extensi\u00f3n Autocad \u2013 Universidad de Chile \/ \u00daLTIMOS D\u00cdAS PARA INSCRIBIRSE. Inicio de clases: 26 de junio - COLEGIO DE ARQUITECTOS DE CHILE<\/title>\n<meta name=\"robots\" content=\"index, follow, max-snippet:-1, max-image-preview:large, max-video-preview:-1\" \/>\n<link rel=\"canonical\" href=\"https:\/\/colegioarquitectos.com\/noticias\/?p=1183\" \/>\n<meta property=\"og:locale\" content=\"es_ES\" \/>\n<meta property=\"og:type\" content=\"article\" \/>\n<meta property=\"og:title\" content=\"Curso de Extensi\u00f3n Autocad \u2013 Universidad de Chile \/ \u00daLTIMOS D\u00cdAS PARA INSCRIBIRSE. Inicio de clases: 26 de junio - COLEGIO DE ARQUITECTOS DE CHILE\" \/>\n<meta property=\"og:description\" content=\"Fecha y hora: 26\/06\/2012 al 13\/09\/2012 &#8211; martes, jueves &#8211; 19:00 hrs. Lugar: Facultad de Arquitectura y Urbanismo UCH (Portugal 84) 9783086 Organiza: Educaci\u00f3n T\u00e9cnica Continua &#8211; Direcci\u00f3n de Extensi\u00f3n Dirigido a: Proyectistas, Dibujantes T\u00e9cnicos, Arquitectos, Ingenieros, Dise\u00f1adores Industriales. Vis\u00edtanos &hellip; ver m\u00e1s\" \/>\n<meta property=\"og:url\" content=\"https:\/\/colegioarquitectos.com\/noticias\/?p=1183\" \/>\n<meta property=\"og:site_name\" content=\"COLEGIO DE ARQUITECTOS DE CHILE\" \/>\n<meta property=\"article:publisher\" content=\"https:\/\/facebook.com\/Colegioarq\/\" \/>\n<meta property=\"article:published_time\" content=\"2012-05-30T12:28:23+00:00\" \/>\n<meta property=\"article:modified_time\" content=\"2012-06-20T16:39:04+00:00\" \/>\n<meta property=\"og:image\" content=\"http:\/\/colegioarquitectos.com\/noticias\/wp-content\/uploads\/2012\/05\/AUTOCAD.jpg\" \/>\n<meta name=\"author\" content=\"Gabriel Salgado S.\" \/>\n<meta name=\"twitter:card\" content=\"summary_large_image\" \/>\n<meta name=\"twitter:creator\" content=\"@colegioarq\" \/>\n<meta name=\"twitter:site\" content=\"@colegioarq\" \/>\n<meta name=\"twitter:label1\" content=\"Escrito por\" \/>\n\t<meta name=\"twitter:data1\" content=\"Gabriel Salgado S.\" \/>\n\t<meta name=\"twitter:label2\" content=\"Tiempo de lectura\" \/>\n\t<meta name=\"twitter:data2\" content=\"1 minuto\" \/>\n<script type=\"application\/ld+json\" class=\"yoast-schema-graph\">{\"@context\":\"https:\/\/schema.org\",\"@graph\":[{\"@type\":\"Article\",\"@id\":\"https:\/\/colegioarquitectos.com\/noticias\/?p=1183#article\",\"isPartOf\":{\"@id\":\"https:\/\/colegioarquitectos.com\/noticias\/?p=1183\"},\"author\":{\"name\":\"Gabriel Salgado S.\",\"@id\":\"https:\/\/colegioarquitectos.com\/noticias\/#\/schema\/person\/b6c7e912cd1283c089114093ed09741f\"},\"headline\":\"Curso de Extensi\u00f3n Autocad \u2013 Universidad de Chile \/ \u00daLTIMOS D\u00cdAS PARA INSCRIBIRSE. Inicio de clases: 26 de junio\",\"datePublished\":\"2012-05-30T12:28:23+00:00\",\"dateModified\":\"2012-06-20T16:39:04+00:00\",\"mainEntityOfPage\":{\"@id\":\"https:\/\/colegioarquitectos.com\/noticias\/?p=1183\"},\"wordCount\":276,\"commentCount\":0,\"publisher\":{\"@id\":\"https:\/\/colegioarquitectos.com\/noticias\/#organization\"},\"image\":{\"@id\":\"https:\/\/colegioarquitectos.com\/noticias\/?p=1183#primaryimage\"},\"thumbnailUrl\":\"http:\/\/colegioarquitectos.com\/noticias\/wp-content\/uploads\/2012\/05\/AUTOCAD.jpg\",\"articleSection\":[\"Actividades\",\"Cursos\"],\"inLanguage\":\"es\",\"potentialAction\":[{\"@type\":\"CommentAction\",\"name\":\"Comment\",\"target\":[\"https:\/\/colegioarquitectos.com\/noticias\/?p=1183#respond\"]}]},{\"@type\":\"WebPage\",\"@id\":\"https:\/\/colegioarquitectos.com\/noticias\/?p=1183\",\"url\":\"https:\/\/colegioarquitectos.com\/noticias\/?p=1183\",\"name\":\"Curso de Extensi\u00f3n Autocad \u2013 Universidad de Chile \/ \u00daLTIMOS D\u00cdAS PARA INSCRIBIRSE. Inicio de clases: 26 de junio - COLEGIO DE ARQUITECTOS DE CHILE\",\"isPartOf\":{\"@id\":\"https:\/\/colegioarquitectos.com\/noticias\/#website\"},\"primaryImageOfPage\":{\"@id\":\"https:\/\/colegioarquitectos.com\/noticias\/?p=1183#primaryimage\"},\"image\":{\"@id\":\"https:\/\/colegioarquitectos.com\/noticias\/?p=1183#primaryimage\"},\"thumbnailUrl\":\"http:\/\/colegioarquitectos.com\/noticias\/wp-content\/uploads\/2012\/05\/AUTOCAD.jpg\",\"datePublished\":\"2012-05-30T12:28:23+00:00\",\"dateModified\":\"2012-06-20T16:39:04+00:00\",\"breadcrumb\":{\"@id\":\"https:\/\/colegioarquitectos.com\/noticias\/?p=1183#breadcrumb\"},\"inLanguage\":\"es\",\"potentialAction\":[{\"@type\":\"ReadAction\",\"target\":[\"https:\/\/colegioarquitectos.com\/noticias\/?p=1183\"]}]},{\"@type\":\"ImageObject\",\"inLanguage\":\"es\",\"@id\":\"https:\/\/colegioarquitectos.com\/noticias\/?p=1183#primaryimage\",\"url\":\"http:\/\/colegioarquitectos.com\/noticias\/wp-content\/uploads\/2012\/05\/AUTOCAD.jpg\",\"contentUrl\":\"http:\/\/colegioarquitectos.com\/noticias\/wp-content\/uploads\/2012\/05\/AUTOCAD.jpg\"},{\"@type\":\"BreadcrumbList\",\"@id\":\"https:\/\/colegioarquitectos.com\/noticias\/?p=1183#breadcrumb\",\"itemListElement\":[{\"@type\":\"ListItem\",\"position\":1,\"name\":\"Portada\",\"item\":\"https:\/\/colegioarquitectos.com\/noticias\"},{\"@type\":\"ListItem\",\"position\":2,\"name\":\"Curso de Extensi\u00f3n Autocad \u2013 Universidad de Chile \/ \u00daLTIMOS D\u00cdAS PARA INSCRIBIRSE. Inicio de clases: 26 de junio\"}]},{\"@type\":\"WebSite\",\"@id\":\"https:\/\/colegioarquitectos.com\/noticias\/#website\",\"url\":\"https:\/\/colegioarquitectos.com\/noticias\/\",\"name\":\"COLEGIO DE ARQUITECTOS DE CHILE\",\"description\":\"\",\"publisher\":{\"@id\":\"https:\/\/colegioarquitectos.com\/noticias\/#organization\"},\"potentialAction\":[{\"@type\":\"SearchAction\",\"target\":{\"@type\":\"EntryPoint\",\"urlTemplate\":\"https:\/\/colegioarquitectos.com\/noticias\/?s={search_term_string}\"},\"query-input\":{\"@type\":\"PropertyValueSpecification\",\"valueRequired\":true,\"valueName\":\"search_term_string\"}}],\"inLanguage\":\"es\"},{\"@type\":\"Organization\",\"@id\":\"https:\/\/colegioarquitectos.com\/noticias\/#organization\",\"name\":\"COLEGIO DE ARQUITECTOS DE CHILE\",\"url\":\"https:\/\/colegioarquitectos.com\/noticias\/\",\"logo\":{\"@type\":\"ImageObject\",\"inLanguage\":\"es\",\"@id\":\"https:\/\/colegioarquitectos.com\/noticias\/#\/schema\/logo\/image\/\",\"url\":\"https:\/\/colegioarquitectos.com\/noticias\/wp-content\/uploads\/2021\/05\/ENCABEZADO-LOGO-CA.jpg\",\"contentUrl\":\"https:\/\/colegioarquitectos.com\/noticias\/wp-content\/uploads\/2021\/05\/ENCABEZADO-LOGO-CA.jpg\",\"width\":690,\"height\":350,\"caption\":\"COLEGIO DE ARQUITECTOS DE CHILE\"},\"image\":{\"@id\":\"https:\/\/colegioarquitectos.com\/noticias\/#\/schema\/logo\/image\/\"},\"sameAs\":[\"https:\/\/facebook.com\/Colegioarq\/\",\"https:\/\/x.com\/colegioarq\",\"https:\/\/instagram.com\/colegioarq\",\"https:\/\/youtube.com\/@ColegiodeArquitectosdeChile\"]},{\"@type\":\"Person\",\"@id\":\"https:\/\/colegioarquitectos.com\/noticias\/#\/schema\/person\/b6c7e912cd1283c089114093ed09741f\",\"name\":\"Gabriel Salgado S.\",\"url\":\"https:\/\/colegioarquitectos.com\/noticias\/?author=1\"}]}<\/script>\n<!-- \/ Yoast SEO plugin. -->","yoast_head_json":{"title":"Curso de Extensi\u00f3n Autocad \u2013 Universidad de Chile \/ \u00daLTIMOS D\u00cdAS PARA INSCRIBIRSE. Inicio de clases: 26 de junio - COLEGIO DE ARQUITECTOS DE CHILE","robots":{"index":"index","follow":"follow","max-snippet":"max-snippet:-1","max-image-preview":"max-image-preview:large","max-video-preview":"max-video-preview:-1"},"canonical":"https:\/\/colegioarquitectos.com\/noticias\/?p=1183","og_locale":"es_ES","og_type":"article","og_title":"Curso de Extensi\u00f3n Autocad \u2013 Universidad de Chile \/ \u00daLTIMOS D\u00cdAS PARA INSCRIBIRSE. Inicio de clases: 26 de junio - COLEGIO DE ARQUITECTOS DE CHILE","og_description":"Fecha y hora: 26\/06\/2012 al 13\/09\/2012 &#8211; martes, jueves &#8211; 19:00 hrs. Lugar: Facultad de Arquitectura y Urbanismo UCH (Portugal 84) 9783086 Organiza: Educaci\u00f3n T\u00e9cnica Continua &#8211; Direcci\u00f3n de Extensi\u00f3n Dirigido a: Proyectistas, Dibujantes T\u00e9cnicos, Arquitectos, Ingenieros, Dise\u00f1adores Industriales. Vis\u00edtanos &hellip; ver m\u00e1s","og_url":"https:\/\/colegioarquitectos.com\/noticias\/?p=1183","og_site_name":"COLEGIO DE ARQUITECTOS DE CHILE","article_publisher":"https:\/\/facebook.com\/Colegioarq\/","article_published_time":"2012-05-30T12:28:23+00:00","article_modified_time":"2012-06-20T16:39:04+00:00","og_image":[{"url":"http:\/\/colegioarquitectos.com\/noticias\/wp-content\/uploads\/2012\/05\/AUTOCAD.jpg","type":"","width":"","height":""}],"author":"Gabriel Salgado S.","twitter_card":"summary_large_image","twitter_creator":"@colegioarq","twitter_site":"@colegioarq","twitter_misc":{"Escrito por":"Gabriel Salgado S.","Tiempo de lectura":"1 minuto"},"schema":{"@context":"https:\/\/schema.org","@graph":[{"@type":"Article","@id":"https:\/\/colegioarquitectos.com\/noticias\/?p=1183#article","isPartOf":{"@id":"https:\/\/colegioarquitectos.com\/noticias\/?p=1183"},"author":{"name":"Gabriel Salgado S.","@id":"https:\/\/colegioarquitectos.com\/noticias\/#\/schema\/person\/b6c7e912cd1283c089114093ed09741f"},"headline":"Curso de Extensi\u00f3n Autocad \u2013 Universidad de Chile \/ \u00daLTIMOS D\u00cdAS PARA INSCRIBIRSE. Inicio de clases: 26 de junio","datePublished":"2012-05-30T12:28:23+00:00","dateModified":"2012-06-20T16:39:04+00:00","mainEntityOfPage":{"@id":"https:\/\/colegioarquitectos.com\/noticias\/?p=1183"},"wordCount":276,"commentCount":0,"publisher":{"@id":"https:\/\/colegioarquitectos.com\/noticias\/#organization"},"image":{"@id":"https:\/\/colegioarquitectos.com\/noticias\/?p=1183#primaryimage"},"thumbnailUrl":"http:\/\/colegioarquitectos.com\/noticias\/wp-content\/uploads\/2012\/05\/AUTOCAD.jpg","articleSection":["Actividades","Cursos"],"inLanguage":"es","potentialAction":[{"@type":"CommentAction","name":"Comment","target":["https:\/\/colegioarquitectos.com\/noticias\/?p=1183#respond"]}]},{"@type":"WebPage","@id":"https:\/\/colegioarquitectos.com\/noticias\/?p=1183","url":"https:\/\/colegioarquitectos.com\/noticias\/?p=1183","name":"Curso de Extensi\u00f3n Autocad \u2013 Universidad de Chile \/ \u00daLTIMOS D\u00cdAS PARA INSCRIBIRSE. Inicio de clases: 26 de junio - COLEGIO DE ARQUITECTOS DE CHILE","isPartOf":{"@id":"https:\/\/colegioarquitectos.com\/noticias\/#website"},"primaryImageOfPage":{"@id":"https:\/\/colegioarquitectos.com\/noticias\/?p=1183#primaryimage"},"image":{"@id":"https:\/\/colegioarquitectos.com\/noticias\/?p=1183#primaryimage"},"thumbnailUrl":"http:\/\/colegioarquitectos.com\/noticias\/wp-content\/uploads\/2012\/05\/AUTOCAD.jpg","datePublished":"2012-05-30T12:28:23+00:00","dateModified":"2012-06-20T16:39:04+00:00","breadcrumb":{"@id":"https:\/\/colegioarquitectos.com\/noticias\/?p=1183#breadcrumb"},"inLanguage":"es","potentialAction":[{"@type":"ReadAction","target":["https:\/\/colegioarquitectos.com\/noticias\/?p=1183"]}]},{"@type":"ImageObject","inLanguage":"es","@id":"https:\/\/colegioarquitectos.com\/noticias\/?p=1183#primaryimage","url":"http:\/\/colegioarquitectos.com\/noticias\/wp-content\/uploads\/2012\/05\/AUTOCAD.jpg","contentUrl":"http:\/\/colegioarquitectos.com\/noticias\/wp-content\/uploads\/2012\/05\/AUTOCAD.jpg"},{"@type":"BreadcrumbList","@id":"https:\/\/colegioarquitectos.com\/noticias\/?p=1183#breadcrumb","itemListElement":[{"@type":"ListItem","position":1,"name":"Portada","item":"https:\/\/colegioarquitectos.com\/noticias"},{"@type":"ListItem","position":2,"name":"Curso de Extensi\u00f3n Autocad \u2013 Universidad de Chile \/ \u00daLTIMOS D\u00cdAS PARA INSCRIBIRSE. Inicio de clases: 26 de junio"}]},{"@type":"WebSite","@id":"https:\/\/colegioarquitectos.com\/noticias\/#website","url":"https:\/\/colegioarquitectos.com\/noticias\/","name":"COLEGIO DE ARQUITECTOS DE CHILE","description":"","publisher":{"@id":"https:\/\/colegioarquitectos.com\/noticias\/#organization"},"potentialAction":[{"@type":"SearchAction","target":{"@type":"EntryPoint","urlTemplate":"https:\/\/colegioarquitectos.com\/noticias\/?s={search_term_string}"},"query-input":{"@type":"PropertyValueSpecification","valueRequired":true,"valueName":"search_term_string"}}],"inLanguage":"es"},{"@type":"Organization","@id":"https:\/\/colegioarquitectos.com\/noticias\/#organization","name":"COLEGIO DE ARQUITECTOS DE CHILE","url":"https:\/\/colegioarquitectos.com\/noticias\/","logo":{"@type":"ImageObject","inLanguage":"es","@id":"https:\/\/colegioarquitectos.com\/noticias\/#\/schema\/logo\/image\/","url":"https:\/\/colegioarquitectos.com\/noticias\/wp-content\/uploads\/2021\/05\/ENCABEZADO-LOGO-CA.jpg","contentUrl":"https:\/\/colegioarquitectos.com\/noticias\/wp-content\/uploads\/2021\/05\/ENCABEZADO-LOGO-CA.jpg","width":690,"height":350,"caption":"COLEGIO DE ARQUITECTOS DE CHILE"},"image":{"@id":"https:\/\/colegioarquitectos.com\/noticias\/#\/schema\/logo\/image\/"},"sameAs":["https:\/\/facebook.com\/Colegioarq\/","https:\/\/x.com\/colegioarq","https:\/\/instagram.com\/colegioarq","https:\/\/youtube.com\/@ColegiodeArquitectosdeChile"]},{"@type":"Person","@id":"https:\/\/colegioarquitectos.com\/noticias\/#\/schema\/person\/b6c7e912cd1283c089114093ed09741f","name":"Gabriel Salgado S.","url":"https:\/\/colegioarquitectos.com\/noticias\/?author=1"}]}},"_links":{"self":[{"href":"https:\/\/colegioarquitectos.com\/noticias\/index.php?rest_route=\/wp\/v2\/posts\/1183","targetHints":{"allow":["GET"]}}],"collection":[{"href":"https:\/\/colegioarquitectos.com\/noticias\/index.php?rest_route=\/wp\/v2\/posts"}],"about":[{"href":"https:\/\/colegioarquitectos.com\/noticias\/index.php?rest_route=\/wp\/v2\/types\/post"}],"author":[{"embeddable":true,"href":"https:\/\/colegioarquitectos.com\/noticias\/index.php?rest_route=\/wp\/v2\/users\/1"}],"replies":[{"embeddable":true,"href":"https:\/\/colegioarquitectos.com\/noticias\/index.php?rest_route=%2Fwp%2Fv2%2Fcomments&post=1183"}],"version-history":[{"count":0,"href":"https:\/\/colegioarquitectos.com\/noticias\/index.php?rest_route=\/wp\/v2\/posts\/1183\/revisions"}],"wp:attachment":[{"href":"https:\/\/colegioarquitectos.com\/noticias\/index.php?rest_route=%2Fwp%2Fv2%2Fmedia&parent=1183"}],"wp:term":[{"taxonomy":"category","embeddable":true,"href":"https:\/\/colegioarquitectos.com\/noticias\/index.php?rest_route=%2Fwp%2Fv2%2Fcategories&post=1183"},{"taxonomy":"post_tag","embeddable":true,"href":"https:\/\/colegioarquitectos.com\/noticias\/index.php?rest_route=%2Fwp%2Fv2%2Ftags&post=1183"}],"curies":[{"name":"wp","href":"https:\/\/api.w.org\/{rel}","templated":true}]}}