
{"id":11836,"date":"2016-03-24T16:29:44","date_gmt":"2016-03-24T16:29:44","guid":{"rendered":"http:\/\/colegioarquitectos.com\/?p=11836"},"modified":"2016-03-24T16:38:00","modified_gmt":"2016-03-24T16:38:00","slug":"workshop-vivienda-colectiva-villa-portales-sebastian-adamo-en-escuela-arquitectura-usach","status":"publish","type":"post","link":"https:\/\/colegioarquitectos.com\/noticias\/?p=11836","title":{"rendered":"Workshop \u201cVivienda colectiva \/ Villa Portales\u201d. Sebasti\u00e1n Adamo en Escuela Arquitectura USACH"},"content":{"rendered":"<p>Entre los d\u00edas 28 y 30 de Marzo, el destacado arquitecto argentino Sebasti\u00e1n Adamo, de la Oficina Adamo\u2013Faiden, visitar\u00e1 la Escuela de Arquitectura USACH y dictar\u00e1 un workshop como parte de las actividades de inicio del a\u00f1o acad\u00e9mico 2016 del Master Integrado en Dise\u00f1o Arquitect\u00f3nico de la Universidad de Santiago de Chile.<\/p>\n<p>El workshop est\u00e1 dirigido a estudiantes, arquitectos y p\u00fablico en general; y se centrar\u00e1 en la reflexi\u00f3n y\u00a0 posibilidades de la vivienda colectiva en el contexto actual, tomando como caso de estudio la Villa Portales.<\/p>\n<p>Sebasti\u00e1n Adamo es arquitecto por la Facultad de Arquitectura, Dise\u00f1o y Urbanismo de la Universidad de Buenos Aires (FADU-UBA, 2004) y candidato a doctor por la Escuela T\u00e9cnica Superior de Arquitectura de Barcelona (ETSAB-UPC). Desde el a\u00f1o 2005 trabaja asociado con Marcelo Faiden (<a href=\"http:\/\/www.adamo-faiden.com\">www.adamo-faiden.com<\/a>), desempe\u00f1\u00e1ndose simult\u00e1neamente como profesor de proyectos en la Universidad de Buenos Aires (2002-2012) y en la Universidad Torcuato Di Tella (2012-2015). Sus trabajos han sido compilados en tres libros monogr\u00e1ficos: 1:100 Nro 48. Adamo-Faiden, 2014 (Buenos Aires), Revista 2G n\u00ba65, 2013 (Barcelona) y Ediciones ARQ. Serie Obras, 2009 (Santiago de Chile). Ha sido premiado en la XII Bienal Internacional de Arquitectura de Buenos Aires (2009) y en la Bienal Internacional de Arquitectura de Argentina (2014).<\/p>\n<p>En el marco de sus actividades en la Escuela de Arquitectura, Sebasti\u00e1n Adamo ofrecer\u00e1 adem\u00e1s una charla abierta titulada \u201cBuenos Aires Material\u201d, el d\u00eda 28 de Marzo a las 18:00 Hrs. en el Auditorio del Departamento de Matem\u00e1ticas de la Universidad de Santiago de Chile, ubicado en Av. Las Sophoras N\u00ba 173, Estaci\u00f3n Central.<\/p>\n<p>Las inscripciones al workshop se pueden realizar al tel\u00e9fono +56227184302 o a los siguientes correos electr\u00f3nicos: andrea.lincovilo@usach.cl y mida@usach.cl<\/p>\n<p><a href=\"http:\/\/colegioarquitectos.com\/noticias\/wp-content\/uploads\/2016\/03\/WORKSHOP-USACH.jpg\"><img loading=\"lazy\" decoding=\"async\" class=\"alignnone wp-image-11838 size-full\" src=\"http:\/\/colegioarquitectos.com\/noticias\/wp-content\/uploads\/2016\/03\/WORKSHOP-USACH.jpg\" alt=\"WORKSHOP-USACH\" width=\"566\" height=\"800\" srcset=\"https:\/\/colegioarquitectos.com\/noticias\/wp-content\/uploads\/2016\/03\/WORKSHOP-USACH.jpg 566w, https:\/\/colegioarquitectos.com\/noticias\/wp-content\/uploads\/2016\/03\/WORKSHOP-USACH-212x300.jpg 212w\" sizes=\"auto, (max-width: 566px) 100vw, 566px\" \/><\/a><\/p>\n<p><\/p>","protected":false},"excerpt":{"rendered":"<p>Entre los d\u00edas 28 y 30 de Marzo, el destacado arquitecto argentino Sebasti\u00e1n Adamo, de la Oficina Adamo\u2013Faiden, visitar\u00e1 la Escuela de Arquitectura USACH y dictar\u00e1 un workshop como parte de las actividades de inicio del a\u00f1o acad\u00e9mico 2016 del &hellip; <a class=\"more-link\" href=\"https:\/\/colegioarquitectos.com\/noticias\/?p=11836\">ver m\u00e1s<\/a><\/p>","protected":false},"author":4,"featured_media":11837,"comment_status":"open","ping_status":"open","sticky":false,"template":"","format":"standard","meta":{"footnotes":""},"categories":[35],"tags":[],"class_list":["post-11836","post","type-post","status-publish","format-standard","has-post-thumbnail","hentry","category-universidades"],"yoast_head":"<!-- This site is optimized with the Yoast SEO plugin v24.2 - https:\/\/yoast.com\/wordpress\/plugins\/seo\/ -->\n<title>Workshop \u201cVivienda colectiva \/ Villa Portales\u201d. Sebasti\u00e1n Adamo en Escuela Arquitectura USACH - COLEGIO DE ARQUITECTOS DE CHILE<\/title>\n<meta name=\"robots\" content=\"index, follow, max-snippet:-1, max-image-preview:large, max-video-preview:-1\" \/>\n<link rel=\"canonical\" href=\"https:\/\/colegioarquitectos.com\/noticias\/?p=11836\" \/>\n<meta property=\"og:locale\" content=\"es_ES\" \/>\n<meta property=\"og:type\" content=\"article\" \/>\n<meta property=\"og:title\" content=\"Workshop \u201cVivienda colectiva \/ Villa Portales\u201d. Sebasti\u00e1n Adamo en Escuela Arquitectura USACH - COLEGIO DE ARQUITECTOS DE CHILE\" \/>\n<meta property=\"og:description\" content=\"Entre los d\u00edas 28 y 30 de Marzo, el destacado arquitecto argentino Sebasti\u00e1n Adamo, de la Oficina Adamo\u2013Faiden, visitar\u00e1 la Escuela de Arquitectura USACH y dictar\u00e1 un workshop como parte de las actividades de inicio del a\u00f1o acad\u00e9mico 2016 del &hellip; ver m\u00e1s\" \/>\n<meta property=\"og:url\" content=\"https:\/\/colegioarquitectos.com\/noticias\/?p=11836\" \/>\n<meta property=\"og:site_name\" content=\"COLEGIO DE ARQUITECTOS DE CHILE\" \/>\n<meta property=\"article:publisher\" content=\"https:\/\/facebook.com\/Colegioarq\/\" \/>\n<meta property=\"article:published_time\" content=\"2016-03-24T16:29:44+00:00\" \/>\n<meta property=\"article:modified_time\" content=\"2016-03-24T16:38:00+00:00\" \/>\n<meta property=\"og:image\" content=\"https:\/\/colegioarquitectos.com\/noticias\/wp-content\/uploads\/2016\/03\/Sebasti\u00e1n-Adamo-USACH.jpg\" \/>\n\t<meta property=\"og:image:width\" content=\"690\" \/>\n\t<meta property=\"og:image:height\" content=\"350\" \/>\n\t<meta property=\"og:image:type\" content=\"image\/jpeg\" \/>\n<meta name=\"author\" content=\"Colegio de Arquitectos de Chile\" \/>\n<meta name=\"twitter:card\" content=\"summary_large_image\" \/>\n<meta name=\"twitter:creator\" content=\"@colegioarq\" \/>\n<meta name=\"twitter:site\" content=\"@colegioarq\" \/>\n<meta name=\"twitter:label1\" content=\"Escrito por\" \/>\n\t<meta name=\"twitter:data1\" content=\"Colegio de Arquitectos de Chile\" \/>\n\t<meta name=\"twitter:label2\" content=\"Tiempo de lectura\" \/>\n\t<meta name=\"twitter:data2\" content=\"1 minuto\" \/>\n<script type=\"application\/ld+json\" class=\"yoast-schema-graph\">{\"@context\":\"https:\/\/schema.org\",\"@graph\":[{\"@type\":\"Article\",\"@id\":\"https:\/\/colegioarquitectos.com\/noticias\/?p=11836#article\",\"isPartOf\":{\"@id\":\"https:\/\/colegioarquitectos.com\/noticias\/?p=11836\"},\"author\":{\"name\":\"Colegio de Arquitectos de Chile\",\"@id\":\"https:\/\/colegioarquitectos.com\/noticias\/#\/schema\/person\/685cc0aad148303c5608f049af8285ad\"},\"headline\":\"Workshop \u201cVivienda colectiva \/ Villa Portales\u201d. Sebasti\u00e1n Adamo en Escuela Arquitectura USACH\",\"datePublished\":\"2016-03-24T16:29:44+00:00\",\"dateModified\":\"2016-03-24T16:38:00+00:00\",\"mainEntityOfPage\":{\"@id\":\"https:\/\/colegioarquitectos.com\/noticias\/?p=11836\"},\"wordCount\":305,\"commentCount\":0,\"publisher\":{\"@id\":\"https:\/\/colegioarquitectos.com\/noticias\/#organization\"},\"image\":{\"@id\":\"https:\/\/colegioarquitectos.com\/noticias\/?p=11836#primaryimage\"},\"thumbnailUrl\":\"https:\/\/colegioarquitectos.com\/noticias\/wp-content\/uploads\/2016\/03\/Sebasti\u00e1n-Adamo-USACH.jpg\",\"articleSection\":[\"Universidades\"],\"inLanguage\":\"es\",\"potentialAction\":[{\"@type\":\"CommentAction\",\"name\":\"Comment\",\"target\":[\"https:\/\/colegioarquitectos.com\/noticias\/?p=11836#respond\"]}]},{\"@type\":\"WebPage\",\"@id\":\"https:\/\/colegioarquitectos.com\/noticias\/?p=11836\",\"url\":\"https:\/\/colegioarquitectos.com\/noticias\/?p=11836\",\"name\":\"Workshop \u201cVivienda colectiva \/ Villa Portales\u201d. Sebasti\u00e1n Adamo en Escuela Arquitectura USACH - COLEGIO DE ARQUITECTOS DE CHILE\",\"isPartOf\":{\"@id\":\"https:\/\/colegioarquitectos.com\/noticias\/#website\"},\"primaryImageOfPage\":{\"@id\":\"https:\/\/colegioarquitectos.com\/noticias\/?p=11836#primaryimage\"},\"image\":{\"@id\":\"https:\/\/colegioarquitectos.com\/noticias\/?p=11836#primaryimage\"},\"thumbnailUrl\":\"https:\/\/colegioarquitectos.com\/noticias\/wp-content\/uploads\/2016\/03\/Sebasti\u00e1n-Adamo-USACH.jpg\",\"datePublished\":\"2016-03-24T16:29:44+00:00\",\"dateModified\":\"2016-03-24T16:38:00+00:00\",\"breadcrumb\":{\"@id\":\"https:\/\/colegioarquitectos.com\/noticias\/?p=11836#breadcrumb\"},\"inLanguage\":\"es\",\"potentialAction\":[{\"@type\":\"ReadAction\",\"target\":[\"https:\/\/colegioarquitectos.com\/noticias\/?p=11836\"]}]},{\"@type\":\"ImageObject\",\"inLanguage\":\"es\",\"@id\":\"https:\/\/colegioarquitectos.com\/noticias\/?p=11836#primaryimage\",\"url\":\"https:\/\/colegioarquitectos.com\/noticias\/wp-content\/uploads\/2016\/03\/Sebasti\u00e1n-Adamo-USACH.jpg\",\"contentUrl\":\"https:\/\/colegioarquitectos.com\/noticias\/wp-content\/uploads\/2016\/03\/Sebasti\u00e1n-Adamo-USACH.jpg\",\"width\":690,\"height\":350},{\"@type\":\"BreadcrumbList\",\"@id\":\"https:\/\/colegioarquitectos.com\/noticias\/?p=11836#breadcrumb\",\"itemListElement\":[{\"@type\":\"ListItem\",\"position\":1,\"name\":\"Portada\",\"item\":\"https:\/\/colegioarquitectos.com\/noticias\"},{\"@type\":\"ListItem\",\"position\":2,\"name\":\"Workshop \u201cVivienda colectiva \/ Villa Portales\u201d. Sebasti\u00e1n Adamo en Escuela Arquitectura USACH\"}]},{\"@type\":\"WebSite\",\"@id\":\"https:\/\/colegioarquitectos.com\/noticias\/#website\",\"url\":\"https:\/\/colegioarquitectos.com\/noticias\/\",\"name\":\"COLEGIO DE ARQUITECTOS DE CHILE\",\"description\":\"\",\"publisher\":{\"@id\":\"https:\/\/colegioarquitectos.com\/noticias\/#organization\"},\"potentialAction\":[{\"@type\":\"SearchAction\",\"target\":{\"@type\":\"EntryPoint\",\"urlTemplate\":\"https:\/\/colegioarquitectos.com\/noticias\/?s={search_term_string}\"},\"query-input\":{\"@type\":\"PropertyValueSpecification\",\"valueRequired\":true,\"valueName\":\"search_term_string\"}}],\"inLanguage\":\"es\"},{\"@type\":\"Organization\",\"@id\":\"https:\/\/colegioarquitectos.com\/noticias\/#organization\",\"name\":\"COLEGIO DE ARQUITECTOS DE CHILE\",\"url\":\"https:\/\/colegioarquitectos.com\/noticias\/\",\"logo\":{\"@type\":\"ImageObject\",\"inLanguage\":\"es\",\"@id\":\"https:\/\/colegioarquitectos.com\/noticias\/#\/schema\/logo\/image\/\",\"url\":\"https:\/\/colegioarquitectos.com\/noticias\/wp-content\/uploads\/2021\/05\/ENCABEZADO-LOGO-CA.jpg\",\"contentUrl\":\"https:\/\/colegioarquitectos.com\/noticias\/wp-content\/uploads\/2021\/05\/ENCABEZADO-LOGO-CA.jpg\",\"width\":690,\"height\":350,\"caption\":\"COLEGIO DE ARQUITECTOS DE CHILE\"},\"image\":{\"@id\":\"https:\/\/colegioarquitectos.com\/noticias\/#\/schema\/logo\/image\/\"},\"sameAs\":[\"https:\/\/facebook.com\/Colegioarq\/\",\"https:\/\/x.com\/colegioarq\",\"https:\/\/instagram.com\/colegioarq\",\"https:\/\/youtube.com\/@ColegiodeArquitectosdeChile\"]},{\"@type\":\"Person\",\"@id\":\"https:\/\/colegioarquitectos.com\/noticias\/#\/schema\/person\/685cc0aad148303c5608f049af8285ad\",\"name\":\"Colegio de Arquitectos de Chile\",\"url\":\"https:\/\/colegioarquitectos.com\/noticias\/?author=4\"}]}<\/script>\n<!-- \/ Yoast SEO plugin. -->","yoast_head_json":{"title":"Workshop \u201cVivienda colectiva \/ Villa Portales\u201d. Sebasti\u00e1n Adamo en Escuela Arquitectura USACH - COLEGIO DE ARQUITECTOS DE CHILE","robots":{"index":"index","follow":"follow","max-snippet":"max-snippet:-1","max-image-preview":"max-image-preview:large","max-video-preview":"max-video-preview:-1"},"canonical":"https:\/\/colegioarquitectos.com\/noticias\/?p=11836","og_locale":"es_ES","og_type":"article","og_title":"Workshop \u201cVivienda colectiva \/ Villa Portales\u201d. Sebasti\u00e1n Adamo en Escuela Arquitectura USACH - COLEGIO DE ARQUITECTOS DE CHILE","og_description":"Entre los d\u00edas 28 y 30 de Marzo, el destacado arquitecto argentino Sebasti\u00e1n Adamo, de la Oficina Adamo\u2013Faiden, visitar\u00e1 la Escuela de Arquitectura USACH y dictar\u00e1 un workshop como parte de las actividades de inicio del a\u00f1o acad\u00e9mico 2016 del &hellip; ver m\u00e1s","og_url":"https:\/\/colegioarquitectos.com\/noticias\/?p=11836","og_site_name":"COLEGIO DE ARQUITECTOS DE CHILE","article_publisher":"https:\/\/facebook.com\/Colegioarq\/","article_published_time":"2016-03-24T16:29:44+00:00","article_modified_time":"2016-03-24T16:38:00+00:00","og_image":[{"width":690,"height":350,"url":"https:\/\/colegioarquitectos.com\/noticias\/wp-content\/uploads\/2016\/03\/Sebasti\u00e1n-Adamo-USACH.jpg","type":"image\/jpeg"}],"author":"Colegio de Arquitectos de Chile","twitter_card":"summary_large_image","twitter_creator":"@colegioarq","twitter_site":"@colegioarq","twitter_misc":{"Escrito por":"Colegio de Arquitectos de Chile","Tiempo de lectura":"1 minuto"},"schema":{"@context":"https:\/\/schema.org","@graph":[{"@type":"Article","@id":"https:\/\/colegioarquitectos.com\/noticias\/?p=11836#article","isPartOf":{"@id":"https:\/\/colegioarquitectos.com\/noticias\/?p=11836"},"author":{"name":"Colegio de Arquitectos de Chile","@id":"https:\/\/colegioarquitectos.com\/noticias\/#\/schema\/person\/685cc0aad148303c5608f049af8285ad"},"headline":"Workshop \u201cVivienda colectiva \/ Villa Portales\u201d. Sebasti\u00e1n Adamo en Escuela Arquitectura USACH","datePublished":"2016-03-24T16:29:44+00:00","dateModified":"2016-03-24T16:38:00+00:00","mainEntityOfPage":{"@id":"https:\/\/colegioarquitectos.com\/noticias\/?p=11836"},"wordCount":305,"commentCount":0,"publisher":{"@id":"https:\/\/colegioarquitectos.com\/noticias\/#organization"},"image":{"@id":"https:\/\/colegioarquitectos.com\/noticias\/?p=11836#primaryimage"},"thumbnailUrl":"https:\/\/colegioarquitectos.com\/noticias\/wp-content\/uploads\/2016\/03\/Sebasti\u00e1n-Adamo-USACH.jpg","articleSection":["Universidades"],"inLanguage":"es","potentialAction":[{"@type":"CommentAction","name":"Comment","target":["https:\/\/colegioarquitectos.com\/noticias\/?p=11836#respond"]}]},{"@type":"WebPage","@id":"https:\/\/colegioarquitectos.com\/noticias\/?p=11836","url":"https:\/\/colegioarquitectos.com\/noticias\/?p=11836","name":"Workshop \u201cVivienda colectiva \/ Villa Portales\u201d. Sebasti\u00e1n Adamo en Escuela Arquitectura USACH - COLEGIO DE ARQUITECTOS DE CHILE","isPartOf":{"@id":"https:\/\/colegioarquitectos.com\/noticias\/#website"},"primaryImageOfPage":{"@id":"https:\/\/colegioarquitectos.com\/noticias\/?p=11836#primaryimage"},"image":{"@id":"https:\/\/colegioarquitectos.com\/noticias\/?p=11836#primaryimage"},"thumbnailUrl":"https:\/\/colegioarquitectos.com\/noticias\/wp-content\/uploads\/2016\/03\/Sebasti\u00e1n-Adamo-USACH.jpg","datePublished":"2016-03-24T16:29:44+00:00","dateModified":"2016-03-24T16:38:00+00:00","breadcrumb":{"@id":"https:\/\/colegioarquitectos.com\/noticias\/?p=11836#breadcrumb"},"inLanguage":"es","potentialAction":[{"@type":"ReadAction","target":["https:\/\/colegioarquitectos.com\/noticias\/?p=11836"]}]},{"@type":"ImageObject","inLanguage":"es","@id":"https:\/\/colegioarquitectos.com\/noticias\/?p=11836#primaryimage","url":"https:\/\/colegioarquitectos.com\/noticias\/wp-content\/uploads\/2016\/03\/Sebasti\u00e1n-Adamo-USACH.jpg","contentUrl":"https:\/\/colegioarquitectos.com\/noticias\/wp-content\/uploads\/2016\/03\/Sebasti\u00e1n-Adamo-USACH.jpg","width":690,"height":350},{"@type":"BreadcrumbList","@id":"https:\/\/colegioarquitectos.com\/noticias\/?p=11836#breadcrumb","itemListElement":[{"@type":"ListItem","position":1,"name":"Portada","item":"https:\/\/colegioarquitectos.com\/noticias"},{"@type":"ListItem","position":2,"name":"Workshop \u201cVivienda colectiva \/ Villa Portales\u201d. Sebasti\u00e1n Adamo en Escuela Arquitectura USACH"}]},{"@type":"WebSite","@id":"https:\/\/colegioarquitectos.com\/noticias\/#website","url":"https:\/\/colegioarquitectos.com\/noticias\/","name":"COLEGIO DE ARQUITECTOS DE CHILE","description":"","publisher":{"@id":"https:\/\/colegioarquitectos.com\/noticias\/#organization"},"potentialAction":[{"@type":"SearchAction","target":{"@type":"EntryPoint","urlTemplate":"https:\/\/colegioarquitectos.com\/noticias\/?s={search_term_string}"},"query-input":{"@type":"PropertyValueSpecification","valueRequired":true,"valueName":"search_term_string"}}],"inLanguage":"es"},{"@type":"Organization","@id":"https:\/\/colegioarquitectos.com\/noticias\/#organization","name":"COLEGIO DE ARQUITECTOS DE CHILE","url":"https:\/\/colegioarquitectos.com\/noticias\/","logo":{"@type":"ImageObject","inLanguage":"es","@id":"https:\/\/colegioarquitectos.com\/noticias\/#\/schema\/logo\/image\/","url":"https:\/\/colegioarquitectos.com\/noticias\/wp-content\/uploads\/2021\/05\/ENCABEZADO-LOGO-CA.jpg","contentUrl":"https:\/\/colegioarquitectos.com\/noticias\/wp-content\/uploads\/2021\/05\/ENCABEZADO-LOGO-CA.jpg","width":690,"height":350,"caption":"COLEGIO DE ARQUITECTOS DE CHILE"},"image":{"@id":"https:\/\/colegioarquitectos.com\/noticias\/#\/schema\/logo\/image\/"},"sameAs":["https:\/\/facebook.com\/Colegioarq\/","https:\/\/x.com\/colegioarq","https:\/\/instagram.com\/colegioarq","https:\/\/youtube.com\/@ColegiodeArquitectosdeChile"]},{"@type":"Person","@id":"https:\/\/colegioarquitectos.com\/noticias\/#\/schema\/person\/685cc0aad148303c5608f049af8285ad","name":"Colegio de Arquitectos de Chile","url":"https:\/\/colegioarquitectos.com\/noticias\/?author=4"}]}},"_links":{"self":[{"href":"https:\/\/colegioarquitectos.com\/noticias\/index.php?rest_route=\/wp\/v2\/posts\/11836","targetHints":{"allow":["GET"]}}],"collection":[{"href":"https:\/\/colegioarquitectos.com\/noticias\/index.php?rest_route=\/wp\/v2\/posts"}],"about":[{"href":"https:\/\/colegioarquitectos.com\/noticias\/index.php?rest_route=\/wp\/v2\/types\/post"}],"author":[{"embeddable":true,"href":"https:\/\/colegioarquitectos.com\/noticias\/index.php?rest_route=\/wp\/v2\/users\/4"}],"replies":[{"embeddable":true,"href":"https:\/\/colegioarquitectos.com\/noticias\/index.php?rest_route=%2Fwp%2Fv2%2Fcomments&post=11836"}],"version-history":[{"count":0,"href":"https:\/\/colegioarquitectos.com\/noticias\/index.php?rest_route=\/wp\/v2\/posts\/11836\/revisions"}],"wp:featuredmedia":[{"embeddable":true,"href":"https:\/\/colegioarquitectos.com\/noticias\/index.php?rest_route=\/wp\/v2\/media\/11837"}],"wp:attachment":[{"href":"https:\/\/colegioarquitectos.com\/noticias\/index.php?rest_route=%2Fwp%2Fv2%2Fmedia&parent=11836"}],"wp:term":[{"taxonomy":"category","embeddable":true,"href":"https:\/\/colegioarquitectos.com\/noticias\/index.php?rest_route=%2Fwp%2Fv2%2Fcategories&post=11836"},{"taxonomy":"post_tag","embeddable":true,"href":"https:\/\/colegioarquitectos.com\/noticias\/index.php?rest_route=%2Fwp%2Fv2%2Ftags&post=11836"}],"curies":[{"name":"wp","href":"https:\/\/api.w.org\/{rel}","templated":true}]}}