
{"id":12012,"date":"2016-04-21T12:00:40","date_gmt":"2016-04-21T12:00:40","guid":{"rendered":"http:\/\/colegioarquitectos.com\/?p=12012"},"modified":"2016-04-01T15:24:12","modified_gmt":"2016-04-01T15:24:12","slug":"concepcion-la-protagonista-conversemos-la-ciudad-2016","status":"publish","type":"post","link":"https:\/\/colegioarquitectos.com\/noticias\/?p=12012","title":{"rendered":"Concepci\u00f3n la protagonista \u00bfConversemos la Ciudad? 2016"},"content":{"rendered":"<p>El pr\u00f3ximo 28 de abril a partir de la 9:00 am. en el Sal\u00f3n Talcahuano de hotel Sonesta, se inicia el primer evento del ciclo Conversemos la Ciudad? \u00a0Una modelo de programa tem\u00e1tico, integrador, multisectorial, interactivo, presentado como Ciclo de Encuentros-Conversatorios con aportes para unir criterios en torno a la ciudad desde diferentes perspectivas que converjan con el objetivo de construir un marca ciudad con visi\u00f3n de futuro compartido -a partir de sectores involucrados- que pueda tener repercusi\u00f3n en el sector p\u00fablico a nivel de Gobierno Regional, Municipalidades, Turismo y Transporte, entre otros.<\/p>\n<p>En la oportunidad se contar\u00e1 con la participaci\u00f3n de destacadas personalidades como el Intendente de la regi\u00f3n del Bio-Bio Sr. Rodrigo D\u00edaz, el arquitecto y premio nacional Sr. Victor Gubbins; el destacado urbanista Sr. Waldo Mart\u00ednez, una conferencia a cargo del Sr. Koldo Echebarr\u00eda representante en Chile del BID entre otros. Con la moderaci\u00f3n del destacado periodista Rodrigo Guendelman conocido por su comunidad Santiago Adicto con art\u00edculos y reportajes sobre ciudad en diversos medios.<em>\u00a0<\/em><\/p>\n<p>El evento integrar\u00e1\u00a0innovadoras din\u00e1micas de participaci\u00f3n\u00a0con m\u00fasica tanto en la apertura como en el cierre (jornada ma\u00f1ana y tarde); habr\u00e1n cuatro (4)\u00a0paneles de conversaci\u00f3n; exposici\u00f3n de productos y servicios; presentaciones de videos; conferencia y\u00a0cierre con degustaci\u00f3n de vinos de la zona. En una ambientaci\u00f3n del sal\u00f3n con mobiliario fabricado con maderas renovables de pino, propios de la zona del Biob\u00edo<\/p>\n<p>El evento es organizado por <em>Marca Ciudad Magazine, <\/em>propuesta de publicaci\u00f3n on-line\u00a0 sobre temas de ciudad que pretende informar bajo diversas miradas que promuevan su identidad uniendo diferentes sectores y la Consultora especializada en estudios y trabajos referenciales sobre el tema <em>Marketing de Ciudad.<\/em><\/p>\n<p>Para mayor informaci\u00f3n pueden visitar: <a href=\"http:\/\/conversemoslaciudad.marcaciudad.cl\/\">http:\/\/conversemoslaciudad.marcaciudad.cl\/<\/a><\/p>\n<p><strong>Los conversatorios<\/strong><\/p>\n<p>La idea surge a partir de las primeras actividades abiertas en Chile sobre el tema de Marca Ciudad: Conferencia en Castillo Hidalgo, Santiago, octubre 2014, Seminario en Centro de Convenciones Sofofa, y posterior Conferencia en la Municipalidad de Concepci\u00f3n, octubre de 2015. Oportunidades en la que particip\u00f3 como invitado el experto espa\u00f1ol Toni Puig, uno de los gestores de la marca ciudad Barcelona, actividades que contaron con el apoyo y de la Intendencia y Sernatur para crear conciencia sobre la importancia de trabajar la marca ciudad en nuestro pa\u00eds. Asimismo el sector privado, como Asociaciones profesionales, Universidades y marcas comerciales relacionadas a la ciudad.<\/p>\n<p>Se pretende crear un debate con aportes desde diferentes miradas que resuma en un <em>Documento o Manifiesto<\/em> (a compartir entre los asistentes y medios de comunicaci\u00f3n) a considerar por las autoridades para el desarrollo de estas tem\u00e1ticas en el pa\u00eds.<\/p>\n<p>Una instancia para unir criterios y exponer puntos de vista para construir sinergia en torno a Marca Ciudad, convocando a representantes de diversos sectores de acuerdo a las siguientes l\u00edneas: Turismo, Urbanismo, Patrimonio, Arte y Cultura, Identidad. Emprendimiento, Calidad de vida\u2026\u2026<\/p>\n<p>Por: \u00a0Equipo Editorial Marca Ciudad Magazine<\/p>\n<p><\/p>","protected":false},"excerpt":{"rendered":"<p>El pr\u00f3ximo 28 de abril a partir de la 9:00 am. en el Sal\u00f3n Talcahuano de hotel Sonesta, se inicia el primer evento del ciclo Conversemos la Ciudad? \u00a0Una modelo de programa tem\u00e1tico, integrador, multisectorial, interactivo, presentado como Ciclo de &hellip; <a class=\"more-link\" href=\"https:\/\/colegioarquitectos.com\/noticias\/?p=12012\">ver m\u00e1s<\/a><\/p>","protected":false},"author":4,"featured_media":12013,"comment_status":"open","ping_status":"open","sticky":false,"template":"","format":"standard","meta":{"footnotes":""},"categories":[10],"tags":[],"class_list":["post-12012","post","type-post","status-publish","format-standard","has-post-thumbnail","hentry","category-delegaciones-zonales"],"yoast_head":"<!-- This site is optimized with the Yoast SEO plugin v24.2 - https:\/\/yoast.com\/wordpress\/plugins\/seo\/ -->\n<title>Concepci\u00f3n la protagonista \u00bfConversemos la Ciudad? 2016 - COLEGIO DE ARQUITECTOS DE CHILE<\/title>\n<meta name=\"robots\" content=\"index, follow, max-snippet:-1, max-image-preview:large, max-video-preview:-1\" \/>\n<link rel=\"canonical\" href=\"https:\/\/colegioarquitectos.com\/noticias\/?p=12012\" \/>\n<meta property=\"og:locale\" content=\"es_ES\" \/>\n<meta property=\"og:type\" content=\"article\" \/>\n<meta property=\"og:title\" content=\"Concepci\u00f3n la protagonista \u00bfConversemos la Ciudad? 2016 - COLEGIO DE ARQUITECTOS DE CHILE\" \/>\n<meta property=\"og:description\" content=\"El pr\u00f3ximo 28 de abril a partir de la 9:00 am. en el Sal\u00f3n Talcahuano de hotel Sonesta, se inicia el primer evento del ciclo Conversemos la Ciudad? \u00a0Una modelo de programa tem\u00e1tico, integrador, multisectorial, interactivo, presentado como Ciclo de &hellip; ver m\u00e1s\" \/>\n<meta property=\"og:url\" content=\"https:\/\/colegioarquitectos.com\/noticias\/?p=12012\" \/>\n<meta property=\"og:site_name\" content=\"COLEGIO DE ARQUITECTOS DE CHILE\" \/>\n<meta property=\"article:publisher\" content=\"https:\/\/facebook.com\/Colegioarq\/\" \/>\n<meta property=\"article:published_time\" content=\"2016-04-21T12:00:40+00:00\" \/>\n<meta property=\"article:modified_time\" content=\"2016-04-01T15:24:12+00:00\" \/>\n<meta property=\"og:image\" content=\"https:\/\/colegioarquitectos.com\/noticias\/wp-content\/uploads\/2016\/04\/Marca-ciudad-talcahuano1.jpg\" \/>\n\t<meta property=\"og:image:width\" content=\"690\" \/>\n\t<meta property=\"og:image:height\" content=\"350\" \/>\n\t<meta property=\"og:image:type\" content=\"image\/jpeg\" \/>\n<meta name=\"author\" content=\"Colegio de Arquitectos de Chile\" \/>\n<meta name=\"twitter:card\" content=\"summary_large_image\" \/>\n<meta name=\"twitter:creator\" content=\"@colegioarq\" \/>\n<meta name=\"twitter:site\" content=\"@colegioarq\" \/>\n<meta name=\"twitter:label1\" content=\"Escrito por\" \/>\n\t<meta name=\"twitter:data1\" content=\"Colegio de Arquitectos de Chile\" \/>\n\t<meta name=\"twitter:label2\" content=\"Tiempo de lectura\" \/>\n\t<meta name=\"twitter:data2\" content=\"3 minutos\" \/>\n<script type=\"application\/ld+json\" class=\"yoast-schema-graph\">{\"@context\":\"https:\/\/schema.org\",\"@graph\":[{\"@type\":\"Article\",\"@id\":\"https:\/\/colegioarquitectos.com\/noticias\/?p=12012#article\",\"isPartOf\":{\"@id\":\"https:\/\/colegioarquitectos.com\/noticias\/?p=12012\"},\"author\":{\"name\":\"Colegio de Arquitectos de Chile\",\"@id\":\"https:\/\/colegioarquitectos.com\/noticias\/#\/schema\/person\/685cc0aad148303c5608f049af8285ad\"},\"headline\":\"Concepci\u00f3n la protagonista \u00bfConversemos la Ciudad? 2016\",\"datePublished\":\"2016-04-21T12:00:40+00:00\",\"dateModified\":\"2016-04-01T15:24:12+00:00\",\"mainEntityOfPage\":{\"@id\":\"https:\/\/colegioarquitectos.com\/noticias\/?p=12012\"},\"wordCount\":512,\"commentCount\":0,\"publisher\":{\"@id\":\"https:\/\/colegioarquitectos.com\/noticias\/#organization\"},\"image\":{\"@id\":\"https:\/\/colegioarquitectos.com\/noticias\/?p=12012#primaryimage\"},\"thumbnailUrl\":\"https:\/\/colegioarquitectos.com\/noticias\/wp-content\/uploads\/2016\/04\/Marca-ciudad-talcahuano1.jpg\",\"articleSection\":[\"Delegaciones\"],\"inLanguage\":\"es\",\"potentialAction\":[{\"@type\":\"CommentAction\",\"name\":\"Comment\",\"target\":[\"https:\/\/colegioarquitectos.com\/noticias\/?p=12012#respond\"]}]},{\"@type\":\"WebPage\",\"@id\":\"https:\/\/colegioarquitectos.com\/noticias\/?p=12012\",\"url\":\"https:\/\/colegioarquitectos.com\/noticias\/?p=12012\",\"name\":\"Concepci\u00f3n la protagonista \u00bfConversemos la Ciudad? 2016 - COLEGIO DE ARQUITECTOS DE CHILE\",\"isPartOf\":{\"@id\":\"https:\/\/colegioarquitectos.com\/noticias\/#website\"},\"primaryImageOfPage\":{\"@id\":\"https:\/\/colegioarquitectos.com\/noticias\/?p=12012#primaryimage\"},\"image\":{\"@id\":\"https:\/\/colegioarquitectos.com\/noticias\/?p=12012#primaryimage\"},\"thumbnailUrl\":\"https:\/\/colegioarquitectos.com\/noticias\/wp-content\/uploads\/2016\/04\/Marca-ciudad-talcahuano1.jpg\",\"datePublished\":\"2016-04-21T12:00:40+00:00\",\"dateModified\":\"2016-04-01T15:24:12+00:00\",\"breadcrumb\":{\"@id\":\"https:\/\/colegioarquitectos.com\/noticias\/?p=12012#breadcrumb\"},\"inLanguage\":\"es\",\"potentialAction\":[{\"@type\":\"ReadAction\",\"target\":[\"https:\/\/colegioarquitectos.com\/noticias\/?p=12012\"]}]},{\"@type\":\"ImageObject\",\"inLanguage\":\"es\",\"@id\":\"https:\/\/colegioarquitectos.com\/noticias\/?p=12012#primaryimage\",\"url\":\"https:\/\/colegioarquitectos.com\/noticias\/wp-content\/uploads\/2016\/04\/Marca-ciudad-talcahuano1.jpg\",\"contentUrl\":\"https:\/\/colegioarquitectos.com\/noticias\/wp-content\/uploads\/2016\/04\/Marca-ciudad-talcahuano1.jpg\",\"width\":690,\"height\":350},{\"@type\":\"BreadcrumbList\",\"@id\":\"https:\/\/colegioarquitectos.com\/noticias\/?p=12012#breadcrumb\",\"itemListElement\":[{\"@type\":\"ListItem\",\"position\":1,\"name\":\"Portada\",\"item\":\"https:\/\/colegioarquitectos.com\/noticias\"},{\"@type\":\"ListItem\",\"position\":2,\"name\":\"Concepci\u00f3n la protagonista \u00bfConversemos la Ciudad? 2016\"}]},{\"@type\":\"WebSite\",\"@id\":\"https:\/\/colegioarquitectos.com\/noticias\/#website\",\"url\":\"https:\/\/colegioarquitectos.com\/noticias\/\",\"name\":\"COLEGIO DE ARQUITECTOS DE CHILE\",\"description\":\"\",\"publisher\":{\"@id\":\"https:\/\/colegioarquitectos.com\/noticias\/#organization\"},\"potentialAction\":[{\"@type\":\"SearchAction\",\"target\":{\"@type\":\"EntryPoint\",\"urlTemplate\":\"https:\/\/colegioarquitectos.com\/noticias\/?s={search_term_string}\"},\"query-input\":{\"@type\":\"PropertyValueSpecification\",\"valueRequired\":true,\"valueName\":\"search_term_string\"}}],\"inLanguage\":\"es\"},{\"@type\":\"Organization\",\"@id\":\"https:\/\/colegioarquitectos.com\/noticias\/#organization\",\"name\":\"COLEGIO DE ARQUITECTOS DE CHILE\",\"url\":\"https:\/\/colegioarquitectos.com\/noticias\/\",\"logo\":{\"@type\":\"ImageObject\",\"inLanguage\":\"es\",\"@id\":\"https:\/\/colegioarquitectos.com\/noticias\/#\/schema\/logo\/image\/\",\"url\":\"https:\/\/colegioarquitectos.com\/noticias\/wp-content\/uploads\/2021\/05\/ENCABEZADO-LOGO-CA.jpg\",\"contentUrl\":\"https:\/\/colegioarquitectos.com\/noticias\/wp-content\/uploads\/2021\/05\/ENCABEZADO-LOGO-CA.jpg\",\"width\":690,\"height\":350,\"caption\":\"COLEGIO DE ARQUITECTOS DE CHILE\"},\"image\":{\"@id\":\"https:\/\/colegioarquitectos.com\/noticias\/#\/schema\/logo\/image\/\"},\"sameAs\":[\"https:\/\/facebook.com\/Colegioarq\/\",\"https:\/\/x.com\/colegioarq\",\"https:\/\/instagram.com\/colegioarq\",\"https:\/\/youtube.com\/@ColegiodeArquitectosdeChile\"]},{\"@type\":\"Person\",\"@id\":\"https:\/\/colegioarquitectos.com\/noticias\/#\/schema\/person\/685cc0aad148303c5608f049af8285ad\",\"name\":\"Colegio de Arquitectos de Chile\",\"url\":\"https:\/\/colegioarquitectos.com\/noticias\/?author=4\"}]}<\/script>\n<!-- \/ Yoast SEO plugin. -->","yoast_head_json":{"title":"Concepci\u00f3n la protagonista \u00bfConversemos la Ciudad? 2016 - COLEGIO DE ARQUITECTOS DE CHILE","robots":{"index":"index","follow":"follow","max-snippet":"max-snippet:-1","max-image-preview":"max-image-preview:large","max-video-preview":"max-video-preview:-1"},"canonical":"https:\/\/colegioarquitectos.com\/noticias\/?p=12012","og_locale":"es_ES","og_type":"article","og_title":"Concepci\u00f3n la protagonista \u00bfConversemos la Ciudad? 2016 - COLEGIO DE ARQUITECTOS DE CHILE","og_description":"El pr\u00f3ximo 28 de abril a partir de la 9:00 am. en el Sal\u00f3n Talcahuano de hotel Sonesta, se inicia el primer evento del ciclo Conversemos la Ciudad? \u00a0Una modelo de programa tem\u00e1tico, integrador, multisectorial, interactivo, presentado como Ciclo de &hellip; ver m\u00e1s","og_url":"https:\/\/colegioarquitectos.com\/noticias\/?p=12012","og_site_name":"COLEGIO DE ARQUITECTOS DE CHILE","article_publisher":"https:\/\/facebook.com\/Colegioarq\/","article_published_time":"2016-04-21T12:00:40+00:00","article_modified_time":"2016-04-01T15:24:12+00:00","og_image":[{"width":690,"height":350,"url":"https:\/\/colegioarquitectos.com\/noticias\/wp-content\/uploads\/2016\/04\/Marca-ciudad-talcahuano1.jpg","type":"image\/jpeg"}],"author":"Colegio de Arquitectos de Chile","twitter_card":"summary_large_image","twitter_creator":"@colegioarq","twitter_site":"@colegioarq","twitter_misc":{"Escrito por":"Colegio de Arquitectos de Chile","Tiempo de lectura":"3 minutos"},"schema":{"@context":"https:\/\/schema.org","@graph":[{"@type":"Article","@id":"https:\/\/colegioarquitectos.com\/noticias\/?p=12012#article","isPartOf":{"@id":"https:\/\/colegioarquitectos.com\/noticias\/?p=12012"},"author":{"name":"Colegio de Arquitectos de Chile","@id":"https:\/\/colegioarquitectos.com\/noticias\/#\/schema\/person\/685cc0aad148303c5608f049af8285ad"},"headline":"Concepci\u00f3n la protagonista \u00bfConversemos la Ciudad? 2016","datePublished":"2016-04-21T12:00:40+00:00","dateModified":"2016-04-01T15:24:12+00:00","mainEntityOfPage":{"@id":"https:\/\/colegioarquitectos.com\/noticias\/?p=12012"},"wordCount":512,"commentCount":0,"publisher":{"@id":"https:\/\/colegioarquitectos.com\/noticias\/#organization"},"image":{"@id":"https:\/\/colegioarquitectos.com\/noticias\/?p=12012#primaryimage"},"thumbnailUrl":"https:\/\/colegioarquitectos.com\/noticias\/wp-content\/uploads\/2016\/04\/Marca-ciudad-talcahuano1.jpg","articleSection":["Delegaciones"],"inLanguage":"es","potentialAction":[{"@type":"CommentAction","name":"Comment","target":["https:\/\/colegioarquitectos.com\/noticias\/?p=12012#respond"]}]},{"@type":"WebPage","@id":"https:\/\/colegioarquitectos.com\/noticias\/?p=12012","url":"https:\/\/colegioarquitectos.com\/noticias\/?p=12012","name":"Concepci\u00f3n la protagonista \u00bfConversemos la Ciudad? 2016 - COLEGIO DE ARQUITECTOS DE CHILE","isPartOf":{"@id":"https:\/\/colegioarquitectos.com\/noticias\/#website"},"primaryImageOfPage":{"@id":"https:\/\/colegioarquitectos.com\/noticias\/?p=12012#primaryimage"},"image":{"@id":"https:\/\/colegioarquitectos.com\/noticias\/?p=12012#primaryimage"},"thumbnailUrl":"https:\/\/colegioarquitectos.com\/noticias\/wp-content\/uploads\/2016\/04\/Marca-ciudad-talcahuano1.jpg","datePublished":"2016-04-21T12:00:40+00:00","dateModified":"2016-04-01T15:24:12+00:00","breadcrumb":{"@id":"https:\/\/colegioarquitectos.com\/noticias\/?p=12012#breadcrumb"},"inLanguage":"es","potentialAction":[{"@type":"ReadAction","target":["https:\/\/colegioarquitectos.com\/noticias\/?p=12012"]}]},{"@type":"ImageObject","inLanguage":"es","@id":"https:\/\/colegioarquitectos.com\/noticias\/?p=12012#primaryimage","url":"https:\/\/colegioarquitectos.com\/noticias\/wp-content\/uploads\/2016\/04\/Marca-ciudad-talcahuano1.jpg","contentUrl":"https:\/\/colegioarquitectos.com\/noticias\/wp-content\/uploads\/2016\/04\/Marca-ciudad-talcahuano1.jpg","width":690,"height":350},{"@type":"BreadcrumbList","@id":"https:\/\/colegioarquitectos.com\/noticias\/?p=12012#breadcrumb","itemListElement":[{"@type":"ListItem","position":1,"name":"Portada","item":"https:\/\/colegioarquitectos.com\/noticias"},{"@type":"ListItem","position":2,"name":"Concepci\u00f3n la protagonista \u00bfConversemos la Ciudad? 2016"}]},{"@type":"WebSite","@id":"https:\/\/colegioarquitectos.com\/noticias\/#website","url":"https:\/\/colegioarquitectos.com\/noticias\/","name":"COLEGIO DE ARQUITECTOS DE CHILE","description":"","publisher":{"@id":"https:\/\/colegioarquitectos.com\/noticias\/#organization"},"potentialAction":[{"@type":"SearchAction","target":{"@type":"EntryPoint","urlTemplate":"https:\/\/colegioarquitectos.com\/noticias\/?s={search_term_string}"},"query-input":{"@type":"PropertyValueSpecification","valueRequired":true,"valueName":"search_term_string"}}],"inLanguage":"es"},{"@type":"Organization","@id":"https:\/\/colegioarquitectos.com\/noticias\/#organization","name":"COLEGIO DE ARQUITECTOS DE CHILE","url":"https:\/\/colegioarquitectos.com\/noticias\/","logo":{"@type":"ImageObject","inLanguage":"es","@id":"https:\/\/colegioarquitectos.com\/noticias\/#\/schema\/logo\/image\/","url":"https:\/\/colegioarquitectos.com\/noticias\/wp-content\/uploads\/2021\/05\/ENCABEZADO-LOGO-CA.jpg","contentUrl":"https:\/\/colegioarquitectos.com\/noticias\/wp-content\/uploads\/2021\/05\/ENCABEZADO-LOGO-CA.jpg","width":690,"height":350,"caption":"COLEGIO DE ARQUITECTOS DE CHILE"},"image":{"@id":"https:\/\/colegioarquitectos.com\/noticias\/#\/schema\/logo\/image\/"},"sameAs":["https:\/\/facebook.com\/Colegioarq\/","https:\/\/x.com\/colegioarq","https:\/\/instagram.com\/colegioarq","https:\/\/youtube.com\/@ColegiodeArquitectosdeChile"]},{"@type":"Person","@id":"https:\/\/colegioarquitectos.com\/noticias\/#\/schema\/person\/685cc0aad148303c5608f049af8285ad","name":"Colegio de Arquitectos de Chile","url":"https:\/\/colegioarquitectos.com\/noticias\/?author=4"}]}},"_links":{"self":[{"href":"https:\/\/colegioarquitectos.com\/noticias\/index.php?rest_route=\/wp\/v2\/posts\/12012","targetHints":{"allow":["GET"]}}],"collection":[{"href":"https:\/\/colegioarquitectos.com\/noticias\/index.php?rest_route=\/wp\/v2\/posts"}],"about":[{"href":"https:\/\/colegioarquitectos.com\/noticias\/index.php?rest_route=\/wp\/v2\/types\/post"}],"author":[{"embeddable":true,"href":"https:\/\/colegioarquitectos.com\/noticias\/index.php?rest_route=\/wp\/v2\/users\/4"}],"replies":[{"embeddable":true,"href":"https:\/\/colegioarquitectos.com\/noticias\/index.php?rest_route=%2Fwp%2Fv2%2Fcomments&post=12012"}],"version-history":[{"count":0,"href":"https:\/\/colegioarquitectos.com\/noticias\/index.php?rest_route=\/wp\/v2\/posts\/12012\/revisions"}],"wp:featuredmedia":[{"embeddable":true,"href":"https:\/\/colegioarquitectos.com\/noticias\/index.php?rest_route=\/wp\/v2\/media\/12013"}],"wp:attachment":[{"href":"https:\/\/colegioarquitectos.com\/noticias\/index.php?rest_route=%2Fwp%2Fv2%2Fmedia&parent=12012"}],"wp:term":[{"taxonomy":"category","embeddable":true,"href":"https:\/\/colegioarquitectos.com\/noticias\/index.php?rest_route=%2Fwp%2Fv2%2Fcategories&post=12012"},{"taxonomy":"post_tag","embeddable":true,"href":"https:\/\/colegioarquitectos.com\/noticias\/index.php?rest_route=%2Fwp%2Fv2%2Ftags&post=12012"}],"curies":[{"name":"wp","href":"https:\/\/api.w.org\/{rel}","templated":true}]}}