
{"id":12067,"date":"2016-04-05T14:18:01","date_gmt":"2016-04-05T14:18:01","guid":{"rendered":"http:\/\/colegioarquitectos.com\/?p=12067"},"modified":"2016-04-05T14:24:35","modified_gmt":"2016-04-05T14:24:35","slug":"delegacion-valparaiso-organiza-actividad-sobre-desarrollo-de-la-region-con-alcaldes-y-ministro","status":"publish","type":"post","link":"https:\/\/colegioarquitectos.com\/noticias\/?p=12067","title":{"rendered":"Delegaci\u00f3n Valpara\u00edso organiza actividad sobre desarrollo de la regi\u00f3n con alcaldes y ministro"},"content":{"rendered":"<p>Diferentes autoridades participar\u00e1n del encuentro sobre patrimonio y crecimiento urbano de Valpara\u00edso el pr\u00f3ximo 13, 14 y 15 de abril.<\/p>\n<p>La comuna de Quilpu\u00e9 se convertir\u00e1 en la sede del primer encuentro regional sobre ciudad, cultura y arquitectura, en el que diferentes autoridades expondr\u00e1n respecto a los desaf\u00edos que la regi\u00f3n enfrenta en materia urban\u00edstica y patrimonial.<\/p>\n<p>El pasado viernes 1 de abril, en el Hotel Brighton de Valpara\u00edso, el municipio quilpue\u00edno junto con el Colegio de Arquitectos de la regi\u00f3n dieron inicio oficial al evento, que se denomin\u00f3 \u00abPrimeros Di\u00e1logos Ciudadanos, La Regi\u00f3n que Queremos\u00bb. Quien se refiri\u00f3 al encuentro que se llevar\u00e1 a cabo en los pr\u00f3ximos d\u00edas fue el alcalde anfitri\u00f3n, Mauricio Vi\u00f1ambres. Seg\u00fan coment\u00f3 el jefe comunal, el objetivo principal de las jornadas es \u00absentarnos a pensar sobre nuestra ciudad\u00bb.<\/p>\n<p>\u00abEste a\u00f1o hay elecciones municipales, pero queremos salirnos de eso y sentarnos a conversar con estudiantes, universidades y la ciudadan\u00eda, para dialogar sobre c\u00f3mo se est\u00e1n desarrollando las ciudades, c\u00f3mo se construyen, cu\u00e1les son las miradas que tiene o qui\u00e9nes son los que est\u00e1n participando de ella\u00bb, sostuvo el alcalde.<\/p>\n<p><strong>Variadas exposiciones<\/strong><\/p>\n<p>Entre los expositores que llegar\u00e1n a la comuna durante la pr\u00f3xima semana, se encuentra el ministro de Obras P\u00fablicas, Alberto Undurraga, quien formar\u00e1 parte del panel \u00abCiudad y Gobernanza\u00bb (mi\u00e9rcoles 13), junto con al acad\u00e9mico de la PUCV y director del Centro de Investigaci\u00f3n en Turismo y Patrimonio, Jorge Negrete.<\/p>\n<p>Para Vi\u00f1ambres, la exposici\u00f3n del secretario de Estado recobra mayor importancia, puesto que Undurraga se desempe\u00f1\u00f3 como alcalde de Maip\u00fa por ocho a\u00f1os. \u00ab\u00c9l sabe de ciudades. Su aporte en este encuentro es importante\u00bb, dijo.<\/p>\n<p>Para el jueves 14, en tanto, destacan las exposiciones que realizar\u00e1n la gerente general de Metro Valpara\u00edso, Marisa Kausel. Mientras que para la \u00faltima jornada ser\u00e1 el turno de la presentaci\u00f3n del alcalde Vi\u00f1ambres; el presidente de Icomos Chile, Mario Ferrada; y la directora de EPV, Sonia Tschorne, entre otros.<\/p>\n<p><strong>Transporte<\/strong><\/p>\n<p>Adem\u00e1s del desarrollo urbano y patrimonial de las comunas de la regi\u00f3n, otra de las materias que se abordar\u00e1 tiene relaci\u00f3n con el transporte. Seg\u00fan coment\u00f3 el presidente del Colegio de Arquitectos de Valpara\u00edso, Claudio Reyes, dicha tem\u00e1tica \u00abes una de las m\u00e1s sensibles que tocaremos\u00bb.<\/p>\n<p>\u00abHoy consideramos que existe una cierta crisis al respecto. El transporte influye en nuestra vida diaria y todos nos vemos afectados por un mal funcionamiento. Esa es una de las soluciones que hoy deben ponerse como prioridad\u00bb, sostuvo el arquitecto, quien aprovech\u00f3 la ocasi\u00f3n para apoyar la gesti\u00f3n que el intendente Gabriel Aldoney ha realizado a trav\u00e9s de la Comisi\u00f3n de Movilidad. \u00abNecesitamos que se busquen las mejores soluciones en materia de movilidad y transporte para la regi\u00f3n\u00bb, agreg\u00f3 Reyes.<\/p>\n<p>Para el alcalde de Valpara\u00edso, Jorge Castro, el tema del transporte debe ser analizado bajo la perspectiva del Transporte Metropolitano de Valpara\u00edso (TMV). \u00abDebe ser un tema mirado en t\u00e9rminos de que no se vea m\u00e1s a Valpara\u00edso como una &#8216;soluci\u00f3n-comuna&#8217;. Nosotros tenemos un impacto que ya es regional. Tenemos un sistema en nuestro plan que viene desde San Antonio y Los Andes. Por eso creo que esta mirada debe ser regional. Lo que pasa en la comuna de Valpara\u00edso en cuanto a transporte p\u00fablico tiene directa incidencia en las otras comunas de la regi\u00f3n\u00bb, sostuvo el jefe comunal.<\/p>\n<p><a href=\"http:\/\/www.mercuriovalpo.cl\/impresa\/2016\/04\/02\/full\/cuerpo-principal\/6\/\">Fuente: El Mercurio de Valpara\u00edso<\/a><\/p>\n<p><\/p>","protected":false},"excerpt":{"rendered":"<p>Diferentes autoridades participar\u00e1n del encuentro sobre patrimonio y crecimiento urbano de Valpara\u00edso el pr\u00f3ximo 13, 14 y 15 de abril. La comuna de Quilpu\u00e9 se convertir\u00e1 en la sede del primer encuentro regional sobre ciudad, cultura y arquitectura, en el &hellip; <a class=\"more-link\" href=\"https:\/\/colegioarquitectos.com\/noticias\/?p=12067\">ver m\u00e1s<\/a><\/p>","protected":false},"author":4,"featured_media":12068,"comment_status":"open","ping_status":"open","sticky":false,"template":"","format":"standard","meta":{"footnotes":""},"categories":[10],"tags":[],"class_list":["post-12067","post","type-post","status-publish","format-standard","has-post-thumbnail","hentry","category-delegaciones-zonales"],"yoast_head":"<!-- This site is optimized with the Yoast SEO plugin v24.2 - https:\/\/yoast.com\/wordpress\/plugins\/seo\/ -->\n<title>Delegaci\u00f3n Valpara\u00edso organiza actividad sobre desarrollo de la regi\u00f3n con alcaldes y ministro - COLEGIO DE ARQUITECTOS DE CHILE<\/title>\n<meta name=\"robots\" content=\"index, follow, max-snippet:-1, max-image-preview:large, max-video-preview:-1\" \/>\n<link rel=\"canonical\" href=\"https:\/\/colegioarquitectos.com\/noticias\/?p=12067\" \/>\n<meta property=\"og:locale\" content=\"es_ES\" \/>\n<meta property=\"og:type\" content=\"article\" \/>\n<meta property=\"og:title\" content=\"Delegaci\u00f3n Valpara\u00edso organiza actividad sobre desarrollo de la regi\u00f3n con alcaldes y ministro - COLEGIO DE ARQUITECTOS DE CHILE\" \/>\n<meta property=\"og:description\" content=\"Diferentes autoridades participar\u00e1n del encuentro sobre patrimonio y crecimiento urbano de Valpara\u00edso el pr\u00f3ximo 13, 14 y 15 de abril. La comuna de Quilpu\u00e9 se convertir\u00e1 en la sede del primer encuentro regional sobre ciudad, cultura y arquitectura, en el &hellip; ver m\u00e1s\" \/>\n<meta property=\"og:url\" content=\"https:\/\/colegioarquitectos.com\/noticias\/?p=12067\" \/>\n<meta property=\"og:site_name\" content=\"COLEGIO DE ARQUITECTOS DE CHILE\" \/>\n<meta property=\"article:publisher\" content=\"https:\/\/facebook.com\/Colegioarq\/\" \/>\n<meta property=\"article:published_time\" content=\"2016-04-05T14:18:01+00:00\" \/>\n<meta property=\"article:modified_time\" content=\"2016-04-05T14:24:35+00:00\" \/>\n<meta property=\"og:image\" content=\"https:\/\/colegioarquitectos.com\/noticias\/wp-content\/uploads\/2016\/04\/Valpo.jpg\" \/>\n\t<meta property=\"og:image:width\" content=\"690\" \/>\n\t<meta property=\"og:image:height\" content=\"350\" \/>\n\t<meta property=\"og:image:type\" content=\"image\/jpeg\" \/>\n<meta name=\"author\" content=\"Colegio de Arquitectos de Chile\" \/>\n<meta name=\"twitter:card\" content=\"summary_large_image\" \/>\n<meta name=\"twitter:creator\" content=\"@colegioarq\" \/>\n<meta name=\"twitter:site\" content=\"@colegioarq\" \/>\n<meta name=\"twitter:label1\" content=\"Escrito por\" \/>\n\t<meta name=\"twitter:data1\" content=\"Colegio de Arquitectos de Chile\" \/>\n\t<meta name=\"twitter:label2\" content=\"Tiempo de lectura\" \/>\n\t<meta name=\"twitter:data2\" content=\"3 minutos\" \/>\n<script type=\"application\/ld+json\" class=\"yoast-schema-graph\">{\"@context\":\"https:\/\/schema.org\",\"@graph\":[{\"@type\":\"Article\",\"@id\":\"https:\/\/colegioarquitectos.com\/noticias\/?p=12067#article\",\"isPartOf\":{\"@id\":\"https:\/\/colegioarquitectos.com\/noticias\/?p=12067\"},\"author\":{\"name\":\"Colegio de Arquitectos de Chile\",\"@id\":\"https:\/\/colegioarquitectos.com\/noticias\/#\/schema\/person\/685cc0aad148303c5608f049af8285ad\"},\"headline\":\"Delegaci\u00f3n Valpara\u00edso organiza actividad sobre desarrollo de la regi\u00f3n con alcaldes y ministro\",\"datePublished\":\"2016-04-05T14:18:01+00:00\",\"dateModified\":\"2016-04-05T14:24:35+00:00\",\"mainEntityOfPage\":{\"@id\":\"https:\/\/colegioarquitectos.com\/noticias\/?p=12067\"},\"wordCount\":622,\"commentCount\":0,\"publisher\":{\"@id\":\"https:\/\/colegioarquitectos.com\/noticias\/#organization\"},\"image\":{\"@id\":\"https:\/\/colegioarquitectos.com\/noticias\/?p=12067#primaryimage\"},\"thumbnailUrl\":\"https:\/\/colegioarquitectos.com\/noticias\/wp-content\/uploads\/2016\/04\/Valpo.jpg\",\"articleSection\":[\"Delegaciones\"],\"inLanguage\":\"es\",\"potentialAction\":[{\"@type\":\"CommentAction\",\"name\":\"Comment\",\"target\":[\"https:\/\/colegioarquitectos.com\/noticias\/?p=12067#respond\"]}]},{\"@type\":\"WebPage\",\"@id\":\"https:\/\/colegioarquitectos.com\/noticias\/?p=12067\",\"url\":\"https:\/\/colegioarquitectos.com\/noticias\/?p=12067\",\"name\":\"Delegaci\u00f3n Valpara\u00edso organiza actividad sobre desarrollo de la regi\u00f3n con alcaldes y ministro - COLEGIO DE ARQUITECTOS DE CHILE\",\"isPartOf\":{\"@id\":\"https:\/\/colegioarquitectos.com\/noticias\/#website\"},\"primaryImageOfPage\":{\"@id\":\"https:\/\/colegioarquitectos.com\/noticias\/?p=12067#primaryimage\"},\"image\":{\"@id\":\"https:\/\/colegioarquitectos.com\/noticias\/?p=12067#primaryimage\"},\"thumbnailUrl\":\"https:\/\/colegioarquitectos.com\/noticias\/wp-content\/uploads\/2016\/04\/Valpo.jpg\",\"datePublished\":\"2016-04-05T14:18:01+00:00\",\"dateModified\":\"2016-04-05T14:24:35+00:00\",\"breadcrumb\":{\"@id\":\"https:\/\/colegioarquitectos.com\/noticias\/?p=12067#breadcrumb\"},\"inLanguage\":\"es\",\"potentialAction\":[{\"@type\":\"ReadAction\",\"target\":[\"https:\/\/colegioarquitectos.com\/noticias\/?p=12067\"]}]},{\"@type\":\"ImageObject\",\"inLanguage\":\"es\",\"@id\":\"https:\/\/colegioarquitectos.com\/noticias\/?p=12067#primaryimage\",\"url\":\"https:\/\/colegioarquitectos.com\/noticias\/wp-content\/uploads\/2016\/04\/Valpo.jpg\",\"contentUrl\":\"https:\/\/colegioarquitectos.com\/noticias\/wp-content\/uploads\/2016\/04\/Valpo.jpg\",\"width\":690,\"height\":350},{\"@type\":\"BreadcrumbList\",\"@id\":\"https:\/\/colegioarquitectos.com\/noticias\/?p=12067#breadcrumb\",\"itemListElement\":[{\"@type\":\"ListItem\",\"position\":1,\"name\":\"Portada\",\"item\":\"https:\/\/colegioarquitectos.com\/noticias\"},{\"@type\":\"ListItem\",\"position\":2,\"name\":\"Delegaci\u00f3n Valpara\u00edso organiza actividad sobre desarrollo de la regi\u00f3n con alcaldes y ministro\"}]},{\"@type\":\"WebSite\",\"@id\":\"https:\/\/colegioarquitectos.com\/noticias\/#website\",\"url\":\"https:\/\/colegioarquitectos.com\/noticias\/\",\"name\":\"COLEGIO DE ARQUITECTOS DE CHILE\",\"description\":\"\",\"publisher\":{\"@id\":\"https:\/\/colegioarquitectos.com\/noticias\/#organization\"},\"potentialAction\":[{\"@type\":\"SearchAction\",\"target\":{\"@type\":\"EntryPoint\",\"urlTemplate\":\"https:\/\/colegioarquitectos.com\/noticias\/?s={search_term_string}\"},\"query-input\":{\"@type\":\"PropertyValueSpecification\",\"valueRequired\":true,\"valueName\":\"search_term_string\"}}],\"inLanguage\":\"es\"},{\"@type\":\"Organization\",\"@id\":\"https:\/\/colegioarquitectos.com\/noticias\/#organization\",\"name\":\"COLEGIO DE ARQUITECTOS DE CHILE\",\"url\":\"https:\/\/colegioarquitectos.com\/noticias\/\",\"logo\":{\"@type\":\"ImageObject\",\"inLanguage\":\"es\",\"@id\":\"https:\/\/colegioarquitectos.com\/noticias\/#\/schema\/logo\/image\/\",\"url\":\"https:\/\/colegioarquitectos.com\/noticias\/wp-content\/uploads\/2021\/05\/ENCABEZADO-LOGO-CA.jpg\",\"contentUrl\":\"https:\/\/colegioarquitectos.com\/noticias\/wp-content\/uploads\/2021\/05\/ENCABEZADO-LOGO-CA.jpg\",\"width\":690,\"height\":350,\"caption\":\"COLEGIO DE ARQUITECTOS DE CHILE\"},\"image\":{\"@id\":\"https:\/\/colegioarquitectos.com\/noticias\/#\/schema\/logo\/image\/\"},\"sameAs\":[\"https:\/\/facebook.com\/Colegioarq\/\",\"https:\/\/x.com\/colegioarq\",\"https:\/\/instagram.com\/colegioarq\",\"https:\/\/youtube.com\/@ColegiodeArquitectosdeChile\"]},{\"@type\":\"Person\",\"@id\":\"https:\/\/colegioarquitectos.com\/noticias\/#\/schema\/person\/685cc0aad148303c5608f049af8285ad\",\"name\":\"Colegio de Arquitectos de Chile\",\"url\":\"https:\/\/colegioarquitectos.com\/noticias\/?author=4\"}]}<\/script>\n<!-- \/ Yoast SEO plugin. -->","yoast_head_json":{"title":"Delegaci\u00f3n Valpara\u00edso organiza actividad sobre desarrollo de la regi\u00f3n con alcaldes y ministro - COLEGIO DE ARQUITECTOS DE CHILE","robots":{"index":"index","follow":"follow","max-snippet":"max-snippet:-1","max-image-preview":"max-image-preview:large","max-video-preview":"max-video-preview:-1"},"canonical":"https:\/\/colegioarquitectos.com\/noticias\/?p=12067","og_locale":"es_ES","og_type":"article","og_title":"Delegaci\u00f3n Valpara\u00edso organiza actividad sobre desarrollo de la regi\u00f3n con alcaldes y ministro - COLEGIO DE ARQUITECTOS DE CHILE","og_description":"Diferentes autoridades participar\u00e1n del encuentro sobre patrimonio y crecimiento urbano de Valpara\u00edso el pr\u00f3ximo 13, 14 y 15 de abril. La comuna de Quilpu\u00e9 se convertir\u00e1 en la sede del primer encuentro regional sobre ciudad, cultura y arquitectura, en el &hellip; ver m\u00e1s","og_url":"https:\/\/colegioarquitectos.com\/noticias\/?p=12067","og_site_name":"COLEGIO DE ARQUITECTOS DE CHILE","article_publisher":"https:\/\/facebook.com\/Colegioarq\/","article_published_time":"2016-04-05T14:18:01+00:00","article_modified_time":"2016-04-05T14:24:35+00:00","og_image":[{"width":690,"height":350,"url":"https:\/\/colegioarquitectos.com\/noticias\/wp-content\/uploads\/2016\/04\/Valpo.jpg","type":"image\/jpeg"}],"author":"Colegio de Arquitectos de Chile","twitter_card":"summary_large_image","twitter_creator":"@colegioarq","twitter_site":"@colegioarq","twitter_misc":{"Escrito por":"Colegio de Arquitectos de Chile","Tiempo de lectura":"3 minutos"},"schema":{"@context":"https:\/\/schema.org","@graph":[{"@type":"Article","@id":"https:\/\/colegioarquitectos.com\/noticias\/?p=12067#article","isPartOf":{"@id":"https:\/\/colegioarquitectos.com\/noticias\/?p=12067"},"author":{"name":"Colegio de Arquitectos de Chile","@id":"https:\/\/colegioarquitectos.com\/noticias\/#\/schema\/person\/685cc0aad148303c5608f049af8285ad"},"headline":"Delegaci\u00f3n Valpara\u00edso organiza actividad sobre desarrollo de la regi\u00f3n con alcaldes y ministro","datePublished":"2016-04-05T14:18:01+00:00","dateModified":"2016-04-05T14:24:35+00:00","mainEntityOfPage":{"@id":"https:\/\/colegioarquitectos.com\/noticias\/?p=12067"},"wordCount":622,"commentCount":0,"publisher":{"@id":"https:\/\/colegioarquitectos.com\/noticias\/#organization"},"image":{"@id":"https:\/\/colegioarquitectos.com\/noticias\/?p=12067#primaryimage"},"thumbnailUrl":"https:\/\/colegioarquitectos.com\/noticias\/wp-content\/uploads\/2016\/04\/Valpo.jpg","articleSection":["Delegaciones"],"inLanguage":"es","potentialAction":[{"@type":"CommentAction","name":"Comment","target":["https:\/\/colegioarquitectos.com\/noticias\/?p=12067#respond"]}]},{"@type":"WebPage","@id":"https:\/\/colegioarquitectos.com\/noticias\/?p=12067","url":"https:\/\/colegioarquitectos.com\/noticias\/?p=12067","name":"Delegaci\u00f3n Valpara\u00edso organiza actividad sobre desarrollo de la regi\u00f3n con alcaldes y ministro - COLEGIO DE ARQUITECTOS DE CHILE","isPartOf":{"@id":"https:\/\/colegioarquitectos.com\/noticias\/#website"},"primaryImageOfPage":{"@id":"https:\/\/colegioarquitectos.com\/noticias\/?p=12067#primaryimage"},"image":{"@id":"https:\/\/colegioarquitectos.com\/noticias\/?p=12067#primaryimage"},"thumbnailUrl":"https:\/\/colegioarquitectos.com\/noticias\/wp-content\/uploads\/2016\/04\/Valpo.jpg","datePublished":"2016-04-05T14:18:01+00:00","dateModified":"2016-04-05T14:24:35+00:00","breadcrumb":{"@id":"https:\/\/colegioarquitectos.com\/noticias\/?p=12067#breadcrumb"},"inLanguage":"es","potentialAction":[{"@type":"ReadAction","target":["https:\/\/colegioarquitectos.com\/noticias\/?p=12067"]}]},{"@type":"ImageObject","inLanguage":"es","@id":"https:\/\/colegioarquitectos.com\/noticias\/?p=12067#primaryimage","url":"https:\/\/colegioarquitectos.com\/noticias\/wp-content\/uploads\/2016\/04\/Valpo.jpg","contentUrl":"https:\/\/colegioarquitectos.com\/noticias\/wp-content\/uploads\/2016\/04\/Valpo.jpg","width":690,"height":350},{"@type":"BreadcrumbList","@id":"https:\/\/colegioarquitectos.com\/noticias\/?p=12067#breadcrumb","itemListElement":[{"@type":"ListItem","position":1,"name":"Portada","item":"https:\/\/colegioarquitectos.com\/noticias"},{"@type":"ListItem","position":2,"name":"Delegaci\u00f3n Valpara\u00edso organiza actividad sobre desarrollo de la regi\u00f3n con alcaldes y ministro"}]},{"@type":"WebSite","@id":"https:\/\/colegioarquitectos.com\/noticias\/#website","url":"https:\/\/colegioarquitectos.com\/noticias\/","name":"COLEGIO DE ARQUITECTOS DE CHILE","description":"","publisher":{"@id":"https:\/\/colegioarquitectos.com\/noticias\/#organization"},"potentialAction":[{"@type":"SearchAction","target":{"@type":"EntryPoint","urlTemplate":"https:\/\/colegioarquitectos.com\/noticias\/?s={search_term_string}"},"query-input":{"@type":"PropertyValueSpecification","valueRequired":true,"valueName":"search_term_string"}}],"inLanguage":"es"},{"@type":"Organization","@id":"https:\/\/colegioarquitectos.com\/noticias\/#organization","name":"COLEGIO DE ARQUITECTOS DE CHILE","url":"https:\/\/colegioarquitectos.com\/noticias\/","logo":{"@type":"ImageObject","inLanguage":"es","@id":"https:\/\/colegioarquitectos.com\/noticias\/#\/schema\/logo\/image\/","url":"https:\/\/colegioarquitectos.com\/noticias\/wp-content\/uploads\/2021\/05\/ENCABEZADO-LOGO-CA.jpg","contentUrl":"https:\/\/colegioarquitectos.com\/noticias\/wp-content\/uploads\/2021\/05\/ENCABEZADO-LOGO-CA.jpg","width":690,"height":350,"caption":"COLEGIO DE ARQUITECTOS DE CHILE"},"image":{"@id":"https:\/\/colegioarquitectos.com\/noticias\/#\/schema\/logo\/image\/"},"sameAs":["https:\/\/facebook.com\/Colegioarq\/","https:\/\/x.com\/colegioarq","https:\/\/instagram.com\/colegioarq","https:\/\/youtube.com\/@ColegiodeArquitectosdeChile"]},{"@type":"Person","@id":"https:\/\/colegioarquitectos.com\/noticias\/#\/schema\/person\/685cc0aad148303c5608f049af8285ad","name":"Colegio de Arquitectos de Chile","url":"https:\/\/colegioarquitectos.com\/noticias\/?author=4"}]}},"_links":{"self":[{"href":"https:\/\/colegioarquitectos.com\/noticias\/index.php?rest_route=\/wp\/v2\/posts\/12067","targetHints":{"allow":["GET"]}}],"collection":[{"href":"https:\/\/colegioarquitectos.com\/noticias\/index.php?rest_route=\/wp\/v2\/posts"}],"about":[{"href":"https:\/\/colegioarquitectos.com\/noticias\/index.php?rest_route=\/wp\/v2\/types\/post"}],"author":[{"embeddable":true,"href":"https:\/\/colegioarquitectos.com\/noticias\/index.php?rest_route=\/wp\/v2\/users\/4"}],"replies":[{"embeddable":true,"href":"https:\/\/colegioarquitectos.com\/noticias\/index.php?rest_route=%2Fwp%2Fv2%2Fcomments&post=12067"}],"version-history":[{"count":0,"href":"https:\/\/colegioarquitectos.com\/noticias\/index.php?rest_route=\/wp\/v2\/posts\/12067\/revisions"}],"wp:featuredmedia":[{"embeddable":true,"href":"https:\/\/colegioarquitectos.com\/noticias\/index.php?rest_route=\/wp\/v2\/media\/12068"}],"wp:attachment":[{"href":"https:\/\/colegioarquitectos.com\/noticias\/index.php?rest_route=%2Fwp%2Fv2%2Fmedia&parent=12067"}],"wp:term":[{"taxonomy":"category","embeddable":true,"href":"https:\/\/colegioarquitectos.com\/noticias\/index.php?rest_route=%2Fwp%2Fv2%2Fcategories&post=12067"},{"taxonomy":"post_tag","embeddable":true,"href":"https:\/\/colegioarquitectos.com\/noticias\/index.php?rest_route=%2Fwp%2Fv2%2Ftags&post=12067"}],"curies":[{"name":"wp","href":"https:\/\/api.w.org\/{rel}","templated":true}]}}