
{"id":12106,"date":"2016-04-06T15:32:00","date_gmt":"2016-04-06T15:32:00","guid":{"rendered":"http:\/\/colegioarquitectos.com\/?p=12106"},"modified":"2016-04-11T14:13:54","modified_gmt":"2016-04-11T14:13:54","slug":"13-14-y-15-de-abril-dialogos-ciudadanos-organizados-por-delegacion-valparaiso","status":"publish","type":"post","link":"https:\/\/colegioarquitectos.com\/noticias\/?p=12106","title":{"rendered":"Di\u00e1logos Ciudadanos \u00abLa Regi\u00f3n que queremos\u00bb, organiza Delegaci\u00f3n Valpara\u00edso"},"content":{"rendered":"<p>Estimados arquitectos colegiados:<\/p>\n<p><strong>La Ilustre Municipalidad de Quilpu\u00e9<\/strong> y la\u00a0<strong>Delegaci\u00f3n Valpara\u00edso del<\/strong>\u00a0<strong>Colegio de Arquitectos de Chile<\/strong>, lo invitan a \u201c<strong>Primeros Di\u00e1logos Ciudadanos<\/strong>: La Regi\u00f3n que queremos\u201d\/ \u201c<strong>Ciudad, Cultura y Arquitectura<\/strong>: Jornadas para la construcci\u00f3n de conocimiento urbano y patrimonial en Quilpu\u00e9 2016\u201d, los d\u00edas <strong>13, 14 y 15 de abril<\/strong>.<\/p>\n<p>El objetivo es reflexionar, compartir ideas y proponer miradas cr\u00edticas y acciones concretas ligadas a nuestro quehacer profesional en temas de <strong>Gobernanza<\/strong>, <strong>Movilidad<\/strong> y <strong>Transporte Regional<\/strong>, <strong>Calidad de Vida<\/strong>, <strong>Patrimonio<\/strong> y <strong>Pol\u00edticas P\u00fablicas<\/strong>.<\/p>\n<p><a href=\"http:\/\/colegioarquitectos.com\/noticias\/wp-content\/uploads\/2016\/04\/Dialogos-Ciudadanos-afiche-22.jpg\"><img loading=\"lazy\" decoding=\"async\" class=\"alignnone wp-image-12162 size-full\" src=\"http:\/\/colegioarquitectos.com\/noticias\/wp-content\/uploads\/2016\/04\/Dialogos-Ciudadanos-afiche-22.jpg\" alt=\"Dialogos Ciudadanos afiche 2\" width=\"971\" height=\"635\" srcset=\"https:\/\/colegioarquitectos.com\/noticias\/wp-content\/uploads\/2016\/04\/Dialogos-Ciudadanos-afiche-22.jpg 971w, https:\/\/colegioarquitectos.com\/noticias\/wp-content\/uploads\/2016\/04\/Dialogos-Ciudadanos-afiche-22-300x196.jpg 300w\" sizes=\"auto, (max-width: 971px) 100vw, 971px\" \/><\/a><\/p>\n<p>&nbsp;<\/p>\n<p>Habr\u00e1 mesas de conversaci\u00f3n y debate con <strong>importantes expositores<\/strong>, entre ellos:<\/p>\n<p>&nbsp;<\/p>\n<p>\u2013 <strong>Alberto Undurraga<\/strong>, Ministro de Obras P\u00fablicas (MOP)<\/p>\n<p>\u2013 <strong>Gabriel Aldoney<\/strong>, Intendente Regi\u00f3n de Valpara\u00edso<\/p>\n<p>\u2013 <strong>Mauricio Vi\u00f1ambres<\/strong>, Alcalde de Quilpu\u00e9<\/p>\n<p>\u2013 <strong>Marisa Kausel<\/strong>, Gerenta General de Metro Valpara\u00edso (MERVAL)<\/p>\n<p>\u2013 <strong>Sonia Tschorne<\/strong>, Arquitecta, Directora de Empresa Portuaria Valpara\u00edso (EPV)<\/p>\n<p>\u2013 <strong>Mario Ferrada<\/strong>, Arquitecto, Presidente del Consejo Internacional de Monumentos y Sitios (ICOMOS) Chile<\/p>\n<p>\u2013 <strong>Luis Valenzuela<\/strong>, Director Centro de Inteligencia Territorial de la Universidad Adolfo Ib\u00e1\u00f1ez<\/p>\n<p>\u2013 <strong>Ricardo Jord\u00e1n<\/strong>, Ge\u00f3grafo, Jefe de la Unidad de Asentamientos Humanos, CEPAL<\/p>\n<p>\u2013 <strong>Luis Espinoza<\/strong>, Soci\u00f3logo, miembro del movimiento ciudadano Salvemos Quintero<\/p>\n<p>\u2013 <strong>Jorge Negrete<\/strong>, Acad\u00e9mico PUCV \u2013 Director del Centro de Investigaci\u00f3n en Turismo y Patrimonio<\/p>\n<p>\u2013 <strong>Diego Garc\u00eda<\/strong>, del Movimiento Furiosos Ciclistas Regi\u00f3n de Valpara\u00edso.<\/p>\n<p>&nbsp;<\/p>\n<p>Junto a las autoridades y los arquitecros miembros de la Delegaci\u00f3n Valpara\u00edso, que moderar\u00e1n las ponencias, asistir\u00e1n acad\u00e9micos, profesionales, estudiantes y organizaciones sociales, para analizar el futuro de las ciudades y el territorio.<\/p>\n<p><strong>\u00a1Ven, participa y aporta al desarrollo de la Regi\u00f3n de Valpara\u00edso! <\/strong>Contamos con tu presencia.<\/p>\n<p>&nbsp;<\/p>\n<p>Las actividades ser\u00e1n en la <strong>Plaza de Quilpu\u00e9<\/strong>, a un costado de la Municipalidad (Av. Vicu\u00f1a Mackenna 684, Quilpu\u00e9).\u00a0M\u00e1s informaci\u00f3n en <strong><a href=\"mailto:cultura@quilpue.cl\">cultura@quilpue.cl<\/a><\/strong>.<\/p>\n<p>&nbsp;<\/p>\n<p>&nbsp;<\/p>\n<p><em>Se adjunta el programa de actividades, que culminan con un concierto de piano de Roberto Bravo y muestras de danza y Jazz en vivo (pincha para acercar).<\/em><\/p>\n<p><a href=\"http:\/\/colegioarquitectos.com\/noticias\/wp-content\/uploads\/2016\/04\/Programa-Dialogos-Ciudadanos-Valpo.jpg\"><img loading=\"lazy\" decoding=\"async\" class=\"alignnone wp-image-12169 size-full\" src=\"http:\/\/colegioarquitectos.com\/noticias\/wp-content\/uploads\/2016\/04\/Programa-Dialogos-Ciudadanos-Valpo.jpg\" alt=\"Programa Dialogos Ciudadanos Valpo\" width=\"1434\" height=\"942\" srcset=\"https:\/\/colegioarquitectos.com\/noticias\/wp-content\/uploads\/2016\/04\/Programa-Dialogos-Ciudadanos-Valpo.jpg 1434w, https:\/\/colegioarquitectos.com\/noticias\/wp-content\/uploads\/2016\/04\/Programa-Dialogos-Ciudadanos-Valpo-300x197.jpg 300w, https:\/\/colegioarquitectos.com\/noticias\/wp-content\/uploads\/2016\/04\/Programa-Dialogos-Ciudadanos-Valpo-1024x673.jpg 1024w\" sizes=\"auto, (max-width: 1434px) 100vw, 1434px\" \/><\/a><\/p>\n<p><\/p>","protected":false},"excerpt":{"rendered":"<p>Estimados arquitectos colegiados: La Ilustre Municipalidad de Quilpu\u00e9 y la\u00a0Delegaci\u00f3n Valpara\u00edso del\u00a0Colegio de Arquitectos de Chile, lo invitan a \u201cPrimeros Di\u00e1logos Ciudadanos: La Regi\u00f3n que queremos\u201d\/ \u201cCiudad, Cultura y Arquitectura: Jornadas para la construcci\u00f3n de conocimiento urbano y patrimonial en &hellip; <a class=\"more-link\" href=\"https:\/\/colegioarquitectos.com\/noticias\/?p=12106\">ver m\u00e1s<\/a><\/p>","protected":false},"author":4,"featured_media":12158,"comment_status":"open","ping_status":"open","sticky":false,"template":"","format":"standard","meta":{"footnotes":""},"categories":[10],"tags":[],"class_list":["post-12106","post","type-post","status-publish","format-standard","has-post-thumbnail","hentry","category-delegaciones-zonales"],"yoast_head":"<!-- This site is optimized with the Yoast SEO plugin v24.2 - https:\/\/yoast.com\/wordpress\/plugins\/seo\/ -->\n<title>Di\u00e1logos Ciudadanos &quot;La Regi\u00f3n que queremos&quot;, organiza Delegaci\u00f3n Valpara\u00edso - COLEGIO DE ARQUITECTOS DE CHILE<\/title>\n<meta name=\"robots\" content=\"index, follow, max-snippet:-1, max-image-preview:large, max-video-preview:-1\" \/>\n<link rel=\"canonical\" href=\"https:\/\/colegioarquitectos.com\/noticias\/?p=12106\" \/>\n<meta property=\"og:locale\" content=\"es_ES\" \/>\n<meta property=\"og:type\" content=\"article\" \/>\n<meta property=\"og:title\" content=\"Di\u00e1logos Ciudadanos &quot;La Regi\u00f3n que queremos&quot;, organiza Delegaci\u00f3n Valpara\u00edso - COLEGIO DE ARQUITECTOS DE CHILE\" \/>\n<meta property=\"og:description\" content=\"Estimados arquitectos colegiados: La Ilustre Municipalidad de Quilpu\u00e9 y la\u00a0Delegaci\u00f3n Valpara\u00edso del\u00a0Colegio de Arquitectos de Chile, lo invitan a \u201cPrimeros Di\u00e1logos Ciudadanos: La Regi\u00f3n que queremos\u201d\/ \u201cCiudad, Cultura y Arquitectura: Jornadas para la construcci\u00f3n de conocimiento urbano y patrimonial en &hellip; ver m\u00e1s\" \/>\n<meta property=\"og:url\" content=\"https:\/\/colegioarquitectos.com\/noticias\/?p=12106\" \/>\n<meta property=\"og:site_name\" content=\"COLEGIO DE ARQUITECTOS DE CHILE\" \/>\n<meta property=\"article:publisher\" content=\"https:\/\/facebook.com\/Colegioarq\/\" \/>\n<meta property=\"article:published_time\" content=\"2016-04-06T15:32:00+00:00\" \/>\n<meta property=\"article:modified_time\" content=\"2016-04-11T14:13:54+00:00\" \/>\n<meta property=\"og:image\" content=\"https:\/\/colegioarquitectos.com\/noticias\/wp-content\/uploads\/2016\/04\/afiche-dialogos-ciudadanos.jpg\" \/>\n\t<meta property=\"og:image:width\" content=\"690\" \/>\n\t<meta property=\"og:image:height\" content=\"350\" \/>\n\t<meta property=\"og:image:type\" content=\"image\/jpeg\" \/>\n<meta name=\"author\" content=\"Colegio de Arquitectos de Chile\" \/>\n<meta name=\"twitter:card\" content=\"summary_large_image\" \/>\n<meta name=\"twitter:creator\" content=\"@colegioarq\" \/>\n<meta name=\"twitter:site\" content=\"@colegioarq\" \/>\n<meta name=\"twitter:label1\" content=\"Escrito por\" \/>\n\t<meta name=\"twitter:data1\" content=\"Colegio de Arquitectos de Chile\" \/>\n\t<meta name=\"twitter:label2\" content=\"Tiempo de lectura\" \/>\n\t<meta name=\"twitter:data2\" content=\"2 minutos\" \/>\n<script type=\"application\/ld+json\" class=\"yoast-schema-graph\">{\"@context\":\"https:\/\/schema.org\",\"@graph\":[{\"@type\":\"Article\",\"@id\":\"https:\/\/colegioarquitectos.com\/noticias\/?p=12106#article\",\"isPartOf\":{\"@id\":\"https:\/\/colegioarquitectos.com\/noticias\/?p=12106\"},\"author\":{\"name\":\"Colegio de Arquitectos de Chile\",\"@id\":\"https:\/\/colegioarquitectos.com\/noticias\/#\/schema\/person\/685cc0aad148303c5608f049af8285ad\"},\"headline\":\"Di\u00e1logos Ciudadanos \u00abLa Regi\u00f3n que queremos\u00bb, organiza Delegaci\u00f3n Valpara\u00edso\",\"datePublished\":\"2016-04-06T15:32:00+00:00\",\"dateModified\":\"2016-04-11T14:13:54+00:00\",\"mainEntityOfPage\":{\"@id\":\"https:\/\/colegioarquitectos.com\/noticias\/?p=12106\"},\"wordCount\":348,\"commentCount\":0,\"publisher\":{\"@id\":\"https:\/\/colegioarquitectos.com\/noticias\/#organization\"},\"image\":{\"@id\":\"https:\/\/colegioarquitectos.com\/noticias\/?p=12106#primaryimage\"},\"thumbnailUrl\":\"https:\/\/colegioarquitectos.com\/noticias\/wp-content\/uploads\/2016\/04\/afiche-dialogos-ciudadanos.jpg\",\"articleSection\":[\"Delegaciones\"],\"inLanguage\":\"es\",\"potentialAction\":[{\"@type\":\"CommentAction\",\"name\":\"Comment\",\"target\":[\"https:\/\/colegioarquitectos.com\/noticias\/?p=12106#respond\"]}]},{\"@type\":\"WebPage\",\"@id\":\"https:\/\/colegioarquitectos.com\/noticias\/?p=12106\",\"url\":\"https:\/\/colegioarquitectos.com\/noticias\/?p=12106\",\"name\":\"Di\u00e1logos Ciudadanos \\\"La Regi\u00f3n que queremos\\\", organiza Delegaci\u00f3n Valpara\u00edso - COLEGIO DE ARQUITECTOS DE CHILE\",\"isPartOf\":{\"@id\":\"https:\/\/colegioarquitectos.com\/noticias\/#website\"},\"primaryImageOfPage\":{\"@id\":\"https:\/\/colegioarquitectos.com\/noticias\/?p=12106#primaryimage\"},\"image\":{\"@id\":\"https:\/\/colegioarquitectos.com\/noticias\/?p=12106#primaryimage\"},\"thumbnailUrl\":\"https:\/\/colegioarquitectos.com\/noticias\/wp-content\/uploads\/2016\/04\/afiche-dialogos-ciudadanos.jpg\",\"datePublished\":\"2016-04-06T15:32:00+00:00\",\"dateModified\":\"2016-04-11T14:13:54+00:00\",\"breadcrumb\":{\"@id\":\"https:\/\/colegioarquitectos.com\/noticias\/?p=12106#breadcrumb\"},\"inLanguage\":\"es\",\"potentialAction\":[{\"@type\":\"ReadAction\",\"target\":[\"https:\/\/colegioarquitectos.com\/noticias\/?p=12106\"]}]},{\"@type\":\"ImageObject\",\"inLanguage\":\"es\",\"@id\":\"https:\/\/colegioarquitectos.com\/noticias\/?p=12106#primaryimage\",\"url\":\"https:\/\/colegioarquitectos.com\/noticias\/wp-content\/uploads\/2016\/04\/afiche-dialogos-ciudadanos.jpg\",\"contentUrl\":\"https:\/\/colegioarquitectos.com\/noticias\/wp-content\/uploads\/2016\/04\/afiche-dialogos-ciudadanos.jpg\",\"width\":690,\"height\":350},{\"@type\":\"BreadcrumbList\",\"@id\":\"https:\/\/colegioarquitectos.com\/noticias\/?p=12106#breadcrumb\",\"itemListElement\":[{\"@type\":\"ListItem\",\"position\":1,\"name\":\"Portada\",\"item\":\"https:\/\/colegioarquitectos.com\/noticias\"},{\"@type\":\"ListItem\",\"position\":2,\"name\":\"Di\u00e1logos Ciudadanos \u00abLa Regi\u00f3n que queremos\u00bb, organiza Delegaci\u00f3n Valpara\u00edso\"}]},{\"@type\":\"WebSite\",\"@id\":\"https:\/\/colegioarquitectos.com\/noticias\/#website\",\"url\":\"https:\/\/colegioarquitectos.com\/noticias\/\",\"name\":\"COLEGIO DE ARQUITECTOS DE CHILE\",\"description\":\"\",\"publisher\":{\"@id\":\"https:\/\/colegioarquitectos.com\/noticias\/#organization\"},\"potentialAction\":[{\"@type\":\"SearchAction\",\"target\":{\"@type\":\"EntryPoint\",\"urlTemplate\":\"https:\/\/colegioarquitectos.com\/noticias\/?s={search_term_string}\"},\"query-input\":{\"@type\":\"PropertyValueSpecification\",\"valueRequired\":true,\"valueName\":\"search_term_string\"}}],\"inLanguage\":\"es\"},{\"@type\":\"Organization\",\"@id\":\"https:\/\/colegioarquitectos.com\/noticias\/#organization\",\"name\":\"COLEGIO DE ARQUITECTOS DE CHILE\",\"url\":\"https:\/\/colegioarquitectos.com\/noticias\/\",\"logo\":{\"@type\":\"ImageObject\",\"inLanguage\":\"es\",\"@id\":\"https:\/\/colegioarquitectos.com\/noticias\/#\/schema\/logo\/image\/\",\"url\":\"https:\/\/colegioarquitectos.com\/noticias\/wp-content\/uploads\/2021\/05\/ENCABEZADO-LOGO-CA.jpg\",\"contentUrl\":\"https:\/\/colegioarquitectos.com\/noticias\/wp-content\/uploads\/2021\/05\/ENCABEZADO-LOGO-CA.jpg\",\"width\":690,\"height\":350,\"caption\":\"COLEGIO DE ARQUITECTOS DE CHILE\"},\"image\":{\"@id\":\"https:\/\/colegioarquitectos.com\/noticias\/#\/schema\/logo\/image\/\"},\"sameAs\":[\"https:\/\/facebook.com\/Colegioarq\/\",\"https:\/\/x.com\/colegioarq\",\"https:\/\/instagram.com\/colegioarq\",\"https:\/\/youtube.com\/@ColegiodeArquitectosdeChile\"]},{\"@type\":\"Person\",\"@id\":\"https:\/\/colegioarquitectos.com\/noticias\/#\/schema\/person\/685cc0aad148303c5608f049af8285ad\",\"name\":\"Colegio de Arquitectos de Chile\",\"url\":\"https:\/\/colegioarquitectos.com\/noticias\/?author=4\"}]}<\/script>\n<!-- \/ Yoast SEO plugin. -->","yoast_head_json":{"title":"Di\u00e1logos Ciudadanos \"La Regi\u00f3n que queremos\", organiza Delegaci\u00f3n Valpara\u00edso - COLEGIO DE ARQUITECTOS DE CHILE","robots":{"index":"index","follow":"follow","max-snippet":"max-snippet:-1","max-image-preview":"max-image-preview:large","max-video-preview":"max-video-preview:-1"},"canonical":"https:\/\/colegioarquitectos.com\/noticias\/?p=12106","og_locale":"es_ES","og_type":"article","og_title":"Di\u00e1logos Ciudadanos \"La Regi\u00f3n que queremos\", organiza Delegaci\u00f3n Valpara\u00edso - COLEGIO DE ARQUITECTOS DE CHILE","og_description":"Estimados arquitectos colegiados: La Ilustre Municipalidad de Quilpu\u00e9 y la\u00a0Delegaci\u00f3n Valpara\u00edso del\u00a0Colegio de Arquitectos de Chile, lo invitan a \u201cPrimeros Di\u00e1logos Ciudadanos: La Regi\u00f3n que queremos\u201d\/ \u201cCiudad, Cultura y Arquitectura: Jornadas para la construcci\u00f3n de conocimiento urbano y patrimonial en &hellip; ver m\u00e1s","og_url":"https:\/\/colegioarquitectos.com\/noticias\/?p=12106","og_site_name":"COLEGIO DE ARQUITECTOS DE CHILE","article_publisher":"https:\/\/facebook.com\/Colegioarq\/","article_published_time":"2016-04-06T15:32:00+00:00","article_modified_time":"2016-04-11T14:13:54+00:00","og_image":[{"width":690,"height":350,"url":"https:\/\/colegioarquitectos.com\/noticias\/wp-content\/uploads\/2016\/04\/afiche-dialogos-ciudadanos.jpg","type":"image\/jpeg"}],"author":"Colegio de Arquitectos de Chile","twitter_card":"summary_large_image","twitter_creator":"@colegioarq","twitter_site":"@colegioarq","twitter_misc":{"Escrito por":"Colegio de Arquitectos de Chile","Tiempo de lectura":"2 minutos"},"schema":{"@context":"https:\/\/schema.org","@graph":[{"@type":"Article","@id":"https:\/\/colegioarquitectos.com\/noticias\/?p=12106#article","isPartOf":{"@id":"https:\/\/colegioarquitectos.com\/noticias\/?p=12106"},"author":{"name":"Colegio de Arquitectos de Chile","@id":"https:\/\/colegioarquitectos.com\/noticias\/#\/schema\/person\/685cc0aad148303c5608f049af8285ad"},"headline":"Di\u00e1logos Ciudadanos \u00abLa Regi\u00f3n que queremos\u00bb, organiza Delegaci\u00f3n Valpara\u00edso","datePublished":"2016-04-06T15:32:00+00:00","dateModified":"2016-04-11T14:13:54+00:00","mainEntityOfPage":{"@id":"https:\/\/colegioarquitectos.com\/noticias\/?p=12106"},"wordCount":348,"commentCount":0,"publisher":{"@id":"https:\/\/colegioarquitectos.com\/noticias\/#organization"},"image":{"@id":"https:\/\/colegioarquitectos.com\/noticias\/?p=12106#primaryimage"},"thumbnailUrl":"https:\/\/colegioarquitectos.com\/noticias\/wp-content\/uploads\/2016\/04\/afiche-dialogos-ciudadanos.jpg","articleSection":["Delegaciones"],"inLanguage":"es","potentialAction":[{"@type":"CommentAction","name":"Comment","target":["https:\/\/colegioarquitectos.com\/noticias\/?p=12106#respond"]}]},{"@type":"WebPage","@id":"https:\/\/colegioarquitectos.com\/noticias\/?p=12106","url":"https:\/\/colegioarquitectos.com\/noticias\/?p=12106","name":"Di\u00e1logos Ciudadanos \"La Regi\u00f3n que queremos\", organiza Delegaci\u00f3n Valpara\u00edso - COLEGIO DE ARQUITECTOS DE CHILE","isPartOf":{"@id":"https:\/\/colegioarquitectos.com\/noticias\/#website"},"primaryImageOfPage":{"@id":"https:\/\/colegioarquitectos.com\/noticias\/?p=12106#primaryimage"},"image":{"@id":"https:\/\/colegioarquitectos.com\/noticias\/?p=12106#primaryimage"},"thumbnailUrl":"https:\/\/colegioarquitectos.com\/noticias\/wp-content\/uploads\/2016\/04\/afiche-dialogos-ciudadanos.jpg","datePublished":"2016-04-06T15:32:00+00:00","dateModified":"2016-04-11T14:13:54+00:00","breadcrumb":{"@id":"https:\/\/colegioarquitectos.com\/noticias\/?p=12106#breadcrumb"},"inLanguage":"es","potentialAction":[{"@type":"ReadAction","target":["https:\/\/colegioarquitectos.com\/noticias\/?p=12106"]}]},{"@type":"ImageObject","inLanguage":"es","@id":"https:\/\/colegioarquitectos.com\/noticias\/?p=12106#primaryimage","url":"https:\/\/colegioarquitectos.com\/noticias\/wp-content\/uploads\/2016\/04\/afiche-dialogos-ciudadanos.jpg","contentUrl":"https:\/\/colegioarquitectos.com\/noticias\/wp-content\/uploads\/2016\/04\/afiche-dialogos-ciudadanos.jpg","width":690,"height":350},{"@type":"BreadcrumbList","@id":"https:\/\/colegioarquitectos.com\/noticias\/?p=12106#breadcrumb","itemListElement":[{"@type":"ListItem","position":1,"name":"Portada","item":"https:\/\/colegioarquitectos.com\/noticias"},{"@type":"ListItem","position":2,"name":"Di\u00e1logos Ciudadanos \u00abLa Regi\u00f3n que queremos\u00bb, organiza Delegaci\u00f3n Valpara\u00edso"}]},{"@type":"WebSite","@id":"https:\/\/colegioarquitectos.com\/noticias\/#website","url":"https:\/\/colegioarquitectos.com\/noticias\/","name":"COLEGIO DE ARQUITECTOS DE CHILE","description":"","publisher":{"@id":"https:\/\/colegioarquitectos.com\/noticias\/#organization"},"potentialAction":[{"@type":"SearchAction","target":{"@type":"EntryPoint","urlTemplate":"https:\/\/colegioarquitectos.com\/noticias\/?s={search_term_string}"},"query-input":{"@type":"PropertyValueSpecification","valueRequired":true,"valueName":"search_term_string"}}],"inLanguage":"es"},{"@type":"Organization","@id":"https:\/\/colegioarquitectos.com\/noticias\/#organization","name":"COLEGIO DE ARQUITECTOS DE CHILE","url":"https:\/\/colegioarquitectos.com\/noticias\/","logo":{"@type":"ImageObject","inLanguage":"es","@id":"https:\/\/colegioarquitectos.com\/noticias\/#\/schema\/logo\/image\/","url":"https:\/\/colegioarquitectos.com\/noticias\/wp-content\/uploads\/2021\/05\/ENCABEZADO-LOGO-CA.jpg","contentUrl":"https:\/\/colegioarquitectos.com\/noticias\/wp-content\/uploads\/2021\/05\/ENCABEZADO-LOGO-CA.jpg","width":690,"height":350,"caption":"COLEGIO DE ARQUITECTOS DE CHILE"},"image":{"@id":"https:\/\/colegioarquitectos.com\/noticias\/#\/schema\/logo\/image\/"},"sameAs":["https:\/\/facebook.com\/Colegioarq\/","https:\/\/x.com\/colegioarq","https:\/\/instagram.com\/colegioarq","https:\/\/youtube.com\/@ColegiodeArquitectosdeChile"]},{"@type":"Person","@id":"https:\/\/colegioarquitectos.com\/noticias\/#\/schema\/person\/685cc0aad148303c5608f049af8285ad","name":"Colegio de Arquitectos de Chile","url":"https:\/\/colegioarquitectos.com\/noticias\/?author=4"}]}},"_links":{"self":[{"href":"https:\/\/colegioarquitectos.com\/noticias\/index.php?rest_route=\/wp\/v2\/posts\/12106","targetHints":{"allow":["GET"]}}],"collection":[{"href":"https:\/\/colegioarquitectos.com\/noticias\/index.php?rest_route=\/wp\/v2\/posts"}],"about":[{"href":"https:\/\/colegioarquitectos.com\/noticias\/index.php?rest_route=\/wp\/v2\/types\/post"}],"author":[{"embeddable":true,"href":"https:\/\/colegioarquitectos.com\/noticias\/index.php?rest_route=\/wp\/v2\/users\/4"}],"replies":[{"embeddable":true,"href":"https:\/\/colegioarquitectos.com\/noticias\/index.php?rest_route=%2Fwp%2Fv2%2Fcomments&post=12106"}],"version-history":[{"count":0,"href":"https:\/\/colegioarquitectos.com\/noticias\/index.php?rest_route=\/wp\/v2\/posts\/12106\/revisions"}],"wp:featuredmedia":[{"embeddable":true,"href":"https:\/\/colegioarquitectos.com\/noticias\/index.php?rest_route=\/wp\/v2\/media\/12158"}],"wp:attachment":[{"href":"https:\/\/colegioarquitectos.com\/noticias\/index.php?rest_route=%2Fwp%2Fv2%2Fmedia&parent=12106"}],"wp:term":[{"taxonomy":"category","embeddable":true,"href":"https:\/\/colegioarquitectos.com\/noticias\/index.php?rest_route=%2Fwp%2Fv2%2Fcategories&post=12106"},{"taxonomy":"post_tag","embeddable":true,"href":"https:\/\/colegioarquitectos.com\/noticias\/index.php?rest_route=%2Fwp%2Fv2%2Ftags&post=12106"}],"curies":[{"name":"wp","href":"https:\/\/api.w.org\/{rel}","templated":true}]}}