
{"id":12130,"date":"2016-04-06T20:33:02","date_gmt":"2016-04-06T20:33:02","guid":{"rendered":"http:\/\/colegioarquitectos.com\/?p=12130"},"modified":"2016-04-06T20:36:57","modified_gmt":"2016-04-06T20:36:57","slug":"julio-mardones-palabras-de-osvaldo-caceres-gonzalez","status":"publish","type":"post","link":"https:\/\/colegioarquitectos.com\/noticias\/?p=12130","title":{"rendered":"Julio Mardones, palabras de Osvaldo C\u00e1ceres Gonz\u00e1lez"},"content":{"rendered":"<p>Ingresamos a estudiar Arquitectura en Marzo del 1945 en la Plaza Ercilla de Santiago. Quer\u00edamos estudiar arquitectura, pues nos hab\u00edamos interesado en ella gracias a nuestro Profesor de Historia\u00a0 en el Liceo de Aplicaci\u00f3n Gustavo Labatut ,abogado y Juez minusv\u00e1lido. \u00e9l nos habl\u00f3 de los estilos en arquitectura y comenzamos a mirar los edificios para reconocerlos.\u00a0 Una vez vi un arquitecto ,un se\u00f1or de barba que entr\u00f3 a una pieza por una tasaci\u00f3n en la casa de un t\u00edo en la Estaci\u00f3n Central.<\/p>\n<p>No supe m\u00e1s de arquitectura, aunque tambi\u00e9n tuve un profesor de dibujo el escritor Lautaro Yankas, pseud\u00f3nimo de Manuel Soto Morales,\u00a0 que nos mostr\u00f3 planos de arquitectura de un amigo suyo de una chimenea que parece estaban haciendo en su casa y nos hac\u00eda dibujar \u00a0unas perspectivas de edificios a color\u00a0 .Hice una de la Alameda al llegar Plaza Italia justo donde est\u00e1 ahora el Colegio de Arquitectos y el edificio de Kulcsesky , sin saber que\u2019 eran los que estaba haciendo desaparecer entre 4 y 5\u00b0 a\u00f1o de humanidades.<\/p>\n<p>Pero ahora que me acuerdo, cuando estudi\u00e9 en el Liceo de San Agust\u00edn el profesor de dibujo, el pintor muralista Gregorio de la Fuente nos hacia pintar unos grandes dibujos sobre papel estraza , donde hicimos unos juegos infantiles con carrusel y todo, con tizas de colores ,donde me \u00a0\u00a0llevaron cuando ni\u00f1o, eso fue entre 1936 y 1940 en que\u00a0 me cambiaron al Liceo de Aplicaci\u00f3n, \u00a0llegando all\u00e1 a segundo a\u00f1o. Me acuerdo de 1936 en que ten\u00eda 10 a\u00f1os y fui a unos juegos infantiles y un circo en el lugar donde est\u00e1 ahora la Escuela de Leyes de don Juan Mart\u00ednez. Subimos a una rueda \u00a0rusa o americana muy grande, por lo cual jur\u00e9 no meterme\u00a0 m\u00e1s a una cosa de esas por el miedo que sent\u00ed, sobre todo cuando la rueda ven\u00eda de bajada. El circo era muy grande de dos pistas, como no he visto otro. Los dibujos, Gregorio de la Fuente los colocaba sobre la pared de la Sala de Dibujo y mostraba a la Comisi\u00f3n calificadora que tomaba el examen y me miraron con curiosidad cuando les dijo que ese era dibujo m\u00edo.\u00a0\u00a0 Nos llevaba al Palacio de Bellas Artes y contestaba todas las preguntas nuestras: por qu\u00e9 unas cer\u00e1micas que ten\u00edan en vitrinas eran tambi\u00e9n obras de arte como las pinturas del mismo museo, etc. Antes otro profesor de Dibujo fue don Francisco Oteyza que escribi\u00f3 un libro sobre caligraf\u00eda muy gran\u00a0 profesor, tambi\u00e9n del Liceo San Agust\u00edn, pero que parece que\u00a0 no logr\u00f3 ense\u00f1arme caligraf\u00eda.<\/p>\n<p>Despu\u00e9s de est sigo con 1945, al llegar a la Escuela de la Plaza Ercilla ,solo llevaba los nombres de tres o cuatro estudiantes de arquitectura que le ped\u00ed al hijo de mi padrino que era de Quillota y basquetbolista destacado, quien viv\u00eda con nosotros en nuestra casa en calle 10 de Julio 148 ,donde mi padre ten\u00eda su negocio \u00a0Viv\u00edamos en una casa formada con algunas piezas y patio al interior del negocio, usando el mismo ba\u00f1o lo cual era traum\u00e1tico por el tipo de negocio.<\/p>\n<p>Fernando Maulen, nuestro \u201cprimo\u201d como lo llam\u00e1bamos, me trajo los nombres a mi pedido, de compa\u00f1eros del Servicio Militar que eran estudiantes de arquitectura y lo hac\u00edan en verano como antes\u00a0 los estudiantes universitarios: llegu\u00e9 a la Escuela buscando esos alumnos de los cuales me acuerdo muy bien a Francisco Reyes Catal\u00e1n, melipillano, otros como Roncagliolo que se encarg\u00f3 de tomarnos el pelo ,pues era grande alto y represent\u00f3 a un profesor o ayudante para recibir a los alumnos reci\u00e9n llegados, como era costumbre. Nuestro curso era de unos 120 alumnos ,entre ellos unos 40 repitentes de uno o dos a\u00f1os, pues as\u00ed era la carrera, pues muchos repet\u00edan. <strong>Despu\u00e9s entre lo<\/strong>s compa\u00f1eros conoc\u00ed luego a Julio y Gonzalo Mardones Restat, de los cuales Julio era repitente y mayor que Gonzalo. Estos dos ten\u00edan h\u00e1ndicap sobre nosotros ,pues eran hermanos menores de H\u00e9ctor Mardones Restat que estaba construyendo el Banco del Estado y fue profesor de Taller m\u00edo en tercer a\u00f1o <strong>junto a Hern\u00e1n Behm, Jefe de Taller, <\/strong>al morir Waldo Parraguez destacado arquitecto y profesor de la Generaci\u00f3n del 38 prematuramente<strong>,<\/strong> de leucemia en 1947.<\/p>\n<p>En nuestro curso y tambi\u00e9n estaban otros hermanos de arquitectos Pedro Etcheverry Orthus, hermano de Gast\u00f3n \u00a0\u00a0que trabajaba con don\u00a0 Mauricio Despouy de quien fui alumno en 1947, el primer Taller de Tercer a\u00f1o que tuve.\u00a0 <strong>Otro hermano de arquitecto era Sergio Gonz\u00e1lez Espinoza .hermano de Jorge B. Gonz\u00e1lez que estaba becado estudiando un Magister en EEUU, que hab\u00eda sido Presidente del Centro de Alumnos en 1939\u00a0 y que junto a Franklin Anaya ,boliviano y Secretario hab\u00edan lanzado una proclama para reformar la Escuela ,pero no hab\u00edan tenido eco.<\/strong><\/p>\n<p><strong>Tambi\u00e9n hab\u00edan otros alumnos como Alejandro Rodr\u00edguez Urz\u00faa que ten\u00eda un hermano mayor ,Vicente que estudiaba Ingenier\u00eda Civil en la U de Chile. Tambi\u00e9n eran alumnos nuevos Aaron Reyes Az\u00f3car ,Michla Aleksandrovics, Mar\u00eda Miranda, Ida von ia Bischoffhausen,Alicia y Jorge Drouilly, Maria Luisa Barrios, Aguilo, Sep\u00falveda, \u00a0Narvaez, Gustavo Becerra<\/strong> ,Ver\u00f3nica Cereceda, Bernardo Trumper.\u00a0 Gustavo dec\u00eda que quer\u00eda estudiar arquitectura para hacer edificios para conciertos ya que estudiaba M\u00fasica al mismo tiempo que arquitectura en el Conservatorio Nacional de M\u00fasica .Ver\u00f3nica estudiaba Teatro en el Teatro Experimental, les fue muy bien a Ver\u00f3nica y Gustavo ,pues los dos estudiaban en el Bellas Artes tambi\u00e9n\u00a0 y sab\u00edan c\u00f3mo dibujar esas figuras .Se retiraron poco despu\u00e9s, Gustavo Becerras\u00a0 se sigui\u00f3 dedicando solo a la m\u00fasica como compositor y llego a Decano de la Facultad de Ciencias Musicales de la U. de Chile de donde parti\u00f3 al exilio el 73 radic\u00e1ndose en Alemania, le otorgaron el Premio Nacional de Artes en M\u00fasica poco despu\u00e9s por su gran labor como Compositor y Docente. Lo volv\u00ed a ver solamente una vez en el Teatro de la U. de Concepci\u00f3n cuando expusimos los planos del FIUC en 1956.<\/p>\n<p>Ver\u00f3nica Cereceda \u00a0\u00a0lleg\u00f3 en \u00a0la d\u00e9cada del 60 a Concepci\u00f3n casada con Gabriel Mart\u00ednez contratado por el Teatro de la U. de Concepci\u00f3n como Director y Ver\u00f3nica como actriz.Trabaje con ellos haciendo escenograf\u00eda para el montaje de obras como lo hab\u00eda hecho antes en Santiago como en el Diario de Ana Frank \u00a0que incluso llevamos a Osorno.<\/p>\n<p>De los 120 alumnos pasamos unos 40 a segundo a\u00f1o ,de los cuales unos 16 \u00e9ramos alumnos nuevos, no repitentes, \u00a0entre los que se quedaron estaba Alejandro Rodr\u00edguez que lo ve\u00edamos muy entusiasmado pololeando con una compa\u00f1era\u00a0 ,los dos se quedaron repitiendo. Hab\u00eda ambiente de Reforma\u00a0 en ese tiempo en la Escuela por los muchos problemas que \u00a0hab\u00eda. \u00a0A todos los que ingresamos \u00a0ese a\u00f1o nos tomaron una \u201cprueba esperimental de selecci\u00f3n\u201d que ten\u00eda varias partes, una consist\u00eda en \u00a0mirar un diapositivo con una imagen de un templo\u00a0 y despu\u00e9s de retirarlo, dibujarlo para calibrar nuestra \u201cretenci\u00f3n de formas\u201d .La prueba de dibujo de un modelo en yeso \u00a0la hab\u00eda dise\u00f1ado, dijeron, el profesor Juan Mart\u00ednez quien particip\u00f3 en el jurado, mientras nosotros reclam\u00e1bamos \u00a0contra \u00e9l diciendo que deb\u00eda participar en la prueba. Camilo Mori que era otro de los profesores nos dijo que don Juan Mart\u00ednez era adem\u00e1s de destacado arquitecto, un excelente pintor ,que no deb\u00edamos dudar, que era capaz de eso y mucho m\u00e1s.<\/p>\n<p>La \u00faltima prueba\u00a0 era hacer el dibujo de una fuente \u00a0o pila de agua como proyecto ,no sab\u00edamos qu\u00e9 hacer, dibuj\u00e9 un abrevadero de agua que hab\u00eda en la calle 10 de Julio donde viv\u00eda, que era para los caballos de los carretones de esos a\u00f1os que todav\u00eda exist\u00edan. La prueba de selecci\u00f3n fue un desastre para todos nosotros, pas\u00f3 agosto y no nos daban los resultados.<\/p>\n<p>En la primera entrega de proyectos del semestre, se destacaron inmediatamente los hijos y hermanos de arquitectos que ten\u00edan un handicap frente a nosotros, como ya lo hemos dicho al principio, sobre todo Julio Mardones Restat ,que con Gonzalo estaban trabajando con su hermano H\u00e9ctor en el desarrollo del proyecto del Banco del Estado que se hab\u00eda ganado, sobre todo Julio en el Teatro Antonio Varas que era parte de ese gran proyecto. El resto del a\u00f1o pas\u00f3 lo mismo\u00a0 hasta que pasamos a segundo a\u00f1o,\u00a0 en que solo 14 como ya dijimos \u00e9ramos alumnos nuevos, en segundo a\u00f1o como alumnos\u00a0\u00a0 de Miguel \u00c1ngel Belloni y Abrahan Schapira, se segu\u00eda viendo la diferencia entre los alumnos repitentes y nuevos ,en especial los de hijos de arquitecto, Julio Mardones Resta era el m\u00e1s destacado compa\u00f1ero, por eso sus proyectos fueron incluidos en el \u00e1lbum que el Centro de Alumnos edit\u00f3 con ilustraciones de una gran exposici\u00f3n que hicimos ,llenando la Escuela con proyectos\u00a0 resultados de la Reforma que se hab\u00eda empezado aplicar desde 1946 . Se publicaron ah\u00ed proyectos, dibujos etc de los alumnos ingresados del 45 y 46\u00a0 de: Julio Mardones Restat, Sergio Gonz\u00e1lez, Alejandro Rodr\u00edguez, Carlos Martner \u00a0,Miguel Lawner etc.Se estaba formando ya la Generaci\u00f3n del 50 ,de los cuales de cursos m\u00e1s antiguo tambi\u00e9n se publicaron, como Francisco Reyes Catal\u00e1n, Jorge Poblete Grez,\u00a0 Roberto Merino , etc.<\/p>\n<p>La Reforma que estall\u00f3 en agosto de 1945 , despu\u00e9s nos tomanos las calles y recibimos el apoyo de la Federaci\u00f3n de Estudiantes de Chile, que presidia Felipe Herrera, \u00a0Vicepresidente Galdames y Secretario \u00a0Bjorn Holgren , \u00a0que nos apoyaron como representantes adem\u00e1s del Frente Popular en esos a\u00f1os, despu\u00e9s de recorrer nosotros las diferentes Escuelas Universitarias pidiendo solidaridad, adem\u00e1s de las calles de la ciudad donde sobre todo se destac\u00f3 el dirigente\u00a0 Mario Hamuy. Se consigui\u00f3 que se creara una Comisi\u00f3n de Docencia en que se integraron profesores, ayudantes y alumnos que empezaron a\u00a0 estructurar un nuevo plan de estudio y malla respectiva\u00a0 ,que era lo que ped\u00edan los dirigentes m\u00e1ximos de la Reforma, el triunvirato constituido por Hern\u00e1n Behm, Abraham Schapira\u00a0 y Gast\u00f3n Echeverry, \u00a0que apoyados por arquitectos j\u00f3venes reci\u00e9n recibidos desde\u00a0 afuera como Mois\u00e9s Bedrak ,ex Presidente del Centro de Alumnos y otros m\u00e1s antiguos pertenecientes a la Generaci\u00f3n\u00a0 del 38 del Frente Popular, solidarizaban con nuestras posiciones como Enrique Gebhard ,Waldo Parraguez ,Jorge B.Gonz\u00e1lez que hab\u00eda vuelto de su postgrado ,m\u00e1s los dirigentes del Centro de Alumnos con su Presidente el valdiviano Eduardo Preller ,Ren\u00e9 Urbina ,Jer\u00f3nimo Torres\u00a0 ,Alejandro Bunster ,etc.<\/p>\n<p>A esa comisi\u00f3n la asesor\u00f3 tambi\u00e9n Tibor Weiner\u00a0 a quien conoc\u00eda Abraham Schapira ,cuyo papel en ella fue muy importante como ex disc\u00edpulo del Bauhaus de Hannes Meyer del 29 al 31 y colaborador de \u00e9l en la URRSS hasta 1935 y llegado a Chile en 1939.<\/p>\n<p>Julio Mardones Restat ,que era el alumno\u00a0 m\u00e1s brillante del Curso nuestro, se sigui\u00f3 destacando en especial en los Concursos, en los que llegaba atrasado sacando siempre distinguido, lo que equival\u00eda a dos de los cuatro que hab\u00eda que aprobar en el a\u00f1o<\/p>\n<p>Cuando se recibi\u00f3 Gonzalo en 1950 participaron en el primer Concurso de nuestra Generaci\u00f3n \u00a0gan\u00e1ndolo ,dos casas pareadas para Sodimac en Santiago. Despues formaron el TAU con Jorge Poblete y Pedro Iribarne el cual se integr\u00f3 una vez que termin\u00f3 su periodo de Diputado, calificado como el mejor informado,ergio Gonzalez. Ganaron, creo una veintena de Concursos p\u00fablicos y privados destac\u00e1ndose en el equipo, Julio Mardones ,quien era adem\u00e1s guitarrista y compositor de m\u00fasica popular , trabajando con los Parra y editando discos, y como arquitecto, encargado de las ampliaciones y reformas de la Pe\u00f1a de Los Parra en calle Carmen .<\/p>\n<p>Era un hombre s\u00faperdotado como dijo Miguel Lawner ,que adem\u00e1s de arquitecto brillante, el mejor de nuestra Generaci\u00f3n , era m\u00fasico, guitarrista , golfista hincha del deportivo de la Universidad, el Ballet\u00a0 Azul como lo llamaba y gran amigo de todos nosotros. Nos rest\u00f3 de su participaci\u00f3n en el gremio y nuestra Generaci\u00f3n prematuramente, a comienzos de la d\u00e9cada del 70. Creo debe d\u00e1rsele, aunque sea p\u00f3stumamente el Premio Nacional de Arquitectura por \u00e9l y su equipo del TAU.<\/p>\n<p>&nbsp;<\/p>\n<p>Osvaldo C\u00e1ceres Gonz\u00e1lez<\/p>\n<p>Arquitecto U de Chile Martes 29 de Marzo del 2016.<\/p>\n<p><\/p>","protected":false},"excerpt":{"rendered":"<p>Ingresamos a estudiar Arquitectura en Marzo del 1945 en la Plaza Ercilla de Santiago. Quer\u00edamos estudiar arquitectura, pues nos hab\u00edamos interesado en ella gracias a nuestro Profesor de Historia\u00a0 en el Liceo de Aplicaci\u00f3n Gustavo Labatut ,abogado y Juez minusv\u00e1lido. &hellip; <a class=\"more-link\" href=\"https:\/\/colegioarquitectos.com\/noticias\/?p=12130\">ver m\u00e1s<\/a><\/p>","protected":false},"author":4,"featured_media":0,"comment_status":"open","ping_status":"open","sticky":false,"template":"","format":"standard","meta":{"footnotes":""},"categories":[1],"tags":[],"class_list":["post-12130","post","type-post","status-publish","format-standard","hentry","category-sin-categoria"],"yoast_head":"<!-- This site is optimized with the Yoast SEO plugin v24.2 - https:\/\/yoast.com\/wordpress\/plugins\/seo\/ -->\n<title>Julio Mardones, palabras de Osvaldo C\u00e1ceres Gonz\u00e1lez - COLEGIO DE ARQUITECTOS DE CHILE<\/title>\n<meta name=\"robots\" content=\"index, follow, max-snippet:-1, max-image-preview:large, max-video-preview:-1\" \/>\n<link rel=\"canonical\" href=\"https:\/\/colegioarquitectos.com\/noticias\/?p=12130\" \/>\n<meta property=\"og:locale\" content=\"es_ES\" \/>\n<meta property=\"og:type\" content=\"article\" \/>\n<meta property=\"og:title\" content=\"Julio Mardones, palabras de Osvaldo C\u00e1ceres Gonz\u00e1lez - COLEGIO DE ARQUITECTOS DE CHILE\" \/>\n<meta property=\"og:description\" content=\"Ingresamos a estudiar Arquitectura en Marzo del 1945 en la Plaza Ercilla de Santiago. Quer\u00edamos estudiar arquitectura, pues nos hab\u00edamos interesado en ella gracias a nuestro Profesor de Historia\u00a0 en el Liceo de Aplicaci\u00f3n Gustavo Labatut ,abogado y Juez minusv\u00e1lido. &hellip; ver m\u00e1s\" \/>\n<meta property=\"og:url\" content=\"https:\/\/colegioarquitectos.com\/noticias\/?p=12130\" \/>\n<meta property=\"og:site_name\" content=\"COLEGIO DE ARQUITECTOS DE CHILE\" \/>\n<meta property=\"article:publisher\" content=\"https:\/\/facebook.com\/Colegioarq\/\" \/>\n<meta property=\"article:published_time\" content=\"2016-04-06T20:33:02+00:00\" \/>\n<meta property=\"article:modified_time\" content=\"2016-04-06T20:36:57+00:00\" \/>\n<meta name=\"author\" content=\"Colegio de Arquitectos de Chile\" \/>\n<meta name=\"twitter:card\" content=\"summary_large_image\" \/>\n<meta name=\"twitter:creator\" content=\"@colegioarq\" \/>\n<meta name=\"twitter:site\" content=\"@colegioarq\" \/>\n<meta name=\"twitter:label1\" content=\"Escrito por\" \/>\n\t<meta name=\"twitter:data1\" content=\"Colegio de Arquitectos de Chile\" \/>\n\t<meta name=\"twitter:label2\" content=\"Tiempo de lectura\" \/>\n\t<meta name=\"twitter:data2\" content=\"11 minutos\" \/>\n<script type=\"application\/ld+json\" class=\"yoast-schema-graph\">{\"@context\":\"https:\/\/schema.org\",\"@graph\":[{\"@type\":\"Article\",\"@id\":\"https:\/\/colegioarquitectos.com\/noticias\/?p=12130#article\",\"isPartOf\":{\"@id\":\"https:\/\/colegioarquitectos.com\/noticias\/?p=12130\"},\"author\":{\"name\":\"Colegio de Arquitectos de Chile\",\"@id\":\"https:\/\/colegioarquitectos.com\/noticias\/#\/schema\/person\/685cc0aad148303c5608f049af8285ad\"},\"headline\":\"Julio Mardones, palabras de Osvaldo C\u00e1ceres Gonz\u00e1lez\",\"datePublished\":\"2016-04-06T20:33:02+00:00\",\"dateModified\":\"2016-04-06T20:36:57+00:00\",\"mainEntityOfPage\":{\"@id\":\"https:\/\/colegioarquitectos.com\/noticias\/?p=12130\"},\"wordCount\":2130,\"commentCount\":1,\"publisher\":{\"@id\":\"https:\/\/colegioarquitectos.com\/noticias\/#organization\"},\"inLanguage\":\"es\",\"potentialAction\":[{\"@type\":\"CommentAction\",\"name\":\"Comment\",\"target\":[\"https:\/\/colegioarquitectos.com\/noticias\/?p=12130#respond\"]}]},{\"@type\":\"WebPage\",\"@id\":\"https:\/\/colegioarquitectos.com\/noticias\/?p=12130\",\"url\":\"https:\/\/colegioarquitectos.com\/noticias\/?p=12130\",\"name\":\"Julio Mardones, palabras de Osvaldo C\u00e1ceres Gonz\u00e1lez - COLEGIO DE ARQUITECTOS DE CHILE\",\"isPartOf\":{\"@id\":\"https:\/\/colegioarquitectos.com\/noticias\/#website\"},\"datePublished\":\"2016-04-06T20:33:02+00:00\",\"dateModified\":\"2016-04-06T20:36:57+00:00\",\"breadcrumb\":{\"@id\":\"https:\/\/colegioarquitectos.com\/noticias\/?p=12130#breadcrumb\"},\"inLanguage\":\"es\",\"potentialAction\":[{\"@type\":\"ReadAction\",\"target\":[\"https:\/\/colegioarquitectos.com\/noticias\/?p=12130\"]}]},{\"@type\":\"BreadcrumbList\",\"@id\":\"https:\/\/colegioarquitectos.com\/noticias\/?p=12130#breadcrumb\",\"itemListElement\":[{\"@type\":\"ListItem\",\"position\":1,\"name\":\"Portada\",\"item\":\"https:\/\/colegioarquitectos.com\/noticias\"},{\"@type\":\"ListItem\",\"position\":2,\"name\":\"Julio Mardones, palabras de Osvaldo C\u00e1ceres Gonz\u00e1lez\"}]},{\"@type\":\"WebSite\",\"@id\":\"https:\/\/colegioarquitectos.com\/noticias\/#website\",\"url\":\"https:\/\/colegioarquitectos.com\/noticias\/\",\"name\":\"COLEGIO DE ARQUITECTOS DE CHILE\",\"description\":\"\",\"publisher\":{\"@id\":\"https:\/\/colegioarquitectos.com\/noticias\/#organization\"},\"potentialAction\":[{\"@type\":\"SearchAction\",\"target\":{\"@type\":\"EntryPoint\",\"urlTemplate\":\"https:\/\/colegioarquitectos.com\/noticias\/?s={search_term_string}\"},\"query-input\":{\"@type\":\"PropertyValueSpecification\",\"valueRequired\":true,\"valueName\":\"search_term_string\"}}],\"inLanguage\":\"es\"},{\"@type\":\"Organization\",\"@id\":\"https:\/\/colegioarquitectos.com\/noticias\/#organization\",\"name\":\"COLEGIO DE ARQUITECTOS DE CHILE\",\"url\":\"https:\/\/colegioarquitectos.com\/noticias\/\",\"logo\":{\"@type\":\"ImageObject\",\"inLanguage\":\"es\",\"@id\":\"https:\/\/colegioarquitectos.com\/noticias\/#\/schema\/logo\/image\/\",\"url\":\"https:\/\/colegioarquitectos.com\/noticias\/wp-content\/uploads\/2021\/05\/ENCABEZADO-LOGO-CA.jpg\",\"contentUrl\":\"https:\/\/colegioarquitectos.com\/noticias\/wp-content\/uploads\/2021\/05\/ENCABEZADO-LOGO-CA.jpg\",\"width\":690,\"height\":350,\"caption\":\"COLEGIO DE ARQUITECTOS DE CHILE\"},\"image\":{\"@id\":\"https:\/\/colegioarquitectos.com\/noticias\/#\/schema\/logo\/image\/\"},\"sameAs\":[\"https:\/\/facebook.com\/Colegioarq\/\",\"https:\/\/x.com\/colegioarq\",\"https:\/\/instagram.com\/colegioarq\",\"https:\/\/youtube.com\/@ColegiodeArquitectosdeChile\"]},{\"@type\":\"Person\",\"@id\":\"https:\/\/colegioarquitectos.com\/noticias\/#\/schema\/person\/685cc0aad148303c5608f049af8285ad\",\"name\":\"Colegio de Arquitectos de Chile\",\"url\":\"https:\/\/colegioarquitectos.com\/noticias\/?author=4\"}]}<\/script>\n<!-- \/ Yoast SEO plugin. -->","yoast_head_json":{"title":"Julio Mardones, palabras de Osvaldo C\u00e1ceres Gonz\u00e1lez - COLEGIO DE ARQUITECTOS DE CHILE","robots":{"index":"index","follow":"follow","max-snippet":"max-snippet:-1","max-image-preview":"max-image-preview:large","max-video-preview":"max-video-preview:-1"},"canonical":"https:\/\/colegioarquitectos.com\/noticias\/?p=12130","og_locale":"es_ES","og_type":"article","og_title":"Julio Mardones, palabras de Osvaldo C\u00e1ceres Gonz\u00e1lez - COLEGIO DE ARQUITECTOS DE CHILE","og_description":"Ingresamos a estudiar Arquitectura en Marzo del 1945 en la Plaza Ercilla de Santiago. Quer\u00edamos estudiar arquitectura, pues nos hab\u00edamos interesado en ella gracias a nuestro Profesor de Historia\u00a0 en el Liceo de Aplicaci\u00f3n Gustavo Labatut ,abogado y Juez minusv\u00e1lido. &hellip; ver m\u00e1s","og_url":"https:\/\/colegioarquitectos.com\/noticias\/?p=12130","og_site_name":"COLEGIO DE ARQUITECTOS DE CHILE","article_publisher":"https:\/\/facebook.com\/Colegioarq\/","article_published_time":"2016-04-06T20:33:02+00:00","article_modified_time":"2016-04-06T20:36:57+00:00","author":"Colegio de Arquitectos de Chile","twitter_card":"summary_large_image","twitter_creator":"@colegioarq","twitter_site":"@colegioarq","twitter_misc":{"Escrito por":"Colegio de Arquitectos de Chile","Tiempo de lectura":"11 minutos"},"schema":{"@context":"https:\/\/schema.org","@graph":[{"@type":"Article","@id":"https:\/\/colegioarquitectos.com\/noticias\/?p=12130#article","isPartOf":{"@id":"https:\/\/colegioarquitectos.com\/noticias\/?p=12130"},"author":{"name":"Colegio de Arquitectos de Chile","@id":"https:\/\/colegioarquitectos.com\/noticias\/#\/schema\/person\/685cc0aad148303c5608f049af8285ad"},"headline":"Julio Mardones, palabras de Osvaldo C\u00e1ceres Gonz\u00e1lez","datePublished":"2016-04-06T20:33:02+00:00","dateModified":"2016-04-06T20:36:57+00:00","mainEntityOfPage":{"@id":"https:\/\/colegioarquitectos.com\/noticias\/?p=12130"},"wordCount":2130,"commentCount":1,"publisher":{"@id":"https:\/\/colegioarquitectos.com\/noticias\/#organization"},"inLanguage":"es","potentialAction":[{"@type":"CommentAction","name":"Comment","target":["https:\/\/colegioarquitectos.com\/noticias\/?p=12130#respond"]}]},{"@type":"WebPage","@id":"https:\/\/colegioarquitectos.com\/noticias\/?p=12130","url":"https:\/\/colegioarquitectos.com\/noticias\/?p=12130","name":"Julio Mardones, palabras de Osvaldo C\u00e1ceres Gonz\u00e1lez - COLEGIO DE ARQUITECTOS DE CHILE","isPartOf":{"@id":"https:\/\/colegioarquitectos.com\/noticias\/#website"},"datePublished":"2016-04-06T20:33:02+00:00","dateModified":"2016-04-06T20:36:57+00:00","breadcrumb":{"@id":"https:\/\/colegioarquitectos.com\/noticias\/?p=12130#breadcrumb"},"inLanguage":"es","potentialAction":[{"@type":"ReadAction","target":["https:\/\/colegioarquitectos.com\/noticias\/?p=12130"]}]},{"@type":"BreadcrumbList","@id":"https:\/\/colegioarquitectos.com\/noticias\/?p=12130#breadcrumb","itemListElement":[{"@type":"ListItem","position":1,"name":"Portada","item":"https:\/\/colegioarquitectos.com\/noticias"},{"@type":"ListItem","position":2,"name":"Julio Mardones, palabras de Osvaldo C\u00e1ceres Gonz\u00e1lez"}]},{"@type":"WebSite","@id":"https:\/\/colegioarquitectos.com\/noticias\/#website","url":"https:\/\/colegioarquitectos.com\/noticias\/","name":"COLEGIO DE ARQUITECTOS DE CHILE","description":"","publisher":{"@id":"https:\/\/colegioarquitectos.com\/noticias\/#organization"},"potentialAction":[{"@type":"SearchAction","target":{"@type":"EntryPoint","urlTemplate":"https:\/\/colegioarquitectos.com\/noticias\/?s={search_term_string}"},"query-input":{"@type":"PropertyValueSpecification","valueRequired":true,"valueName":"search_term_string"}}],"inLanguage":"es"},{"@type":"Organization","@id":"https:\/\/colegioarquitectos.com\/noticias\/#organization","name":"COLEGIO DE ARQUITECTOS DE CHILE","url":"https:\/\/colegioarquitectos.com\/noticias\/","logo":{"@type":"ImageObject","inLanguage":"es","@id":"https:\/\/colegioarquitectos.com\/noticias\/#\/schema\/logo\/image\/","url":"https:\/\/colegioarquitectos.com\/noticias\/wp-content\/uploads\/2021\/05\/ENCABEZADO-LOGO-CA.jpg","contentUrl":"https:\/\/colegioarquitectos.com\/noticias\/wp-content\/uploads\/2021\/05\/ENCABEZADO-LOGO-CA.jpg","width":690,"height":350,"caption":"COLEGIO DE ARQUITECTOS DE CHILE"},"image":{"@id":"https:\/\/colegioarquitectos.com\/noticias\/#\/schema\/logo\/image\/"},"sameAs":["https:\/\/facebook.com\/Colegioarq\/","https:\/\/x.com\/colegioarq","https:\/\/instagram.com\/colegioarq","https:\/\/youtube.com\/@ColegiodeArquitectosdeChile"]},{"@type":"Person","@id":"https:\/\/colegioarquitectos.com\/noticias\/#\/schema\/person\/685cc0aad148303c5608f049af8285ad","name":"Colegio de Arquitectos de Chile","url":"https:\/\/colegioarquitectos.com\/noticias\/?author=4"}]}},"_links":{"self":[{"href":"https:\/\/colegioarquitectos.com\/noticias\/index.php?rest_route=\/wp\/v2\/posts\/12130","targetHints":{"allow":["GET"]}}],"collection":[{"href":"https:\/\/colegioarquitectos.com\/noticias\/index.php?rest_route=\/wp\/v2\/posts"}],"about":[{"href":"https:\/\/colegioarquitectos.com\/noticias\/index.php?rest_route=\/wp\/v2\/types\/post"}],"author":[{"embeddable":true,"href":"https:\/\/colegioarquitectos.com\/noticias\/index.php?rest_route=\/wp\/v2\/users\/4"}],"replies":[{"embeddable":true,"href":"https:\/\/colegioarquitectos.com\/noticias\/index.php?rest_route=%2Fwp%2Fv2%2Fcomments&post=12130"}],"version-history":[{"count":0,"href":"https:\/\/colegioarquitectos.com\/noticias\/index.php?rest_route=\/wp\/v2\/posts\/12130\/revisions"}],"wp:attachment":[{"href":"https:\/\/colegioarquitectos.com\/noticias\/index.php?rest_route=%2Fwp%2Fv2%2Fmedia&parent=12130"}],"wp:term":[{"taxonomy":"category","embeddable":true,"href":"https:\/\/colegioarquitectos.com\/noticias\/index.php?rest_route=%2Fwp%2Fv2%2Fcategories&post=12130"},{"taxonomy":"post_tag","embeddable":true,"href":"https:\/\/colegioarquitectos.com\/noticias\/index.php?rest_route=%2Fwp%2Fv2%2Ftags&post=12130"}],"curies":[{"name":"wp","href":"https:\/\/api.w.org\/{rel}","templated":true}]}}