
{"id":12136,"date":"2016-04-06T21:01:21","date_gmt":"2016-04-06T21:01:21","guid":{"rendered":"http:\/\/colegioarquitectos.com\/?p=12136"},"modified":"2016-04-06T21:03:59","modified_gmt":"2016-04-06T21:03:59","slug":"jueves-0704-1830-hrs-charla-inaugural-ano-academico-2016","status":"publish","type":"post","link":"https:\/\/colegioarquitectos.com\/noticias\/?p=12136","title":{"rendered":"Charla PUC: \u00abLa Alhambra de Granada. De palacio isl\u00e1mico a referente contempor\u00e1neo\u00bb"},"content":{"rendered":"<p>Elvira P\u00e9rez Villal\u00f3n, Jefa del programa de Mag\u00edster en Patrimonio Cultural, y Jos\u00e9 Rosas Vera, Director del Centro del Patrimonio Cultural de la Pontificia Universidad Cat\u00f3lica de Chile, invitan a la Charla \u00abLa Alhambra de Granada. De palacio isl\u00e1mico a referente para la arquitectura contempor\u00e1nea.\u00bb por el catedr\u00e1tico e investigador granadino Juan Calatrava, la cual inaugurar\u00e1 el Inicio del A\u00f1o Acad\u00e9mico 2016 del Mag\u00edster en Patrimonio Cultural UC. Se realizar\u00e1 el Jueves 07 de Abril de 2016 a las 18:30 hrs., en el Sal\u00f3n Sergio Larra\u00edn del campus Lo Contador, El Comendador 1916, Providencia.<\/p>\n<p><a href=\"http:\/\/colegioarquitectos.com\/noticias\/wp-content\/uploads\/2016\/04\/Afiche-Juan-Calatrava_liviano.jpg\"><img loading=\"lazy\" decoding=\"async\" class=\"alignnone wp-image-12137 size-large\" src=\"http:\/\/colegioarquitectos.com\/noticias\/wp-content\/uploads\/2016\/04\/Afiche-Juan-Calatrava_liviano-663x1024.jpg\" alt=\"Afiche Juan Calatrava_liviano\" width=\"663\" height=\"1024\" srcset=\"https:\/\/colegioarquitectos.com\/noticias\/wp-content\/uploads\/2016\/04\/Afiche-Juan-Calatrava_liviano-663x1024.jpg 663w, https:\/\/colegioarquitectos.com\/noticias\/wp-content\/uploads\/2016\/04\/Afiche-Juan-Calatrava_liviano-194x300.jpg 194w, https:\/\/colegioarquitectos.com\/noticias\/wp-content\/uploads\/2016\/04\/Afiche-Juan-Calatrava_liviano.jpg 712w\" sizes=\"auto, (max-width: 663px) 100vw, 663px\" \/><\/a><\/p>\n<p>Juan Calatrava Escobar, Doctor en Historia del Arte y Licenciado en Derecho por la Universidad de Granada, ha sido Profesor Titular de Historia de la Arquitectura en la E.T.S. Arquitectura de la Universidad Polit\u00e9cnica de Madrid y actualmente es Catedr\u00e1tico de Composici\u00f3n Arquitect\u00f3nica en la E.T.S. Arquitectura de la Universidad de Granada. Sus l\u00edneas principales de investigaci\u00f3n abordan la historia y teor\u00eda de la arquitectura en los siglos XVIII y XIX, el Orientalismo contempor\u00e1neo (en particular en relaci\u00f3n con la Alhambra), las relaciones entre arquitectura \/ ciudad y otros fen\u00f3menos culturales (literatura, artes pl\u00e1sticas, cine&#8230;), as\u00ed como la figura de Le Corbusier. Es autor de aproximadamente un centenar de publicaciones cient\u00edficas y ha ejercido igualmente una prolongada labor como traductor de importantes obras relacionadas con la Historia del Arte y de la Arquitectura.<\/p>\n<p>Entrada liberada, posterior inscripci\u00f3n al correo <a href=\"mailto:magisterpatrimonio@uc.cl\">magisterpatrimonio@uc.cl<\/a><\/p>\n<p><\/p>","protected":false},"excerpt":{"rendered":"<p>Elvira P\u00e9rez Villal\u00f3n, Jefa del programa de Mag\u00edster en Patrimonio Cultural, y Jos\u00e9 Rosas Vera, Director del Centro del Patrimonio Cultural de la Pontificia Universidad Cat\u00f3lica de Chile, invitan a la Charla \u00abLa Alhambra de Granada. De palacio isl\u00e1mico a &hellip; <a class=\"more-link\" href=\"https:\/\/colegioarquitectos.com\/noticias\/?p=12136\">ver m\u00e1s<\/a><\/p>","protected":false},"author":4,"featured_media":12139,"comment_status":"open","ping_status":"open","sticky":false,"template":"","format":"standard","meta":{"footnotes":""},"categories":[1,35],"tags":[],"class_list":["post-12136","post","type-post","status-publish","format-standard","has-post-thumbnail","hentry","category-sin-categoria","category-universidades"],"yoast_head":"<!-- This site is optimized with the Yoast SEO plugin v24.2 - https:\/\/yoast.com\/wordpress\/plugins\/seo\/ -->\n<title>Charla PUC: &quot;La Alhambra de Granada. De palacio isl\u00e1mico a referente contempor\u00e1neo&quot; - COLEGIO DE ARQUITECTOS DE CHILE<\/title>\n<meta name=\"robots\" content=\"index, follow, max-snippet:-1, max-image-preview:large, max-video-preview:-1\" \/>\n<link rel=\"canonical\" href=\"https:\/\/colegioarquitectos.com\/noticias\/?p=12136\" \/>\n<meta property=\"og:locale\" content=\"es_ES\" \/>\n<meta property=\"og:type\" content=\"article\" \/>\n<meta property=\"og:title\" content=\"Charla PUC: &quot;La Alhambra de Granada. De palacio isl\u00e1mico a referente contempor\u00e1neo&quot; - COLEGIO DE ARQUITECTOS DE CHILE\" \/>\n<meta property=\"og:description\" content=\"Elvira P\u00e9rez Villal\u00f3n, Jefa del programa de Mag\u00edster en Patrimonio Cultural, y Jos\u00e9 Rosas Vera, Director del Centro del Patrimonio Cultural de la Pontificia Universidad Cat\u00f3lica de Chile, invitan a la Charla \u00abLa Alhambra de Granada. De palacio isl\u00e1mico a &hellip; ver m\u00e1s\" \/>\n<meta property=\"og:url\" content=\"https:\/\/colegioarquitectos.com\/noticias\/?p=12136\" \/>\n<meta property=\"og:site_name\" content=\"COLEGIO DE ARQUITECTOS DE CHILE\" \/>\n<meta property=\"article:publisher\" content=\"https:\/\/facebook.com\/Colegioarq\/\" \/>\n<meta property=\"article:published_time\" content=\"2016-04-06T21:01:21+00:00\" \/>\n<meta property=\"article:modified_time\" content=\"2016-04-06T21:03:59+00:00\" \/>\n<meta property=\"og:image\" content=\"https:\/\/colegioarquitectos.com\/noticias\/wp-content\/uploads\/2016\/04\/La-Alhambra.jpg\" \/>\n\t<meta property=\"og:image:width\" content=\"690\" \/>\n\t<meta property=\"og:image:height\" content=\"350\" \/>\n\t<meta property=\"og:image:type\" content=\"image\/jpeg\" \/>\n<meta name=\"author\" content=\"Colegio de Arquitectos de Chile\" \/>\n<meta name=\"twitter:card\" content=\"summary_large_image\" \/>\n<meta name=\"twitter:creator\" content=\"@colegioarq\" \/>\n<meta name=\"twitter:site\" content=\"@colegioarq\" \/>\n<meta name=\"twitter:label1\" content=\"Escrito por\" \/>\n\t<meta name=\"twitter:data1\" content=\"Colegio de Arquitectos de Chile\" \/>\n\t<meta name=\"twitter:label2\" content=\"Tiempo de lectura\" \/>\n\t<meta name=\"twitter:data2\" content=\"1 minuto\" \/>\n<script type=\"application\/ld+json\" class=\"yoast-schema-graph\">{\"@context\":\"https:\/\/schema.org\",\"@graph\":[{\"@type\":\"Article\",\"@id\":\"https:\/\/colegioarquitectos.com\/noticias\/?p=12136#article\",\"isPartOf\":{\"@id\":\"https:\/\/colegioarquitectos.com\/noticias\/?p=12136\"},\"author\":{\"name\":\"Colegio de Arquitectos de Chile\",\"@id\":\"https:\/\/colegioarquitectos.com\/noticias\/#\/schema\/person\/685cc0aad148303c5608f049af8285ad\"},\"headline\":\"Charla PUC: \u00abLa Alhambra de Granada. De palacio isl\u00e1mico a referente contempor\u00e1neo\u00bb\",\"datePublished\":\"2016-04-06T21:01:21+00:00\",\"dateModified\":\"2016-04-06T21:03:59+00:00\",\"mainEntityOfPage\":{\"@id\":\"https:\/\/colegioarquitectos.com\/noticias\/?p=12136\"},\"wordCount\":273,\"commentCount\":0,\"publisher\":{\"@id\":\"https:\/\/colegioarquitectos.com\/noticias\/#organization\"},\"image\":{\"@id\":\"https:\/\/colegioarquitectos.com\/noticias\/?p=12136#primaryimage\"},\"thumbnailUrl\":\"https:\/\/colegioarquitectos.com\/noticias\/wp-content\/uploads\/2016\/04\/La-Alhambra.jpg\",\"articleSection\":{\"1\":\"Universidades\"},\"inLanguage\":\"es\",\"potentialAction\":[{\"@type\":\"CommentAction\",\"name\":\"Comment\",\"target\":[\"https:\/\/colegioarquitectos.com\/noticias\/?p=12136#respond\"]}]},{\"@type\":\"WebPage\",\"@id\":\"https:\/\/colegioarquitectos.com\/noticias\/?p=12136\",\"url\":\"https:\/\/colegioarquitectos.com\/noticias\/?p=12136\",\"name\":\"Charla PUC: \\\"La Alhambra de Granada. De palacio isl\u00e1mico a referente contempor\u00e1neo\\\" - COLEGIO DE ARQUITECTOS DE CHILE\",\"isPartOf\":{\"@id\":\"https:\/\/colegioarquitectos.com\/noticias\/#website\"},\"primaryImageOfPage\":{\"@id\":\"https:\/\/colegioarquitectos.com\/noticias\/?p=12136#primaryimage\"},\"image\":{\"@id\":\"https:\/\/colegioarquitectos.com\/noticias\/?p=12136#primaryimage\"},\"thumbnailUrl\":\"https:\/\/colegioarquitectos.com\/noticias\/wp-content\/uploads\/2016\/04\/La-Alhambra.jpg\",\"datePublished\":\"2016-04-06T21:01:21+00:00\",\"dateModified\":\"2016-04-06T21:03:59+00:00\",\"breadcrumb\":{\"@id\":\"https:\/\/colegioarquitectos.com\/noticias\/?p=12136#breadcrumb\"},\"inLanguage\":\"es\",\"potentialAction\":[{\"@type\":\"ReadAction\",\"target\":[\"https:\/\/colegioarquitectos.com\/noticias\/?p=12136\"]}]},{\"@type\":\"ImageObject\",\"inLanguage\":\"es\",\"@id\":\"https:\/\/colegioarquitectos.com\/noticias\/?p=12136#primaryimage\",\"url\":\"https:\/\/colegioarquitectos.com\/noticias\/wp-content\/uploads\/2016\/04\/La-Alhambra.jpg\",\"contentUrl\":\"https:\/\/colegioarquitectos.com\/noticias\/wp-content\/uploads\/2016\/04\/La-Alhambra.jpg\",\"width\":690,\"height\":350},{\"@type\":\"BreadcrumbList\",\"@id\":\"https:\/\/colegioarquitectos.com\/noticias\/?p=12136#breadcrumb\",\"itemListElement\":[{\"@type\":\"ListItem\",\"position\":1,\"name\":\"Portada\",\"item\":\"https:\/\/colegioarquitectos.com\/noticias\"},{\"@type\":\"ListItem\",\"position\":2,\"name\":\"Charla PUC: \u00abLa Alhambra de Granada. De palacio isl\u00e1mico a referente contempor\u00e1neo\u00bb\"}]},{\"@type\":\"WebSite\",\"@id\":\"https:\/\/colegioarquitectos.com\/noticias\/#website\",\"url\":\"https:\/\/colegioarquitectos.com\/noticias\/\",\"name\":\"COLEGIO DE ARQUITECTOS DE CHILE\",\"description\":\"\",\"publisher\":{\"@id\":\"https:\/\/colegioarquitectos.com\/noticias\/#organization\"},\"potentialAction\":[{\"@type\":\"SearchAction\",\"target\":{\"@type\":\"EntryPoint\",\"urlTemplate\":\"https:\/\/colegioarquitectos.com\/noticias\/?s={search_term_string}\"},\"query-input\":{\"@type\":\"PropertyValueSpecification\",\"valueRequired\":true,\"valueName\":\"search_term_string\"}}],\"inLanguage\":\"es\"},{\"@type\":\"Organization\",\"@id\":\"https:\/\/colegioarquitectos.com\/noticias\/#organization\",\"name\":\"COLEGIO DE ARQUITECTOS DE CHILE\",\"url\":\"https:\/\/colegioarquitectos.com\/noticias\/\",\"logo\":{\"@type\":\"ImageObject\",\"inLanguage\":\"es\",\"@id\":\"https:\/\/colegioarquitectos.com\/noticias\/#\/schema\/logo\/image\/\",\"url\":\"https:\/\/colegioarquitectos.com\/noticias\/wp-content\/uploads\/2021\/05\/ENCABEZADO-LOGO-CA.jpg\",\"contentUrl\":\"https:\/\/colegioarquitectos.com\/noticias\/wp-content\/uploads\/2021\/05\/ENCABEZADO-LOGO-CA.jpg\",\"width\":690,\"height\":350,\"caption\":\"COLEGIO DE ARQUITECTOS DE CHILE\"},\"image\":{\"@id\":\"https:\/\/colegioarquitectos.com\/noticias\/#\/schema\/logo\/image\/\"},\"sameAs\":[\"https:\/\/facebook.com\/Colegioarq\/\",\"https:\/\/x.com\/colegioarq\",\"https:\/\/instagram.com\/colegioarq\",\"https:\/\/youtube.com\/@ColegiodeArquitectosdeChile\"]},{\"@type\":\"Person\",\"@id\":\"https:\/\/colegioarquitectos.com\/noticias\/#\/schema\/person\/685cc0aad148303c5608f049af8285ad\",\"name\":\"Colegio de Arquitectos de Chile\",\"url\":\"https:\/\/colegioarquitectos.com\/noticias\/?author=4\"}]}<\/script>\n<!-- \/ Yoast SEO plugin. -->","yoast_head_json":{"title":"Charla PUC: \"La Alhambra de Granada. De palacio isl\u00e1mico a referente contempor\u00e1neo\" - COLEGIO DE ARQUITECTOS DE CHILE","robots":{"index":"index","follow":"follow","max-snippet":"max-snippet:-1","max-image-preview":"max-image-preview:large","max-video-preview":"max-video-preview:-1"},"canonical":"https:\/\/colegioarquitectos.com\/noticias\/?p=12136","og_locale":"es_ES","og_type":"article","og_title":"Charla PUC: \"La Alhambra de Granada. De palacio isl\u00e1mico a referente contempor\u00e1neo\" - COLEGIO DE ARQUITECTOS DE CHILE","og_description":"Elvira P\u00e9rez Villal\u00f3n, Jefa del programa de Mag\u00edster en Patrimonio Cultural, y Jos\u00e9 Rosas Vera, Director del Centro del Patrimonio Cultural de la Pontificia Universidad Cat\u00f3lica de Chile, invitan a la Charla \u00abLa Alhambra de Granada. De palacio isl\u00e1mico a &hellip; ver m\u00e1s","og_url":"https:\/\/colegioarquitectos.com\/noticias\/?p=12136","og_site_name":"COLEGIO DE ARQUITECTOS DE CHILE","article_publisher":"https:\/\/facebook.com\/Colegioarq\/","article_published_time":"2016-04-06T21:01:21+00:00","article_modified_time":"2016-04-06T21:03:59+00:00","og_image":[{"width":690,"height":350,"url":"https:\/\/colegioarquitectos.com\/noticias\/wp-content\/uploads\/2016\/04\/La-Alhambra.jpg","type":"image\/jpeg"}],"author":"Colegio de Arquitectos de Chile","twitter_card":"summary_large_image","twitter_creator":"@colegioarq","twitter_site":"@colegioarq","twitter_misc":{"Escrito por":"Colegio de Arquitectos de Chile","Tiempo de lectura":"1 minuto"},"schema":{"@context":"https:\/\/schema.org","@graph":[{"@type":"Article","@id":"https:\/\/colegioarquitectos.com\/noticias\/?p=12136#article","isPartOf":{"@id":"https:\/\/colegioarquitectos.com\/noticias\/?p=12136"},"author":{"name":"Colegio de Arquitectos de Chile","@id":"https:\/\/colegioarquitectos.com\/noticias\/#\/schema\/person\/685cc0aad148303c5608f049af8285ad"},"headline":"Charla PUC: \u00abLa Alhambra de Granada. De palacio isl\u00e1mico a referente contempor\u00e1neo\u00bb","datePublished":"2016-04-06T21:01:21+00:00","dateModified":"2016-04-06T21:03:59+00:00","mainEntityOfPage":{"@id":"https:\/\/colegioarquitectos.com\/noticias\/?p=12136"},"wordCount":273,"commentCount":0,"publisher":{"@id":"https:\/\/colegioarquitectos.com\/noticias\/#organization"},"image":{"@id":"https:\/\/colegioarquitectos.com\/noticias\/?p=12136#primaryimage"},"thumbnailUrl":"https:\/\/colegioarquitectos.com\/noticias\/wp-content\/uploads\/2016\/04\/La-Alhambra.jpg","articleSection":{"1":"Universidades"},"inLanguage":"es","potentialAction":[{"@type":"CommentAction","name":"Comment","target":["https:\/\/colegioarquitectos.com\/noticias\/?p=12136#respond"]}]},{"@type":"WebPage","@id":"https:\/\/colegioarquitectos.com\/noticias\/?p=12136","url":"https:\/\/colegioarquitectos.com\/noticias\/?p=12136","name":"Charla PUC: \"La Alhambra de Granada. De palacio isl\u00e1mico a referente contempor\u00e1neo\" - COLEGIO DE ARQUITECTOS DE CHILE","isPartOf":{"@id":"https:\/\/colegioarquitectos.com\/noticias\/#website"},"primaryImageOfPage":{"@id":"https:\/\/colegioarquitectos.com\/noticias\/?p=12136#primaryimage"},"image":{"@id":"https:\/\/colegioarquitectos.com\/noticias\/?p=12136#primaryimage"},"thumbnailUrl":"https:\/\/colegioarquitectos.com\/noticias\/wp-content\/uploads\/2016\/04\/La-Alhambra.jpg","datePublished":"2016-04-06T21:01:21+00:00","dateModified":"2016-04-06T21:03:59+00:00","breadcrumb":{"@id":"https:\/\/colegioarquitectos.com\/noticias\/?p=12136#breadcrumb"},"inLanguage":"es","potentialAction":[{"@type":"ReadAction","target":["https:\/\/colegioarquitectos.com\/noticias\/?p=12136"]}]},{"@type":"ImageObject","inLanguage":"es","@id":"https:\/\/colegioarquitectos.com\/noticias\/?p=12136#primaryimage","url":"https:\/\/colegioarquitectos.com\/noticias\/wp-content\/uploads\/2016\/04\/La-Alhambra.jpg","contentUrl":"https:\/\/colegioarquitectos.com\/noticias\/wp-content\/uploads\/2016\/04\/La-Alhambra.jpg","width":690,"height":350},{"@type":"BreadcrumbList","@id":"https:\/\/colegioarquitectos.com\/noticias\/?p=12136#breadcrumb","itemListElement":[{"@type":"ListItem","position":1,"name":"Portada","item":"https:\/\/colegioarquitectos.com\/noticias"},{"@type":"ListItem","position":2,"name":"Charla PUC: \u00abLa Alhambra de Granada. De palacio isl\u00e1mico a referente contempor\u00e1neo\u00bb"}]},{"@type":"WebSite","@id":"https:\/\/colegioarquitectos.com\/noticias\/#website","url":"https:\/\/colegioarquitectos.com\/noticias\/","name":"COLEGIO DE ARQUITECTOS DE CHILE","description":"","publisher":{"@id":"https:\/\/colegioarquitectos.com\/noticias\/#organization"},"potentialAction":[{"@type":"SearchAction","target":{"@type":"EntryPoint","urlTemplate":"https:\/\/colegioarquitectos.com\/noticias\/?s={search_term_string}"},"query-input":{"@type":"PropertyValueSpecification","valueRequired":true,"valueName":"search_term_string"}}],"inLanguage":"es"},{"@type":"Organization","@id":"https:\/\/colegioarquitectos.com\/noticias\/#organization","name":"COLEGIO DE ARQUITECTOS DE CHILE","url":"https:\/\/colegioarquitectos.com\/noticias\/","logo":{"@type":"ImageObject","inLanguage":"es","@id":"https:\/\/colegioarquitectos.com\/noticias\/#\/schema\/logo\/image\/","url":"https:\/\/colegioarquitectos.com\/noticias\/wp-content\/uploads\/2021\/05\/ENCABEZADO-LOGO-CA.jpg","contentUrl":"https:\/\/colegioarquitectos.com\/noticias\/wp-content\/uploads\/2021\/05\/ENCABEZADO-LOGO-CA.jpg","width":690,"height":350,"caption":"COLEGIO DE ARQUITECTOS DE CHILE"},"image":{"@id":"https:\/\/colegioarquitectos.com\/noticias\/#\/schema\/logo\/image\/"},"sameAs":["https:\/\/facebook.com\/Colegioarq\/","https:\/\/x.com\/colegioarq","https:\/\/instagram.com\/colegioarq","https:\/\/youtube.com\/@ColegiodeArquitectosdeChile"]},{"@type":"Person","@id":"https:\/\/colegioarquitectos.com\/noticias\/#\/schema\/person\/685cc0aad148303c5608f049af8285ad","name":"Colegio de Arquitectos de Chile","url":"https:\/\/colegioarquitectos.com\/noticias\/?author=4"}]}},"_links":{"self":[{"href":"https:\/\/colegioarquitectos.com\/noticias\/index.php?rest_route=\/wp\/v2\/posts\/12136","targetHints":{"allow":["GET"]}}],"collection":[{"href":"https:\/\/colegioarquitectos.com\/noticias\/index.php?rest_route=\/wp\/v2\/posts"}],"about":[{"href":"https:\/\/colegioarquitectos.com\/noticias\/index.php?rest_route=\/wp\/v2\/types\/post"}],"author":[{"embeddable":true,"href":"https:\/\/colegioarquitectos.com\/noticias\/index.php?rest_route=\/wp\/v2\/users\/4"}],"replies":[{"embeddable":true,"href":"https:\/\/colegioarquitectos.com\/noticias\/index.php?rest_route=%2Fwp%2Fv2%2Fcomments&post=12136"}],"version-history":[{"count":0,"href":"https:\/\/colegioarquitectos.com\/noticias\/index.php?rest_route=\/wp\/v2\/posts\/12136\/revisions"}],"wp:featuredmedia":[{"embeddable":true,"href":"https:\/\/colegioarquitectos.com\/noticias\/index.php?rest_route=\/wp\/v2\/media\/12139"}],"wp:attachment":[{"href":"https:\/\/colegioarquitectos.com\/noticias\/index.php?rest_route=%2Fwp%2Fv2%2Fmedia&parent=12136"}],"wp:term":[{"taxonomy":"category","embeddable":true,"href":"https:\/\/colegioarquitectos.com\/noticias\/index.php?rest_route=%2Fwp%2Fv2%2Fcategories&post=12136"},{"taxonomy":"post_tag","embeddable":true,"href":"https:\/\/colegioarquitectos.com\/noticias\/index.php?rest_route=%2Fwp%2Fv2%2Ftags&post=12136"}],"curies":[{"name":"wp","href":"https:\/\/api.w.org\/{rel}","templated":true}]}}