
{"id":12356,"date":"2016-04-20T20:27:08","date_gmt":"2016-04-20T20:27:08","guid":{"rendered":"http:\/\/colegioarquitectos.com\/?p=12356"},"modified":"2016-04-20T20:27:08","modified_gmt":"2016-04-20T20:27:08","slug":"caj-deben-las-ues-incluir-en-sus-mallas-el-ramo-de-etica-profesional","status":"publish","type":"post","link":"https:\/\/colegioarquitectos.com\/noticias\/?p=12356","title":{"rendered":"CAJ: \u00bfDeben las Ues incluir en sus mallas el ramo de \u00e9tica profesional?"},"content":{"rendered":"<p>Pensar que un ramo basado en <strong>el comportamiento moral del hombre puede ser vital en la etapa formativa del estudiante de arquitectura<\/strong> y a su vez, en su desarrollo profesional futuro, no parece ser relevante para muchas universidades chilenas. De 28 universidades consultadas, que dictan la carrera, s\u00f3lo 9 tienen el ramo de \u00e9tica profesional en su malla.<\/p>\n<p><strong>\u00bfEs un ramo necesario?<\/strong><\/p>\n<p>Si analizamos al arquitecto como un ser global que debe contar con ciertas competencias para ejercer su rol profesional, <strong>no es absurdo pensar que su comportamiento moral pueda hacer la diferencia en beneficio de una mejor sociedad<\/strong>. Siguiendo esta idea y suponiendo que las universidades buscan formar a los mejores arquitectos, y es seg\u00fan esto que desarrollan las mallas curriculares, incluyendo ramos que consideran fundamentales para el perfil del arquitecto que quieren \u201centregar\u201d al campo profesional, <strong>\u00e9sta sola tarea implica un comportamiento \u00e9tico de la universidad ante la ciudadan\u00eda. Lo que se entrega debe ser de calidad.<\/strong><\/p>\n<p>Por otro lado, no podemos permanecer ajenos a la situaci\u00f3n \u00e9tica que atraviesa el pa\u00eds (y el mundo) que nos enfrenta a una realidad por decir lo menos, cuestionable. Estamos insertos en <strong>una sociedad donde se juega al l\u00edmite de lo legal, con un sistema instaurado desde tiempos inmemoriales que acepta y valida ciertas costumbres que, sin ser ilegales no son correctas<\/strong>. La \u00e9tica profesional no es coactiva, es decir, no impone sanciones ni normas legales. Son m\u00e1s bien, normas morales que regulan las buenas pr\u00e1cticas profesionales pero que no est\u00e1n en ning\u00fan manual. \u00bfQui\u00e9n estipula dichas normas? \u00bfEs necesario que sean estipuladas? Quiz\u00e1s pensar en generar un espacio de reflexi\u00f3n sobre el comportamiento profesional en la etapa formativa del arquitecto no sea una mala idea.<\/p>\n<p>Qu\u00e9 pasa con el rol del <strong>\u201carquitecto patrocinante\u201d<\/strong> en las regularizaciones municipales, por poner un ejemplo, o con los edificios que son la copia exacta y no tan exacta de otros e incluso, con algunos desarrollos inmobiliarios que terminan destrozando sectores de la ciudad.<\/p>\n<p><strong>Si la ley lo permite, se puede hacer.<\/strong><\/p>\n<p>La pregunta entonces y de lo que los arquitectos debemos reflexionar y hacernos cargo es: <strong>\u00bfBasta con que algo \u201cse pueda\u201d hacer, para que se haga? \u00bfQu\u00e9 pasa con lo que \u201cse debe\u201d hacer?<\/strong><\/p>\n<p>\u00bfNecesitamos una ley que regule nuestro comportamiento profesional o es aqu\u00ed donde la \u00e9tica moral debiese actuar?<\/p>\n<p>Nuestro comportamiento es lo que nos define como seres humanos. <strong>Sin importar QU\u00c9 desarrollemos como arquitectos, desde una media agua a un gran edificio corporativo, es el C\u00d3MO lo hagamos lo que marcar\u00e1 la diferencia. Y el C\u00d3MO tiene un componente \u00e9tico importante (o lo debiese tener) si lo que queremos es cumplir nuestro rol en la sociedad: Hacer Ciudad.<\/strong><\/p>\n<p>\u00bfDeben las universidades incluir en sus mallas curriculares el ramo de \u00e9tica profesional? Yo considero que s\u00ed. Juzgue usted.<\/p>\n<p>Por Carolina Espinosa, Arquitecto UFT\/ Postgrado \u00abCiudad Espacio y Cultura\u00bb UPC Barcelona.<\/p>\n<p>Carolina es Miembro del Comit\u00e9 de Arquitectos J\u00f3venes del Colegio de Arquitectos.<\/p>\n<p><a href=\"http:\/\/www.eldinamo.cl\/blog\/deben-las-universidades-incluir-en-sus-mallas-curriculares-el-ramo-de-etica-profesional\/\">Publicado en El D\u00ednamo (ver)<\/a>.<\/p>\n<p><\/p>","protected":false},"excerpt":{"rendered":"<p>Pensar que un ramo basado en el comportamiento moral del hombre puede ser vital en la etapa formativa del estudiante de arquitectura y a su vez, en su desarrollo profesional futuro, no parece ser relevante para muchas universidades chilenas. De &hellip; <a class=\"more-link\" href=\"https:\/\/colegioarquitectos.com\/noticias\/?p=12356\">ver m\u00e1s<\/a><\/p>","protected":false},"author":4,"featured_media":12357,"comment_status":"open","ping_status":"open","sticky":false,"template":"","format":"standard","meta":{"footnotes":""},"categories":[9],"tags":[],"class_list":["post-12356","post","type-post","status-publish","format-standard","has-post-thumbnail","hentry","category-comites"],"yoast_head":"<!-- This site is optimized with the Yoast SEO plugin v24.2 - https:\/\/yoast.com\/wordpress\/plugins\/seo\/ -->\n<title>CAJ: \u00bfDeben las Ues incluir en sus mallas el ramo de \u00e9tica profesional? - COLEGIO DE ARQUITECTOS DE CHILE<\/title>\n<meta name=\"robots\" content=\"index, follow, max-snippet:-1, max-image-preview:large, max-video-preview:-1\" \/>\n<link rel=\"canonical\" href=\"https:\/\/colegioarquitectos.com\/noticias\/?p=12356\" \/>\n<meta property=\"og:locale\" content=\"es_ES\" \/>\n<meta property=\"og:type\" content=\"article\" \/>\n<meta property=\"og:title\" content=\"CAJ: \u00bfDeben las Ues incluir en sus mallas el ramo de \u00e9tica profesional? - COLEGIO DE ARQUITECTOS DE CHILE\" \/>\n<meta property=\"og:description\" content=\"Pensar que un ramo basado en el comportamiento moral del hombre puede ser vital en la etapa formativa del estudiante de arquitectura y a su vez, en su desarrollo profesional futuro, no parece ser relevante para muchas universidades chilenas. De &hellip; ver m\u00e1s\" \/>\n<meta property=\"og:url\" content=\"https:\/\/colegioarquitectos.com\/noticias\/?p=12356\" \/>\n<meta property=\"og:site_name\" content=\"COLEGIO DE ARQUITECTOS DE CHILE\" \/>\n<meta property=\"article:publisher\" content=\"https:\/\/facebook.com\/Colegioarq\/\" \/>\n<meta property=\"article:published_time\" content=\"2016-04-20T20:27:08+00:00\" \/>\n<meta property=\"og:image\" content=\"https:\/\/colegioarquitectos.com\/noticias\/wp-content\/uploads\/2016\/04\/Carolina-Espinosa-El-D\u00ednamo.jpg\" \/>\n\t<meta property=\"og:image:width\" content=\"690\" \/>\n\t<meta property=\"og:image:height\" content=\"350\" \/>\n\t<meta property=\"og:image:type\" content=\"image\/jpeg\" \/>\n<meta name=\"author\" content=\"Colegio de Arquitectos de Chile\" \/>\n<meta name=\"twitter:card\" content=\"summary_large_image\" \/>\n<meta name=\"twitter:creator\" content=\"@colegioarq\" \/>\n<meta name=\"twitter:site\" content=\"@colegioarq\" \/>\n<meta name=\"twitter:label1\" content=\"Escrito por\" \/>\n\t<meta name=\"twitter:data1\" content=\"Colegio de Arquitectos de Chile\" \/>\n\t<meta name=\"twitter:label2\" content=\"Tiempo de lectura\" \/>\n\t<meta name=\"twitter:data2\" content=\"3 minutos\" \/>\n<script type=\"application\/ld+json\" class=\"yoast-schema-graph\">{\"@context\":\"https:\/\/schema.org\",\"@graph\":[{\"@type\":\"Article\",\"@id\":\"https:\/\/colegioarquitectos.com\/noticias\/?p=12356#article\",\"isPartOf\":{\"@id\":\"https:\/\/colegioarquitectos.com\/noticias\/?p=12356\"},\"author\":{\"name\":\"Colegio de Arquitectos de Chile\",\"@id\":\"https:\/\/colegioarquitectos.com\/noticias\/#\/schema\/person\/685cc0aad148303c5608f049af8285ad\"},\"headline\":\"CAJ: \u00bfDeben las Ues incluir en sus mallas el ramo de \u00e9tica profesional?\",\"datePublished\":\"2016-04-20T20:27:08+00:00\",\"dateModified\":\"2016-04-20T20:27:08+00:00\",\"mainEntityOfPage\":{\"@id\":\"https:\/\/colegioarquitectos.com\/noticias\/?p=12356\"},\"wordCount\":524,\"commentCount\":0,\"publisher\":{\"@id\":\"https:\/\/colegioarquitectos.com\/noticias\/#organization\"},\"image\":{\"@id\":\"https:\/\/colegioarquitectos.com\/noticias\/?p=12356#primaryimage\"},\"thumbnailUrl\":\"https:\/\/colegioarquitectos.com\/noticias\/wp-content\/uploads\/2016\/04\/Carolina-Espinosa-El-D\u00ednamo.jpg\",\"articleSection\":[\"Comit\u00e9s\"],\"inLanguage\":\"es\",\"potentialAction\":[{\"@type\":\"CommentAction\",\"name\":\"Comment\",\"target\":[\"https:\/\/colegioarquitectos.com\/noticias\/?p=12356#respond\"]}]},{\"@type\":\"WebPage\",\"@id\":\"https:\/\/colegioarquitectos.com\/noticias\/?p=12356\",\"url\":\"https:\/\/colegioarquitectos.com\/noticias\/?p=12356\",\"name\":\"CAJ: \u00bfDeben las Ues incluir en sus mallas el ramo de \u00e9tica profesional? - COLEGIO DE ARQUITECTOS DE CHILE\",\"isPartOf\":{\"@id\":\"https:\/\/colegioarquitectos.com\/noticias\/#website\"},\"primaryImageOfPage\":{\"@id\":\"https:\/\/colegioarquitectos.com\/noticias\/?p=12356#primaryimage\"},\"image\":{\"@id\":\"https:\/\/colegioarquitectos.com\/noticias\/?p=12356#primaryimage\"},\"thumbnailUrl\":\"https:\/\/colegioarquitectos.com\/noticias\/wp-content\/uploads\/2016\/04\/Carolina-Espinosa-El-D\u00ednamo.jpg\",\"datePublished\":\"2016-04-20T20:27:08+00:00\",\"dateModified\":\"2016-04-20T20:27:08+00:00\",\"breadcrumb\":{\"@id\":\"https:\/\/colegioarquitectos.com\/noticias\/?p=12356#breadcrumb\"},\"inLanguage\":\"es\",\"potentialAction\":[{\"@type\":\"ReadAction\",\"target\":[\"https:\/\/colegioarquitectos.com\/noticias\/?p=12356\"]}]},{\"@type\":\"ImageObject\",\"inLanguage\":\"es\",\"@id\":\"https:\/\/colegioarquitectos.com\/noticias\/?p=12356#primaryimage\",\"url\":\"https:\/\/colegioarquitectos.com\/noticias\/wp-content\/uploads\/2016\/04\/Carolina-Espinosa-El-D\u00ednamo.jpg\",\"contentUrl\":\"https:\/\/colegioarquitectos.com\/noticias\/wp-content\/uploads\/2016\/04\/Carolina-Espinosa-El-D\u00ednamo.jpg\",\"width\":690,\"height\":350},{\"@type\":\"BreadcrumbList\",\"@id\":\"https:\/\/colegioarquitectos.com\/noticias\/?p=12356#breadcrumb\",\"itemListElement\":[{\"@type\":\"ListItem\",\"position\":1,\"name\":\"Portada\",\"item\":\"https:\/\/colegioarquitectos.com\/noticias\"},{\"@type\":\"ListItem\",\"position\":2,\"name\":\"CAJ: \u00bfDeben las Ues incluir en sus mallas el ramo de \u00e9tica profesional?\"}]},{\"@type\":\"WebSite\",\"@id\":\"https:\/\/colegioarquitectos.com\/noticias\/#website\",\"url\":\"https:\/\/colegioarquitectos.com\/noticias\/\",\"name\":\"COLEGIO DE ARQUITECTOS DE CHILE\",\"description\":\"\",\"publisher\":{\"@id\":\"https:\/\/colegioarquitectos.com\/noticias\/#organization\"},\"potentialAction\":[{\"@type\":\"SearchAction\",\"target\":{\"@type\":\"EntryPoint\",\"urlTemplate\":\"https:\/\/colegioarquitectos.com\/noticias\/?s={search_term_string}\"},\"query-input\":{\"@type\":\"PropertyValueSpecification\",\"valueRequired\":true,\"valueName\":\"search_term_string\"}}],\"inLanguage\":\"es\"},{\"@type\":\"Organization\",\"@id\":\"https:\/\/colegioarquitectos.com\/noticias\/#organization\",\"name\":\"COLEGIO DE ARQUITECTOS DE CHILE\",\"url\":\"https:\/\/colegioarquitectos.com\/noticias\/\",\"logo\":{\"@type\":\"ImageObject\",\"inLanguage\":\"es\",\"@id\":\"https:\/\/colegioarquitectos.com\/noticias\/#\/schema\/logo\/image\/\",\"url\":\"https:\/\/colegioarquitectos.com\/noticias\/wp-content\/uploads\/2021\/05\/ENCABEZADO-LOGO-CA.jpg\",\"contentUrl\":\"https:\/\/colegioarquitectos.com\/noticias\/wp-content\/uploads\/2021\/05\/ENCABEZADO-LOGO-CA.jpg\",\"width\":690,\"height\":350,\"caption\":\"COLEGIO DE ARQUITECTOS DE CHILE\"},\"image\":{\"@id\":\"https:\/\/colegioarquitectos.com\/noticias\/#\/schema\/logo\/image\/\"},\"sameAs\":[\"https:\/\/facebook.com\/Colegioarq\/\",\"https:\/\/x.com\/colegioarq\",\"https:\/\/instagram.com\/colegioarq\",\"https:\/\/youtube.com\/@ColegiodeArquitectosdeChile\"]},{\"@type\":\"Person\",\"@id\":\"https:\/\/colegioarquitectos.com\/noticias\/#\/schema\/person\/685cc0aad148303c5608f049af8285ad\",\"name\":\"Colegio de Arquitectos de Chile\",\"url\":\"https:\/\/colegioarquitectos.com\/noticias\/?author=4\"}]}<\/script>\n<!-- \/ Yoast SEO plugin. -->","yoast_head_json":{"title":"CAJ: \u00bfDeben las Ues incluir en sus mallas el ramo de \u00e9tica profesional? - COLEGIO DE ARQUITECTOS DE CHILE","robots":{"index":"index","follow":"follow","max-snippet":"max-snippet:-1","max-image-preview":"max-image-preview:large","max-video-preview":"max-video-preview:-1"},"canonical":"https:\/\/colegioarquitectos.com\/noticias\/?p=12356","og_locale":"es_ES","og_type":"article","og_title":"CAJ: \u00bfDeben las Ues incluir en sus mallas el ramo de \u00e9tica profesional? - COLEGIO DE ARQUITECTOS DE CHILE","og_description":"Pensar que un ramo basado en el comportamiento moral del hombre puede ser vital en la etapa formativa del estudiante de arquitectura y a su vez, en su desarrollo profesional futuro, no parece ser relevante para muchas universidades chilenas. De &hellip; ver m\u00e1s","og_url":"https:\/\/colegioarquitectos.com\/noticias\/?p=12356","og_site_name":"COLEGIO DE ARQUITECTOS DE CHILE","article_publisher":"https:\/\/facebook.com\/Colegioarq\/","article_published_time":"2016-04-20T20:27:08+00:00","og_image":[{"width":690,"height":350,"url":"https:\/\/colegioarquitectos.com\/noticias\/wp-content\/uploads\/2016\/04\/Carolina-Espinosa-El-D\u00ednamo.jpg","type":"image\/jpeg"}],"author":"Colegio de Arquitectos de Chile","twitter_card":"summary_large_image","twitter_creator":"@colegioarq","twitter_site":"@colegioarq","twitter_misc":{"Escrito por":"Colegio de Arquitectos de Chile","Tiempo de lectura":"3 minutos"},"schema":{"@context":"https:\/\/schema.org","@graph":[{"@type":"Article","@id":"https:\/\/colegioarquitectos.com\/noticias\/?p=12356#article","isPartOf":{"@id":"https:\/\/colegioarquitectos.com\/noticias\/?p=12356"},"author":{"name":"Colegio de Arquitectos de Chile","@id":"https:\/\/colegioarquitectos.com\/noticias\/#\/schema\/person\/685cc0aad148303c5608f049af8285ad"},"headline":"CAJ: \u00bfDeben las Ues incluir en sus mallas el ramo de \u00e9tica profesional?","datePublished":"2016-04-20T20:27:08+00:00","dateModified":"2016-04-20T20:27:08+00:00","mainEntityOfPage":{"@id":"https:\/\/colegioarquitectos.com\/noticias\/?p=12356"},"wordCount":524,"commentCount":0,"publisher":{"@id":"https:\/\/colegioarquitectos.com\/noticias\/#organization"},"image":{"@id":"https:\/\/colegioarquitectos.com\/noticias\/?p=12356#primaryimage"},"thumbnailUrl":"https:\/\/colegioarquitectos.com\/noticias\/wp-content\/uploads\/2016\/04\/Carolina-Espinosa-El-D\u00ednamo.jpg","articleSection":["Comit\u00e9s"],"inLanguage":"es","potentialAction":[{"@type":"CommentAction","name":"Comment","target":["https:\/\/colegioarquitectos.com\/noticias\/?p=12356#respond"]}]},{"@type":"WebPage","@id":"https:\/\/colegioarquitectos.com\/noticias\/?p=12356","url":"https:\/\/colegioarquitectos.com\/noticias\/?p=12356","name":"CAJ: \u00bfDeben las Ues incluir en sus mallas el ramo de \u00e9tica profesional? - COLEGIO DE ARQUITECTOS DE CHILE","isPartOf":{"@id":"https:\/\/colegioarquitectos.com\/noticias\/#website"},"primaryImageOfPage":{"@id":"https:\/\/colegioarquitectos.com\/noticias\/?p=12356#primaryimage"},"image":{"@id":"https:\/\/colegioarquitectos.com\/noticias\/?p=12356#primaryimage"},"thumbnailUrl":"https:\/\/colegioarquitectos.com\/noticias\/wp-content\/uploads\/2016\/04\/Carolina-Espinosa-El-D\u00ednamo.jpg","datePublished":"2016-04-20T20:27:08+00:00","dateModified":"2016-04-20T20:27:08+00:00","breadcrumb":{"@id":"https:\/\/colegioarquitectos.com\/noticias\/?p=12356#breadcrumb"},"inLanguage":"es","potentialAction":[{"@type":"ReadAction","target":["https:\/\/colegioarquitectos.com\/noticias\/?p=12356"]}]},{"@type":"ImageObject","inLanguage":"es","@id":"https:\/\/colegioarquitectos.com\/noticias\/?p=12356#primaryimage","url":"https:\/\/colegioarquitectos.com\/noticias\/wp-content\/uploads\/2016\/04\/Carolina-Espinosa-El-D\u00ednamo.jpg","contentUrl":"https:\/\/colegioarquitectos.com\/noticias\/wp-content\/uploads\/2016\/04\/Carolina-Espinosa-El-D\u00ednamo.jpg","width":690,"height":350},{"@type":"BreadcrumbList","@id":"https:\/\/colegioarquitectos.com\/noticias\/?p=12356#breadcrumb","itemListElement":[{"@type":"ListItem","position":1,"name":"Portada","item":"https:\/\/colegioarquitectos.com\/noticias"},{"@type":"ListItem","position":2,"name":"CAJ: \u00bfDeben las Ues incluir en sus mallas el ramo de \u00e9tica profesional?"}]},{"@type":"WebSite","@id":"https:\/\/colegioarquitectos.com\/noticias\/#website","url":"https:\/\/colegioarquitectos.com\/noticias\/","name":"COLEGIO DE ARQUITECTOS DE CHILE","description":"","publisher":{"@id":"https:\/\/colegioarquitectos.com\/noticias\/#organization"},"potentialAction":[{"@type":"SearchAction","target":{"@type":"EntryPoint","urlTemplate":"https:\/\/colegioarquitectos.com\/noticias\/?s={search_term_string}"},"query-input":{"@type":"PropertyValueSpecification","valueRequired":true,"valueName":"search_term_string"}}],"inLanguage":"es"},{"@type":"Organization","@id":"https:\/\/colegioarquitectos.com\/noticias\/#organization","name":"COLEGIO DE ARQUITECTOS DE CHILE","url":"https:\/\/colegioarquitectos.com\/noticias\/","logo":{"@type":"ImageObject","inLanguage":"es","@id":"https:\/\/colegioarquitectos.com\/noticias\/#\/schema\/logo\/image\/","url":"https:\/\/colegioarquitectos.com\/noticias\/wp-content\/uploads\/2021\/05\/ENCABEZADO-LOGO-CA.jpg","contentUrl":"https:\/\/colegioarquitectos.com\/noticias\/wp-content\/uploads\/2021\/05\/ENCABEZADO-LOGO-CA.jpg","width":690,"height":350,"caption":"COLEGIO DE ARQUITECTOS DE CHILE"},"image":{"@id":"https:\/\/colegioarquitectos.com\/noticias\/#\/schema\/logo\/image\/"},"sameAs":["https:\/\/facebook.com\/Colegioarq\/","https:\/\/x.com\/colegioarq","https:\/\/instagram.com\/colegioarq","https:\/\/youtube.com\/@ColegiodeArquitectosdeChile"]},{"@type":"Person","@id":"https:\/\/colegioarquitectos.com\/noticias\/#\/schema\/person\/685cc0aad148303c5608f049af8285ad","name":"Colegio de Arquitectos de Chile","url":"https:\/\/colegioarquitectos.com\/noticias\/?author=4"}]}},"_links":{"self":[{"href":"https:\/\/colegioarquitectos.com\/noticias\/index.php?rest_route=\/wp\/v2\/posts\/12356","targetHints":{"allow":["GET"]}}],"collection":[{"href":"https:\/\/colegioarquitectos.com\/noticias\/index.php?rest_route=\/wp\/v2\/posts"}],"about":[{"href":"https:\/\/colegioarquitectos.com\/noticias\/index.php?rest_route=\/wp\/v2\/types\/post"}],"author":[{"embeddable":true,"href":"https:\/\/colegioarquitectos.com\/noticias\/index.php?rest_route=\/wp\/v2\/users\/4"}],"replies":[{"embeddable":true,"href":"https:\/\/colegioarquitectos.com\/noticias\/index.php?rest_route=%2Fwp%2Fv2%2Fcomments&post=12356"}],"version-history":[{"count":0,"href":"https:\/\/colegioarquitectos.com\/noticias\/index.php?rest_route=\/wp\/v2\/posts\/12356\/revisions"}],"wp:featuredmedia":[{"embeddable":true,"href":"https:\/\/colegioarquitectos.com\/noticias\/index.php?rest_route=\/wp\/v2\/media\/12357"}],"wp:attachment":[{"href":"https:\/\/colegioarquitectos.com\/noticias\/index.php?rest_route=%2Fwp%2Fv2%2Fmedia&parent=12356"}],"wp:term":[{"taxonomy":"category","embeddable":true,"href":"https:\/\/colegioarquitectos.com\/noticias\/index.php?rest_route=%2Fwp%2Fv2%2Fcategories&post=12356"},{"taxonomy":"post_tag","embeddable":true,"href":"https:\/\/colegioarquitectos.com\/noticias\/index.php?rest_route=%2Fwp%2Fv2%2Ftags&post=12356"}],"curies":[{"name":"wp","href":"https:\/\/api.w.org\/{rel}","templated":true}]}}