
{"id":12394,"date":"2016-04-25T16:10:00","date_gmt":"2016-04-25T16:10:00","guid":{"rendered":"http:\/\/colegioarquitectos.com\/?p=12394"},"modified":"2016-04-25T16:15:27","modified_gmt":"2016-04-25T16:15:27","slug":"cumbre-de-arquitectos-escanea-mall-de-castro","status":"publish","type":"post","link":"https:\/\/colegioarquitectos.com\/noticias\/?p=12394","title":{"rendered":"Desde este lunes 25: Cumbre de arquitectos escanea mall de Castro"},"content":{"rendered":"<p>Encuentro \u00abSOS Ciudades\u00bb convocar\u00e1 a 50 acad\u00e9micos de Latinoam\u00e9rica. Su versi\u00f3n anterior se efectu\u00f3 en La Habana y ahora recala en Chilo\u00e9.<\/p>\n<p>Cristi\u00e1n Nanzer, arquitecto y profesor de la Universidad Nacional de C\u00f3rdoba, Argentina, dice estar emocionado. \u201cEl seminario permitir\u00e1 evaluar cr\u00edticamente, desde diferentes posturas, las realidades y contrastes que se dan en la isla\u201d, dice. Y luego desmenuza: \u201cAll\u00ed se pone en juego una forma particular de habitar el territorio y las pulsiones propias del mercado y y sus instituciones globales, como el caso del mall de Castro\u201d.<\/p>\n<p>Lo suyo no es una reflexi\u00f3n aislada. M\u00e1s de 200 alumnos y 50 acad\u00e9micos,\u00a0 de 25\u00a0 facultades de arquitectura latinoamericanas, se reunir\u00e1n en Castro, Chilo\u00e9, a partir del lunes 25 de abril. Su objetivo es idear y trabajar proyectos para la ciudad chilota. Y, en ese marco, analizar\u00e1n este\u00a0 territorio insular impactado en los \u00faltimos a\u00f1os por dos obras que han generado una serie de debates, tanto en la comunidad local como en la nacional: el mall de Castro, inaugurado en agosto de 2015, y el futuro puente sobre el Canal de Chacao.<\/p>\n<p>El arquitecto y profesor de la Universidad de Buenos Aires, Marcelo Vila, creador de esta instancia, se pregunta: \u201c\u00bfCu\u00e1l es el proyecto de Castro como ciudad? Nadie duda de su potencial. En el siglo XXI lo estrat\u00e9gico de una ciudad es ubicarse en un cuadrante y definir lo que es. Esta es la primera pregunta que nos venimos a hacer dentro de este programa, denominado \u2018SOS Ciudades\u2019. \u00bfQu\u00e9 quiere ser Castro? Desde esa \u00f3ptica, las inquietudes sobre el mall y el puente seguramente se responder\u00e1n solas\u201d.<\/p>\n<p>&nbsp;<\/p>\n<p><strong>Formas y espacios<\/strong><\/p>\n<p>Tom\u00e1s Jacobsen, coordinador acad\u00e9mico\u00a0 de la Escuela de Arquitectura de la U. San Sebasti\u00e1n, de Puerto Montt, dice, en relaci\u00f3n al mall, que \u201ces importante generar n\u00facleos comerciales que concedan el acceso a bienes de diferentes \u00edndoles y espacios de ocio. En ese sentido, el mall puede ser un inmueble afortunado, que permita generar el encuentro de personas para m\u00faltiples prop\u00f3sitos en la urbe\u201d.<\/p>\n<p>Sin embargo, a\u00f1ade que \u201csoy cr\u00edtico en la forma y en el espacio que se realiz\u00f3 como obra arquitect\u00f3nica. Veo poca integraci\u00f3n\u00a0 con los delicados patrones de la ciudad y una organizaci\u00f3n espacial poco funcional y propositiva en el programa relacionado con aspectos como clima, belleza paisajista y desplazamiento de usuarios, peatonales y vehiculares\u201d.<\/p>\n<p>Respecto del puente sobre el canal de Chacao, Jacobsen se\u00f1ala que\u00a0 \u201ces evidente que las necesidades actuales de la isla son abundantes y diversas, que tal vez cuestionen la urgencia y atingencia de un puente. El contexto chilote es rico en lo rural, pero lleno de conflictos en lo urbano\u201d.<\/p>\n<p>Destaca que \u201cmi preocupaci\u00f3n, nace al preguntarme si la isla grande est\u00e1 preparada, en t\u00e9rminos pol\u00edticos, reglamentarios y culturales, para enfrentar los beneficios de lo urbano que traer\u00eda el puente. Creo que el puente va a ser beneficioso en la medida que las entidades gubernamentales y sus ciudadanos se anticipen a las futuras transformaciones, y que, paralelamente, conserven el di\u00e1logo entre la identidad local y lo moderno\u201d.<\/p>\n<p>&nbsp;<\/p>\n<p><strong>Desde La Habana<\/strong><\/p>\n<p>Drago Vodanovic, director de la Escuela de Arquitectura de la Universidad San Sebasti\u00e1n, destaca que \u201cpara nosotros es un orgullo\u00a0 poder realizar este encuentro en Chilo\u00e9; adem\u00e1s, hablamos de la decimoquinta versi\u00f3n de este evento, y de su locaci\u00f3n m\u00e1s austral de Am\u00e9rica\u201d. La anterior jornada, de hecho, se efectu\u00f3 en La Habana, Cuba.<\/p>\n<p>Esta nueva versi\u00f3n, organizada en conjunto por la Escuela de Arquitectura de la Universidad San Sebasti\u00e1n, la Municipalidad de Castro y la Corporaci\u00f3n Municipal, tendr\u00e1 el formato de taller intensivo. Se realizar\u00e1n charlas p\u00fablicas de arquitectura y presentaciones de los proyectos que ser\u00e1n abiertas a la comunidad.<\/p>\n<p>La organizaci\u00f3n inform\u00f3 que participar\u00e1n, entre otras casas de estudio, la Universidad de Chile, varias facultades de arquitectura y urbanismo de Brasil y Argentina y el Instituto Superior Polit\u00e9cnico Jos\u00e9 Antonio Echeverr\u00eda de La Habana, Cuba.<\/p>\n<p>&nbsp;<\/p>\n<p>Por Soledad Lorca<\/p>\n<p><a href=\"http:\/\/www.latercera.com\/noticia\/nacional\/2016\/04\/680-677966-9-cumbre-de-arquitectos-escanea-mall-de-castro.shtml\">Fuente: La Tercera<\/a><\/p>\n<p><\/p>","protected":false},"excerpt":{"rendered":"<p>Encuentro \u00abSOS Ciudades\u00bb convocar\u00e1 a 50 acad\u00e9micos de Latinoam\u00e9rica. Su versi\u00f3n anterior se efectu\u00f3 en La Habana y ahora recala en Chilo\u00e9. Cristi\u00e1n Nanzer, arquitecto y profesor de la Universidad Nacional de C\u00f3rdoba, Argentina, dice estar emocionado. \u201cEl seminario permitir\u00e1 &hellip; <a class=\"more-link\" href=\"https:\/\/colegioarquitectos.com\/noticias\/?p=12394\">ver m\u00e1s<\/a><\/p>","protected":false},"author":4,"featured_media":12395,"comment_status":"open","ping_status":"open","sticky":false,"template":"","format":"standard","meta":{"footnotes":""},"categories":[3],"tags":[],"class_list":["post-12394","post","type-post","status-publish","format-standard","has-post-thumbnail","hentry","category-noticias"],"yoast_head":"<!-- This site is optimized with the Yoast SEO plugin v24.2 - https:\/\/yoast.com\/wordpress\/plugins\/seo\/ -->\n<title>Desde este lunes 25: Cumbre de arquitectos escanea mall de Castro - COLEGIO DE ARQUITECTOS DE CHILE<\/title>\n<meta name=\"robots\" content=\"index, follow, max-snippet:-1, max-image-preview:large, max-video-preview:-1\" \/>\n<link rel=\"canonical\" href=\"https:\/\/colegioarquitectos.com\/noticias\/?p=12394\" \/>\n<meta property=\"og:locale\" content=\"es_ES\" \/>\n<meta property=\"og:type\" content=\"article\" \/>\n<meta property=\"og:title\" content=\"Desde este lunes 25: Cumbre de arquitectos escanea mall de Castro - COLEGIO DE ARQUITECTOS DE CHILE\" \/>\n<meta property=\"og:description\" content=\"Encuentro \u00abSOS Ciudades\u00bb convocar\u00e1 a 50 acad\u00e9micos de Latinoam\u00e9rica. Su versi\u00f3n anterior se efectu\u00f3 en La Habana y ahora recala en Chilo\u00e9. Cristi\u00e1n Nanzer, arquitecto y profesor de la Universidad Nacional de C\u00f3rdoba, Argentina, dice estar emocionado. \u201cEl seminario permitir\u00e1 &hellip; ver m\u00e1s\" \/>\n<meta property=\"og:url\" content=\"https:\/\/colegioarquitectos.com\/noticias\/?p=12394\" \/>\n<meta property=\"og:site_name\" content=\"COLEGIO DE ARQUITECTOS DE CHILE\" \/>\n<meta property=\"article:publisher\" content=\"https:\/\/facebook.com\/Colegioarq\/\" \/>\n<meta property=\"article:published_time\" content=\"2016-04-25T16:10:00+00:00\" \/>\n<meta property=\"article:modified_time\" content=\"2016-04-25T16:15:27+00:00\" \/>\n<meta property=\"og:image\" content=\"https:\/\/colegioarquitectos.com\/noticias\/wp-content\/uploads\/2016\/04\/Mall-Chilo\u00e9.jpg\" \/>\n\t<meta property=\"og:image:width\" content=\"690\" \/>\n\t<meta property=\"og:image:height\" content=\"350\" \/>\n\t<meta property=\"og:image:type\" content=\"image\/jpeg\" \/>\n<meta name=\"author\" content=\"Colegio de Arquitectos de Chile\" \/>\n<meta name=\"twitter:card\" content=\"summary_large_image\" \/>\n<meta name=\"twitter:creator\" content=\"@colegioarq\" \/>\n<meta name=\"twitter:site\" content=\"@colegioarq\" \/>\n<meta name=\"twitter:label1\" content=\"Escrito por\" \/>\n\t<meta name=\"twitter:data1\" content=\"Colegio de Arquitectos de Chile\" \/>\n\t<meta name=\"twitter:label2\" content=\"Tiempo de lectura\" \/>\n\t<meta name=\"twitter:data2\" content=\"3 minutos\" \/>\n<script type=\"application\/ld+json\" class=\"yoast-schema-graph\">{\"@context\":\"https:\/\/schema.org\",\"@graph\":[{\"@type\":\"Article\",\"@id\":\"https:\/\/colegioarquitectos.com\/noticias\/?p=12394#article\",\"isPartOf\":{\"@id\":\"https:\/\/colegioarquitectos.com\/noticias\/?p=12394\"},\"author\":{\"name\":\"Colegio de Arquitectos de Chile\",\"@id\":\"https:\/\/colegioarquitectos.com\/noticias\/#\/schema\/person\/685cc0aad148303c5608f049af8285ad\"},\"headline\":\"Desde este lunes 25: Cumbre de arquitectos escanea mall de Castro\",\"datePublished\":\"2016-04-25T16:10:00+00:00\",\"dateModified\":\"2016-04-25T16:15:27+00:00\",\"mainEntityOfPage\":{\"@id\":\"https:\/\/colegioarquitectos.com\/noticias\/?p=12394\"},\"wordCount\":708,\"commentCount\":1,\"publisher\":{\"@id\":\"https:\/\/colegioarquitectos.com\/noticias\/#organization\"},\"image\":{\"@id\":\"https:\/\/colegioarquitectos.com\/noticias\/?p=12394#primaryimage\"},\"thumbnailUrl\":\"https:\/\/colegioarquitectos.com\/noticias\/wp-content\/uploads\/2016\/04\/Mall-Chilo\u00e9.jpg\",\"articleSection\":[\"Noticias\"],\"inLanguage\":\"es\",\"potentialAction\":[{\"@type\":\"CommentAction\",\"name\":\"Comment\",\"target\":[\"https:\/\/colegioarquitectos.com\/noticias\/?p=12394#respond\"]}]},{\"@type\":\"WebPage\",\"@id\":\"https:\/\/colegioarquitectos.com\/noticias\/?p=12394\",\"url\":\"https:\/\/colegioarquitectos.com\/noticias\/?p=12394\",\"name\":\"Desde este lunes 25: Cumbre de arquitectos escanea mall de Castro - COLEGIO DE ARQUITECTOS DE CHILE\",\"isPartOf\":{\"@id\":\"https:\/\/colegioarquitectos.com\/noticias\/#website\"},\"primaryImageOfPage\":{\"@id\":\"https:\/\/colegioarquitectos.com\/noticias\/?p=12394#primaryimage\"},\"image\":{\"@id\":\"https:\/\/colegioarquitectos.com\/noticias\/?p=12394#primaryimage\"},\"thumbnailUrl\":\"https:\/\/colegioarquitectos.com\/noticias\/wp-content\/uploads\/2016\/04\/Mall-Chilo\u00e9.jpg\",\"datePublished\":\"2016-04-25T16:10:00+00:00\",\"dateModified\":\"2016-04-25T16:15:27+00:00\",\"breadcrumb\":{\"@id\":\"https:\/\/colegioarquitectos.com\/noticias\/?p=12394#breadcrumb\"},\"inLanguage\":\"es\",\"potentialAction\":[{\"@type\":\"ReadAction\",\"target\":[\"https:\/\/colegioarquitectos.com\/noticias\/?p=12394\"]}]},{\"@type\":\"ImageObject\",\"inLanguage\":\"es\",\"@id\":\"https:\/\/colegioarquitectos.com\/noticias\/?p=12394#primaryimage\",\"url\":\"https:\/\/colegioarquitectos.com\/noticias\/wp-content\/uploads\/2016\/04\/Mall-Chilo\u00e9.jpg\",\"contentUrl\":\"https:\/\/colegioarquitectos.com\/noticias\/wp-content\/uploads\/2016\/04\/Mall-Chilo\u00e9.jpg\",\"width\":690,\"height\":350},{\"@type\":\"BreadcrumbList\",\"@id\":\"https:\/\/colegioarquitectos.com\/noticias\/?p=12394#breadcrumb\",\"itemListElement\":[{\"@type\":\"ListItem\",\"position\":1,\"name\":\"Portada\",\"item\":\"https:\/\/colegioarquitectos.com\/noticias\"},{\"@type\":\"ListItem\",\"position\":2,\"name\":\"Desde este lunes 25: Cumbre de arquitectos escanea mall de Castro\"}]},{\"@type\":\"WebSite\",\"@id\":\"https:\/\/colegioarquitectos.com\/noticias\/#website\",\"url\":\"https:\/\/colegioarquitectos.com\/noticias\/\",\"name\":\"COLEGIO DE ARQUITECTOS DE CHILE\",\"description\":\"\",\"publisher\":{\"@id\":\"https:\/\/colegioarquitectos.com\/noticias\/#organization\"},\"potentialAction\":[{\"@type\":\"SearchAction\",\"target\":{\"@type\":\"EntryPoint\",\"urlTemplate\":\"https:\/\/colegioarquitectos.com\/noticias\/?s={search_term_string}\"},\"query-input\":{\"@type\":\"PropertyValueSpecification\",\"valueRequired\":true,\"valueName\":\"search_term_string\"}}],\"inLanguage\":\"es\"},{\"@type\":\"Organization\",\"@id\":\"https:\/\/colegioarquitectos.com\/noticias\/#organization\",\"name\":\"COLEGIO DE ARQUITECTOS DE CHILE\",\"url\":\"https:\/\/colegioarquitectos.com\/noticias\/\",\"logo\":{\"@type\":\"ImageObject\",\"inLanguage\":\"es\",\"@id\":\"https:\/\/colegioarquitectos.com\/noticias\/#\/schema\/logo\/image\/\",\"url\":\"https:\/\/colegioarquitectos.com\/noticias\/wp-content\/uploads\/2021\/05\/ENCABEZADO-LOGO-CA.jpg\",\"contentUrl\":\"https:\/\/colegioarquitectos.com\/noticias\/wp-content\/uploads\/2021\/05\/ENCABEZADO-LOGO-CA.jpg\",\"width\":690,\"height\":350,\"caption\":\"COLEGIO DE ARQUITECTOS DE CHILE\"},\"image\":{\"@id\":\"https:\/\/colegioarquitectos.com\/noticias\/#\/schema\/logo\/image\/\"},\"sameAs\":[\"https:\/\/facebook.com\/Colegioarq\/\",\"https:\/\/x.com\/colegioarq\",\"https:\/\/instagram.com\/colegioarq\",\"https:\/\/youtube.com\/@ColegiodeArquitectosdeChile\"]},{\"@type\":\"Person\",\"@id\":\"https:\/\/colegioarquitectos.com\/noticias\/#\/schema\/person\/685cc0aad148303c5608f049af8285ad\",\"name\":\"Colegio de Arquitectos de Chile\",\"url\":\"https:\/\/colegioarquitectos.com\/noticias\/?author=4\"}]}<\/script>\n<!-- \/ Yoast SEO plugin. -->","yoast_head_json":{"title":"Desde este lunes 25: Cumbre de arquitectos escanea mall de Castro - COLEGIO DE ARQUITECTOS DE CHILE","robots":{"index":"index","follow":"follow","max-snippet":"max-snippet:-1","max-image-preview":"max-image-preview:large","max-video-preview":"max-video-preview:-1"},"canonical":"https:\/\/colegioarquitectos.com\/noticias\/?p=12394","og_locale":"es_ES","og_type":"article","og_title":"Desde este lunes 25: Cumbre de arquitectos escanea mall de Castro - COLEGIO DE ARQUITECTOS DE CHILE","og_description":"Encuentro \u00abSOS Ciudades\u00bb convocar\u00e1 a 50 acad\u00e9micos de Latinoam\u00e9rica. Su versi\u00f3n anterior se efectu\u00f3 en La Habana y ahora recala en Chilo\u00e9. Cristi\u00e1n Nanzer, arquitecto y profesor de la Universidad Nacional de C\u00f3rdoba, Argentina, dice estar emocionado. \u201cEl seminario permitir\u00e1 &hellip; ver m\u00e1s","og_url":"https:\/\/colegioarquitectos.com\/noticias\/?p=12394","og_site_name":"COLEGIO DE ARQUITECTOS DE CHILE","article_publisher":"https:\/\/facebook.com\/Colegioarq\/","article_published_time":"2016-04-25T16:10:00+00:00","article_modified_time":"2016-04-25T16:15:27+00:00","og_image":[{"width":690,"height":350,"url":"https:\/\/colegioarquitectos.com\/noticias\/wp-content\/uploads\/2016\/04\/Mall-Chilo\u00e9.jpg","type":"image\/jpeg"}],"author":"Colegio de Arquitectos de Chile","twitter_card":"summary_large_image","twitter_creator":"@colegioarq","twitter_site":"@colegioarq","twitter_misc":{"Escrito por":"Colegio de Arquitectos de Chile","Tiempo de lectura":"3 minutos"},"schema":{"@context":"https:\/\/schema.org","@graph":[{"@type":"Article","@id":"https:\/\/colegioarquitectos.com\/noticias\/?p=12394#article","isPartOf":{"@id":"https:\/\/colegioarquitectos.com\/noticias\/?p=12394"},"author":{"name":"Colegio de Arquitectos de Chile","@id":"https:\/\/colegioarquitectos.com\/noticias\/#\/schema\/person\/685cc0aad148303c5608f049af8285ad"},"headline":"Desde este lunes 25: Cumbre de arquitectos escanea mall de Castro","datePublished":"2016-04-25T16:10:00+00:00","dateModified":"2016-04-25T16:15:27+00:00","mainEntityOfPage":{"@id":"https:\/\/colegioarquitectos.com\/noticias\/?p=12394"},"wordCount":708,"commentCount":1,"publisher":{"@id":"https:\/\/colegioarquitectos.com\/noticias\/#organization"},"image":{"@id":"https:\/\/colegioarquitectos.com\/noticias\/?p=12394#primaryimage"},"thumbnailUrl":"https:\/\/colegioarquitectos.com\/noticias\/wp-content\/uploads\/2016\/04\/Mall-Chilo\u00e9.jpg","articleSection":["Noticias"],"inLanguage":"es","potentialAction":[{"@type":"CommentAction","name":"Comment","target":["https:\/\/colegioarquitectos.com\/noticias\/?p=12394#respond"]}]},{"@type":"WebPage","@id":"https:\/\/colegioarquitectos.com\/noticias\/?p=12394","url":"https:\/\/colegioarquitectos.com\/noticias\/?p=12394","name":"Desde este lunes 25: Cumbre de arquitectos escanea mall de Castro - COLEGIO DE ARQUITECTOS DE CHILE","isPartOf":{"@id":"https:\/\/colegioarquitectos.com\/noticias\/#website"},"primaryImageOfPage":{"@id":"https:\/\/colegioarquitectos.com\/noticias\/?p=12394#primaryimage"},"image":{"@id":"https:\/\/colegioarquitectos.com\/noticias\/?p=12394#primaryimage"},"thumbnailUrl":"https:\/\/colegioarquitectos.com\/noticias\/wp-content\/uploads\/2016\/04\/Mall-Chilo\u00e9.jpg","datePublished":"2016-04-25T16:10:00+00:00","dateModified":"2016-04-25T16:15:27+00:00","breadcrumb":{"@id":"https:\/\/colegioarquitectos.com\/noticias\/?p=12394#breadcrumb"},"inLanguage":"es","potentialAction":[{"@type":"ReadAction","target":["https:\/\/colegioarquitectos.com\/noticias\/?p=12394"]}]},{"@type":"ImageObject","inLanguage":"es","@id":"https:\/\/colegioarquitectos.com\/noticias\/?p=12394#primaryimage","url":"https:\/\/colegioarquitectos.com\/noticias\/wp-content\/uploads\/2016\/04\/Mall-Chilo\u00e9.jpg","contentUrl":"https:\/\/colegioarquitectos.com\/noticias\/wp-content\/uploads\/2016\/04\/Mall-Chilo\u00e9.jpg","width":690,"height":350},{"@type":"BreadcrumbList","@id":"https:\/\/colegioarquitectos.com\/noticias\/?p=12394#breadcrumb","itemListElement":[{"@type":"ListItem","position":1,"name":"Portada","item":"https:\/\/colegioarquitectos.com\/noticias"},{"@type":"ListItem","position":2,"name":"Desde este lunes 25: Cumbre de arquitectos escanea mall de Castro"}]},{"@type":"WebSite","@id":"https:\/\/colegioarquitectos.com\/noticias\/#website","url":"https:\/\/colegioarquitectos.com\/noticias\/","name":"COLEGIO DE ARQUITECTOS DE CHILE","description":"","publisher":{"@id":"https:\/\/colegioarquitectos.com\/noticias\/#organization"},"potentialAction":[{"@type":"SearchAction","target":{"@type":"EntryPoint","urlTemplate":"https:\/\/colegioarquitectos.com\/noticias\/?s={search_term_string}"},"query-input":{"@type":"PropertyValueSpecification","valueRequired":true,"valueName":"search_term_string"}}],"inLanguage":"es"},{"@type":"Organization","@id":"https:\/\/colegioarquitectos.com\/noticias\/#organization","name":"COLEGIO DE ARQUITECTOS DE CHILE","url":"https:\/\/colegioarquitectos.com\/noticias\/","logo":{"@type":"ImageObject","inLanguage":"es","@id":"https:\/\/colegioarquitectos.com\/noticias\/#\/schema\/logo\/image\/","url":"https:\/\/colegioarquitectos.com\/noticias\/wp-content\/uploads\/2021\/05\/ENCABEZADO-LOGO-CA.jpg","contentUrl":"https:\/\/colegioarquitectos.com\/noticias\/wp-content\/uploads\/2021\/05\/ENCABEZADO-LOGO-CA.jpg","width":690,"height":350,"caption":"COLEGIO DE ARQUITECTOS DE CHILE"},"image":{"@id":"https:\/\/colegioarquitectos.com\/noticias\/#\/schema\/logo\/image\/"},"sameAs":["https:\/\/facebook.com\/Colegioarq\/","https:\/\/x.com\/colegioarq","https:\/\/instagram.com\/colegioarq","https:\/\/youtube.com\/@ColegiodeArquitectosdeChile"]},{"@type":"Person","@id":"https:\/\/colegioarquitectos.com\/noticias\/#\/schema\/person\/685cc0aad148303c5608f049af8285ad","name":"Colegio de Arquitectos de Chile","url":"https:\/\/colegioarquitectos.com\/noticias\/?author=4"}]}},"_links":{"self":[{"href":"https:\/\/colegioarquitectos.com\/noticias\/index.php?rest_route=\/wp\/v2\/posts\/12394","targetHints":{"allow":["GET"]}}],"collection":[{"href":"https:\/\/colegioarquitectos.com\/noticias\/index.php?rest_route=\/wp\/v2\/posts"}],"about":[{"href":"https:\/\/colegioarquitectos.com\/noticias\/index.php?rest_route=\/wp\/v2\/types\/post"}],"author":[{"embeddable":true,"href":"https:\/\/colegioarquitectos.com\/noticias\/index.php?rest_route=\/wp\/v2\/users\/4"}],"replies":[{"embeddable":true,"href":"https:\/\/colegioarquitectos.com\/noticias\/index.php?rest_route=%2Fwp%2Fv2%2Fcomments&post=12394"}],"version-history":[{"count":0,"href":"https:\/\/colegioarquitectos.com\/noticias\/index.php?rest_route=\/wp\/v2\/posts\/12394\/revisions"}],"wp:featuredmedia":[{"embeddable":true,"href":"https:\/\/colegioarquitectos.com\/noticias\/index.php?rest_route=\/wp\/v2\/media\/12395"}],"wp:attachment":[{"href":"https:\/\/colegioarquitectos.com\/noticias\/index.php?rest_route=%2Fwp%2Fv2%2Fmedia&parent=12394"}],"wp:term":[{"taxonomy":"category","embeddable":true,"href":"https:\/\/colegioarquitectos.com\/noticias\/index.php?rest_route=%2Fwp%2Fv2%2Fcategories&post=12394"},{"taxonomy":"post_tag","embeddable":true,"href":"https:\/\/colegioarquitectos.com\/noticias\/index.php?rest_route=%2Fwp%2Fv2%2Ftags&post=12394"}],"curies":[{"name":"wp","href":"https:\/\/api.w.org\/{rel}","templated":true}]}}