
{"id":12400,"date":"2016-04-25T16:29:33","date_gmt":"2016-04-25T16:29:33","guid":{"rendered":"http:\/\/colegioarquitectos.com\/?p=12400"},"modified":"2016-04-25T16:31:50","modified_gmt":"2016-04-25T16:31:50","slug":"xv-bienal-de-arquitectura-de-venecia-un-encuentro-enfocado-en-el-99-por-ciento-de-la-poblacion","status":"publish","type":"post","link":"https:\/\/colegioarquitectos.com\/noticias\/?p=12400","title":{"rendered":"XV Bienal de Venecia: encuentro enfocado \u00ab99 por ciento en la poblaci\u00f3n\u00bb"},"content":{"rendered":"<p>Poner el acento en c\u00f3mo mejorar la habitabilidad humana provoca el mayor aplauso para la curator\u00eda de la XV Bienal de Arquitectura de Venecia, pronta a inaugurarse el 28 de mayo, a cargo del chileno Alejandro Aravena. La ampliaci\u00f3n de los campos de acci\u00f3n de la arquitectura concita un gran inter\u00e9s, lo que se ver\u00e1 en contundentes y seductores proyectos.<\/p>\n<p>La pr\u00f3xima Bienal de Arquitectura de Venecia -que se inaugura el 28 de mayo- se proyecta m\u00e1s innovadora y m\u00e1s jugada, en particular por enfrentar los diversos problemas sociales de hoy. El llamado de la curator\u00eda \u00abReportando desde el frente\u00bb -a cargo del arquitecto chileno y flamante Premio Pritzker, Alejandro Aravena- buscar\u00e1 abrir un debate y presentar nuevos puntos de vista sobre c\u00f3mo la arquitectura puede mejorar la calidad de vida de la gente com\u00fan y de menores recursos. \u00abNos interesa ampliar el frente de la arquitectura a la econom\u00eda y a la pol\u00edtica. Tratar de entenderlos en su propio campo -ha dicho Aravena-. Y compartir con un p\u00fablico muy amplio los trabajos que escudri\u00f1an en nuevos \u00e1mbitos de acci\u00f3n y enfrentar problemas como la segregaci\u00f3n, las desigualdades, la escasez de viviendas, la migraci\u00f3n, el crimen, los desastres naturales, la informalidad, el tr\u00e1fico, la poluci\u00f3n, la participaci\u00f3n de comunidades\u00bb.<\/p>\n<p>\u00abLa instituci\u00f3n de la Biennale tiene una larga y profunda historia en arte, cine, teatro, m\u00fasica\u00bb, se\u00f1ala su presidente, el italiano Paolo Baratta. Aunque la de arquitectura es a\u00fan muy joven, reci\u00e9n fue pensada a fines de los a\u00f1os 70. \u00abPor lo mismo esta es una bienal revisionista -puntualiza el miembro del directorio del Colegio de Arquitectos Sebasti\u00e1n Gray-. Es hija de la gran Bienal de Arte que parti\u00f3 en 1895, mientras que la de Arquitectura naci\u00f3 en 1980, durante una \u00e9poca turbulenta y con una profunda cr\u00edtica a lo moderno. En ese momento aparecieron los temas que, hasta hoy, son absolutamente revisionistas, desafiantes, que definen a esta bienal como la gran reuni\u00f3n de la vanguardia. Por eso, no me sorprende que Alejandro Aravena, como curador de ella, se haga cargo de la contingencia. La bienal es pura contingencia. Es lo que corresponde\u00bb. Y agrega: \u00abTendremos que ver ahora c\u00f3mo ser\u00e1 la curator\u00eda en terreno, qu\u00e9 hizo Alejandro Aravena con sus propios recursos y sus invitados. Solo se sabr\u00e1 bien cuando se inaugure\u00bb.<\/p>\n<p><strong>Calidad de vida<\/strong><\/p>\n<p>El arquitecto y presidente de la Agrupaci\u00f3n de Oficinas de Arquitectos de Chile (AOA), Osvaldo Fuenzalida, tiene una mirada algo distinta. Resalta muy especialmente el aporte de Aravena. \u00ab\u00c9l puso en el tapete, por primera vez en la historia de esta bienal, un llamado a mejorar la calidad de vida, hecho que llega al 99 por ciento de la poblaci\u00f3n, a los que no viven en un museo ni en una casa de \u00f3pera\u00bb.<\/p>\n<p>\u00abLa bienal no solucionar\u00e1 los problemas -reconoce Fuenzalida-, pero levanta la voz. Eso es clave, porque la arquitectura no es solo una mirada del artista, sino que representa una visi\u00f3n humana que toca todas las necesidades del hombre\u00bb.<\/p>\n<p>La presidenta del Colegio de Arquitectos, Pilar Urrejola, comparte la trascendencia del llamado del curador: \u00abEl instala como tema un problema social como es el habitar&#8230; Est\u00e1 bien que exista esp\u00edritu cr\u00edtico, pero hay que poner en valor esta participaci\u00f3n. Las bienales de arquitectura han visualizado la relevancia de la arquitectura a nivel de los habitantes y la de Venecia tiene un rol important\u00edsimo, que incluye a la arquitectura en su amplitud. Se hablar\u00e1 de ciudad, de patrimonio, de arte, de c\u00f3mo la arquitectura acoge o no la vida. Y en este aspecto es extraordinario que tengamos a Alejandro Aravena. Un Premio Pritzker que influye y que, junto a muchos arquitectos chilenos en el mundo, son talentos que a\u00fan no aprovechamos en el pa\u00eds, como se debiera\u00bb.<\/p>\n<p>\u00abLa arquitectura es absolutamente transversal, interesa a todos -subraya la profesional-. Es un deber no ser indiferente a ella y ahora la Bienal de Venecia nos queda m\u00e1s cerca que antes. Hay que aprovecharla. Las bienales constituyen un enorme aporte a la cultura transversal, hay que entenderlas e incorporarlas\u00bb, concluye.<\/p>\n<p><strong>Escuela flotante, Campo di Marte&#8230;<\/strong><\/p>\n<p>La pr\u00f3xima Bienal contempla profundos y singulares proyectos que abordan diferentes propuestas de viviendas sociales, afrontan los temas de educaci\u00f3n, los efectos de la guerra, las migraciones y desigualdades, en los diversos trabajos de los 88 profesionales invitados por Aravena a la exposici\u00f3n central, y en muchas de las 63 representaciones nacionales participantes, como Chile (ver recuadro).<\/p>\n<p>La lista de invitados incluye tambi\u00e9n nombres famosos como Tadao Ando, la oficina de Peter Zumthor, el estudio de David Chipperfield, el grupo de Renzo Piano, la Fundaci\u00f3n Norman Foster, entre otros.<\/p>\n<p>La \u00abEscuela flotante en Makoko\u00bb es uno de los proyectos que enfrenta varias cuestiones sociales a la vez. El arquitecto Kunl\u00e9 Adeyemi proyect\u00f3 una escuela de varios niveles en una de las zonas m\u00e1s pobladas de Lagos, en Nigeria. Se levanta sobre plataformas que flotan, \u00abcon el objetivo de ayudar a resolver problemas de escasez de tierras y aprovechar en forma eficiente las zonas propensas a las inundaciones\u00bb, precisa.<\/p>\n<p>La escuela tiene 100 metros cuadrados y 10 metros de alto, en los que cerca de 300 barriles de pl\u00e1stico la vuelven flotante. Fue construida con madera local y se contempl\u00f3 el uso de paneles solares para la electricidad. El profesional nigeriano declar\u00f3 que si \u00abese modelo tiene \u00e9xito, con costos mucho m\u00e1s bajos que la construcci\u00f3n en tierra, las estructuras multiplicadas podr\u00edan proporcionar viviendas para m\u00e1s de 100 mil personas en esa zona\u00bb.<\/p>\n<p>Portugal presentar\u00e1 otra propuesta contundente y seductora sobre calidad de vida: \u00abEl barrio donde Alvaro Siza se re\u00fane con Aldo Rossi\u00bb. Los arquitectos Nun Grande y Roberto Cremascoli explicaron \u00abque se instalar\u00e1 en la isla Giudecca de Venecia, donde est\u00e1 el proyecto de vivienda Social de Siza, de 1985, &#8216;Campo di marte&#8217;, que integra un trabajo m\u00e1s amplio que incluy\u00f3 dise\u00f1os de Rossi\u00bb. La muestra se centrar\u00e1 en la obra del portugu\u00e9s en vivienda social e incorporar\u00e1 sus intervenciones en Berl\u00edn y La Haya. Alvaro Siza fue influenciado fuertemente por Aldo Rossi, en particular por su ensayo \u00abLa arquitectura de la ciudad\u00bb. Se exhibir\u00e1n fotograf\u00edas y videos, y se invitar\u00e1 al p\u00fablico a interactuar en el barrio di Marte.<\/p>\n<p>Gran Breta\u00f1a lleva sus \u00abHome economics\u00bb; Grecia tocar\u00e1 los \u00abDesaf\u00edos de la arquitectura en sitios de crisis\u00bb, y Holanda expondr\u00e1 \u00abArquitectura en misiones de paz\u00bb, entre muchos otros.<\/p>\n<p>Por su parte, invitados por Alejandro Aravena, participan los arquitectos austr\u00edacos Bernhard y Stefan Marte. Lo har\u00e1n con un espectacular puente sobre la quebrada de Schanerloch, que integra una carretera que va de Dornbirn hasta la aldea de Ebnit, en un recorrido por t\u00faneles de roca natural y puentes de piedra. El puente de los hermanos Marte inspirado en el arco de piedra, \u00ablleva la geometr\u00eda del arco al l\u00edmite, gracias a la tecnolog\u00eda, y la escultura de hormig\u00f3n parece serpentear por la monta\u00f1a en un dram\u00e1tico emplazamiento\u00bb, describen.<\/p>\n<p><strong>Auschwitz, arquitectura como prueba legal<\/strong><\/p>\n<p>El rol de la arquitectura m\u00e1s all\u00e1 de su campo -en este caso como prueba legal de la existencia del Holocausto jud\u00edo- se desplegar\u00e1 en una muestra que integra la curator\u00eda propia de Aravena. Esa exposici\u00f3n, \u00abLa pieza de la evidencia\u00bb, mostrar\u00e1 r\u00e9plicas a escala real de piezas arquitect\u00f3nicas que \u00abratificaron\u00bb en un momento la existencia de Auschwitz, como una columna que transportaba el gas o la portilla herm\u00e9tica.<\/p>\n<p>Ello se remonta a un juicio, en el a\u00f1o 2000, del brit\u00e1nico David Irving, conocido negador del Holocausto, quien demand\u00f3 a un historiador y a su editorial estadounidense por difamaci\u00f3n. Irving argumentaba que el Holocausto no habr\u00eda existido. Pero Robert Jan van Pelt -experto en Auschwitz, de la Universidad de Waterloo, en Canad\u00e1- sirvi\u00f3 como testigo y sus pruebas arquitect\u00f3nicas fueron claves y se transformaron en una de las fuentes para el origen de una nueva disciplina: el an\u00e1lisis forense arquitect\u00f3nico. Una disciplina que cruza la arquitectura, la tecnolog\u00eda, la historia y los derechos humanos.<\/p>\n<p>En tanto, uno de los tres \u00abProyectos especiales\u00bb de la bienal abordar\u00e1 un tema m\u00e1s amable pero que vive momentos de serio peligro: el patrimonio mundial. Lo har\u00e1n en conjunto con el Victoria&amp;Albert Museum, de Londres. El objetivo de este trabajo es \u00abexplorar la preservaci\u00f3n de sitios del patrimonio global y c\u00f3mo producir copias, con el fin de preservar los artefactos culturales originales. Los recientes ataques de la guerra en Siria, la inclemencia clim\u00e1tica y el aumento del turismo ponen en riesgo de destrucci\u00f3n y p\u00e9rdida esos sitios y objetos arqueol\u00f3gicos\u00bb, se\u00f1ala el curador de dise\u00f1o del museo, Brendan Cormier.<\/p>\n<p>El avance de la tecnolog\u00eda y los nuevos par\u00e1metros para la fabricaci\u00f3n de copias tienen a ese museo inmerso en el tema, algunos de cuyos trabajos se exhibir\u00e1n. A la vez, se reflexionar\u00e1 sobre la relaci\u00f3n entre la copia y el original en una sociedad que privilegia la autenticidad. Y se ver\u00e1n temas como lo que distingue una mala copia de una buena, entre otros.<\/p>\n<p>En el \u00e1mbito de la historia y el tr\u00e1fico mar\u00edtimo estar\u00e1 el proyecto de Turqu\u00eda: abordar\u00e1 los or\u00edgenes hist\u00f3ricos compartidos y cruces de dos antiguos puertos: Estambul y Venecia, \u00abPuertos gemelos del Mediterr\u00e1neo\u00bb. La muesra buscar\u00e1 enfrentarlos y llevar\u00e1n -virtualmente- el muelle de Estambul a la primaveral Venecia de la Bienal de Arquitectura.<\/p>\n<p>Por Cecilia Vald\u00e9s Urrutia<\/p>\n<p><a href=\"http:\/\/impresa.elmercurio.com\/Pages\/NewsDetail.aspx?dt=24-04-2016%200:00:00&amp;dtB=25-04-2016%200:00:00&amp;BodyID=6&amp;PaginaId=2\">Fuente: El Mercurio, Artes y Letras<\/a><\/p>\n<p><\/p>","protected":false},"excerpt":{"rendered":"<p>Poner el acento en c\u00f3mo mejorar la habitabilidad humana provoca el mayor aplauso para la curator\u00eda de la XV Bienal de Arquitectura de Venecia, pronta a inaugurarse el 28 de mayo, a cargo del chileno Alejandro Aravena. La ampliaci\u00f3n de &hellip; <a class=\"more-link\" href=\"https:\/\/colegioarquitectos.com\/noticias\/?p=12400\">ver m\u00e1s<\/a><\/p>","protected":false},"author":4,"featured_media":12401,"comment_status":"open","ping_status":"open","sticky":false,"template":"","format":"standard","meta":{"footnotes":""},"categories":[3],"tags":[],"class_list":["post-12400","post","type-post","status-publish","format-standard","has-post-thumbnail","hentry","category-noticias"],"yoast_head":"<!-- This site is optimized with the Yoast SEO plugin v24.2 - https:\/\/yoast.com\/wordpress\/plugins\/seo\/ -->\n<title>XV Bienal de Venecia: encuentro enfocado &quot;99 por ciento en la poblaci\u00f3n&quot; - COLEGIO DE ARQUITECTOS DE CHILE<\/title>\n<meta name=\"robots\" content=\"index, follow, max-snippet:-1, max-image-preview:large, max-video-preview:-1\" \/>\n<link rel=\"canonical\" href=\"https:\/\/colegioarquitectos.com\/noticias\/?p=12400\" \/>\n<meta property=\"og:locale\" content=\"es_ES\" \/>\n<meta property=\"og:type\" content=\"article\" \/>\n<meta property=\"og:title\" content=\"XV Bienal de Venecia: encuentro enfocado &quot;99 por ciento en la poblaci\u00f3n&quot; - COLEGIO DE ARQUITECTOS DE CHILE\" \/>\n<meta property=\"og:description\" content=\"Poner el acento en c\u00f3mo mejorar la habitabilidad humana provoca el mayor aplauso para la curator\u00eda de la XV Bienal de Arquitectura de Venecia, pronta a inaugurarse el 28 de mayo, a cargo del chileno Alejandro Aravena. La ampliaci\u00f3n de &hellip; ver m\u00e1s\" \/>\n<meta property=\"og:url\" content=\"https:\/\/colegioarquitectos.com\/noticias\/?p=12400\" \/>\n<meta property=\"og:site_name\" content=\"COLEGIO DE ARQUITECTOS DE CHILE\" \/>\n<meta property=\"article:publisher\" content=\"https:\/\/facebook.com\/Colegioarq\/\" \/>\n<meta property=\"article:published_time\" content=\"2016-04-25T16:29:33+00:00\" \/>\n<meta property=\"article:modified_time\" content=\"2016-04-25T16:31:50+00:00\" \/>\n<meta property=\"og:image\" content=\"https:\/\/colegioarquitectos.com\/noticias\/wp-content\/uploads\/2016\/04\/XV-Bienal-Venecia.jpg\" \/>\n\t<meta property=\"og:image:width\" content=\"690\" \/>\n\t<meta property=\"og:image:height\" content=\"350\" \/>\n\t<meta property=\"og:image:type\" content=\"image\/jpeg\" \/>\n<meta name=\"author\" content=\"Colegio de Arquitectos de Chile\" \/>\n<meta name=\"twitter:card\" content=\"summary_large_image\" \/>\n<meta name=\"twitter:creator\" content=\"@colegioarq\" \/>\n<meta name=\"twitter:site\" content=\"@colegioarq\" \/>\n<meta name=\"twitter:label1\" content=\"Escrito por\" \/>\n\t<meta name=\"twitter:data1\" content=\"Colegio de Arquitectos de Chile\" \/>\n\t<meta name=\"twitter:label2\" content=\"Tiempo de lectura\" \/>\n\t<meta name=\"twitter:data2\" content=\"8 minutos\" \/>\n<script type=\"application\/ld+json\" class=\"yoast-schema-graph\">{\"@context\":\"https:\/\/schema.org\",\"@graph\":[{\"@type\":\"Article\",\"@id\":\"https:\/\/colegioarquitectos.com\/noticias\/?p=12400#article\",\"isPartOf\":{\"@id\":\"https:\/\/colegioarquitectos.com\/noticias\/?p=12400\"},\"author\":{\"name\":\"Colegio de Arquitectos de Chile\",\"@id\":\"https:\/\/colegioarquitectos.com\/noticias\/#\/schema\/person\/685cc0aad148303c5608f049af8285ad\"},\"headline\":\"XV Bienal de Venecia: encuentro enfocado \u00ab99 por ciento en la poblaci\u00f3n\u00bb\",\"datePublished\":\"2016-04-25T16:29:33+00:00\",\"dateModified\":\"2016-04-25T16:31:50+00:00\",\"mainEntityOfPage\":{\"@id\":\"https:\/\/colegioarquitectos.com\/noticias\/?p=12400\"},\"wordCount\":1657,\"commentCount\":0,\"publisher\":{\"@id\":\"https:\/\/colegioarquitectos.com\/noticias\/#organization\"},\"image\":{\"@id\":\"https:\/\/colegioarquitectos.com\/noticias\/?p=12400#primaryimage\"},\"thumbnailUrl\":\"https:\/\/colegioarquitectos.com\/noticias\/wp-content\/uploads\/2016\/04\/XV-Bienal-Venecia.jpg\",\"articleSection\":[\"Noticias\"],\"inLanguage\":\"es\",\"potentialAction\":[{\"@type\":\"CommentAction\",\"name\":\"Comment\",\"target\":[\"https:\/\/colegioarquitectos.com\/noticias\/?p=12400#respond\"]}]},{\"@type\":\"WebPage\",\"@id\":\"https:\/\/colegioarquitectos.com\/noticias\/?p=12400\",\"url\":\"https:\/\/colegioarquitectos.com\/noticias\/?p=12400\",\"name\":\"XV Bienal de Venecia: encuentro enfocado \\\"99 por ciento en la poblaci\u00f3n\\\" - COLEGIO DE ARQUITECTOS DE CHILE\",\"isPartOf\":{\"@id\":\"https:\/\/colegioarquitectos.com\/noticias\/#website\"},\"primaryImageOfPage\":{\"@id\":\"https:\/\/colegioarquitectos.com\/noticias\/?p=12400#primaryimage\"},\"image\":{\"@id\":\"https:\/\/colegioarquitectos.com\/noticias\/?p=12400#primaryimage\"},\"thumbnailUrl\":\"https:\/\/colegioarquitectos.com\/noticias\/wp-content\/uploads\/2016\/04\/XV-Bienal-Venecia.jpg\",\"datePublished\":\"2016-04-25T16:29:33+00:00\",\"dateModified\":\"2016-04-25T16:31:50+00:00\",\"breadcrumb\":{\"@id\":\"https:\/\/colegioarquitectos.com\/noticias\/?p=12400#breadcrumb\"},\"inLanguage\":\"es\",\"potentialAction\":[{\"@type\":\"ReadAction\",\"target\":[\"https:\/\/colegioarquitectos.com\/noticias\/?p=12400\"]}]},{\"@type\":\"ImageObject\",\"inLanguage\":\"es\",\"@id\":\"https:\/\/colegioarquitectos.com\/noticias\/?p=12400#primaryimage\",\"url\":\"https:\/\/colegioarquitectos.com\/noticias\/wp-content\/uploads\/2016\/04\/XV-Bienal-Venecia.jpg\",\"contentUrl\":\"https:\/\/colegioarquitectos.com\/noticias\/wp-content\/uploads\/2016\/04\/XV-Bienal-Venecia.jpg\",\"width\":690,\"height\":350},{\"@type\":\"BreadcrumbList\",\"@id\":\"https:\/\/colegioarquitectos.com\/noticias\/?p=12400#breadcrumb\",\"itemListElement\":[{\"@type\":\"ListItem\",\"position\":1,\"name\":\"Portada\",\"item\":\"https:\/\/colegioarquitectos.com\/noticias\"},{\"@type\":\"ListItem\",\"position\":2,\"name\":\"XV Bienal de Venecia: encuentro enfocado \u00ab99 por ciento en la poblaci\u00f3n\u00bb\"}]},{\"@type\":\"WebSite\",\"@id\":\"https:\/\/colegioarquitectos.com\/noticias\/#website\",\"url\":\"https:\/\/colegioarquitectos.com\/noticias\/\",\"name\":\"COLEGIO DE ARQUITECTOS DE CHILE\",\"description\":\"\",\"publisher\":{\"@id\":\"https:\/\/colegioarquitectos.com\/noticias\/#organization\"},\"potentialAction\":[{\"@type\":\"SearchAction\",\"target\":{\"@type\":\"EntryPoint\",\"urlTemplate\":\"https:\/\/colegioarquitectos.com\/noticias\/?s={search_term_string}\"},\"query-input\":{\"@type\":\"PropertyValueSpecification\",\"valueRequired\":true,\"valueName\":\"search_term_string\"}}],\"inLanguage\":\"es\"},{\"@type\":\"Organization\",\"@id\":\"https:\/\/colegioarquitectos.com\/noticias\/#organization\",\"name\":\"COLEGIO DE ARQUITECTOS DE CHILE\",\"url\":\"https:\/\/colegioarquitectos.com\/noticias\/\",\"logo\":{\"@type\":\"ImageObject\",\"inLanguage\":\"es\",\"@id\":\"https:\/\/colegioarquitectos.com\/noticias\/#\/schema\/logo\/image\/\",\"url\":\"https:\/\/colegioarquitectos.com\/noticias\/wp-content\/uploads\/2021\/05\/ENCABEZADO-LOGO-CA.jpg\",\"contentUrl\":\"https:\/\/colegioarquitectos.com\/noticias\/wp-content\/uploads\/2021\/05\/ENCABEZADO-LOGO-CA.jpg\",\"width\":690,\"height\":350,\"caption\":\"COLEGIO DE ARQUITECTOS DE CHILE\"},\"image\":{\"@id\":\"https:\/\/colegioarquitectos.com\/noticias\/#\/schema\/logo\/image\/\"},\"sameAs\":[\"https:\/\/facebook.com\/Colegioarq\/\",\"https:\/\/x.com\/colegioarq\",\"https:\/\/instagram.com\/colegioarq\",\"https:\/\/youtube.com\/@ColegiodeArquitectosdeChile\"]},{\"@type\":\"Person\",\"@id\":\"https:\/\/colegioarquitectos.com\/noticias\/#\/schema\/person\/685cc0aad148303c5608f049af8285ad\",\"name\":\"Colegio de Arquitectos de Chile\",\"url\":\"https:\/\/colegioarquitectos.com\/noticias\/?author=4\"}]}<\/script>\n<!-- \/ Yoast SEO plugin. -->","yoast_head_json":{"title":"XV Bienal de Venecia: encuentro enfocado \"99 por ciento en la poblaci\u00f3n\" - COLEGIO DE ARQUITECTOS DE CHILE","robots":{"index":"index","follow":"follow","max-snippet":"max-snippet:-1","max-image-preview":"max-image-preview:large","max-video-preview":"max-video-preview:-1"},"canonical":"https:\/\/colegioarquitectos.com\/noticias\/?p=12400","og_locale":"es_ES","og_type":"article","og_title":"XV Bienal de Venecia: encuentro enfocado \"99 por ciento en la poblaci\u00f3n\" - COLEGIO DE ARQUITECTOS DE CHILE","og_description":"Poner el acento en c\u00f3mo mejorar la habitabilidad humana provoca el mayor aplauso para la curator\u00eda de la XV Bienal de Arquitectura de Venecia, pronta a inaugurarse el 28 de mayo, a cargo del chileno Alejandro Aravena. La ampliaci\u00f3n de &hellip; ver m\u00e1s","og_url":"https:\/\/colegioarquitectos.com\/noticias\/?p=12400","og_site_name":"COLEGIO DE ARQUITECTOS DE CHILE","article_publisher":"https:\/\/facebook.com\/Colegioarq\/","article_published_time":"2016-04-25T16:29:33+00:00","article_modified_time":"2016-04-25T16:31:50+00:00","og_image":[{"width":690,"height":350,"url":"https:\/\/colegioarquitectos.com\/noticias\/wp-content\/uploads\/2016\/04\/XV-Bienal-Venecia.jpg","type":"image\/jpeg"}],"author":"Colegio de Arquitectos de Chile","twitter_card":"summary_large_image","twitter_creator":"@colegioarq","twitter_site":"@colegioarq","twitter_misc":{"Escrito por":"Colegio de Arquitectos de Chile","Tiempo de lectura":"8 minutos"},"schema":{"@context":"https:\/\/schema.org","@graph":[{"@type":"Article","@id":"https:\/\/colegioarquitectos.com\/noticias\/?p=12400#article","isPartOf":{"@id":"https:\/\/colegioarquitectos.com\/noticias\/?p=12400"},"author":{"name":"Colegio de Arquitectos de Chile","@id":"https:\/\/colegioarquitectos.com\/noticias\/#\/schema\/person\/685cc0aad148303c5608f049af8285ad"},"headline":"XV Bienal de Venecia: encuentro enfocado \u00ab99 por ciento en la poblaci\u00f3n\u00bb","datePublished":"2016-04-25T16:29:33+00:00","dateModified":"2016-04-25T16:31:50+00:00","mainEntityOfPage":{"@id":"https:\/\/colegioarquitectos.com\/noticias\/?p=12400"},"wordCount":1657,"commentCount":0,"publisher":{"@id":"https:\/\/colegioarquitectos.com\/noticias\/#organization"},"image":{"@id":"https:\/\/colegioarquitectos.com\/noticias\/?p=12400#primaryimage"},"thumbnailUrl":"https:\/\/colegioarquitectos.com\/noticias\/wp-content\/uploads\/2016\/04\/XV-Bienal-Venecia.jpg","articleSection":["Noticias"],"inLanguage":"es","potentialAction":[{"@type":"CommentAction","name":"Comment","target":["https:\/\/colegioarquitectos.com\/noticias\/?p=12400#respond"]}]},{"@type":"WebPage","@id":"https:\/\/colegioarquitectos.com\/noticias\/?p=12400","url":"https:\/\/colegioarquitectos.com\/noticias\/?p=12400","name":"XV Bienal de Venecia: encuentro enfocado \"99 por ciento en la poblaci\u00f3n\" - COLEGIO DE ARQUITECTOS DE CHILE","isPartOf":{"@id":"https:\/\/colegioarquitectos.com\/noticias\/#website"},"primaryImageOfPage":{"@id":"https:\/\/colegioarquitectos.com\/noticias\/?p=12400#primaryimage"},"image":{"@id":"https:\/\/colegioarquitectos.com\/noticias\/?p=12400#primaryimage"},"thumbnailUrl":"https:\/\/colegioarquitectos.com\/noticias\/wp-content\/uploads\/2016\/04\/XV-Bienal-Venecia.jpg","datePublished":"2016-04-25T16:29:33+00:00","dateModified":"2016-04-25T16:31:50+00:00","breadcrumb":{"@id":"https:\/\/colegioarquitectos.com\/noticias\/?p=12400#breadcrumb"},"inLanguage":"es","potentialAction":[{"@type":"ReadAction","target":["https:\/\/colegioarquitectos.com\/noticias\/?p=12400"]}]},{"@type":"ImageObject","inLanguage":"es","@id":"https:\/\/colegioarquitectos.com\/noticias\/?p=12400#primaryimage","url":"https:\/\/colegioarquitectos.com\/noticias\/wp-content\/uploads\/2016\/04\/XV-Bienal-Venecia.jpg","contentUrl":"https:\/\/colegioarquitectos.com\/noticias\/wp-content\/uploads\/2016\/04\/XV-Bienal-Venecia.jpg","width":690,"height":350},{"@type":"BreadcrumbList","@id":"https:\/\/colegioarquitectos.com\/noticias\/?p=12400#breadcrumb","itemListElement":[{"@type":"ListItem","position":1,"name":"Portada","item":"https:\/\/colegioarquitectos.com\/noticias"},{"@type":"ListItem","position":2,"name":"XV Bienal de Venecia: encuentro enfocado \u00ab99 por ciento en la poblaci\u00f3n\u00bb"}]},{"@type":"WebSite","@id":"https:\/\/colegioarquitectos.com\/noticias\/#website","url":"https:\/\/colegioarquitectos.com\/noticias\/","name":"COLEGIO DE ARQUITECTOS DE CHILE","description":"","publisher":{"@id":"https:\/\/colegioarquitectos.com\/noticias\/#organization"},"potentialAction":[{"@type":"SearchAction","target":{"@type":"EntryPoint","urlTemplate":"https:\/\/colegioarquitectos.com\/noticias\/?s={search_term_string}"},"query-input":{"@type":"PropertyValueSpecification","valueRequired":true,"valueName":"search_term_string"}}],"inLanguage":"es"},{"@type":"Organization","@id":"https:\/\/colegioarquitectos.com\/noticias\/#organization","name":"COLEGIO DE ARQUITECTOS DE CHILE","url":"https:\/\/colegioarquitectos.com\/noticias\/","logo":{"@type":"ImageObject","inLanguage":"es","@id":"https:\/\/colegioarquitectos.com\/noticias\/#\/schema\/logo\/image\/","url":"https:\/\/colegioarquitectos.com\/noticias\/wp-content\/uploads\/2021\/05\/ENCABEZADO-LOGO-CA.jpg","contentUrl":"https:\/\/colegioarquitectos.com\/noticias\/wp-content\/uploads\/2021\/05\/ENCABEZADO-LOGO-CA.jpg","width":690,"height":350,"caption":"COLEGIO DE ARQUITECTOS DE CHILE"},"image":{"@id":"https:\/\/colegioarquitectos.com\/noticias\/#\/schema\/logo\/image\/"},"sameAs":["https:\/\/facebook.com\/Colegioarq\/","https:\/\/x.com\/colegioarq","https:\/\/instagram.com\/colegioarq","https:\/\/youtube.com\/@ColegiodeArquitectosdeChile"]},{"@type":"Person","@id":"https:\/\/colegioarquitectos.com\/noticias\/#\/schema\/person\/685cc0aad148303c5608f049af8285ad","name":"Colegio de Arquitectos de Chile","url":"https:\/\/colegioarquitectos.com\/noticias\/?author=4"}]}},"_links":{"self":[{"href":"https:\/\/colegioarquitectos.com\/noticias\/index.php?rest_route=\/wp\/v2\/posts\/12400","targetHints":{"allow":["GET"]}}],"collection":[{"href":"https:\/\/colegioarquitectos.com\/noticias\/index.php?rest_route=\/wp\/v2\/posts"}],"about":[{"href":"https:\/\/colegioarquitectos.com\/noticias\/index.php?rest_route=\/wp\/v2\/types\/post"}],"author":[{"embeddable":true,"href":"https:\/\/colegioarquitectos.com\/noticias\/index.php?rest_route=\/wp\/v2\/users\/4"}],"replies":[{"embeddable":true,"href":"https:\/\/colegioarquitectos.com\/noticias\/index.php?rest_route=%2Fwp%2Fv2%2Fcomments&post=12400"}],"version-history":[{"count":0,"href":"https:\/\/colegioarquitectos.com\/noticias\/index.php?rest_route=\/wp\/v2\/posts\/12400\/revisions"}],"wp:featuredmedia":[{"embeddable":true,"href":"https:\/\/colegioarquitectos.com\/noticias\/index.php?rest_route=\/wp\/v2\/media\/12401"}],"wp:attachment":[{"href":"https:\/\/colegioarquitectos.com\/noticias\/index.php?rest_route=%2Fwp%2Fv2%2Fmedia&parent=12400"}],"wp:term":[{"taxonomy":"category","embeddable":true,"href":"https:\/\/colegioarquitectos.com\/noticias\/index.php?rest_route=%2Fwp%2Fv2%2Fcategories&post=12400"},{"taxonomy":"post_tag","embeddable":true,"href":"https:\/\/colegioarquitectos.com\/noticias\/index.php?rest_route=%2Fwp%2Fv2%2Ftags&post=12400"}],"curies":[{"name":"wp","href":"https:\/\/api.w.org\/{rel}","templated":true}]}}