
{"id":12437,"date":"2016-04-27T19:19:45","date_gmt":"2016-04-27T19:19:45","guid":{"rendered":"http:\/\/colegioarquitectos.com\/?p=12437"},"modified":"2016-04-27T19:23:50","modified_gmt":"2016-04-27T19:23:50","slug":"iquique-seminario-ciudad-un-derecho-jueves-5-de-mayo","status":"publish","type":"post","link":"https:\/\/colegioarquitectos.com\/noticias\/?p=12437","title":{"rendered":"Iquique: Seminario \u00abCiudad \u00bfun derecho? jueves 5 de mayo"},"content":{"rendered":"<p>El Seminario CIUDAD \u00bfUN DERECHO? busca abrir la discusi\u00f3n en torno al acceso a la ciudad, su planificaci\u00f3n y el rol del Estado en materia de suelo y derecho a la vivienda. Es una instancia organizada por la Universidad Arturo Prat, la Fundaci\u00f3n para la Superaci\u00f3n de la Pobreza y Un Techo para Chile, y patrocinado por la Delegaci\u00f3n Tarapac\u00e1 del Colegio de Arquitectos.<\/p>\n<p>La tem\u00e1tica a tratar se plantea desde la siguiente perspectiva:<\/p>\n<p>En el sistema Interurbano que integra las ciudades de Iquique y Alto Hospicio el suelo \u201cp\u00fablico\u201d es supuestamente escaso, lo que ha llevado a los privados a especular e incidir fuertemente sobre el valor de \u00e9ste llev\u00e1ndolo a precios sumamente elevados. Es por ello que actualmente, no existen terrenos para la construcci\u00f3n de vivienda social, lo que ha generado un d\u00e9ficit habitacional de m\u00e1s de 13.000 viviendas y ha dejado a 1.682 familias viviendo en campamentos, cifra que va en un r\u00e1pido aumento.<\/p>\n<p>&nbsp;<\/p>\n<p><strong>\u00bfQu\u00e9 podemos hacer frente a esta problem\u00e1tica?<\/strong><\/p>\n<p><strong>\u00bfC\u00f3mo se hace cargo -o no se hace cargo- el Estado de la falta de suelos?<\/strong><\/p>\n<p><strong>\u00bfC\u00f3mo se controla la especulaci\u00f3n y el poder del mercado inmobiliario?<\/strong><\/p>\n<p>&nbsp;<\/p>\n<p>El fin es aportar desde distintas miradas, tanto acad\u00e9micas como expertas y de dirigentes de campamentos, a la discusi\u00f3n sobre la problem\u00e1tica del uso del suelo en la regi\u00f3n de Tarapac\u00e1.<\/p>\n<p>&nbsp;<\/p>\n<p>PROGRAMA<\/p>\n<p>9.00 &#8211; 9.20 Recepci\u00f3n de asistentes<\/p>\n<p>9:20 &#8211; 9:30 Presentaci\u00f3n<\/p>\n<p>&nbsp;<\/p>\n<p><strong>Primer panel \u00abPol\u00edticas p\u00fablicas y enfoque de derecho en materia de uso de suelo y vivienda social\u201d<\/strong><\/p>\n<p>09:30 \u2013 09:55 Expositor 1: Leonardo Moreno<\/p>\n<p>10:00 \u2013 10:25 Expositor 2 : Ernesto L\u00f3pez-Morales<\/p>\n<p>10:30 \u2013 10:55 Expositor 3 : Juan Crist\u00f3bal Beyt\u00eda SJ<\/p>\n<p>11:00 \u2013 11:20 Caf\u00e9<\/p>\n<p>&nbsp;<\/p>\n<p><strong>Segundo panel: Efectos y consecuencias de un desarrollo econ\u00f3mico de las ciudades, los casos de Iquique y Alto Hospicio<\/strong><\/p>\n<p>11:40 \u2013 12:05 Expositor 4: Claudio Guerra \u201cGentrificaci\u00f3n en Alto Hospicio\u201d<\/p>\n<p>12:10 \u2013 12:40 Expositor 5: Cinthya Herrera \u201cLa lucha por la vivienda propia en el ex vertedero\u201d<\/p>\n<p>&nbsp;<\/p>\n<p>Paneles de conversaci\u00f3n paralelos<\/p>\n<p>12:40 a 12:50: Divisi\u00f3n de paneles de conversaci\u00f3n<\/p>\n<p>12:50 a 13:30: Trabajo grupal por panel<\/p>\n<p>13:30 a 13:35: Retorno a sal\u00f3n general<\/p>\n<p>13:35 a 14:00: Resumen de conclusiones por panel, cierre del seminario y entrega de acreditaci\u00f3n de participaci\u00f3n.<\/p>\n<p>&nbsp;<\/p>\n<p><a href=\"http:\/\/colegioarquitectos.com\/noticias\/wp-content\/uploads\/2016\/04\/unnamed2.jpg\"><img loading=\"lazy\" decoding=\"async\" class=\"alignnone wp-image-12439 size-full\" src=\"http:\/\/colegioarquitectos.com\/noticias\/wp-content\/uploads\/2016\/04\/unnamed2.jpg\" alt=\"unnamed\" width=\"665\" height=\"1024\" srcset=\"https:\/\/colegioarquitectos.com\/noticias\/wp-content\/uploads\/2016\/04\/unnamed2.jpg 665w, https:\/\/colegioarquitectos.com\/noticias\/wp-content\/uploads\/2016\/04\/unnamed2-195x300.jpg 195w\" sizes=\"auto, (max-width: 665px) 100vw, 665px\" \/><\/a><\/p>\n<p><\/p>","protected":false},"excerpt":{"rendered":"<p>El Seminario CIUDAD \u00bfUN DERECHO? busca abrir la discusi\u00f3n en torno al acceso a la ciudad, su planificaci\u00f3n y el rol del Estado en materia de suelo y derecho a la vivienda. Es una instancia organizada por la Universidad Arturo &hellip; <a class=\"more-link\" href=\"https:\/\/colegioarquitectos.com\/noticias\/?p=12437\">ver m\u00e1s<\/a><\/p>","protected":false},"author":4,"featured_media":12438,"comment_status":"open","ping_status":"open","sticky":false,"template":"","format":"standard","meta":{"footnotes":""},"categories":[10],"tags":[],"class_list":["post-12437","post","type-post","status-publish","format-standard","has-post-thumbnail","hentry","category-delegaciones-zonales"],"yoast_head":"<!-- This site is optimized with the Yoast SEO plugin v24.2 - https:\/\/yoast.com\/wordpress\/plugins\/seo\/ -->\n<title>Iquique: Seminario &quot;Ciudad \u00bfun derecho? jueves 5 de mayo - COLEGIO DE ARQUITECTOS DE CHILE<\/title>\n<meta name=\"robots\" content=\"index, follow, max-snippet:-1, max-image-preview:large, max-video-preview:-1\" \/>\n<link rel=\"canonical\" href=\"https:\/\/colegioarquitectos.com\/noticias\/?p=12437\" \/>\n<meta property=\"og:locale\" content=\"es_ES\" \/>\n<meta property=\"og:type\" content=\"article\" \/>\n<meta property=\"og:title\" content=\"Iquique: Seminario &quot;Ciudad \u00bfun derecho? jueves 5 de mayo - COLEGIO DE ARQUITECTOS DE CHILE\" \/>\n<meta property=\"og:description\" content=\"El Seminario CIUDAD \u00bfUN DERECHO? busca abrir la discusi\u00f3n en torno al acceso a la ciudad, su planificaci\u00f3n y el rol del Estado en materia de suelo y derecho a la vivienda. Es una instancia organizada por la Universidad Arturo &hellip; ver m\u00e1s\" \/>\n<meta property=\"og:url\" content=\"https:\/\/colegioarquitectos.com\/noticias\/?p=12437\" \/>\n<meta property=\"og:site_name\" content=\"COLEGIO DE ARQUITECTOS DE CHILE\" \/>\n<meta property=\"article:publisher\" content=\"https:\/\/facebook.com\/Colegioarq\/\" \/>\n<meta property=\"article:published_time\" content=\"2016-04-27T19:19:45+00:00\" \/>\n<meta property=\"article:modified_time\" content=\"2016-04-27T19:23:50+00:00\" \/>\n<meta property=\"og:image\" content=\"https:\/\/colegioarquitectos.com\/noticias\/wp-content\/uploads\/2016\/04\/portada-actividad-Iquique.jpg\" \/>\n\t<meta property=\"og:image:width\" content=\"690\" \/>\n\t<meta property=\"og:image:height\" content=\"350\" \/>\n\t<meta property=\"og:image:type\" content=\"image\/jpeg\" \/>\n<meta name=\"author\" content=\"Colegio de Arquitectos de Chile\" \/>\n<meta name=\"twitter:card\" content=\"summary_large_image\" \/>\n<meta name=\"twitter:creator\" content=\"@colegioarq\" \/>\n<meta name=\"twitter:site\" content=\"@colegioarq\" \/>\n<meta name=\"twitter:label1\" content=\"Escrito por\" \/>\n\t<meta name=\"twitter:data1\" content=\"Colegio de Arquitectos de Chile\" \/>\n\t<meta name=\"twitter:label2\" content=\"Tiempo de lectura\" \/>\n\t<meta name=\"twitter:data2\" content=\"2 minutos\" \/>\n<script type=\"application\/ld+json\" class=\"yoast-schema-graph\">{\"@context\":\"https:\/\/schema.org\",\"@graph\":[{\"@type\":\"Article\",\"@id\":\"https:\/\/colegioarquitectos.com\/noticias\/?p=12437#article\",\"isPartOf\":{\"@id\":\"https:\/\/colegioarquitectos.com\/noticias\/?p=12437\"},\"author\":{\"name\":\"Colegio de Arquitectos de Chile\",\"@id\":\"https:\/\/colegioarquitectos.com\/noticias\/#\/schema\/person\/685cc0aad148303c5608f049af8285ad\"},\"headline\":\"Iquique: Seminario \u00abCiudad \u00bfun derecho? jueves 5 de mayo\",\"datePublished\":\"2016-04-27T19:19:45+00:00\",\"dateModified\":\"2016-04-27T19:23:50+00:00\",\"mainEntityOfPage\":{\"@id\":\"https:\/\/colegioarquitectos.com\/noticias\/?p=12437\"},\"wordCount\":380,\"commentCount\":1,\"publisher\":{\"@id\":\"https:\/\/colegioarquitectos.com\/noticias\/#organization\"},\"image\":{\"@id\":\"https:\/\/colegioarquitectos.com\/noticias\/?p=12437#primaryimage\"},\"thumbnailUrl\":\"https:\/\/colegioarquitectos.com\/noticias\/wp-content\/uploads\/2016\/04\/portada-actividad-Iquique.jpg\",\"articleSection\":[\"Delegaciones\"],\"inLanguage\":\"es\",\"potentialAction\":[{\"@type\":\"CommentAction\",\"name\":\"Comment\",\"target\":[\"https:\/\/colegioarquitectos.com\/noticias\/?p=12437#respond\"]}]},{\"@type\":\"WebPage\",\"@id\":\"https:\/\/colegioarquitectos.com\/noticias\/?p=12437\",\"url\":\"https:\/\/colegioarquitectos.com\/noticias\/?p=12437\",\"name\":\"Iquique: Seminario \\\"Ciudad \u00bfun derecho? jueves 5 de mayo - COLEGIO DE ARQUITECTOS DE CHILE\",\"isPartOf\":{\"@id\":\"https:\/\/colegioarquitectos.com\/noticias\/#website\"},\"primaryImageOfPage\":{\"@id\":\"https:\/\/colegioarquitectos.com\/noticias\/?p=12437#primaryimage\"},\"image\":{\"@id\":\"https:\/\/colegioarquitectos.com\/noticias\/?p=12437#primaryimage\"},\"thumbnailUrl\":\"https:\/\/colegioarquitectos.com\/noticias\/wp-content\/uploads\/2016\/04\/portada-actividad-Iquique.jpg\",\"datePublished\":\"2016-04-27T19:19:45+00:00\",\"dateModified\":\"2016-04-27T19:23:50+00:00\",\"breadcrumb\":{\"@id\":\"https:\/\/colegioarquitectos.com\/noticias\/?p=12437#breadcrumb\"},\"inLanguage\":\"es\",\"potentialAction\":[{\"@type\":\"ReadAction\",\"target\":[\"https:\/\/colegioarquitectos.com\/noticias\/?p=12437\"]}]},{\"@type\":\"ImageObject\",\"inLanguage\":\"es\",\"@id\":\"https:\/\/colegioarquitectos.com\/noticias\/?p=12437#primaryimage\",\"url\":\"https:\/\/colegioarquitectos.com\/noticias\/wp-content\/uploads\/2016\/04\/portada-actividad-Iquique.jpg\",\"contentUrl\":\"https:\/\/colegioarquitectos.com\/noticias\/wp-content\/uploads\/2016\/04\/portada-actividad-Iquique.jpg\",\"width\":690,\"height\":350},{\"@type\":\"BreadcrumbList\",\"@id\":\"https:\/\/colegioarquitectos.com\/noticias\/?p=12437#breadcrumb\",\"itemListElement\":[{\"@type\":\"ListItem\",\"position\":1,\"name\":\"Portada\",\"item\":\"https:\/\/colegioarquitectos.com\/noticias\"},{\"@type\":\"ListItem\",\"position\":2,\"name\":\"Iquique: Seminario \u00abCiudad \u00bfun derecho? jueves 5 de mayo\"}]},{\"@type\":\"WebSite\",\"@id\":\"https:\/\/colegioarquitectos.com\/noticias\/#website\",\"url\":\"https:\/\/colegioarquitectos.com\/noticias\/\",\"name\":\"COLEGIO DE ARQUITECTOS DE CHILE\",\"description\":\"\",\"publisher\":{\"@id\":\"https:\/\/colegioarquitectos.com\/noticias\/#organization\"},\"potentialAction\":[{\"@type\":\"SearchAction\",\"target\":{\"@type\":\"EntryPoint\",\"urlTemplate\":\"https:\/\/colegioarquitectos.com\/noticias\/?s={search_term_string}\"},\"query-input\":{\"@type\":\"PropertyValueSpecification\",\"valueRequired\":true,\"valueName\":\"search_term_string\"}}],\"inLanguage\":\"es\"},{\"@type\":\"Organization\",\"@id\":\"https:\/\/colegioarquitectos.com\/noticias\/#organization\",\"name\":\"COLEGIO DE ARQUITECTOS DE CHILE\",\"url\":\"https:\/\/colegioarquitectos.com\/noticias\/\",\"logo\":{\"@type\":\"ImageObject\",\"inLanguage\":\"es\",\"@id\":\"https:\/\/colegioarquitectos.com\/noticias\/#\/schema\/logo\/image\/\",\"url\":\"https:\/\/colegioarquitectos.com\/noticias\/wp-content\/uploads\/2021\/05\/ENCABEZADO-LOGO-CA.jpg\",\"contentUrl\":\"https:\/\/colegioarquitectos.com\/noticias\/wp-content\/uploads\/2021\/05\/ENCABEZADO-LOGO-CA.jpg\",\"width\":690,\"height\":350,\"caption\":\"COLEGIO DE ARQUITECTOS DE CHILE\"},\"image\":{\"@id\":\"https:\/\/colegioarquitectos.com\/noticias\/#\/schema\/logo\/image\/\"},\"sameAs\":[\"https:\/\/facebook.com\/Colegioarq\/\",\"https:\/\/x.com\/colegioarq\",\"https:\/\/instagram.com\/colegioarq\",\"https:\/\/youtube.com\/@ColegiodeArquitectosdeChile\"]},{\"@type\":\"Person\",\"@id\":\"https:\/\/colegioarquitectos.com\/noticias\/#\/schema\/person\/685cc0aad148303c5608f049af8285ad\",\"name\":\"Colegio de Arquitectos de Chile\",\"url\":\"https:\/\/colegioarquitectos.com\/noticias\/?author=4\"}]}<\/script>\n<!-- \/ Yoast SEO plugin. -->","yoast_head_json":{"title":"Iquique: Seminario \"Ciudad \u00bfun derecho? jueves 5 de mayo - COLEGIO DE ARQUITECTOS DE CHILE","robots":{"index":"index","follow":"follow","max-snippet":"max-snippet:-1","max-image-preview":"max-image-preview:large","max-video-preview":"max-video-preview:-1"},"canonical":"https:\/\/colegioarquitectos.com\/noticias\/?p=12437","og_locale":"es_ES","og_type":"article","og_title":"Iquique: Seminario \"Ciudad \u00bfun derecho? jueves 5 de mayo - COLEGIO DE ARQUITECTOS DE CHILE","og_description":"El Seminario CIUDAD \u00bfUN DERECHO? busca abrir la discusi\u00f3n en torno al acceso a la ciudad, su planificaci\u00f3n y el rol del Estado en materia de suelo y derecho a la vivienda. Es una instancia organizada por la Universidad Arturo &hellip; ver m\u00e1s","og_url":"https:\/\/colegioarquitectos.com\/noticias\/?p=12437","og_site_name":"COLEGIO DE ARQUITECTOS DE CHILE","article_publisher":"https:\/\/facebook.com\/Colegioarq\/","article_published_time":"2016-04-27T19:19:45+00:00","article_modified_time":"2016-04-27T19:23:50+00:00","og_image":[{"width":690,"height":350,"url":"https:\/\/colegioarquitectos.com\/noticias\/wp-content\/uploads\/2016\/04\/portada-actividad-Iquique.jpg","type":"image\/jpeg"}],"author":"Colegio de Arquitectos de Chile","twitter_card":"summary_large_image","twitter_creator":"@colegioarq","twitter_site":"@colegioarq","twitter_misc":{"Escrito por":"Colegio de Arquitectos de Chile","Tiempo de lectura":"2 minutos"},"schema":{"@context":"https:\/\/schema.org","@graph":[{"@type":"Article","@id":"https:\/\/colegioarquitectos.com\/noticias\/?p=12437#article","isPartOf":{"@id":"https:\/\/colegioarquitectos.com\/noticias\/?p=12437"},"author":{"name":"Colegio de Arquitectos de Chile","@id":"https:\/\/colegioarquitectos.com\/noticias\/#\/schema\/person\/685cc0aad148303c5608f049af8285ad"},"headline":"Iquique: Seminario \u00abCiudad \u00bfun derecho? jueves 5 de mayo","datePublished":"2016-04-27T19:19:45+00:00","dateModified":"2016-04-27T19:23:50+00:00","mainEntityOfPage":{"@id":"https:\/\/colegioarquitectos.com\/noticias\/?p=12437"},"wordCount":380,"commentCount":1,"publisher":{"@id":"https:\/\/colegioarquitectos.com\/noticias\/#organization"},"image":{"@id":"https:\/\/colegioarquitectos.com\/noticias\/?p=12437#primaryimage"},"thumbnailUrl":"https:\/\/colegioarquitectos.com\/noticias\/wp-content\/uploads\/2016\/04\/portada-actividad-Iquique.jpg","articleSection":["Delegaciones"],"inLanguage":"es","potentialAction":[{"@type":"CommentAction","name":"Comment","target":["https:\/\/colegioarquitectos.com\/noticias\/?p=12437#respond"]}]},{"@type":"WebPage","@id":"https:\/\/colegioarquitectos.com\/noticias\/?p=12437","url":"https:\/\/colegioarquitectos.com\/noticias\/?p=12437","name":"Iquique: Seminario \"Ciudad \u00bfun derecho? jueves 5 de mayo - COLEGIO DE ARQUITECTOS DE CHILE","isPartOf":{"@id":"https:\/\/colegioarquitectos.com\/noticias\/#website"},"primaryImageOfPage":{"@id":"https:\/\/colegioarquitectos.com\/noticias\/?p=12437#primaryimage"},"image":{"@id":"https:\/\/colegioarquitectos.com\/noticias\/?p=12437#primaryimage"},"thumbnailUrl":"https:\/\/colegioarquitectos.com\/noticias\/wp-content\/uploads\/2016\/04\/portada-actividad-Iquique.jpg","datePublished":"2016-04-27T19:19:45+00:00","dateModified":"2016-04-27T19:23:50+00:00","breadcrumb":{"@id":"https:\/\/colegioarquitectos.com\/noticias\/?p=12437#breadcrumb"},"inLanguage":"es","potentialAction":[{"@type":"ReadAction","target":["https:\/\/colegioarquitectos.com\/noticias\/?p=12437"]}]},{"@type":"ImageObject","inLanguage":"es","@id":"https:\/\/colegioarquitectos.com\/noticias\/?p=12437#primaryimage","url":"https:\/\/colegioarquitectos.com\/noticias\/wp-content\/uploads\/2016\/04\/portada-actividad-Iquique.jpg","contentUrl":"https:\/\/colegioarquitectos.com\/noticias\/wp-content\/uploads\/2016\/04\/portada-actividad-Iquique.jpg","width":690,"height":350},{"@type":"BreadcrumbList","@id":"https:\/\/colegioarquitectos.com\/noticias\/?p=12437#breadcrumb","itemListElement":[{"@type":"ListItem","position":1,"name":"Portada","item":"https:\/\/colegioarquitectos.com\/noticias"},{"@type":"ListItem","position":2,"name":"Iquique: Seminario \u00abCiudad \u00bfun derecho? jueves 5 de mayo"}]},{"@type":"WebSite","@id":"https:\/\/colegioarquitectos.com\/noticias\/#website","url":"https:\/\/colegioarquitectos.com\/noticias\/","name":"COLEGIO DE ARQUITECTOS DE CHILE","description":"","publisher":{"@id":"https:\/\/colegioarquitectos.com\/noticias\/#organization"},"potentialAction":[{"@type":"SearchAction","target":{"@type":"EntryPoint","urlTemplate":"https:\/\/colegioarquitectos.com\/noticias\/?s={search_term_string}"},"query-input":{"@type":"PropertyValueSpecification","valueRequired":true,"valueName":"search_term_string"}}],"inLanguage":"es"},{"@type":"Organization","@id":"https:\/\/colegioarquitectos.com\/noticias\/#organization","name":"COLEGIO DE ARQUITECTOS DE CHILE","url":"https:\/\/colegioarquitectos.com\/noticias\/","logo":{"@type":"ImageObject","inLanguage":"es","@id":"https:\/\/colegioarquitectos.com\/noticias\/#\/schema\/logo\/image\/","url":"https:\/\/colegioarquitectos.com\/noticias\/wp-content\/uploads\/2021\/05\/ENCABEZADO-LOGO-CA.jpg","contentUrl":"https:\/\/colegioarquitectos.com\/noticias\/wp-content\/uploads\/2021\/05\/ENCABEZADO-LOGO-CA.jpg","width":690,"height":350,"caption":"COLEGIO DE ARQUITECTOS DE CHILE"},"image":{"@id":"https:\/\/colegioarquitectos.com\/noticias\/#\/schema\/logo\/image\/"},"sameAs":["https:\/\/facebook.com\/Colegioarq\/","https:\/\/x.com\/colegioarq","https:\/\/instagram.com\/colegioarq","https:\/\/youtube.com\/@ColegiodeArquitectosdeChile"]},{"@type":"Person","@id":"https:\/\/colegioarquitectos.com\/noticias\/#\/schema\/person\/685cc0aad148303c5608f049af8285ad","name":"Colegio de Arquitectos de Chile","url":"https:\/\/colegioarquitectos.com\/noticias\/?author=4"}]}},"_links":{"self":[{"href":"https:\/\/colegioarquitectos.com\/noticias\/index.php?rest_route=\/wp\/v2\/posts\/12437","targetHints":{"allow":["GET"]}}],"collection":[{"href":"https:\/\/colegioarquitectos.com\/noticias\/index.php?rest_route=\/wp\/v2\/posts"}],"about":[{"href":"https:\/\/colegioarquitectos.com\/noticias\/index.php?rest_route=\/wp\/v2\/types\/post"}],"author":[{"embeddable":true,"href":"https:\/\/colegioarquitectos.com\/noticias\/index.php?rest_route=\/wp\/v2\/users\/4"}],"replies":[{"embeddable":true,"href":"https:\/\/colegioarquitectos.com\/noticias\/index.php?rest_route=%2Fwp%2Fv2%2Fcomments&post=12437"}],"version-history":[{"count":0,"href":"https:\/\/colegioarquitectos.com\/noticias\/index.php?rest_route=\/wp\/v2\/posts\/12437\/revisions"}],"wp:featuredmedia":[{"embeddable":true,"href":"https:\/\/colegioarquitectos.com\/noticias\/index.php?rest_route=\/wp\/v2\/media\/12438"}],"wp:attachment":[{"href":"https:\/\/colegioarquitectos.com\/noticias\/index.php?rest_route=%2Fwp%2Fv2%2Fmedia&parent=12437"}],"wp:term":[{"taxonomy":"category","embeddable":true,"href":"https:\/\/colegioarquitectos.com\/noticias\/index.php?rest_route=%2Fwp%2Fv2%2Fcategories&post=12437"},{"taxonomy":"post_tag","embeddable":true,"href":"https:\/\/colegioarquitectos.com\/noticias\/index.php?rest_route=%2Fwp%2Fv2%2Ftags&post=12437"}],"curies":[{"name":"wp","href":"https:\/\/api.w.org\/{rel}","templated":true}]}}