
{"id":12477,"date":"2016-04-29T19:01:48","date_gmt":"2016-04-29T19:01:48","guid":{"rendered":"http:\/\/colegioarquitectos.com\/?p=12477"},"modified":"2016-04-29T19:05:02","modified_gmt":"2016-04-29T19:05:02","slug":"colegio-de-arquitectos-recibe-al-consejo-de-monumentos-nacionales-en-primera-sesion-fuera-de-sus-dependencias","status":"publish","type":"post","link":"https:\/\/colegioarquitectos.com\/noticias\/?p=12477","title":{"rendered":"CA recibe al CMN en primera sesi\u00f3n por Monumentos Hist\u00f3ricos"},"content":{"rendered":"<p>Naci\u00f3 como iniciativa de \u00c1ngel Cabezas,\u00a0Director de la Direcci\u00f3n de Bibliotecas, Archivos y Museos (Dibam), quien propuso realizar las sesiones ordinarias del Consejo de Monumentos Nacionales (CMN) en distintos Monumentos Hist\u00f3ricos. Y este mi\u00e9rcoles 27 de abril, el primer edificio patrimonial que recibi\u00f3 a todo el equipo y los consejeros de la instituci\u00f3n, fue la Sede Nacional del Colegio de Arquitectos de Chile (Av. Libertador Bernardo O&#8217;Higgins 115, Santiago).<\/p>\n<p>Luego de un recorrido por todo el inmueble realizado por el Comit\u00e9 de Patrimonio del CA, nuestra Presidenta, Pilar Urrejola, dio la bienvenida a todo el equipo: \u00abEsta casa, Monumento Hist\u00f3rico, est\u00e1 y estar\u00e1 abierta al Consejo y sus consejeros permanentemente\u00bb, dijo. Aprovech\u00f3 la ocasi\u00f3n para pedirles resolver y dar prioridad al tema de las intervenciones y declaratorias para crear mecanismos de compensaci\u00f3n que permitan a los propietarios de bienes declarados quedar conformes cuando sus inmuebles pasan a pertenecer al patrimonio nacional declarado.<\/p>\n<p>Tradicionalmente el CMN ha sesionado desde de su edificio en Av. Vicu\u00f1a Mackenna 84 y en la sala Ercilla de la Biblioteca Nacional, pero desde ahora inicia una ronda sistem\u00e1tica por otros Monumentos Hist\u00f3ricos.\u00a0\u00abPara nosotros es muy importante esta pol\u00edtica implementada pues\u00a0permite a los consejeros tener presente el valor de los Monumentos Hist\u00f3ricos y en este caso, fue una oportunidad para estrechar lazos\u00a0entre las dos instituciones, recordando que\u00a0el Colegio de Arquitectos tambi\u00e9n es parte del Consejo de Monumentos\u00bb, explica Enrique Vial, Representante del CA ante el CMN.<\/p>\n<p>Durante la Sesi\u00f3n el Consejo aprob\u00f3 la\u00a0Declaratoria de Monumento Hist\u00f3rico para el Liceo, la Botica y el Teatro de localidad de Huara, Regi\u00f3n de Tarapac\u00e1.<\/p>\n<p>&nbsp;<\/p>\n\n\t\t<style type=\"text\/css\">\n\t\t\t#gallery-1 {\n\t\t\t\tmargin: auto;\n\t\t\t}\n\t\t\t#gallery-1 .gallery-item {\n\t\t\t\tfloat: left;\n\t\t\t\tmargin-top: 10px;\n\t\t\t\ttext-align: center;\n\t\t\t\twidth: 33%;\n\t\t\t}\n\t\t\t#gallery-1 img {\n\t\t\t\tborder: 2px solid #cfcfcf;\n\t\t\t}\n\t\t\t#gallery-1 .gallery-caption {\n\t\t\t\tmargin-left: 0;\n\t\t\t}\n\t\t\t\/* see gallery_shortcode() in wp-includes\/media.php *\/\n\t\t<\/style>\n\t\t<div id='gallery-1' class='gallery galleryid-12477 gallery-columns-3 gallery-size-thumbnail'><dl class='gallery-item'>\n\t\t\t<dt class='gallery-icon landscape'>\n\t\t\t\t<a href='https:\/\/colegioarquitectos.com\/noticias\/?attachment_id=12479'><img loading=\"lazy\" decoding=\"async\" width=\"180\" height=\"180\" src=\"https:\/\/colegioarquitectos.com\/noticias\/wp-content\/uploads\/2016\/04\/DSC07819-180x180.jpg\" class=\"attachment-thumbnail size-thumbnail\" alt=\"\" aria-describedby=\"gallery-1-12479\" \/><\/a>\n\t\t\t<\/dt>\n\t\t\t\t<dd class='wp-caption-text gallery-caption' id='gallery-1-12479'>\n\t\t\t\tC\u00e9sar Ot\u00e1rola muestra a los miembros del CMN la restauraci\u00f3n de la fachada\n\t\t\t\t<\/dd><\/dl><dl class='gallery-item'>\n\t\t\t<dt class='gallery-icon landscape'>\n\t\t\t\t<a href='https:\/\/colegioarquitectos.com\/noticias\/?attachment_id=12480'><img loading=\"lazy\" decoding=\"async\" width=\"180\" height=\"180\" src=\"https:\/\/colegioarquitectos.com\/noticias\/wp-content\/uploads\/2016\/04\/DSC07823-180x180.jpg\" class=\"attachment-thumbnail size-thumbnail\" alt=\"\" aria-describedby=\"gallery-1-12480\" \/><\/a>\n\t\t\t<\/dt>\n\t\t\t\t<dd class='wp-caption-text gallery-caption' id='gallery-1-12480'>\n\t\t\t\tEl recorrido por el interior el edificio\n\t\t\t\t<\/dd><\/dl><dl class='gallery-item'>\n\t\t\t<dt class='gallery-icon landscape'>\n\t\t\t\t<a href='https:\/\/colegioarquitectos.com\/noticias\/?attachment_id=12481'><img loading=\"lazy\" decoding=\"async\" width=\"180\" height=\"180\" src=\"https:\/\/colegioarquitectos.com\/noticias\/wp-content\/uploads\/2016\/04\/DSC07827-180x180.jpg\" class=\"attachment-thumbnail size-thumbnail\" alt=\"\" aria-describedby=\"gallery-1-12481\" \/><\/a>\n\t\t\t<\/dt>\n\t\t\t\t<dd class='wp-caption-text gallery-caption' id='gallery-1-12481'>\n\t\t\t\tLos Consejeros junto a la Presidenta del CA, Pilar Urrejola\n\t\t\t\t<\/dd><\/dl><br style=\"clear: both\" \/><dl class='gallery-item'>\n\t\t\t<dt class='gallery-icon landscape'>\n\t\t\t\t<a href='https:\/\/colegioarquitectos.com\/noticias\/?attachment_id=12482'><img loading=\"lazy\" decoding=\"async\" width=\"180\" height=\"180\" src=\"https:\/\/colegioarquitectos.com\/noticias\/wp-content\/uploads\/2016\/04\/DSC07831-180x180.jpg\" class=\"attachment-thumbnail size-thumbnail\" alt=\"\" aria-describedby=\"gallery-1-12482\" \/><\/a>\n\t\t\t<\/dt>\n\t\t\t\t<dd class='wp-caption-text gallery-caption' id='gallery-1-12482'>\n\t\t\t\t\u00c1ngel Cabezas dirige el Consejo\n\t\t\t\t<\/dd><\/dl><dl class='gallery-item'>\n\t\t\t<dt class='gallery-icon landscape'>\n\t\t\t\t<a href='https:\/\/colegioarquitectos.com\/noticias\/?attachment_id=12483'><img loading=\"lazy\" decoding=\"async\" width=\"180\" height=\"180\" src=\"https:\/\/colegioarquitectos.com\/noticias\/wp-content\/uploads\/2016\/04\/DSC07837-180x180.jpg\" class=\"attachment-thumbnail size-thumbnail\" alt=\"\" aria-describedby=\"gallery-1-12483\" \/><\/a>\n\t\t\t<\/dt>\n\t\t\t\t<dd class='wp-caption-text gallery-caption' id='gallery-1-12483'>\n\t\t\t\tPilar Urrejola da la bienvenida a los Consejeros y funcionarios del CMN\n\t\t\t\t<\/dd><\/dl><dl class='gallery-item'>\n\t\t\t<dt class='gallery-icon landscape'>\n\t\t\t\t<a href='https:\/\/colegioarquitectos.com\/noticias\/?attachment_id=12484'><img loading=\"lazy\" decoding=\"async\" width=\"180\" height=\"180\" src=\"https:\/\/colegioarquitectos.com\/noticias\/wp-content\/uploads\/2016\/04\/DSC07841-180x180.jpg\" class=\"attachment-thumbnail size-thumbnail\" alt=\"\" \/><\/a>\n\t\t\t<\/dt><\/dl><br style=\"clear: both\" \/>\n\t\t<\/div>\n\n<p><strong>Estuvieron presentes:<\/strong><\/p>\n<ol>\n<li>\u00c1ngel Cabeza Monteira, Director de la Direcci\u00f3n de Bibliotecas, Archivos y Museos, Vicepresidente Ejecutivo del Consejo de Monumentos Nacionales<\/li>\n<li>Pablo Andrade, Director del Museo Hist\u00f3rico Nacional<\/li>\n<li>Claudio G\u00f3mez Papic, Director del Museo Nacional de Historia Natural<\/li>\n<li>Roberto Farriol Gispert, Director del Museo Nacional de Bellas Artes<\/li>\n<li>Emma De Ram\u00f3n Acevedo, Subdirectora Nacional de Archivos y Conservadora del Archivo Nacional<\/li>\n<li>Alberto Anguita Medel, Representante de la Direcci\u00f3n Nacional de Arquitectura Ministerio de Obras P\u00fablicas<\/li>\n<li>Mar\u00eda Loreto Torres Alcoholado, Representante del Ministerio de la Vivienda y Urbanismo<\/li>\n<li>Gast\u00f3n Fern\u00e1ndez Montero, Representante de la Sociedad Chilena de Historia y Geograf\u00eda<\/li>\n<li>Enrique Vial Brice\u00f1o, Representante del Colegio de Arquitectos de Chile A.G.<\/li>\n<li>Fidel Angulo Mansilla, Representante del Ministerio del Interior<\/li>\n<li>Coronel Luis Claudio Alain Weber Orellana, Representante del Ministerio de Defensa Nacional<\/li>\n<li>Ximena Silva Abranetto, Representante del Consejo de Defensa del Estado<\/li>\n<li>Mireya Danilo Brzovic, Experto en Conservaci\u00f3n y Restauraci\u00f3n de Monumentos<\/li>\n<li>Santiago Mar\u00edn Arrieta, Representante del Instituto de Conmemoraci\u00f3n Hist\u00f3rica<\/li>\n<li>Luis Cornejo Bustamante, Representante de la Sociedad Chilena de Arqueolog\u00eda<\/li>\n<li>Arlette Levy Arensburg, Representante del Servicio Nacional de Turismo<\/li>\n<li>Ana Paz C\u00e1rdenas Hern\u00e1ndez, Secretaria Ejecutiva del Consejo<\/li>\n<li>Elizabeth Aranda Aguilar, Profesional de la Divisi\u00f3n Jur\u00eddica del Ministerio de Educaci\u00f3n<\/li>\n<li>Ana Paz C\u00e1rdenas Hern\u00e1ndez, Secretaria Ejecutiva del Consejo<\/li>\n<li>Profesionales de la Secretar\u00eda Ejecutiva del Consejo<\/li>\n<\/ol>\n<p><\/p>","protected":false},"excerpt":{"rendered":"<p>Naci\u00f3 como iniciativa de \u00c1ngel Cabezas,\u00a0Director de la Direcci\u00f3n de Bibliotecas, Archivos y Museos (Dibam), quien propuso realizar las sesiones ordinarias del Consejo de Monumentos Nacionales (CMN) en distintos Monumentos Hist\u00f3ricos. Y este mi\u00e9rcoles 27 de abril, el primer edificio &hellip; <a class=\"more-link\" href=\"https:\/\/colegioarquitectos.com\/noticias\/?p=12477\">ver m\u00e1s<\/a><\/p>","protected":false},"author":4,"featured_media":12478,"comment_status":"open","ping_status":"open","sticky":false,"template":"","format":"standard","meta":{"footnotes":""},"categories":[8],"tags":[],"class_list":["post-12477","post","type-post","status-publish","format-standard","has-post-thumbnail","hentry","category-colegio-de-arquitectos"],"yoast_head":"<!-- This site is optimized with the Yoast SEO plugin v24.2 - https:\/\/yoast.com\/wordpress\/plugins\/seo\/ -->\n<title>CA recibe al CMN en primera sesi\u00f3n por Monumentos Hist\u00f3ricos - COLEGIO DE ARQUITECTOS DE CHILE<\/title>\n<meta name=\"robots\" content=\"index, follow, max-snippet:-1, max-image-preview:large, max-video-preview:-1\" \/>\n<link rel=\"canonical\" href=\"https:\/\/colegioarquitectos.com\/noticias\/?p=12477\" \/>\n<meta property=\"og:locale\" content=\"es_ES\" \/>\n<meta property=\"og:type\" content=\"article\" \/>\n<meta property=\"og:title\" content=\"CA recibe al CMN en primera sesi\u00f3n por Monumentos Hist\u00f3ricos - COLEGIO DE ARQUITECTOS DE CHILE\" \/>\n<meta property=\"og:description\" content=\"Naci\u00f3 como iniciativa de \u00c1ngel Cabezas,\u00a0Director de la Direcci\u00f3n de Bibliotecas, Archivos y Museos (Dibam), quien propuso realizar las sesiones ordinarias del Consejo de Monumentos Nacionales (CMN) en distintos Monumentos Hist\u00f3ricos. Y este mi\u00e9rcoles 27 de abril, el primer edificio &hellip; ver m\u00e1s\" \/>\n<meta property=\"og:url\" content=\"https:\/\/colegioarquitectos.com\/noticias\/?p=12477\" \/>\n<meta property=\"og:site_name\" content=\"COLEGIO DE ARQUITECTOS DE CHILE\" \/>\n<meta property=\"article:publisher\" content=\"https:\/\/facebook.com\/Colegioarq\/\" \/>\n<meta property=\"article:published_time\" content=\"2016-04-29T19:01:48+00:00\" \/>\n<meta property=\"article:modified_time\" content=\"2016-04-29T19:05:02+00:00\" \/>\n<meta property=\"og:image\" content=\"https:\/\/colegioarquitectos.com\/noticias\/wp-content\/uploads\/2016\/04\/Portada-CA-CMN.jpg\" \/>\n\t<meta property=\"og:image:width\" content=\"690\" \/>\n\t<meta property=\"og:image:height\" content=\"350\" \/>\n\t<meta property=\"og:image:type\" content=\"image\/jpeg\" \/>\n<meta name=\"author\" content=\"Colegio de Arquitectos de Chile\" \/>\n<meta name=\"twitter:card\" content=\"summary_large_image\" \/>\n<meta name=\"twitter:creator\" content=\"@colegioarq\" \/>\n<meta name=\"twitter:site\" content=\"@colegioarq\" \/>\n<meta name=\"twitter:label1\" content=\"Escrito por\" \/>\n\t<meta name=\"twitter:data1\" content=\"Colegio de Arquitectos de Chile\" \/>\n\t<meta name=\"twitter:label2\" content=\"Tiempo de lectura\" \/>\n\t<meta name=\"twitter:data2\" content=\"3 minutos\" \/>\n<script type=\"application\/ld+json\" class=\"yoast-schema-graph\">{\"@context\":\"https:\/\/schema.org\",\"@graph\":[{\"@type\":\"Article\",\"@id\":\"https:\/\/colegioarquitectos.com\/noticias\/?p=12477#article\",\"isPartOf\":{\"@id\":\"https:\/\/colegioarquitectos.com\/noticias\/?p=12477\"},\"author\":{\"name\":\"Colegio de Arquitectos de Chile\",\"@id\":\"https:\/\/colegioarquitectos.com\/noticias\/#\/schema\/person\/685cc0aad148303c5608f049af8285ad\"},\"headline\":\"CA recibe al CMN en primera sesi\u00f3n por Monumentos Hist\u00f3ricos\",\"datePublished\":\"2016-04-29T19:01:48+00:00\",\"dateModified\":\"2016-04-29T19:05:02+00:00\",\"mainEntityOfPage\":{\"@id\":\"https:\/\/colegioarquitectos.com\/noticias\/?p=12477\"},\"wordCount\":538,\"commentCount\":0,\"publisher\":{\"@id\":\"https:\/\/colegioarquitectos.com\/noticias\/#organization\"},\"image\":{\"@id\":\"https:\/\/colegioarquitectos.com\/noticias\/?p=12477#primaryimage\"},\"thumbnailUrl\":\"https:\/\/colegioarquitectos.com\/noticias\/wp-content\/uploads\/2016\/04\/Portada-CA-CMN.jpg\",\"articleSection\":[\"Colegio\"],\"inLanguage\":\"es\",\"potentialAction\":[{\"@type\":\"CommentAction\",\"name\":\"Comment\",\"target\":[\"https:\/\/colegioarquitectos.com\/noticias\/?p=12477#respond\"]}]},{\"@type\":\"WebPage\",\"@id\":\"https:\/\/colegioarquitectos.com\/noticias\/?p=12477\",\"url\":\"https:\/\/colegioarquitectos.com\/noticias\/?p=12477\",\"name\":\"CA recibe al CMN en primera sesi\u00f3n por Monumentos Hist\u00f3ricos - COLEGIO DE ARQUITECTOS DE CHILE\",\"isPartOf\":{\"@id\":\"https:\/\/colegioarquitectos.com\/noticias\/#website\"},\"primaryImageOfPage\":{\"@id\":\"https:\/\/colegioarquitectos.com\/noticias\/?p=12477#primaryimage\"},\"image\":{\"@id\":\"https:\/\/colegioarquitectos.com\/noticias\/?p=12477#primaryimage\"},\"thumbnailUrl\":\"https:\/\/colegioarquitectos.com\/noticias\/wp-content\/uploads\/2016\/04\/Portada-CA-CMN.jpg\",\"datePublished\":\"2016-04-29T19:01:48+00:00\",\"dateModified\":\"2016-04-29T19:05:02+00:00\",\"breadcrumb\":{\"@id\":\"https:\/\/colegioarquitectos.com\/noticias\/?p=12477#breadcrumb\"},\"inLanguage\":\"es\",\"potentialAction\":[{\"@type\":\"ReadAction\",\"target\":[\"https:\/\/colegioarquitectos.com\/noticias\/?p=12477\"]}]},{\"@type\":\"ImageObject\",\"inLanguage\":\"es\",\"@id\":\"https:\/\/colegioarquitectos.com\/noticias\/?p=12477#primaryimage\",\"url\":\"https:\/\/colegioarquitectos.com\/noticias\/wp-content\/uploads\/2016\/04\/Portada-CA-CMN.jpg\",\"contentUrl\":\"https:\/\/colegioarquitectos.com\/noticias\/wp-content\/uploads\/2016\/04\/Portada-CA-CMN.jpg\",\"width\":690,\"height\":350},{\"@type\":\"BreadcrumbList\",\"@id\":\"https:\/\/colegioarquitectos.com\/noticias\/?p=12477#breadcrumb\",\"itemListElement\":[{\"@type\":\"ListItem\",\"position\":1,\"name\":\"Portada\",\"item\":\"https:\/\/colegioarquitectos.com\/noticias\"},{\"@type\":\"ListItem\",\"position\":2,\"name\":\"CA recibe al CMN en primera sesi\u00f3n por Monumentos Hist\u00f3ricos\"}]},{\"@type\":\"WebSite\",\"@id\":\"https:\/\/colegioarquitectos.com\/noticias\/#website\",\"url\":\"https:\/\/colegioarquitectos.com\/noticias\/\",\"name\":\"COLEGIO DE ARQUITECTOS DE CHILE\",\"description\":\"\",\"publisher\":{\"@id\":\"https:\/\/colegioarquitectos.com\/noticias\/#organization\"},\"potentialAction\":[{\"@type\":\"SearchAction\",\"target\":{\"@type\":\"EntryPoint\",\"urlTemplate\":\"https:\/\/colegioarquitectos.com\/noticias\/?s={search_term_string}\"},\"query-input\":{\"@type\":\"PropertyValueSpecification\",\"valueRequired\":true,\"valueName\":\"search_term_string\"}}],\"inLanguage\":\"es\"},{\"@type\":\"Organization\",\"@id\":\"https:\/\/colegioarquitectos.com\/noticias\/#organization\",\"name\":\"COLEGIO DE ARQUITECTOS DE CHILE\",\"url\":\"https:\/\/colegioarquitectos.com\/noticias\/\",\"logo\":{\"@type\":\"ImageObject\",\"inLanguage\":\"es\",\"@id\":\"https:\/\/colegioarquitectos.com\/noticias\/#\/schema\/logo\/image\/\",\"url\":\"https:\/\/colegioarquitectos.com\/noticias\/wp-content\/uploads\/2021\/05\/ENCABEZADO-LOGO-CA.jpg\",\"contentUrl\":\"https:\/\/colegioarquitectos.com\/noticias\/wp-content\/uploads\/2021\/05\/ENCABEZADO-LOGO-CA.jpg\",\"width\":690,\"height\":350,\"caption\":\"COLEGIO DE ARQUITECTOS DE CHILE\"},\"image\":{\"@id\":\"https:\/\/colegioarquitectos.com\/noticias\/#\/schema\/logo\/image\/\"},\"sameAs\":[\"https:\/\/facebook.com\/Colegioarq\/\",\"https:\/\/x.com\/colegioarq\",\"https:\/\/instagram.com\/colegioarq\",\"https:\/\/youtube.com\/@ColegiodeArquitectosdeChile\"]},{\"@type\":\"Person\",\"@id\":\"https:\/\/colegioarquitectos.com\/noticias\/#\/schema\/person\/685cc0aad148303c5608f049af8285ad\",\"name\":\"Colegio de Arquitectos de Chile\",\"url\":\"https:\/\/colegioarquitectos.com\/noticias\/?author=4\"}]}<\/script>\n<!-- \/ Yoast SEO plugin. -->","yoast_head_json":{"title":"CA recibe al CMN en primera sesi\u00f3n por Monumentos Hist\u00f3ricos - COLEGIO DE ARQUITECTOS DE CHILE","robots":{"index":"index","follow":"follow","max-snippet":"max-snippet:-1","max-image-preview":"max-image-preview:large","max-video-preview":"max-video-preview:-1"},"canonical":"https:\/\/colegioarquitectos.com\/noticias\/?p=12477","og_locale":"es_ES","og_type":"article","og_title":"CA recibe al CMN en primera sesi\u00f3n por Monumentos Hist\u00f3ricos - COLEGIO DE ARQUITECTOS DE CHILE","og_description":"Naci\u00f3 como iniciativa de \u00c1ngel Cabezas,\u00a0Director de la Direcci\u00f3n de Bibliotecas, Archivos y Museos (Dibam), quien propuso realizar las sesiones ordinarias del Consejo de Monumentos Nacionales (CMN) en distintos Monumentos Hist\u00f3ricos. Y este mi\u00e9rcoles 27 de abril, el primer edificio &hellip; ver m\u00e1s","og_url":"https:\/\/colegioarquitectos.com\/noticias\/?p=12477","og_site_name":"COLEGIO DE ARQUITECTOS DE CHILE","article_publisher":"https:\/\/facebook.com\/Colegioarq\/","article_published_time":"2016-04-29T19:01:48+00:00","article_modified_time":"2016-04-29T19:05:02+00:00","og_image":[{"width":690,"height":350,"url":"https:\/\/colegioarquitectos.com\/noticias\/wp-content\/uploads\/2016\/04\/Portada-CA-CMN.jpg","type":"image\/jpeg"}],"author":"Colegio de Arquitectos de Chile","twitter_card":"summary_large_image","twitter_creator":"@colegioarq","twitter_site":"@colegioarq","twitter_misc":{"Escrito por":"Colegio de Arquitectos de Chile","Tiempo de lectura":"3 minutos"},"schema":{"@context":"https:\/\/schema.org","@graph":[{"@type":"Article","@id":"https:\/\/colegioarquitectos.com\/noticias\/?p=12477#article","isPartOf":{"@id":"https:\/\/colegioarquitectos.com\/noticias\/?p=12477"},"author":{"name":"Colegio de Arquitectos de Chile","@id":"https:\/\/colegioarquitectos.com\/noticias\/#\/schema\/person\/685cc0aad148303c5608f049af8285ad"},"headline":"CA recibe al CMN en primera sesi\u00f3n por Monumentos Hist\u00f3ricos","datePublished":"2016-04-29T19:01:48+00:00","dateModified":"2016-04-29T19:05:02+00:00","mainEntityOfPage":{"@id":"https:\/\/colegioarquitectos.com\/noticias\/?p=12477"},"wordCount":538,"commentCount":0,"publisher":{"@id":"https:\/\/colegioarquitectos.com\/noticias\/#organization"},"image":{"@id":"https:\/\/colegioarquitectos.com\/noticias\/?p=12477#primaryimage"},"thumbnailUrl":"https:\/\/colegioarquitectos.com\/noticias\/wp-content\/uploads\/2016\/04\/Portada-CA-CMN.jpg","articleSection":["Colegio"],"inLanguage":"es","potentialAction":[{"@type":"CommentAction","name":"Comment","target":["https:\/\/colegioarquitectos.com\/noticias\/?p=12477#respond"]}]},{"@type":"WebPage","@id":"https:\/\/colegioarquitectos.com\/noticias\/?p=12477","url":"https:\/\/colegioarquitectos.com\/noticias\/?p=12477","name":"CA recibe al CMN en primera sesi\u00f3n por Monumentos Hist\u00f3ricos - COLEGIO DE ARQUITECTOS DE CHILE","isPartOf":{"@id":"https:\/\/colegioarquitectos.com\/noticias\/#website"},"primaryImageOfPage":{"@id":"https:\/\/colegioarquitectos.com\/noticias\/?p=12477#primaryimage"},"image":{"@id":"https:\/\/colegioarquitectos.com\/noticias\/?p=12477#primaryimage"},"thumbnailUrl":"https:\/\/colegioarquitectos.com\/noticias\/wp-content\/uploads\/2016\/04\/Portada-CA-CMN.jpg","datePublished":"2016-04-29T19:01:48+00:00","dateModified":"2016-04-29T19:05:02+00:00","breadcrumb":{"@id":"https:\/\/colegioarquitectos.com\/noticias\/?p=12477#breadcrumb"},"inLanguage":"es","potentialAction":[{"@type":"ReadAction","target":["https:\/\/colegioarquitectos.com\/noticias\/?p=12477"]}]},{"@type":"ImageObject","inLanguage":"es","@id":"https:\/\/colegioarquitectos.com\/noticias\/?p=12477#primaryimage","url":"https:\/\/colegioarquitectos.com\/noticias\/wp-content\/uploads\/2016\/04\/Portada-CA-CMN.jpg","contentUrl":"https:\/\/colegioarquitectos.com\/noticias\/wp-content\/uploads\/2016\/04\/Portada-CA-CMN.jpg","width":690,"height":350},{"@type":"BreadcrumbList","@id":"https:\/\/colegioarquitectos.com\/noticias\/?p=12477#breadcrumb","itemListElement":[{"@type":"ListItem","position":1,"name":"Portada","item":"https:\/\/colegioarquitectos.com\/noticias"},{"@type":"ListItem","position":2,"name":"CA recibe al CMN en primera sesi\u00f3n por Monumentos Hist\u00f3ricos"}]},{"@type":"WebSite","@id":"https:\/\/colegioarquitectos.com\/noticias\/#website","url":"https:\/\/colegioarquitectos.com\/noticias\/","name":"COLEGIO DE ARQUITECTOS DE CHILE","description":"","publisher":{"@id":"https:\/\/colegioarquitectos.com\/noticias\/#organization"},"potentialAction":[{"@type":"SearchAction","target":{"@type":"EntryPoint","urlTemplate":"https:\/\/colegioarquitectos.com\/noticias\/?s={search_term_string}"},"query-input":{"@type":"PropertyValueSpecification","valueRequired":true,"valueName":"search_term_string"}}],"inLanguage":"es"},{"@type":"Organization","@id":"https:\/\/colegioarquitectos.com\/noticias\/#organization","name":"COLEGIO DE ARQUITECTOS DE CHILE","url":"https:\/\/colegioarquitectos.com\/noticias\/","logo":{"@type":"ImageObject","inLanguage":"es","@id":"https:\/\/colegioarquitectos.com\/noticias\/#\/schema\/logo\/image\/","url":"https:\/\/colegioarquitectos.com\/noticias\/wp-content\/uploads\/2021\/05\/ENCABEZADO-LOGO-CA.jpg","contentUrl":"https:\/\/colegioarquitectos.com\/noticias\/wp-content\/uploads\/2021\/05\/ENCABEZADO-LOGO-CA.jpg","width":690,"height":350,"caption":"COLEGIO DE ARQUITECTOS DE CHILE"},"image":{"@id":"https:\/\/colegioarquitectos.com\/noticias\/#\/schema\/logo\/image\/"},"sameAs":["https:\/\/facebook.com\/Colegioarq\/","https:\/\/x.com\/colegioarq","https:\/\/instagram.com\/colegioarq","https:\/\/youtube.com\/@ColegiodeArquitectosdeChile"]},{"@type":"Person","@id":"https:\/\/colegioarquitectos.com\/noticias\/#\/schema\/person\/685cc0aad148303c5608f049af8285ad","name":"Colegio de Arquitectos de Chile","url":"https:\/\/colegioarquitectos.com\/noticias\/?author=4"}]}},"_links":{"self":[{"href":"https:\/\/colegioarquitectos.com\/noticias\/index.php?rest_route=\/wp\/v2\/posts\/12477","targetHints":{"allow":["GET"]}}],"collection":[{"href":"https:\/\/colegioarquitectos.com\/noticias\/index.php?rest_route=\/wp\/v2\/posts"}],"about":[{"href":"https:\/\/colegioarquitectos.com\/noticias\/index.php?rest_route=\/wp\/v2\/types\/post"}],"author":[{"embeddable":true,"href":"https:\/\/colegioarquitectos.com\/noticias\/index.php?rest_route=\/wp\/v2\/users\/4"}],"replies":[{"embeddable":true,"href":"https:\/\/colegioarquitectos.com\/noticias\/index.php?rest_route=%2Fwp%2Fv2%2Fcomments&post=12477"}],"version-history":[{"count":0,"href":"https:\/\/colegioarquitectos.com\/noticias\/index.php?rest_route=\/wp\/v2\/posts\/12477\/revisions"}],"wp:featuredmedia":[{"embeddable":true,"href":"https:\/\/colegioarquitectos.com\/noticias\/index.php?rest_route=\/wp\/v2\/media\/12478"}],"wp:attachment":[{"href":"https:\/\/colegioarquitectos.com\/noticias\/index.php?rest_route=%2Fwp%2Fv2%2Fmedia&parent=12477"}],"wp:term":[{"taxonomy":"category","embeddable":true,"href":"https:\/\/colegioarquitectos.com\/noticias\/index.php?rest_route=%2Fwp%2Fv2%2Fcategories&post=12477"},{"taxonomy":"post_tag","embeddable":true,"href":"https:\/\/colegioarquitectos.com\/noticias\/index.php?rest_route=%2Fwp%2Fv2%2Ftags&post=12477"}],"curies":[{"name":"wp","href":"https:\/\/api.w.org\/{rel}","templated":true}]}}