
{"id":12514,"date":"2016-04-30T10:00:26","date_gmt":"2016-04-30T10:00:26","guid":{"rendered":"http:\/\/colegioarquitectos.com\/?p=12514"},"modified":"2016-05-04T21:11:06","modified_gmt":"2016-05-04T21:11:06","slug":"2-mayo-plazo-inscripcion-concursos-espacios-de-luz-accesibilidad-universal","status":"publish","type":"post","link":"https:\/\/colegioarquitectos.com\/noticias\/?p=12514","title":{"rendered":"2 mayo: plazo inscripci\u00f3n concursos Espacios de Luz  \/ Accesibilidad Universal"},"content":{"rendered":"<p>Estimados Arquitectos colegiados les informamos de dos importantes concurso que patrocina el Colegio de Arquitectos. Hasta el lunes 2 podr\u00e1s inscribirse.<\/p>\n<p><strong>I.\u00a0<a href=\"http:\/\/concursoespaciosdeluz.cl\/\">Concurso Espacios de Luz: Tus ideas cambiar\u00e1n la ciudad y la manera de vivir<\/a><\/strong><\/p>\n<ul>\n<li><strong><em>Hasta el 2 de mayo hay plazo para inscribirse en este importante desaf\u00edo. Pueden participar estudiantes y profesionales de arquitectura y dise\u00f1o.<\/em><\/strong><\/li>\n<\/ul>\n<p>El mundo est\u00e1 en pleno proceso de cambio en tres \u00e1reas. La poblaci\u00f3n se est\u00e1 urbanizando, se calcula que 2\/3 de las personas vivir\u00e1 en grandes ciudades para 2050 y demandar\u00e1n m\u00e1s luz; los ciudadanos se preocupan cada d\u00eda m\u00e1s por el medioambiente; y finalmente, todo est\u00e1 m\u00e1s digitalizado y conectado.<\/p>\n<p>Basado en estas tendencias tenemos el conflicto del incremento del uso de la luz versus la creciente conciencia medioambiental, sobre todo si el 19% del consumo energ\u00e9tico mundial es en iluminaci\u00f3n, cifra que asciende al 20% en el caso de las ciudades y al 35% en el caso de los edificios. La buena noticia que las nuevas tecnolog\u00edas en iluminaci\u00f3n, como los LED, encuentran la soluci\u00f3n a esta disyuntiva, porque conllevan ahorros energ\u00e9ticos de m\u00e1s del 80%, con el consiguiente ahorro econ\u00f3mico.<\/p>\n<p>Tendremos, por lo tanto, habitantes que demandar\u00e1n m\u00e1s luz y m\u00e1s eficiente, no solo para las actividades cotidianas y la habitabilidad en las ciudades, sino para iluminar ambientes, objetos, zonas urbanas, espacios p\u00fablicos, entre otros.<\/p>\n<p>En este escenario, es que DAC lanz\u00f3 la segunda versi\u00f3n del <strong>Concurso Espacios de Luz<\/strong>, que invita a pensar en c\u00f3mo la iluminaci\u00f3n puede cambiar al entorno y otorgar seguridad, planificando y dise\u00f1ando la iluminaci\u00f3n de un espacio o una ciudad, considerando no s\u00f3lo aspectos econ\u00f3micos y de ahorro energ\u00e9tico, sino tambi\u00e9n la oportunidad de crear un lugar que pueda ser observado bajo una nueva mirada y que conecte a las personas con sus emociones.<\/p>\n<p>Jacqueline Junge, \u200edirectora de DAC, se\u00f1ala que \u201cesta iniciativa es una oportunidad de re dise\u00f1ar el mundo que nos rodea pensando en c\u00f3mo lo podemos cambiar, embellecer o destacar usando solo luz\u201d.<\/p>\n<p>Por su parte, Ximena Mu\u00f1oz, presidenta del jurado, agrega que \u201cla iluminaci\u00f3n tiene un rol que no es solamente funcional, como muchos creen. Adem\u00e1s de ayudarnos a complementar la falta de luz natural cuando es necesario, la iluminaci\u00f3n artificial tiene un rango enorme de posibilidades en cuanto a dise\u00f1o de los espacios\u201d.<\/p>\n<p>El concurso tiene dos categor\u00edas:<\/p>\n<ul>\n<li><strong>Obras ya Realizadas<\/strong>, dirigida a profesionales arquitectos y dise\u00f1adores cuyos proyectos no tengan m\u00e1s de 2 a\u00f1os de antig\u00fcedad.<\/li>\n<\/ul>\n<ul>\n<li><strong>Ideas sobre Luz y Movilidad<\/strong>, dirigida a profesionales de arquitectura, dise\u00f1o o se desempe\u00f1en en el \u00e1rea de la iluminaci\u00f3n o interiorismo, y estudiantes o reci\u00e9n egresados de arquitectura y dise\u00f1o de todas las escuelas a nivel nacional.<\/li>\n<\/ul>\n<p>&nbsp;<\/p>\n<p>Para participar, los interesados deben descargar las bases en el sitio web del concurso. El cierre de las inscripciones es el lunes 2 de mayo. M\u00e1s informaci\u00f3n en <a href=\"http:\/\/www.concursoespaciosdeluz.cl\">www.concursoespaciosdeluz.cl<\/a><\/p>\n<p><a href=\"http:\/\/colegioarquitectos.com\/noticias\/wp-content\/uploads\/2016\/04\/Afiche-Espacios-de-luz-2016-BAJA.jpg\"><img loading=\"lazy\" decoding=\"async\" class=\"alignnone wp-image-12519 size-full\" src=\"http:\/\/colegioarquitectos.com\/noticias\/wp-content\/uploads\/2016\/04\/Afiche-Espacios-de-luz-2016-BAJA.jpg\" alt=\"Afiche Espacios de luz-2016 BAJA\" width=\"551\" height=\"800\" srcset=\"https:\/\/colegioarquitectos.com\/noticias\/wp-content\/uploads\/2016\/04\/Afiche-Espacios-de-luz-2016-BAJA.jpg 551w, https:\/\/colegioarquitectos.com\/noticias\/wp-content\/uploads\/2016\/04\/Afiche-Espacios-de-luz-2016-BAJA-207x300.jpg 207w\" sizes=\"auto, (max-width: 551px) 100vw, 551px\" \/><\/a><\/p>\n<p>&nbsp;<\/p>\n<p><strong>II. <a href=\"http:\/\/www.concursoaccesibilidad.cl\">Concurso Accesibilidad Universal: Un llamado a crear y a so\u00f1ar ciudades inclusivas<\/a><\/strong><\/p>\n<p><strong>\u00a0<\/strong><strong><em>Hasta el 2 de mayo hay plazo para inscribirse en este interesante desaf\u00edo. Pueden participar estudiantes y profesionales de arquitectura y dise\u00f1o.<\/em><\/strong><\/p>\n<p>Chile es uno de los pa\u00edses que m\u00e1s r\u00e1pido envejece en el mundo, seg\u00fan el informe de An Aging World: 2015, elaborado por el Censo de EE.UU., atribuido principalmente al aumento en la esperanza de vida, la que nos lleva a tener m\u00e1s poblaci\u00f3n de la tercera edad.<\/p>\n<p>Esto, es corroborado por el Instituto Nacional de Estad\u00edsticas (INE), porque Chile no s\u00f3lo envejece, sino que adem\u00e1s experimenta una r\u00e1pida alza en la poblaci\u00f3n de 80 a\u00f1os y m\u00e1s, alcanzando las 384.756 personas. Esta cifra, crecer\u00e1 un 22% de aqu\u00ed al a\u00f1o 2020, llegando a 469.536 personas, lo que significa que tenemos que preparar al pa\u00eds y su infraestructura para abarcar a este grupo etario.<\/p>\n<p>En este escenario, urge tener pol\u00edticas p\u00fablicas y privadas que transformen a las ciudades en inclusivas, no s\u00f3lo en desplazamiento, sino que tambi\u00e9n en edificaciones y transporte. Esto porque al ser mayor la poblaci\u00f3n, tambi\u00e9n tendr\u00e1 mayores dificultades para caminar, o\u00edr o ver.<\/p>\n<p>Justamente para pensar, crear y dar soluciones constructivas a este tema, es que se lanz\u00f3 el concurso <strong>Accesibilidad Universal,<\/strong> el cual invita a estudiantes, profesionales y oficinas de arquitectura y dise\u00f1o a proponer ideas para crear \u201cLa Ruta Inclusiva\u201d en un \u00e1rea edificada de no m\u00e1s de 100 m2 contenido en el espacio interior o exterior que defina el concursante, en donde se considere y resuelva la cadena de accesibilidad que facilite la autonom\u00eda, comodidad y seguridad en el desplazamiento y movilidad.<\/p>\n<p>\u201cLo que busca este concurso es instalar el tema en el pa\u00eds, al no hablarlo se cree que no se necesita, pero al mostrar a las personas con discapacidad y movilidad reducida -que cada d\u00eda aumentan m\u00e1s- va a ser m\u00e1s f\u00e1cil tambi\u00e9n que todos podamos vivir en una ciudad con un entorno m\u00e1s amable, donde todos seamos los beneficiarios\u201d, explica Andrea Boudeguer, arquitecto y jurado \u200edel concurso.<\/p>\n<p>Por ello, el llamado de Andrea Boudeguer es a inscribirse y ser part\u00edcipe del cambio que se puede generar a partir de este concurso. \u201cEl que no se atreve no cruza el r\u00edo, este tema es b\u00e1sicamente descubrir que existen dificultades y que esas dificultades de las personas se pueden simplificar y se pueden beneficiar a trav\u00e9s del dise\u00f1o\u201d. No tengan miedo a la hospitalizaci\u00f3n de los espacios\u201d.<\/p>\n<p>Por su parte, Jacqueline Junge, \u200edirectora de DAC y organizadora del concurso, se\u00f1ala que \u201cesta iniciativa es una excelente instancia para que los profesionales de arquitectura y dise\u00f1o puedan crear y so\u00f1ar ciudades inclusivas para todos. Acceder, usar, circular, salir e informar es el lema, porque sabemos que la inclusi\u00f3n debe ser parte de todas nuestras acciones de aqu\u00ed al futuro\u201d.<\/p>\n<p>Para participar en el concurso -patrocinado por AOA y SENADIS- los interesados deben descargar las bases en el sitio web del concurso. El cierre de las inscripciones es el lunes 2 de mayo. M\u00e1s informaci\u00f3n en <a href=\"http:\/\/www.concursoaccesibilidad.cl\">www.concursoaccesibilidad.cl<\/a><\/p>\n<p>&nbsp;<\/p>\n<p><a href=\"http:\/\/colegioarquitectos.com\/noticias\/wp-content\/uploads\/2016\/04\/Accesibilidad-Urbana-15.jpg\"><img loading=\"lazy\" decoding=\"async\" class=\"alignnone wp-image-12520 size-full\" src=\"http:\/\/colegioarquitectos.com\/noticias\/wp-content\/uploads\/2016\/04\/Accesibilidad-Urbana-15.jpg\" alt=\"Accesibilidad Urbana (15)\" width=\"670\" height=\"355\" srcset=\"https:\/\/colegioarquitectos.com\/noticias\/wp-content\/uploads\/2016\/04\/Accesibilidad-Urbana-15.jpg 670w, https:\/\/colegioarquitectos.com\/noticias\/wp-content\/uploads\/2016\/04\/Accesibilidad-Urbana-15-300x159.jpg 300w\" sizes=\"auto, (max-width: 670px) 100vw, 670px\" \/><\/a><\/p>\n<p>&nbsp;<\/p>\n<p>&nbsp;<\/p>\n<p>&nbsp;<\/p>\n<p><\/p>","protected":false},"excerpt":{"rendered":"<p>Estimados Arquitectos colegiados les informamos de dos importantes concurso que patrocina el Colegio de Arquitectos. Hasta el lunes 2 podr\u00e1s inscribirse. I.\u00a0Concurso Espacios de Luz: Tus ideas cambiar\u00e1n la ciudad y la manera de vivir Hasta el 2 de mayo &hellip; <a class=\"more-link\" href=\"https:\/\/colegioarquitectos.com\/noticias\/?p=12514\">ver m\u00e1s<\/a><\/p>","protected":false},"author":4,"featured_media":12515,"comment_status":"closed","ping_status":"closed","sticky":false,"template":"","format":"standard","meta":{"footnotes":""},"categories":[11],"tags":[],"class_list":["post-12514","post","type-post","status-publish","format-standard","has-post-thumbnail","hentry","category-concursos"],"yoast_head":"<!-- This site is optimized with the Yoast SEO plugin v24.2 - https:\/\/yoast.com\/wordpress\/plugins\/seo\/ -->\n<title>2 mayo: plazo inscripci\u00f3n concursos Espacios de Luz \/ Accesibilidad Universal - COLEGIO DE ARQUITECTOS DE CHILE<\/title>\n<meta name=\"robots\" content=\"index, follow, max-snippet:-1, max-image-preview:large, max-video-preview:-1\" \/>\n<link rel=\"canonical\" href=\"https:\/\/colegioarquitectos.com\/noticias\/?p=12514\" \/>\n<meta property=\"og:locale\" content=\"es_ES\" \/>\n<meta property=\"og:type\" content=\"article\" \/>\n<meta property=\"og:title\" content=\"2 mayo: plazo inscripci\u00f3n concursos Espacios de Luz \/ Accesibilidad Universal - COLEGIO DE ARQUITECTOS DE CHILE\" \/>\n<meta property=\"og:description\" content=\"Estimados Arquitectos colegiados les informamos de dos importantes concurso que patrocina el Colegio de Arquitectos. Hasta el lunes 2 podr\u00e1s inscribirse. I.\u00a0Concurso Espacios de Luz: Tus ideas cambiar\u00e1n la ciudad y la manera de vivir Hasta el 2 de mayo &hellip; ver m\u00e1s\" \/>\n<meta property=\"og:url\" content=\"https:\/\/colegioarquitectos.com\/noticias\/?p=12514\" \/>\n<meta property=\"og:site_name\" content=\"COLEGIO DE ARQUITECTOS DE CHILE\" \/>\n<meta property=\"article:publisher\" content=\"https:\/\/facebook.com\/Colegioarq\/\" \/>\n<meta property=\"article:published_time\" content=\"2016-04-30T10:00:26+00:00\" \/>\n<meta property=\"article:modified_time\" content=\"2016-05-04T21:11:06+00:00\" \/>\n<meta property=\"og:image\" content=\"https:\/\/colegioarquitectos.com\/noticias\/wp-content\/uploads\/2016\/05\/Concursos.jpg\" \/>\n\t<meta property=\"og:image:width\" content=\"690\" \/>\n\t<meta property=\"og:image:height\" content=\"350\" \/>\n\t<meta property=\"og:image:type\" content=\"image\/jpeg\" \/>\n<meta name=\"author\" content=\"Colegio de Arquitectos de Chile\" \/>\n<meta name=\"twitter:card\" content=\"summary_large_image\" \/>\n<meta name=\"twitter:creator\" content=\"@colegioarq\" \/>\n<meta name=\"twitter:site\" content=\"@colegioarq\" \/>\n<meta name=\"twitter:label1\" content=\"Escrito por\" \/>\n\t<meta name=\"twitter:data1\" content=\"Colegio de Arquitectos de Chile\" \/>\n\t<meta name=\"twitter:label2\" content=\"Tiempo de lectura\" \/>\n\t<meta name=\"twitter:data2\" content=\"5 minutos\" \/>\n<script type=\"application\/ld+json\" class=\"yoast-schema-graph\">{\"@context\":\"https:\/\/schema.org\",\"@graph\":[{\"@type\":\"Article\",\"@id\":\"https:\/\/colegioarquitectos.com\/noticias\/?p=12514#article\",\"isPartOf\":{\"@id\":\"https:\/\/colegioarquitectos.com\/noticias\/?p=12514\"},\"author\":{\"name\":\"Colegio de Arquitectos de Chile\",\"@id\":\"https:\/\/colegioarquitectos.com\/noticias\/#\/schema\/person\/685cc0aad148303c5608f049af8285ad\"},\"headline\":\"2 mayo: plazo inscripci\u00f3n concursos Espacios de Luz \/ Accesibilidad Universal\",\"datePublished\":\"2016-04-30T10:00:26+00:00\",\"dateModified\":\"2016-05-04T21:11:06+00:00\",\"mainEntityOfPage\":{\"@id\":\"https:\/\/colegioarquitectos.com\/noticias\/?p=12514\"},\"wordCount\":1084,\"publisher\":{\"@id\":\"https:\/\/colegioarquitectos.com\/noticias\/#organization\"},\"image\":{\"@id\":\"https:\/\/colegioarquitectos.com\/noticias\/?p=12514#primaryimage\"},\"thumbnailUrl\":\"https:\/\/colegioarquitectos.com\/noticias\/wp-content\/uploads\/2016\/05\/Concursos.jpg\",\"articleSection\":[\"Concursos\"],\"inLanguage\":\"es\"},{\"@type\":\"WebPage\",\"@id\":\"https:\/\/colegioarquitectos.com\/noticias\/?p=12514\",\"url\":\"https:\/\/colegioarquitectos.com\/noticias\/?p=12514\",\"name\":\"2 mayo: plazo inscripci\u00f3n concursos Espacios de Luz \/ Accesibilidad Universal - COLEGIO DE ARQUITECTOS DE CHILE\",\"isPartOf\":{\"@id\":\"https:\/\/colegioarquitectos.com\/noticias\/#website\"},\"primaryImageOfPage\":{\"@id\":\"https:\/\/colegioarquitectos.com\/noticias\/?p=12514#primaryimage\"},\"image\":{\"@id\":\"https:\/\/colegioarquitectos.com\/noticias\/?p=12514#primaryimage\"},\"thumbnailUrl\":\"https:\/\/colegioarquitectos.com\/noticias\/wp-content\/uploads\/2016\/05\/Concursos.jpg\",\"datePublished\":\"2016-04-30T10:00:26+00:00\",\"dateModified\":\"2016-05-04T21:11:06+00:00\",\"breadcrumb\":{\"@id\":\"https:\/\/colegioarquitectos.com\/noticias\/?p=12514#breadcrumb\"},\"inLanguage\":\"es\",\"potentialAction\":[{\"@type\":\"ReadAction\",\"target\":[\"https:\/\/colegioarquitectos.com\/noticias\/?p=12514\"]}]},{\"@type\":\"ImageObject\",\"inLanguage\":\"es\",\"@id\":\"https:\/\/colegioarquitectos.com\/noticias\/?p=12514#primaryimage\",\"url\":\"https:\/\/colegioarquitectos.com\/noticias\/wp-content\/uploads\/2016\/05\/Concursos.jpg\",\"contentUrl\":\"https:\/\/colegioarquitectos.com\/noticias\/wp-content\/uploads\/2016\/05\/Concursos.jpg\",\"width\":690,\"height\":350},{\"@type\":\"BreadcrumbList\",\"@id\":\"https:\/\/colegioarquitectos.com\/noticias\/?p=12514#breadcrumb\",\"itemListElement\":[{\"@type\":\"ListItem\",\"position\":1,\"name\":\"Portada\",\"item\":\"https:\/\/colegioarquitectos.com\/noticias\"},{\"@type\":\"ListItem\",\"position\":2,\"name\":\"2 mayo: plazo inscripci\u00f3n concursos Espacios de Luz \/ Accesibilidad Universal\"}]},{\"@type\":\"WebSite\",\"@id\":\"https:\/\/colegioarquitectos.com\/noticias\/#website\",\"url\":\"https:\/\/colegioarquitectos.com\/noticias\/\",\"name\":\"COLEGIO DE ARQUITECTOS DE CHILE\",\"description\":\"\",\"publisher\":{\"@id\":\"https:\/\/colegioarquitectos.com\/noticias\/#organization\"},\"potentialAction\":[{\"@type\":\"SearchAction\",\"target\":{\"@type\":\"EntryPoint\",\"urlTemplate\":\"https:\/\/colegioarquitectos.com\/noticias\/?s={search_term_string}\"},\"query-input\":{\"@type\":\"PropertyValueSpecification\",\"valueRequired\":true,\"valueName\":\"search_term_string\"}}],\"inLanguage\":\"es\"},{\"@type\":\"Organization\",\"@id\":\"https:\/\/colegioarquitectos.com\/noticias\/#organization\",\"name\":\"COLEGIO DE ARQUITECTOS DE CHILE\",\"url\":\"https:\/\/colegioarquitectos.com\/noticias\/\",\"logo\":{\"@type\":\"ImageObject\",\"inLanguage\":\"es\",\"@id\":\"https:\/\/colegioarquitectos.com\/noticias\/#\/schema\/logo\/image\/\",\"url\":\"https:\/\/colegioarquitectos.com\/noticias\/wp-content\/uploads\/2021\/05\/ENCABEZADO-LOGO-CA.jpg\",\"contentUrl\":\"https:\/\/colegioarquitectos.com\/noticias\/wp-content\/uploads\/2021\/05\/ENCABEZADO-LOGO-CA.jpg\",\"width\":690,\"height\":350,\"caption\":\"COLEGIO DE ARQUITECTOS DE CHILE\"},\"image\":{\"@id\":\"https:\/\/colegioarquitectos.com\/noticias\/#\/schema\/logo\/image\/\"},\"sameAs\":[\"https:\/\/facebook.com\/Colegioarq\/\",\"https:\/\/x.com\/colegioarq\",\"https:\/\/instagram.com\/colegioarq\",\"https:\/\/youtube.com\/@ColegiodeArquitectosdeChile\"]},{\"@type\":\"Person\",\"@id\":\"https:\/\/colegioarquitectos.com\/noticias\/#\/schema\/person\/685cc0aad148303c5608f049af8285ad\",\"name\":\"Colegio de Arquitectos de Chile\",\"url\":\"https:\/\/colegioarquitectos.com\/noticias\/?author=4\"}]}<\/script>\n<!-- \/ Yoast SEO plugin. -->","yoast_head_json":{"title":"2 mayo: plazo inscripci\u00f3n concursos Espacios de Luz \/ Accesibilidad Universal - COLEGIO DE ARQUITECTOS DE CHILE","robots":{"index":"index","follow":"follow","max-snippet":"max-snippet:-1","max-image-preview":"max-image-preview:large","max-video-preview":"max-video-preview:-1"},"canonical":"https:\/\/colegioarquitectos.com\/noticias\/?p=12514","og_locale":"es_ES","og_type":"article","og_title":"2 mayo: plazo inscripci\u00f3n concursos Espacios de Luz \/ Accesibilidad Universal - COLEGIO DE ARQUITECTOS DE CHILE","og_description":"Estimados Arquitectos colegiados les informamos de dos importantes concurso que patrocina el Colegio de Arquitectos. Hasta el lunes 2 podr\u00e1s inscribirse. I.\u00a0Concurso Espacios de Luz: Tus ideas cambiar\u00e1n la ciudad y la manera de vivir Hasta el 2 de mayo &hellip; ver m\u00e1s","og_url":"https:\/\/colegioarquitectos.com\/noticias\/?p=12514","og_site_name":"COLEGIO DE ARQUITECTOS DE CHILE","article_publisher":"https:\/\/facebook.com\/Colegioarq\/","article_published_time":"2016-04-30T10:00:26+00:00","article_modified_time":"2016-05-04T21:11:06+00:00","og_image":[{"width":690,"height":350,"url":"https:\/\/colegioarquitectos.com\/noticias\/wp-content\/uploads\/2016\/05\/Concursos.jpg","type":"image\/jpeg"}],"author":"Colegio de Arquitectos de Chile","twitter_card":"summary_large_image","twitter_creator":"@colegioarq","twitter_site":"@colegioarq","twitter_misc":{"Escrito por":"Colegio de Arquitectos de Chile","Tiempo de lectura":"5 minutos"},"schema":{"@context":"https:\/\/schema.org","@graph":[{"@type":"Article","@id":"https:\/\/colegioarquitectos.com\/noticias\/?p=12514#article","isPartOf":{"@id":"https:\/\/colegioarquitectos.com\/noticias\/?p=12514"},"author":{"name":"Colegio de Arquitectos de Chile","@id":"https:\/\/colegioarquitectos.com\/noticias\/#\/schema\/person\/685cc0aad148303c5608f049af8285ad"},"headline":"2 mayo: plazo inscripci\u00f3n concursos Espacios de Luz \/ Accesibilidad Universal","datePublished":"2016-04-30T10:00:26+00:00","dateModified":"2016-05-04T21:11:06+00:00","mainEntityOfPage":{"@id":"https:\/\/colegioarquitectos.com\/noticias\/?p=12514"},"wordCount":1084,"publisher":{"@id":"https:\/\/colegioarquitectos.com\/noticias\/#organization"},"image":{"@id":"https:\/\/colegioarquitectos.com\/noticias\/?p=12514#primaryimage"},"thumbnailUrl":"https:\/\/colegioarquitectos.com\/noticias\/wp-content\/uploads\/2016\/05\/Concursos.jpg","articleSection":["Concursos"],"inLanguage":"es"},{"@type":"WebPage","@id":"https:\/\/colegioarquitectos.com\/noticias\/?p=12514","url":"https:\/\/colegioarquitectos.com\/noticias\/?p=12514","name":"2 mayo: plazo inscripci\u00f3n concursos Espacios de Luz \/ Accesibilidad Universal - COLEGIO DE ARQUITECTOS DE CHILE","isPartOf":{"@id":"https:\/\/colegioarquitectos.com\/noticias\/#website"},"primaryImageOfPage":{"@id":"https:\/\/colegioarquitectos.com\/noticias\/?p=12514#primaryimage"},"image":{"@id":"https:\/\/colegioarquitectos.com\/noticias\/?p=12514#primaryimage"},"thumbnailUrl":"https:\/\/colegioarquitectos.com\/noticias\/wp-content\/uploads\/2016\/05\/Concursos.jpg","datePublished":"2016-04-30T10:00:26+00:00","dateModified":"2016-05-04T21:11:06+00:00","breadcrumb":{"@id":"https:\/\/colegioarquitectos.com\/noticias\/?p=12514#breadcrumb"},"inLanguage":"es","potentialAction":[{"@type":"ReadAction","target":["https:\/\/colegioarquitectos.com\/noticias\/?p=12514"]}]},{"@type":"ImageObject","inLanguage":"es","@id":"https:\/\/colegioarquitectos.com\/noticias\/?p=12514#primaryimage","url":"https:\/\/colegioarquitectos.com\/noticias\/wp-content\/uploads\/2016\/05\/Concursos.jpg","contentUrl":"https:\/\/colegioarquitectos.com\/noticias\/wp-content\/uploads\/2016\/05\/Concursos.jpg","width":690,"height":350},{"@type":"BreadcrumbList","@id":"https:\/\/colegioarquitectos.com\/noticias\/?p=12514#breadcrumb","itemListElement":[{"@type":"ListItem","position":1,"name":"Portada","item":"https:\/\/colegioarquitectos.com\/noticias"},{"@type":"ListItem","position":2,"name":"2 mayo: plazo inscripci\u00f3n concursos Espacios de Luz \/ Accesibilidad Universal"}]},{"@type":"WebSite","@id":"https:\/\/colegioarquitectos.com\/noticias\/#website","url":"https:\/\/colegioarquitectos.com\/noticias\/","name":"COLEGIO DE ARQUITECTOS DE CHILE","description":"","publisher":{"@id":"https:\/\/colegioarquitectos.com\/noticias\/#organization"},"potentialAction":[{"@type":"SearchAction","target":{"@type":"EntryPoint","urlTemplate":"https:\/\/colegioarquitectos.com\/noticias\/?s={search_term_string}"},"query-input":{"@type":"PropertyValueSpecification","valueRequired":true,"valueName":"search_term_string"}}],"inLanguage":"es"},{"@type":"Organization","@id":"https:\/\/colegioarquitectos.com\/noticias\/#organization","name":"COLEGIO DE ARQUITECTOS DE CHILE","url":"https:\/\/colegioarquitectos.com\/noticias\/","logo":{"@type":"ImageObject","inLanguage":"es","@id":"https:\/\/colegioarquitectos.com\/noticias\/#\/schema\/logo\/image\/","url":"https:\/\/colegioarquitectos.com\/noticias\/wp-content\/uploads\/2021\/05\/ENCABEZADO-LOGO-CA.jpg","contentUrl":"https:\/\/colegioarquitectos.com\/noticias\/wp-content\/uploads\/2021\/05\/ENCABEZADO-LOGO-CA.jpg","width":690,"height":350,"caption":"COLEGIO DE ARQUITECTOS DE CHILE"},"image":{"@id":"https:\/\/colegioarquitectos.com\/noticias\/#\/schema\/logo\/image\/"},"sameAs":["https:\/\/facebook.com\/Colegioarq\/","https:\/\/x.com\/colegioarq","https:\/\/instagram.com\/colegioarq","https:\/\/youtube.com\/@ColegiodeArquitectosdeChile"]},{"@type":"Person","@id":"https:\/\/colegioarquitectos.com\/noticias\/#\/schema\/person\/685cc0aad148303c5608f049af8285ad","name":"Colegio de Arquitectos de Chile","url":"https:\/\/colegioarquitectos.com\/noticias\/?author=4"}]}},"_links":{"self":[{"href":"https:\/\/colegioarquitectos.com\/noticias\/index.php?rest_route=\/wp\/v2\/posts\/12514","targetHints":{"allow":["GET"]}}],"collection":[{"href":"https:\/\/colegioarquitectos.com\/noticias\/index.php?rest_route=\/wp\/v2\/posts"}],"about":[{"href":"https:\/\/colegioarquitectos.com\/noticias\/index.php?rest_route=\/wp\/v2\/types\/post"}],"author":[{"embeddable":true,"href":"https:\/\/colegioarquitectos.com\/noticias\/index.php?rest_route=\/wp\/v2\/users\/4"}],"replies":[{"embeddable":true,"href":"https:\/\/colegioarquitectos.com\/noticias\/index.php?rest_route=%2Fwp%2Fv2%2Fcomments&post=12514"}],"version-history":[{"count":0,"href":"https:\/\/colegioarquitectos.com\/noticias\/index.php?rest_route=\/wp\/v2\/posts\/12514\/revisions"}],"wp:featuredmedia":[{"embeddable":true,"href":"https:\/\/colegioarquitectos.com\/noticias\/index.php?rest_route=\/wp\/v2\/media\/12515"}],"wp:attachment":[{"href":"https:\/\/colegioarquitectos.com\/noticias\/index.php?rest_route=%2Fwp%2Fv2%2Fmedia&parent=12514"}],"wp:term":[{"taxonomy":"category","embeddable":true,"href":"https:\/\/colegioarquitectos.com\/noticias\/index.php?rest_route=%2Fwp%2Fv2%2Fcategories&post=12514"},{"taxonomy":"post_tag","embeddable":true,"href":"https:\/\/colegioarquitectos.com\/noticias\/index.php?rest_route=%2Fwp%2Fv2%2Ftags&post=12514"}],"curies":[{"name":"wp","href":"https:\/\/api.w.org\/{rel}","templated":true}]}}