
{"id":12531,"date":"2016-05-05T09:00:44","date_gmt":"2016-05-05T09:00:44","guid":{"rendered":"http:\/\/colegioarquitectos.com\/?p=12531"},"modified":"2016-05-23T17:30:21","modified_gmt":"2016-05-23T17:30:21","slug":"carta-abierta-a-presidenta-de-la-republica-sobre-tema-valparaiso-e-informe-patrimonial","status":"publish","type":"post","link":"https:\/\/colegioarquitectos.com\/noticias\/?p=12531","title":{"rendered":"Carta abierta a Presidenta de la Rep\u00fablica sobre tema Valpara\u00edso e informe patrimonial"},"content":{"rendered":"<p>Santiago, 2O de abril de 2O16.<\/p>\n<p>&nbsp;<\/p>\n<p>Se\u00f1ora<\/p>\n<p><strong>Michelle Bachelet Jeria<\/strong><\/p>\n<p><strong>Presidenta de la Rep\u00fablica<\/strong><\/p>\n<p><strong>Presente<\/strong><\/p>\n<p>&nbsp;<\/p>\n<p>Estimada Presidenta:<\/p>\n<p>&nbsp;<\/p>\n<p>El Colegio de Arquitectos de Chile, que tenemos el honor de representar, considera un deber moral acudir a usted para exponerle un problema que nos afecta a todos como chilenos porque est\u00e1 en juego el futuro de Valpara\u00edso,\u00a0 ciudad y\u00a0puerto emblem\u00e1tico del pa\u00eds\u00a0y Patrimonio de la Humanidad postulado y declarado\u00a0por la UNESCO en el a\u00f1o 2OO3.<\/p>\n<p>Nos referimos a los\u00a0proyectos del centro comercial Mall Bar\u00f3n y el Terminal 2 del Puerto\u00a0(T2),\u00a0 los\u00a0que de materializarse\u00a0tendr\u00e1n un alt\u00edsimo impacto, tanto patrimonial como econ\u00f3mico y ambiental, en el borde costero de Valpara\u00edso.<\/p>\n<p>En Enero de 2O12 y Febrero de\u00a02O13, la Delegaci\u00f3n Regional del Colegio de Arquitectos\u00a0adhiri\u00f3 a las presentaciones que la comunidad de Valpara\u00edso hiciera a la UNESCO, solicitando la elaboraci\u00f3n\u00a0 de una evaluaci\u00f3n t\u00e9cnica del impacto que generar\u00e1n las transformaciones del borde portuario. Ante esto la UNESCO decidi\u00f3 el env\u00edo de un Comit\u00e9 de Expertos de ICOMOS (Consejo Internacional de Monumentos y Sitios), quienes a su vez recomendaron al Comit\u00e9 de Patrimonio Mundial solicitar al Estado de Chile la realizaci\u00f3n\u00a0de un Estudio de Impacto Patrimonial.<\/p>\n<p>El Gobierno se comprometi\u00f3 con la UNESCO para realizar el estudio, el que\u00a0fue contratado por la DIBAM (Direcci\u00f3n de Bibliotecas, Archivos y Museos) durante el segundo semestre de 2O15 al\u00a0 experto colombiano Juan Luis Isaza, quien entreg\u00f3 un informe en enero de 2O16 y, seg\u00fan se nos se\u00f1ala recientemente por organismos oficiales, har\u00eda entrega de un \u00faltimo informe durante el presente mes de abril.<\/p>\n<p>Se trata de un estudio de naturaleza p\u00fablica en todas y cada una de sus etapas, realizado a trav\u00e9s de la UNESCO y el Gobierno de Chile, no obstante lo cual el contenido de lo ya entregado \u00a0ha sido imposible conocer,\u00a0 pese a las repetidas peticiones formales\u00a0 y a la declaraci\u00f3n\u00a0 de su autor de haber hecho adecuada entrega de la tarea encomendada. La Empresa\u00a0 Portuaria de Valpara\u00edso (EPV), empresa del Estado y organismo gestor de estos proyectos, ha dado diversas excusas para no darlo a conocer y ha insistido en\u00a0 hablar de un \u00abborrador\u00bb inconcluso, vulnerando la Ley de Transparencia \u00a0N\u00b0 2O.285 sobre acceso a la informaci\u00f3n p\u00fablica.<\/p>\n<p>Lo que no cabe duda es que el informe en su estado actual, y por supuesto el que se se\u00f1ala se entregar\u00eda durante este mes, constituyen documentos claves para\u00a0considerar y evaluar los impactos patrimoniales, econ\u00f3micos y ambientales que afectar\u00edan a la ciudad de Valpara\u00edso y a la vida de sus habitantes con la construcci\u00f3n de los proyectos mencionados, pudi\u00e9ndose\u00a0evitar errores irreversibles,\u00a0dado\u00a0sobre todo a\u00a0que\u00a0no se ha iniciado obra alguna.<\/p>\n<p>No dar a conocer el o los \u00a0informes del se\u00f1or Isaza contribuye a minar la confianza p\u00fablica\u00a0en sus autoridades, porque atenta contra el derecho ciudadano a conocer lo que est\u00e1 en juego para la vida futura de su ciudad.<\/p>\n<p>Es as\u00ed que el Colegio de Arquitectos de Chile, tanto a trav\u00e9s de su Directiva Nacional como su Delegaci\u00f3n Regional de Valpara\u00edso y su Comit\u00e9 de Patrimonio, han venido manifestando desde hace ya cinco a\u00f1os una\u00a0 enorme\u00a0 preocupaci\u00f3n\u00a0 por esta situaci\u00f3n. Reclamamos reinstalar una visi\u00f3n de Estado que,\u00a0con una activa participaci\u00f3n ciudadana,\u00a0 retome el camino adecuado para una ciudad que sin dudas demanda una renovaci\u00f3n de su puerto, pero que con la misma urgencia requiere actualizar su planificaci\u00f3n territorial,\u00a0 recuperando su deteriorada \u00e1rea patrimonial y construyendo\u00a0 un entorno urbano que dif\u00edcilmente\u00a0soportar\u00eda hoy un impacto de la envergadura que acarrear\u00edan las obras proyectadas en el borde costero.<\/p>\n<p>Recurrimos por lo tanto a la m\u00e1s alta investidura de la Naci\u00f3n\u00a0 para solicitar su directa\u00a0 intervenci\u00f3n en este caso, tan contrario a su manifiesta voluntad de hacer transparente los actos del Gobierno,\u00a0pudiendo conocer detalladamente el informe aludido como los que podr\u00edan a\u00f1adirse,\u00a0 as\u00ed como disponer todas las instancias p\u00fablicas en favor de mejorar las deficiencias ya\u00a0advertidas, tanto nacional como internacionalmente,\u00a0en cuanto a calidad, dise\u00f1o y emplazamiento de los proyectos que se\u00a0 intentan implementar en nuestra\u00a0ciudad Patrimonio de la Humanidad.<\/p>\n<p>Nuestro Gremio se pone a disposici\u00f3n de aportar y colaborar en todo aquello que permita transparentar la informaci\u00f3n as\u00ed como\u00a0 evaluar y materializar acciones tendientes a\u00a0 buscar\u00a0 soluciones\u00a0que garanticen\u00a0 mejores entornos para vivir, tarea que el Colegio de Arquitectos se ha impuesto desde su creaci\u00f3n y que representa el sentir de la comunidad nacional y especialmente de Valpara\u00edso.<\/p>\n<p>&nbsp;<\/p>\n<p>Agradecidos de su atenci\u00f3n, la saludan muy cordialmente,<\/p>\n<p>&nbsp;<\/p>\n<p><strong>Pilar Urrejola Dittborn<\/strong><\/p>\n<p>Presidenta Nacional<\/p>\n<p>Colegio de Arquitectos de Chile<\/p>\n<p>&nbsp;<\/p>\n<p><strong>Claudio Reyes Stevens<\/strong><\/p>\n<p>Presidente Delegaci\u00f3n Regional de Valpara\u00edso<\/p>\n<p>Colegio de Arquitectos de Chile<\/p>\n<p>&nbsp;<\/p>\n<p><strong>Patricio Gross Fuentes \u00a0 \u00a0 \u00a0 \u00a0 \u00a0 \u00a0<\/strong><\/p>\n<p>Presidente Comit\u00e9 de Patrimonio<\/p>\n<p>Colegio de Arquitectos de Chile<\/p>\n<p>&nbsp;<\/p>\n<p>[gview file=\u00bbhttp:\/\/colegioarquitectos.com\/noticias\/wp-content\/uploads\/2016\/05\/2O16-Carta-Abierta-a-Presidenta-Bachelet-Colegio-de-Arquitectos.pdf\u00bb]<\/p>\n<p><\/p>","protected":false},"excerpt":{"rendered":"<p>Santiago, 2O de abril de 2O16. &nbsp; Se\u00f1ora Michelle Bachelet Jeria Presidenta de la Rep\u00fablica Presente &nbsp; Estimada Presidenta: &nbsp; El Colegio de Arquitectos de Chile, que tenemos el honor de representar, considera un deber moral acudir a usted para &hellip; <a class=\"more-link\" href=\"https:\/\/colegioarquitectos.com\/noticias\/?p=12531\">ver m\u00e1s<\/a><\/p>","protected":false},"author":4,"featured_media":12213,"comment_status":"open","ping_status":"open","sticky":false,"template":"","format":"standard","meta":{"footnotes":""},"categories":[8],"tags":[],"class_list":["post-12531","post","type-post","status-publish","format-standard","has-post-thumbnail","hentry","category-colegio-de-arquitectos"],"yoast_head":"<!-- This site is optimized with the Yoast SEO plugin v24.2 - https:\/\/yoast.com\/wordpress\/plugins\/seo\/ -->\n<title>Carta abierta a Presidenta de la Rep\u00fablica sobre tema Valpara\u00edso e informe patrimonial - COLEGIO DE ARQUITECTOS DE CHILE<\/title>\n<meta name=\"robots\" content=\"index, follow, max-snippet:-1, max-image-preview:large, max-video-preview:-1\" \/>\n<link rel=\"canonical\" href=\"https:\/\/colegioarquitectos.com\/noticias\/?p=12531\" \/>\n<meta property=\"og:locale\" content=\"es_ES\" \/>\n<meta property=\"og:type\" content=\"article\" \/>\n<meta property=\"og:title\" content=\"Carta abierta a Presidenta de la Rep\u00fablica sobre tema Valpara\u00edso e informe patrimonial - COLEGIO DE ARQUITECTOS DE CHILE\" \/>\n<meta property=\"og:description\" content=\"Santiago, 2O de abril de 2O16. &nbsp; Se\u00f1ora Michelle Bachelet Jeria Presidenta de la Rep\u00fablica Presente &nbsp; Estimada Presidenta: &nbsp; El Colegio de Arquitectos de Chile, que tenemos el honor de representar, considera un deber moral acudir a usted para &hellip; ver m\u00e1s\" \/>\n<meta property=\"og:url\" content=\"https:\/\/colegioarquitectos.com\/noticias\/?p=12531\" \/>\n<meta property=\"og:site_name\" content=\"COLEGIO DE ARQUITECTOS DE CHILE\" \/>\n<meta property=\"article:publisher\" content=\"https:\/\/facebook.com\/Colegioarq\/\" \/>\n<meta property=\"article:published_time\" content=\"2016-05-05T09:00:44+00:00\" \/>\n<meta property=\"article:modified_time\" content=\"2016-05-23T17:30:21+00:00\" \/>\n<meta property=\"og:image\" content=\"https:\/\/colegioarquitectos.com\/noticias\/wp-content\/uploads\/2016\/04\/Logo-CA-web.jpg\" \/>\n\t<meta property=\"og:image:width\" content=\"690\" \/>\n\t<meta property=\"og:image:height\" content=\"320\" \/>\n\t<meta property=\"og:image:type\" content=\"image\/jpeg\" \/>\n<meta name=\"author\" content=\"Colegio de Arquitectos de Chile\" \/>\n<meta name=\"twitter:card\" content=\"summary_large_image\" \/>\n<meta name=\"twitter:creator\" content=\"@colegioarq\" \/>\n<meta name=\"twitter:site\" content=\"@colegioarq\" \/>\n<meta name=\"twitter:label1\" content=\"Escrito por\" \/>\n\t<meta name=\"twitter:data1\" content=\"Colegio de Arquitectos de Chile\" \/>\n\t<meta name=\"twitter:label2\" content=\"Tiempo de lectura\" \/>\n\t<meta name=\"twitter:data2\" content=\"4 minutos\" \/>\n<script type=\"application\/ld+json\" class=\"yoast-schema-graph\">{\"@context\":\"https:\/\/schema.org\",\"@graph\":[{\"@type\":\"Article\",\"@id\":\"https:\/\/colegioarquitectos.com\/noticias\/?p=12531#article\",\"isPartOf\":{\"@id\":\"https:\/\/colegioarquitectos.com\/noticias\/?p=12531\"},\"author\":{\"name\":\"Colegio de Arquitectos de Chile\",\"@id\":\"https:\/\/colegioarquitectos.com\/noticias\/#\/schema\/person\/685cc0aad148303c5608f049af8285ad\"},\"headline\":\"Carta abierta a Presidenta de la Rep\u00fablica sobre tema Valpara\u00edso e informe patrimonial\",\"datePublished\":\"2016-05-05T09:00:44+00:00\",\"dateModified\":\"2016-05-23T17:30:21+00:00\",\"mainEntityOfPage\":{\"@id\":\"https:\/\/colegioarquitectos.com\/noticias\/?p=12531\"},\"wordCount\":880,\"commentCount\":1,\"publisher\":{\"@id\":\"https:\/\/colegioarquitectos.com\/noticias\/#organization\"},\"image\":{\"@id\":\"https:\/\/colegioarquitectos.com\/noticias\/?p=12531#primaryimage\"},\"thumbnailUrl\":\"https:\/\/colegioarquitectos.com\/noticias\/wp-content\/uploads\/2016\/04\/Logo-CA-web.jpg\",\"articleSection\":[\"Colegio\"],\"inLanguage\":\"es\",\"potentialAction\":[{\"@type\":\"CommentAction\",\"name\":\"Comment\",\"target\":[\"https:\/\/colegioarquitectos.com\/noticias\/?p=12531#respond\"]}]},{\"@type\":\"WebPage\",\"@id\":\"https:\/\/colegioarquitectos.com\/noticias\/?p=12531\",\"url\":\"https:\/\/colegioarquitectos.com\/noticias\/?p=12531\",\"name\":\"Carta abierta a Presidenta de la Rep\u00fablica sobre tema Valpara\u00edso e informe patrimonial - COLEGIO DE ARQUITECTOS DE CHILE\",\"isPartOf\":{\"@id\":\"https:\/\/colegioarquitectos.com\/noticias\/#website\"},\"primaryImageOfPage\":{\"@id\":\"https:\/\/colegioarquitectos.com\/noticias\/?p=12531#primaryimage\"},\"image\":{\"@id\":\"https:\/\/colegioarquitectos.com\/noticias\/?p=12531#primaryimage\"},\"thumbnailUrl\":\"https:\/\/colegioarquitectos.com\/noticias\/wp-content\/uploads\/2016\/04\/Logo-CA-web.jpg\",\"datePublished\":\"2016-05-05T09:00:44+00:00\",\"dateModified\":\"2016-05-23T17:30:21+00:00\",\"breadcrumb\":{\"@id\":\"https:\/\/colegioarquitectos.com\/noticias\/?p=12531#breadcrumb\"},\"inLanguage\":\"es\",\"potentialAction\":[{\"@type\":\"ReadAction\",\"target\":[\"https:\/\/colegioarquitectos.com\/noticias\/?p=12531\"]}]},{\"@type\":\"ImageObject\",\"inLanguage\":\"es\",\"@id\":\"https:\/\/colegioarquitectos.com\/noticias\/?p=12531#primaryimage\",\"url\":\"https:\/\/colegioarquitectos.com\/noticias\/wp-content\/uploads\/2016\/04\/Logo-CA-web.jpg\",\"contentUrl\":\"https:\/\/colegioarquitectos.com\/noticias\/wp-content\/uploads\/2016\/04\/Logo-CA-web.jpg\",\"width\":690,\"height\":320},{\"@type\":\"BreadcrumbList\",\"@id\":\"https:\/\/colegioarquitectos.com\/noticias\/?p=12531#breadcrumb\",\"itemListElement\":[{\"@type\":\"ListItem\",\"position\":1,\"name\":\"Portada\",\"item\":\"https:\/\/colegioarquitectos.com\/noticias\"},{\"@type\":\"ListItem\",\"position\":2,\"name\":\"Carta abierta a Presidenta de la Rep\u00fablica sobre tema Valpara\u00edso e informe patrimonial\"}]},{\"@type\":\"WebSite\",\"@id\":\"https:\/\/colegioarquitectos.com\/noticias\/#website\",\"url\":\"https:\/\/colegioarquitectos.com\/noticias\/\",\"name\":\"COLEGIO DE ARQUITECTOS DE CHILE\",\"description\":\"\",\"publisher\":{\"@id\":\"https:\/\/colegioarquitectos.com\/noticias\/#organization\"},\"potentialAction\":[{\"@type\":\"SearchAction\",\"target\":{\"@type\":\"EntryPoint\",\"urlTemplate\":\"https:\/\/colegioarquitectos.com\/noticias\/?s={search_term_string}\"},\"query-input\":{\"@type\":\"PropertyValueSpecification\",\"valueRequired\":true,\"valueName\":\"search_term_string\"}}],\"inLanguage\":\"es\"},{\"@type\":\"Organization\",\"@id\":\"https:\/\/colegioarquitectos.com\/noticias\/#organization\",\"name\":\"COLEGIO DE ARQUITECTOS DE CHILE\",\"url\":\"https:\/\/colegioarquitectos.com\/noticias\/\",\"logo\":{\"@type\":\"ImageObject\",\"inLanguage\":\"es\",\"@id\":\"https:\/\/colegioarquitectos.com\/noticias\/#\/schema\/logo\/image\/\",\"url\":\"https:\/\/colegioarquitectos.com\/noticias\/wp-content\/uploads\/2021\/05\/ENCABEZADO-LOGO-CA.jpg\",\"contentUrl\":\"https:\/\/colegioarquitectos.com\/noticias\/wp-content\/uploads\/2021\/05\/ENCABEZADO-LOGO-CA.jpg\",\"width\":690,\"height\":350,\"caption\":\"COLEGIO DE ARQUITECTOS DE CHILE\"},\"image\":{\"@id\":\"https:\/\/colegioarquitectos.com\/noticias\/#\/schema\/logo\/image\/\"},\"sameAs\":[\"https:\/\/facebook.com\/Colegioarq\/\",\"https:\/\/x.com\/colegioarq\",\"https:\/\/instagram.com\/colegioarq\",\"https:\/\/youtube.com\/@ColegiodeArquitectosdeChile\"]},{\"@type\":\"Person\",\"@id\":\"https:\/\/colegioarquitectos.com\/noticias\/#\/schema\/person\/685cc0aad148303c5608f049af8285ad\",\"name\":\"Colegio de Arquitectos de Chile\",\"url\":\"https:\/\/colegioarquitectos.com\/noticias\/?author=4\"}]}<\/script>\n<!-- \/ Yoast SEO plugin. -->","yoast_head_json":{"title":"Carta abierta a Presidenta de la Rep\u00fablica sobre tema Valpara\u00edso e informe patrimonial - COLEGIO DE ARQUITECTOS DE CHILE","robots":{"index":"index","follow":"follow","max-snippet":"max-snippet:-1","max-image-preview":"max-image-preview:large","max-video-preview":"max-video-preview:-1"},"canonical":"https:\/\/colegioarquitectos.com\/noticias\/?p=12531","og_locale":"es_ES","og_type":"article","og_title":"Carta abierta a Presidenta de la Rep\u00fablica sobre tema Valpara\u00edso e informe patrimonial - COLEGIO DE ARQUITECTOS DE CHILE","og_description":"Santiago, 2O de abril de 2O16. &nbsp; Se\u00f1ora Michelle Bachelet Jeria Presidenta de la Rep\u00fablica Presente &nbsp; Estimada Presidenta: &nbsp; El Colegio de Arquitectos de Chile, que tenemos el honor de representar, considera un deber moral acudir a usted para &hellip; ver m\u00e1s","og_url":"https:\/\/colegioarquitectos.com\/noticias\/?p=12531","og_site_name":"COLEGIO DE ARQUITECTOS DE CHILE","article_publisher":"https:\/\/facebook.com\/Colegioarq\/","article_published_time":"2016-05-05T09:00:44+00:00","article_modified_time":"2016-05-23T17:30:21+00:00","og_image":[{"width":690,"height":320,"url":"https:\/\/colegioarquitectos.com\/noticias\/wp-content\/uploads\/2016\/04\/Logo-CA-web.jpg","type":"image\/jpeg"}],"author":"Colegio de Arquitectos de Chile","twitter_card":"summary_large_image","twitter_creator":"@colegioarq","twitter_site":"@colegioarq","twitter_misc":{"Escrito por":"Colegio de Arquitectos de Chile","Tiempo de lectura":"4 minutos"},"schema":{"@context":"https:\/\/schema.org","@graph":[{"@type":"Article","@id":"https:\/\/colegioarquitectos.com\/noticias\/?p=12531#article","isPartOf":{"@id":"https:\/\/colegioarquitectos.com\/noticias\/?p=12531"},"author":{"name":"Colegio de Arquitectos de Chile","@id":"https:\/\/colegioarquitectos.com\/noticias\/#\/schema\/person\/685cc0aad148303c5608f049af8285ad"},"headline":"Carta abierta a Presidenta de la Rep\u00fablica sobre tema Valpara\u00edso e informe patrimonial","datePublished":"2016-05-05T09:00:44+00:00","dateModified":"2016-05-23T17:30:21+00:00","mainEntityOfPage":{"@id":"https:\/\/colegioarquitectos.com\/noticias\/?p=12531"},"wordCount":880,"commentCount":1,"publisher":{"@id":"https:\/\/colegioarquitectos.com\/noticias\/#organization"},"image":{"@id":"https:\/\/colegioarquitectos.com\/noticias\/?p=12531#primaryimage"},"thumbnailUrl":"https:\/\/colegioarquitectos.com\/noticias\/wp-content\/uploads\/2016\/04\/Logo-CA-web.jpg","articleSection":["Colegio"],"inLanguage":"es","potentialAction":[{"@type":"CommentAction","name":"Comment","target":["https:\/\/colegioarquitectos.com\/noticias\/?p=12531#respond"]}]},{"@type":"WebPage","@id":"https:\/\/colegioarquitectos.com\/noticias\/?p=12531","url":"https:\/\/colegioarquitectos.com\/noticias\/?p=12531","name":"Carta abierta a Presidenta de la Rep\u00fablica sobre tema Valpara\u00edso e informe patrimonial - COLEGIO DE ARQUITECTOS DE CHILE","isPartOf":{"@id":"https:\/\/colegioarquitectos.com\/noticias\/#website"},"primaryImageOfPage":{"@id":"https:\/\/colegioarquitectos.com\/noticias\/?p=12531#primaryimage"},"image":{"@id":"https:\/\/colegioarquitectos.com\/noticias\/?p=12531#primaryimage"},"thumbnailUrl":"https:\/\/colegioarquitectos.com\/noticias\/wp-content\/uploads\/2016\/04\/Logo-CA-web.jpg","datePublished":"2016-05-05T09:00:44+00:00","dateModified":"2016-05-23T17:30:21+00:00","breadcrumb":{"@id":"https:\/\/colegioarquitectos.com\/noticias\/?p=12531#breadcrumb"},"inLanguage":"es","potentialAction":[{"@type":"ReadAction","target":["https:\/\/colegioarquitectos.com\/noticias\/?p=12531"]}]},{"@type":"ImageObject","inLanguage":"es","@id":"https:\/\/colegioarquitectos.com\/noticias\/?p=12531#primaryimage","url":"https:\/\/colegioarquitectos.com\/noticias\/wp-content\/uploads\/2016\/04\/Logo-CA-web.jpg","contentUrl":"https:\/\/colegioarquitectos.com\/noticias\/wp-content\/uploads\/2016\/04\/Logo-CA-web.jpg","width":690,"height":320},{"@type":"BreadcrumbList","@id":"https:\/\/colegioarquitectos.com\/noticias\/?p=12531#breadcrumb","itemListElement":[{"@type":"ListItem","position":1,"name":"Portada","item":"https:\/\/colegioarquitectos.com\/noticias"},{"@type":"ListItem","position":2,"name":"Carta abierta a Presidenta de la Rep\u00fablica sobre tema Valpara\u00edso e informe patrimonial"}]},{"@type":"WebSite","@id":"https:\/\/colegioarquitectos.com\/noticias\/#website","url":"https:\/\/colegioarquitectos.com\/noticias\/","name":"COLEGIO DE ARQUITECTOS DE CHILE","description":"","publisher":{"@id":"https:\/\/colegioarquitectos.com\/noticias\/#organization"},"potentialAction":[{"@type":"SearchAction","target":{"@type":"EntryPoint","urlTemplate":"https:\/\/colegioarquitectos.com\/noticias\/?s={search_term_string}"},"query-input":{"@type":"PropertyValueSpecification","valueRequired":true,"valueName":"search_term_string"}}],"inLanguage":"es"},{"@type":"Organization","@id":"https:\/\/colegioarquitectos.com\/noticias\/#organization","name":"COLEGIO DE ARQUITECTOS DE CHILE","url":"https:\/\/colegioarquitectos.com\/noticias\/","logo":{"@type":"ImageObject","inLanguage":"es","@id":"https:\/\/colegioarquitectos.com\/noticias\/#\/schema\/logo\/image\/","url":"https:\/\/colegioarquitectos.com\/noticias\/wp-content\/uploads\/2021\/05\/ENCABEZADO-LOGO-CA.jpg","contentUrl":"https:\/\/colegioarquitectos.com\/noticias\/wp-content\/uploads\/2021\/05\/ENCABEZADO-LOGO-CA.jpg","width":690,"height":350,"caption":"COLEGIO DE ARQUITECTOS DE CHILE"},"image":{"@id":"https:\/\/colegioarquitectos.com\/noticias\/#\/schema\/logo\/image\/"},"sameAs":["https:\/\/facebook.com\/Colegioarq\/","https:\/\/x.com\/colegioarq","https:\/\/instagram.com\/colegioarq","https:\/\/youtube.com\/@ColegiodeArquitectosdeChile"]},{"@type":"Person","@id":"https:\/\/colegioarquitectos.com\/noticias\/#\/schema\/person\/685cc0aad148303c5608f049af8285ad","name":"Colegio de Arquitectos de Chile","url":"https:\/\/colegioarquitectos.com\/noticias\/?author=4"}]}},"_links":{"self":[{"href":"https:\/\/colegioarquitectos.com\/noticias\/index.php?rest_route=\/wp\/v2\/posts\/12531","targetHints":{"allow":["GET"]}}],"collection":[{"href":"https:\/\/colegioarquitectos.com\/noticias\/index.php?rest_route=\/wp\/v2\/posts"}],"about":[{"href":"https:\/\/colegioarquitectos.com\/noticias\/index.php?rest_route=\/wp\/v2\/types\/post"}],"author":[{"embeddable":true,"href":"https:\/\/colegioarquitectos.com\/noticias\/index.php?rest_route=\/wp\/v2\/users\/4"}],"replies":[{"embeddable":true,"href":"https:\/\/colegioarquitectos.com\/noticias\/index.php?rest_route=%2Fwp%2Fv2%2Fcomments&post=12531"}],"version-history":[{"count":0,"href":"https:\/\/colegioarquitectos.com\/noticias\/index.php?rest_route=\/wp\/v2\/posts\/12531\/revisions"}],"wp:featuredmedia":[{"embeddable":true,"href":"https:\/\/colegioarquitectos.com\/noticias\/index.php?rest_route=\/wp\/v2\/media\/12213"}],"wp:attachment":[{"href":"https:\/\/colegioarquitectos.com\/noticias\/index.php?rest_route=%2Fwp%2Fv2%2Fmedia&parent=12531"}],"wp:term":[{"taxonomy":"category","embeddable":true,"href":"https:\/\/colegioarquitectos.com\/noticias\/index.php?rest_route=%2Fwp%2Fv2%2Fcategories&post=12531"},{"taxonomy":"post_tag","embeddable":true,"href":"https:\/\/colegioarquitectos.com\/noticias\/index.php?rest_route=%2Fwp%2Fv2%2Ftags&post=12531"}],"curies":[{"name":"wp","href":"https:\/\/api.w.org\/{rel}","templated":true}]}}