
{"id":1257,"date":"2012-05-30T12:28:38","date_gmt":"2012-05-30T12:28:38","guid":{"rendered":"http:\/\/colegioarquitectos.com\/noticias\/?p=1257"},"modified":"2012-06-21T22:07:35","modified_gmt":"2012-06-21T22:07:35","slug":"chile-gbc-lanzo-documento-que-analiza-aspecto-social-y-ambiental-de-las-edificaciones","status":"publish","type":"post","link":"https:\/\/colegioarquitectos.com\/noticias\/?p=1257","title":{"rendered":"Chile GBC lanz\u00f3 documento que analiza aspecto social y ambiental de las edificaciones"},"content":{"rendered":"<p style=\"text-align: justify;\">Con la finalidad de traducir los aspectos m\u00e1s importantes de cada cr\u00e9dito LEED\u00ae, adem\u00e1s de identificar y analizar las brechas t\u00e9cnicas, legales y econ\u00f3micas para aplicar esta certificaci\u00f3n en el mercado local, Chile Green Building Council lanz\u00f3 el tercer documento de an\u00e1lisis LEED\u00ae <strong>Sitios Sustentables.<\/strong><\/p>\n<p style=\"text-align: justify;\">Sitios Sustentables fue desarrollado, al igual que los documentos anteriores, gracias al esfuerzo voluntario de las empresas socias del Chile GBC, quienes contribuyeron con profesionales y t\u00e9cnicos los que aportaron tanto en la soluci\u00f3n de dudas, c\u00f3mo en la b\u00fasqueda de soluciones locales a las exigencias LEED.<\/p>\n<p style=\"text-align: justify;\">Este documento es el resultado de la tercera de las cinco Mesas de Trabajo que Chile GBC viene realizando desde el 2010 y estuvo centrado en contribuir a la planificaci\u00f3n de las ciudades de manera de no afectar la calidad de vida de las personas.<\/p>\n<p style=\"text-align: justify;\">La construcci\u00f3n de edificios afecta al ecosistema de diversas formas y las problem\u00e1ticas asociadas pueden ser prevenidas si se piensa desde un principio en seleccionar lugares adecuados para su emplazamiento, y planes de control para disminuir al m\u00e1ximo la perturbaci\u00f3n, afectaci\u00f3n y\/o modificaci\u00f3n del sitio.<\/p>\n<p style=\"text-align: justify;\">La metodolog\u00eda LEED plantea una serie de estrategias, que al ser implementadas, se obtendr\u00e1n proyectos responsables que contribuir\u00e1n por el correcto aprovechamiento del suelo urbano y promoviendo la protecci\u00f3n del medio natural.<\/p>\n<p style=\"text-align: justify;\">Giancarlo Cibrario, Presidente de Chile Green Building Council, manifest\u00f3 que \u201ccomo ciudadanos tenemos tareas donde debemos comprender que las conexiones con el transporte p\u00fablico y con formas alternativas de movilizaci\u00f3n, impulsan la capacidad sustentable de una edificaci\u00f3n. Debemos reconocer la responsabilidad de las edificaciones de hacerse cargo de las \u00e1reas verdes que utilizan; y se debe relacionar directamente la calidad de vida con la vida dentro de la ciudad y los aspectos en los cu\u00e1les las edificaciones pueden aportar a mejorarla.\u201d.<\/p>\n<p style=\"text-align: justify;\">Cabe destacar que quienes est\u00e9n interesados en adquirir este documento, junto al de Ahorro en el Uso del Agua y Materiales y Recursos, pueden descargarlo desde <span style=\"color: #0000ff;\"><a href=\"http:\/\/www.chilegbc.cl\/\"><span style=\"color: #0000ff;\">www.chilegbc.cl<\/span><\/a><\/span>.<\/p>\n<p style=\"text-align: justify;\"><a href=\"http:\/\/colegioarquitectos.com\/noticias\/wp-content\/uploads\/2012\/06\/Portada_Documento_Sitios_Sutentables.jpg\"><img loading=\"lazy\" decoding=\"async\" class=\"alignnone size-full wp-image-1258\" title=\"Portada_Documento_Sitios_Sutentables\" src=\"http:\/\/colegioarquitectos.com\/noticias\/wp-content\/uploads\/2012\/06\/Portada_Documento_Sitios_Sutentables.jpg\" alt=\"\" width=\"490\" height=\"637\" srcset=\"https:\/\/colegioarquitectos.com\/noticias\/wp-content\/uploads\/2012\/06\/Portada_Documento_Sitios_Sutentables.jpg 490w, https:\/\/colegioarquitectos.com\/noticias\/wp-content\/uploads\/2012\/06\/Portada_Documento_Sitios_Sutentables-230x300.jpg 230w\" sizes=\"auto, (max-width: 490px) 100vw, 490px\" \/><\/a><\/p>\n<p>&nbsp;<\/p>\n<p>&nbsp;<\/p>\n<p>&nbsp;<\/p>\n<p><\/p>","protected":false},"excerpt":{"rendered":"<p>Con la finalidad de traducir los aspectos m\u00e1s importantes de cada cr\u00e9dito LEED\u00ae, adem\u00e1s de identificar y analizar las brechas t\u00e9cnicas, legales y econ\u00f3micas para aplicar esta certificaci\u00f3n en el mercado local, Chile Green Building Council lanz\u00f3 el tercer documento &hellip; <a class=\"more-link\" href=\"https:\/\/colegioarquitectos.com\/noticias\/?p=1257\">ver m\u00e1s<\/a><\/p>","protected":false},"author":1,"featured_media":0,"comment_status":"open","ping_status":"open","sticky":false,"template":"","format":"standard","meta":{"footnotes":""},"categories":[25],"tags":[],"class_list":["post-1257","post","type-post","status-publish","format-standard","hentry","category-lanzamientos"],"yoast_head":"<!-- This site is optimized with the Yoast SEO plugin v24.2 - https:\/\/yoast.com\/wordpress\/plugins\/seo\/ -->\n<title>Chile GBC lanz\u00f3 documento que analiza aspecto social y ambiental de las edificaciones - COLEGIO DE ARQUITECTOS DE CHILE<\/title>\n<meta name=\"robots\" content=\"index, follow, max-snippet:-1, max-image-preview:large, max-video-preview:-1\" \/>\n<link rel=\"canonical\" href=\"https:\/\/colegioarquitectos.com\/noticias\/?p=1257\" \/>\n<meta property=\"og:locale\" content=\"es_ES\" \/>\n<meta property=\"og:type\" content=\"article\" \/>\n<meta property=\"og:title\" content=\"Chile GBC lanz\u00f3 documento que analiza aspecto social y ambiental de las edificaciones - COLEGIO DE ARQUITECTOS DE CHILE\" \/>\n<meta property=\"og:description\" content=\"Con la finalidad de traducir los aspectos m\u00e1s importantes de cada cr\u00e9dito LEED\u00ae, adem\u00e1s de identificar y analizar las brechas t\u00e9cnicas, legales y econ\u00f3micas para aplicar esta certificaci\u00f3n en el mercado local, Chile Green Building Council lanz\u00f3 el tercer documento &hellip; ver m\u00e1s\" \/>\n<meta property=\"og:url\" content=\"https:\/\/colegioarquitectos.com\/noticias\/?p=1257\" \/>\n<meta property=\"og:site_name\" content=\"COLEGIO DE ARQUITECTOS DE CHILE\" \/>\n<meta property=\"article:publisher\" content=\"https:\/\/facebook.com\/Colegioarq\/\" \/>\n<meta property=\"article:published_time\" content=\"2012-05-30T12:28:38+00:00\" \/>\n<meta property=\"article:modified_time\" content=\"2012-06-21T22:07:35+00:00\" \/>\n<meta property=\"og:image\" content=\"http:\/\/colegioarquitectos.com\/noticias\/wp-content\/uploads\/2012\/06\/Portada_Documento_Sitios_Sutentables.jpg\" \/>\n<meta name=\"author\" content=\"Gabriel Salgado S.\" \/>\n<meta name=\"twitter:card\" content=\"summary_large_image\" \/>\n<meta name=\"twitter:creator\" content=\"@colegioarq\" \/>\n<meta name=\"twitter:site\" content=\"@colegioarq\" \/>\n<meta name=\"twitter:label1\" content=\"Escrito por\" \/>\n\t<meta name=\"twitter:data1\" content=\"Gabriel Salgado S.\" \/>\n\t<meta name=\"twitter:label2\" content=\"Tiempo de lectura\" \/>\n\t<meta name=\"twitter:data2\" content=\"2 minutos\" \/>\n<script type=\"application\/ld+json\" class=\"yoast-schema-graph\">{\"@context\":\"https:\/\/schema.org\",\"@graph\":[{\"@type\":\"Article\",\"@id\":\"https:\/\/colegioarquitectos.com\/noticias\/?p=1257#article\",\"isPartOf\":{\"@id\":\"https:\/\/colegioarquitectos.com\/noticias\/?p=1257\"},\"author\":{\"name\":\"Gabriel Salgado S.\",\"@id\":\"https:\/\/colegioarquitectos.com\/noticias\/#\/schema\/person\/b6c7e912cd1283c089114093ed09741f\"},\"headline\":\"Chile GBC lanz\u00f3 documento que analiza aspecto social y ambiental de las edificaciones\",\"datePublished\":\"2012-05-30T12:28:38+00:00\",\"dateModified\":\"2012-06-21T22:07:35+00:00\",\"mainEntityOfPage\":{\"@id\":\"https:\/\/colegioarquitectos.com\/noticias\/?p=1257\"},\"wordCount\":367,\"commentCount\":0,\"publisher\":{\"@id\":\"https:\/\/colegioarquitectos.com\/noticias\/#organization\"},\"image\":{\"@id\":\"https:\/\/colegioarquitectos.com\/noticias\/?p=1257#primaryimage\"},\"thumbnailUrl\":\"http:\/\/colegioarquitectos.com\/noticias\/wp-content\/uploads\/2012\/06\/Portada_Documento_Sitios_Sutentables.jpg\",\"articleSection\":[\"Lanzamientos\"],\"inLanguage\":\"es\",\"potentialAction\":[{\"@type\":\"CommentAction\",\"name\":\"Comment\",\"target\":[\"https:\/\/colegioarquitectos.com\/noticias\/?p=1257#respond\"]}]},{\"@type\":\"WebPage\",\"@id\":\"https:\/\/colegioarquitectos.com\/noticias\/?p=1257\",\"url\":\"https:\/\/colegioarquitectos.com\/noticias\/?p=1257\",\"name\":\"Chile GBC lanz\u00f3 documento que analiza aspecto social y ambiental de las edificaciones - COLEGIO DE ARQUITECTOS DE CHILE\",\"isPartOf\":{\"@id\":\"https:\/\/colegioarquitectos.com\/noticias\/#website\"},\"primaryImageOfPage\":{\"@id\":\"https:\/\/colegioarquitectos.com\/noticias\/?p=1257#primaryimage\"},\"image\":{\"@id\":\"https:\/\/colegioarquitectos.com\/noticias\/?p=1257#primaryimage\"},\"thumbnailUrl\":\"http:\/\/colegioarquitectos.com\/noticias\/wp-content\/uploads\/2012\/06\/Portada_Documento_Sitios_Sutentables.jpg\",\"datePublished\":\"2012-05-30T12:28:38+00:00\",\"dateModified\":\"2012-06-21T22:07:35+00:00\",\"breadcrumb\":{\"@id\":\"https:\/\/colegioarquitectos.com\/noticias\/?p=1257#breadcrumb\"},\"inLanguage\":\"es\",\"potentialAction\":[{\"@type\":\"ReadAction\",\"target\":[\"https:\/\/colegioarquitectos.com\/noticias\/?p=1257\"]}]},{\"@type\":\"ImageObject\",\"inLanguage\":\"es\",\"@id\":\"https:\/\/colegioarquitectos.com\/noticias\/?p=1257#primaryimage\",\"url\":\"http:\/\/colegioarquitectos.com\/noticias\/wp-content\/uploads\/2012\/06\/Portada_Documento_Sitios_Sutentables.jpg\",\"contentUrl\":\"http:\/\/colegioarquitectos.com\/noticias\/wp-content\/uploads\/2012\/06\/Portada_Documento_Sitios_Sutentables.jpg\"},{\"@type\":\"BreadcrumbList\",\"@id\":\"https:\/\/colegioarquitectos.com\/noticias\/?p=1257#breadcrumb\",\"itemListElement\":[{\"@type\":\"ListItem\",\"position\":1,\"name\":\"Portada\",\"item\":\"https:\/\/colegioarquitectos.com\/noticias\"},{\"@type\":\"ListItem\",\"position\":2,\"name\":\"Chile GBC lanz\u00f3 documento que analiza aspecto social y ambiental de las edificaciones\"}]},{\"@type\":\"WebSite\",\"@id\":\"https:\/\/colegioarquitectos.com\/noticias\/#website\",\"url\":\"https:\/\/colegioarquitectos.com\/noticias\/\",\"name\":\"COLEGIO DE ARQUITECTOS DE CHILE\",\"description\":\"\",\"publisher\":{\"@id\":\"https:\/\/colegioarquitectos.com\/noticias\/#organization\"},\"potentialAction\":[{\"@type\":\"SearchAction\",\"target\":{\"@type\":\"EntryPoint\",\"urlTemplate\":\"https:\/\/colegioarquitectos.com\/noticias\/?s={search_term_string}\"},\"query-input\":{\"@type\":\"PropertyValueSpecification\",\"valueRequired\":true,\"valueName\":\"search_term_string\"}}],\"inLanguage\":\"es\"},{\"@type\":\"Organization\",\"@id\":\"https:\/\/colegioarquitectos.com\/noticias\/#organization\",\"name\":\"COLEGIO DE ARQUITECTOS DE CHILE\",\"url\":\"https:\/\/colegioarquitectos.com\/noticias\/\",\"logo\":{\"@type\":\"ImageObject\",\"inLanguage\":\"es\",\"@id\":\"https:\/\/colegioarquitectos.com\/noticias\/#\/schema\/logo\/image\/\",\"url\":\"https:\/\/colegioarquitectos.com\/noticias\/wp-content\/uploads\/2021\/05\/ENCABEZADO-LOGO-CA.jpg\",\"contentUrl\":\"https:\/\/colegioarquitectos.com\/noticias\/wp-content\/uploads\/2021\/05\/ENCABEZADO-LOGO-CA.jpg\",\"width\":690,\"height\":350,\"caption\":\"COLEGIO DE ARQUITECTOS DE CHILE\"},\"image\":{\"@id\":\"https:\/\/colegioarquitectos.com\/noticias\/#\/schema\/logo\/image\/\"},\"sameAs\":[\"https:\/\/facebook.com\/Colegioarq\/\",\"https:\/\/x.com\/colegioarq\",\"https:\/\/instagram.com\/colegioarq\",\"https:\/\/youtube.com\/@ColegiodeArquitectosdeChile\"]},{\"@type\":\"Person\",\"@id\":\"https:\/\/colegioarquitectos.com\/noticias\/#\/schema\/person\/b6c7e912cd1283c089114093ed09741f\",\"name\":\"Gabriel Salgado S.\",\"url\":\"https:\/\/colegioarquitectos.com\/noticias\/?author=1\"}]}<\/script>\n<!-- \/ Yoast SEO plugin. -->","yoast_head_json":{"title":"Chile GBC lanz\u00f3 documento que analiza aspecto social y ambiental de las edificaciones - COLEGIO DE ARQUITECTOS DE CHILE","robots":{"index":"index","follow":"follow","max-snippet":"max-snippet:-1","max-image-preview":"max-image-preview:large","max-video-preview":"max-video-preview:-1"},"canonical":"https:\/\/colegioarquitectos.com\/noticias\/?p=1257","og_locale":"es_ES","og_type":"article","og_title":"Chile GBC lanz\u00f3 documento que analiza aspecto social y ambiental de las edificaciones - COLEGIO DE ARQUITECTOS DE CHILE","og_description":"Con la finalidad de traducir los aspectos m\u00e1s importantes de cada cr\u00e9dito LEED\u00ae, adem\u00e1s de identificar y analizar las brechas t\u00e9cnicas, legales y econ\u00f3micas para aplicar esta certificaci\u00f3n en el mercado local, Chile Green Building Council lanz\u00f3 el tercer documento &hellip; ver m\u00e1s","og_url":"https:\/\/colegioarquitectos.com\/noticias\/?p=1257","og_site_name":"COLEGIO DE ARQUITECTOS DE CHILE","article_publisher":"https:\/\/facebook.com\/Colegioarq\/","article_published_time":"2012-05-30T12:28:38+00:00","article_modified_time":"2012-06-21T22:07:35+00:00","og_image":[{"url":"http:\/\/colegioarquitectos.com\/noticias\/wp-content\/uploads\/2012\/06\/Portada_Documento_Sitios_Sutentables.jpg","type":"","width":"","height":""}],"author":"Gabriel Salgado S.","twitter_card":"summary_large_image","twitter_creator":"@colegioarq","twitter_site":"@colegioarq","twitter_misc":{"Escrito por":"Gabriel Salgado S.","Tiempo de lectura":"2 minutos"},"schema":{"@context":"https:\/\/schema.org","@graph":[{"@type":"Article","@id":"https:\/\/colegioarquitectos.com\/noticias\/?p=1257#article","isPartOf":{"@id":"https:\/\/colegioarquitectos.com\/noticias\/?p=1257"},"author":{"name":"Gabriel Salgado S.","@id":"https:\/\/colegioarquitectos.com\/noticias\/#\/schema\/person\/b6c7e912cd1283c089114093ed09741f"},"headline":"Chile GBC lanz\u00f3 documento que analiza aspecto social y ambiental de las edificaciones","datePublished":"2012-05-30T12:28:38+00:00","dateModified":"2012-06-21T22:07:35+00:00","mainEntityOfPage":{"@id":"https:\/\/colegioarquitectos.com\/noticias\/?p=1257"},"wordCount":367,"commentCount":0,"publisher":{"@id":"https:\/\/colegioarquitectos.com\/noticias\/#organization"},"image":{"@id":"https:\/\/colegioarquitectos.com\/noticias\/?p=1257#primaryimage"},"thumbnailUrl":"http:\/\/colegioarquitectos.com\/noticias\/wp-content\/uploads\/2012\/06\/Portada_Documento_Sitios_Sutentables.jpg","articleSection":["Lanzamientos"],"inLanguage":"es","potentialAction":[{"@type":"CommentAction","name":"Comment","target":["https:\/\/colegioarquitectos.com\/noticias\/?p=1257#respond"]}]},{"@type":"WebPage","@id":"https:\/\/colegioarquitectos.com\/noticias\/?p=1257","url":"https:\/\/colegioarquitectos.com\/noticias\/?p=1257","name":"Chile GBC lanz\u00f3 documento que analiza aspecto social y ambiental de las edificaciones - COLEGIO DE ARQUITECTOS DE CHILE","isPartOf":{"@id":"https:\/\/colegioarquitectos.com\/noticias\/#website"},"primaryImageOfPage":{"@id":"https:\/\/colegioarquitectos.com\/noticias\/?p=1257#primaryimage"},"image":{"@id":"https:\/\/colegioarquitectos.com\/noticias\/?p=1257#primaryimage"},"thumbnailUrl":"http:\/\/colegioarquitectos.com\/noticias\/wp-content\/uploads\/2012\/06\/Portada_Documento_Sitios_Sutentables.jpg","datePublished":"2012-05-30T12:28:38+00:00","dateModified":"2012-06-21T22:07:35+00:00","breadcrumb":{"@id":"https:\/\/colegioarquitectos.com\/noticias\/?p=1257#breadcrumb"},"inLanguage":"es","potentialAction":[{"@type":"ReadAction","target":["https:\/\/colegioarquitectos.com\/noticias\/?p=1257"]}]},{"@type":"ImageObject","inLanguage":"es","@id":"https:\/\/colegioarquitectos.com\/noticias\/?p=1257#primaryimage","url":"http:\/\/colegioarquitectos.com\/noticias\/wp-content\/uploads\/2012\/06\/Portada_Documento_Sitios_Sutentables.jpg","contentUrl":"http:\/\/colegioarquitectos.com\/noticias\/wp-content\/uploads\/2012\/06\/Portada_Documento_Sitios_Sutentables.jpg"},{"@type":"BreadcrumbList","@id":"https:\/\/colegioarquitectos.com\/noticias\/?p=1257#breadcrumb","itemListElement":[{"@type":"ListItem","position":1,"name":"Portada","item":"https:\/\/colegioarquitectos.com\/noticias"},{"@type":"ListItem","position":2,"name":"Chile GBC lanz\u00f3 documento que analiza aspecto social y ambiental de las edificaciones"}]},{"@type":"WebSite","@id":"https:\/\/colegioarquitectos.com\/noticias\/#website","url":"https:\/\/colegioarquitectos.com\/noticias\/","name":"COLEGIO DE ARQUITECTOS DE CHILE","description":"","publisher":{"@id":"https:\/\/colegioarquitectos.com\/noticias\/#organization"},"potentialAction":[{"@type":"SearchAction","target":{"@type":"EntryPoint","urlTemplate":"https:\/\/colegioarquitectos.com\/noticias\/?s={search_term_string}"},"query-input":{"@type":"PropertyValueSpecification","valueRequired":true,"valueName":"search_term_string"}}],"inLanguage":"es"},{"@type":"Organization","@id":"https:\/\/colegioarquitectos.com\/noticias\/#organization","name":"COLEGIO DE ARQUITECTOS DE CHILE","url":"https:\/\/colegioarquitectos.com\/noticias\/","logo":{"@type":"ImageObject","inLanguage":"es","@id":"https:\/\/colegioarquitectos.com\/noticias\/#\/schema\/logo\/image\/","url":"https:\/\/colegioarquitectos.com\/noticias\/wp-content\/uploads\/2021\/05\/ENCABEZADO-LOGO-CA.jpg","contentUrl":"https:\/\/colegioarquitectos.com\/noticias\/wp-content\/uploads\/2021\/05\/ENCABEZADO-LOGO-CA.jpg","width":690,"height":350,"caption":"COLEGIO DE ARQUITECTOS DE CHILE"},"image":{"@id":"https:\/\/colegioarquitectos.com\/noticias\/#\/schema\/logo\/image\/"},"sameAs":["https:\/\/facebook.com\/Colegioarq\/","https:\/\/x.com\/colegioarq","https:\/\/instagram.com\/colegioarq","https:\/\/youtube.com\/@ColegiodeArquitectosdeChile"]},{"@type":"Person","@id":"https:\/\/colegioarquitectos.com\/noticias\/#\/schema\/person\/b6c7e912cd1283c089114093ed09741f","name":"Gabriel Salgado S.","url":"https:\/\/colegioarquitectos.com\/noticias\/?author=1"}]}},"_links":{"self":[{"href":"https:\/\/colegioarquitectos.com\/noticias\/index.php?rest_route=\/wp\/v2\/posts\/1257","targetHints":{"allow":["GET"]}}],"collection":[{"href":"https:\/\/colegioarquitectos.com\/noticias\/index.php?rest_route=\/wp\/v2\/posts"}],"about":[{"href":"https:\/\/colegioarquitectos.com\/noticias\/index.php?rest_route=\/wp\/v2\/types\/post"}],"author":[{"embeddable":true,"href":"https:\/\/colegioarquitectos.com\/noticias\/index.php?rest_route=\/wp\/v2\/users\/1"}],"replies":[{"embeddable":true,"href":"https:\/\/colegioarquitectos.com\/noticias\/index.php?rest_route=%2Fwp%2Fv2%2Fcomments&post=1257"}],"version-history":[{"count":0,"href":"https:\/\/colegioarquitectos.com\/noticias\/index.php?rest_route=\/wp\/v2\/posts\/1257\/revisions"}],"wp:attachment":[{"href":"https:\/\/colegioarquitectos.com\/noticias\/index.php?rest_route=%2Fwp%2Fv2%2Fmedia&parent=1257"}],"wp:term":[{"taxonomy":"category","embeddable":true,"href":"https:\/\/colegioarquitectos.com\/noticias\/index.php?rest_route=%2Fwp%2Fv2%2Fcategories&post=1257"},{"taxonomy":"post_tag","embeddable":true,"href":"https:\/\/colegioarquitectos.com\/noticias\/index.php?rest_route=%2Fwp%2Fv2%2Ftags&post=1257"}],"curies":[{"name":"wp","href":"https:\/\/api.w.org\/{rel}","templated":true}]}}