
{"id":12627,"date":"2016-05-05T20:49:24","date_gmt":"2016-05-05T20:49:24","guid":{"rendered":"http:\/\/colegioarquitectos.com\/?p=12627"},"modified":"2016-05-05T20:52:44","modified_gmt":"2016-05-05T20:52:44","slug":"carta-abierta-delegacion-chiloe-frente-a-la-crisis-ambiental-del-archipielago","status":"publish","type":"post","link":"https:\/\/colegioarquitectos.com\/noticias\/?p=12627","title":{"rendered":"CARTA ABIERTA DELEGACI\u00d3N CHILO\u00c9: Frente a la crisis ambiental del Archipi\u00e9lago"},"content":{"rendered":"<p>Como ciudadanos del archipi\u00e9lago de Chilo\u00e9 vemos con una tremenda preocupaci\u00f3n la realidad actual de Crisis Ambiental que vivimos.<\/p>\n<p>Chilo\u00e9, archipi\u00e9lago due\u00f1o de una cultura \u00fanica y reconocida a nivel mundial a trav\u00e9s de su Arquitectura con la declaratoria de 16 Iglesias como Patrimonio de la Humanidad,\u00a0 Reserva de la bi\u00f3sfera, Sitio de Patrimonio Agr\u00edcola Mundial (SIPAM), uno de los 7 sitios tur\u00edsticos m\u00e1s interesantes del mundo, entre otros; donde claramente el concepto de Patrimonio en nuestra cultura es integral, desde donde se desarrollan nuestras costumbres ancestrales, gastronom\u00eda t\u00edpica, la cual no es sino el resultado del conocimiento profundo sobre la naturaleza, el mantenimiento de equilibrios y seguridad alimentaria de grupos humanos a lo largo del tiempo.<\/p>\n<p>Vemos con desaz\u00f3n c\u00f3mo decisiones humanas han desembocado en contaminaci\u00f3n a gran escala en nuestras costas, que sumado a la presencia de la marea roja, desencadenan la p\u00e9rdida de recursos naturales y fuentes de trabajo para muchos de nuestros pescadores, mariscadores y personas asociadas a la actividad del mar, que son tambi\u00e9n parte de nuestro Patrimonio Cultural.<\/p>\n<p>Como Delegaci\u00f3n Chilo\u00e9 del Colegio de Arquitectos de Chile no podemos sustraernos de manifestar nuestro amplio apoyo a las exigencias de nuestra ciudadan\u00eda, y no s\u00f3lo exigimos la b\u00fasqueda de una soluci\u00f3n inmediata a las familias afectadas directamente con esta crisis ambiental, lo cual es de suma urgencia; sino tambi\u00e9n la necesidad de defender nuestro territorio ante las decisiones que lo pongan en riesgo.<\/p>\n<p>Exigimos al Estado de Chile que se generen los canales de investigaci\u00f3n debidos para aclarar la situaci\u00f3n, y se sancione\u00a0 a los responsables\u00a0 de este desastre ambiental, adem\u00e1s de generar los estudios necesarios y suficientes que nos permitan conocer la real toxicidad o inocuidad de nuestros mares.<\/p>\n<p>Somos un territorio privilegiado en muchos sentidos, exigimos planificaci\u00f3n territorial con identidad cultural, pertinente, verdadera, adaptada a nuestra realidad archipi\u00e9laga.<\/p>\n<p>Esta situaci\u00f3n nos afecta a todos los habitantes de Chilo\u00e9, no seamos espectadores, participemos, organic\u00e9monos, es problema de todos.<\/p>\n<p>&nbsp;<\/p>\n<p>Atentamente.<\/p>\n<p>&nbsp;<\/p>\n<p><strong>Jorge Espinosa Cereceda\u00a0\u00a0\u00a0\u00a0\u00a0\u00a0\u00a0\u00a0\u00a0\u00a0\u00a0\u00a0\u00a0\u00a0\u00a0\u00a0\u00a0\u00a0\u00a0\u00a0\u00a0\u00a0\u00a0\u00a0\u00a0\u00a0\u00a0\u00a0\u00a0\u00a0\u00a0\u00a0\u00a0\u00a0\u00a0\u00a0\u00a0\u00a0\u00a0\u00a0\u00a0\u00a0\u00a0\u00a0\u00a0\u00a0\u00a0\u00a0\u00a0\u00a0\u00a0\u00a0\u00a0\u00a0\u00a0\u00a0\u00a0\u00a0\u00a0\u00a0\u00a0\u00a0\u00a0\u00a0\u00a0\u00a0\u00a0\u00a0\u00a0\u00a0\u00a0\u00a0\u00a0\u00a0\u00a0<\/strong><\/p>\n<p>Presidente<\/p>\n<p>&nbsp;<\/p>\n<p><strong>Patricia Mondaca Mansilla<\/strong><\/p>\n<p>Coordinadora Comit\u00e9 de Patrimonio<\/p>\n<p>&nbsp;<\/p>\n<p><strong>Juan Fernando Y\u00e1\u00f1ez Porras \u00a0 \u00a0 \u00a0 \u00a0 \u00a0 \u00a0 \u00a0 \u00a0 \u00a0 \u00a0 \u00a0 \u00a0 \u00a0 \u00a0 \u00a0 \u00a0 \u00a0 \u00a0 \u00a0 \u00a0 \u00a0 \u00a0 \u00a0 \u00a0 \u00a0 \u00a0 \u00a0 \u00a0 \u00a0 \u00a0 \u00a0 \u00a0 \u00a0 \u00a0 \u00a0 \u00a0 \u00a0 \u00a0\u00a0<\/strong><\/p>\n<p>Director Castro<\/p>\n<p>&nbsp;<\/p>\n<p><strong>Paula Bast\u00edas Planzer<\/strong><\/p>\n<p>Directora Ancud<\/p>\n<p>&nbsp;<\/p>\n<p><strong>Christian Garc\u00eda Riffo \u00a0 \u00a0 \u00a0 \u00a0 \u00a0 \u00a0 \u00a0 \u00a0 \u00a0 \u00a0 \u00a0 \u00a0 \u00a0 \u00a0 \u00a0 \u00a0 \u00a0 \u00a0 \u00a0 \u00a0 \u00a0 \u00a0 \u00a0 \u00a0 \u00a0 \u00a0 \u00a0 \u00a0 \u00a0 \u00a0 \u00a0 \u00a0 \u00a0\u00a0<\/strong><\/p>\n<p>Secretario<\/p>\n<p>&nbsp;<\/p>\n<p>&nbsp;<\/p>\n<p><strong>Daniel Meneses Cruz<\/strong><\/p>\n<p>Tesorero<\/p>\n<p>&nbsp;<\/p>\n<p><strong>Delegaci\u00f3n Chilo\u00e9 del Colegio de Arquitectos de Chile<\/strong><\/p>\n<p>&nbsp;<\/p>\n<p><em>Castro, 03 de Mayo de 2016.<\/em><\/p>\n<p>&nbsp;<\/p>\n<p>arquitectoschiloe@gmail.com<\/p>\n<p>&nbsp;<\/p>\n<p><\/p>","protected":false},"excerpt":{"rendered":"<p>Como ciudadanos del archipi\u00e9lago de Chilo\u00e9 vemos con una tremenda preocupaci\u00f3n la realidad actual de Crisis Ambiental que vivimos. Chilo\u00e9, archipi\u00e9lago due\u00f1o de una cultura \u00fanica y reconocida a nivel mundial a trav\u00e9s de su Arquitectura con la declaratoria de &hellip; <a class=\"more-link\" href=\"https:\/\/colegioarquitectos.com\/noticias\/?p=12627\">ver m\u00e1s<\/a><\/p>","protected":false},"author":4,"featured_media":12628,"comment_status":"open","ping_status":"open","sticky":false,"template":"","format":"standard","meta":{"footnotes":""},"categories":[10,1],"tags":[],"class_list":["post-12627","post","type-post","status-publish","format-standard","has-post-thumbnail","hentry","category-delegaciones-zonales","category-sin-categoria"],"yoast_head":"<!-- This site is optimized with the Yoast SEO plugin v24.2 - https:\/\/yoast.com\/wordpress\/plugins\/seo\/ -->\n<title>CARTA ABIERTA DELEGACI\u00d3N CHILO\u00c9: Frente a la crisis ambiental del Archipi\u00e9lago - COLEGIO DE ARQUITECTOS DE CHILE<\/title>\n<meta name=\"robots\" content=\"index, follow, max-snippet:-1, max-image-preview:large, max-video-preview:-1\" \/>\n<link rel=\"canonical\" href=\"https:\/\/colegioarquitectos.com\/noticias\/?p=12627\" \/>\n<meta property=\"og:locale\" content=\"es_ES\" \/>\n<meta property=\"og:type\" content=\"article\" \/>\n<meta property=\"og:title\" content=\"CARTA ABIERTA DELEGACI\u00d3N CHILO\u00c9: Frente a la crisis ambiental del Archipi\u00e9lago - COLEGIO DE ARQUITECTOS DE CHILE\" \/>\n<meta property=\"og:description\" content=\"Como ciudadanos del archipi\u00e9lago de Chilo\u00e9 vemos con una tremenda preocupaci\u00f3n la realidad actual de Crisis Ambiental que vivimos. Chilo\u00e9, archipi\u00e9lago due\u00f1o de una cultura \u00fanica y reconocida a nivel mundial a trav\u00e9s de su Arquitectura con la declaratoria de &hellip; ver m\u00e1s\" \/>\n<meta property=\"og:url\" content=\"https:\/\/colegioarquitectos.com\/noticias\/?p=12627\" \/>\n<meta property=\"og:site_name\" content=\"COLEGIO DE ARQUITECTOS DE CHILE\" \/>\n<meta property=\"article:publisher\" content=\"https:\/\/facebook.com\/Colegioarq\/\" \/>\n<meta property=\"article:published_time\" content=\"2016-05-05T20:49:24+00:00\" \/>\n<meta property=\"article:modified_time\" content=\"2016-05-05T20:52:44+00:00\" \/>\n<meta property=\"og:image\" content=\"https:\/\/colegioarquitectos.com\/noticias\/wp-content\/uploads\/2016\/05\/Chilo\u00e9.jpg\" \/>\n\t<meta property=\"og:image:width\" content=\"690\" \/>\n\t<meta property=\"og:image:height\" content=\"350\" \/>\n\t<meta property=\"og:image:type\" content=\"image\/jpeg\" \/>\n<meta name=\"author\" content=\"Colegio de Arquitectos de Chile\" \/>\n<meta name=\"twitter:card\" content=\"summary_large_image\" \/>\n<meta name=\"twitter:creator\" content=\"@colegioarq\" \/>\n<meta name=\"twitter:site\" content=\"@colegioarq\" \/>\n<meta name=\"twitter:label1\" content=\"Escrito por\" \/>\n\t<meta name=\"twitter:data1\" content=\"Colegio de Arquitectos de Chile\" \/>\n\t<meta name=\"twitter:label2\" content=\"Tiempo de lectura\" \/>\n\t<meta name=\"twitter:data2\" content=\"2 minutos\" \/>\n<script type=\"application\/ld+json\" class=\"yoast-schema-graph\">{\"@context\":\"https:\/\/schema.org\",\"@graph\":[{\"@type\":\"Article\",\"@id\":\"https:\/\/colegioarquitectos.com\/noticias\/?p=12627#article\",\"isPartOf\":{\"@id\":\"https:\/\/colegioarquitectos.com\/noticias\/?p=12627\"},\"author\":{\"name\":\"Colegio de Arquitectos de Chile\",\"@id\":\"https:\/\/colegioarquitectos.com\/noticias\/#\/schema\/person\/685cc0aad148303c5608f049af8285ad\"},\"headline\":\"CARTA ABIERTA DELEGACI\u00d3N CHILO\u00c9: Frente a la crisis ambiental del Archipi\u00e9lago\",\"datePublished\":\"2016-05-05T20:49:24+00:00\",\"dateModified\":\"2016-05-05T20:52:44+00:00\",\"mainEntityOfPage\":{\"@id\":\"https:\/\/colegioarquitectos.com\/noticias\/?p=12627\"},\"wordCount\":426,\"commentCount\":2,\"publisher\":{\"@id\":\"https:\/\/colegioarquitectos.com\/noticias\/#organization\"},\"image\":{\"@id\":\"https:\/\/colegioarquitectos.com\/noticias\/?p=12627#primaryimage\"},\"thumbnailUrl\":\"https:\/\/colegioarquitectos.com\/noticias\/wp-content\/uploads\/2016\/05\/Chilo\u00e9.jpg\",\"articleSection\":[\"Delegaciones\"],\"inLanguage\":\"es\",\"potentialAction\":[{\"@type\":\"CommentAction\",\"name\":\"Comment\",\"target\":[\"https:\/\/colegioarquitectos.com\/noticias\/?p=12627#respond\"]}]},{\"@type\":\"WebPage\",\"@id\":\"https:\/\/colegioarquitectos.com\/noticias\/?p=12627\",\"url\":\"https:\/\/colegioarquitectos.com\/noticias\/?p=12627\",\"name\":\"CARTA ABIERTA DELEGACI\u00d3N CHILO\u00c9: Frente a la crisis ambiental del Archipi\u00e9lago - COLEGIO DE ARQUITECTOS DE CHILE\",\"isPartOf\":{\"@id\":\"https:\/\/colegioarquitectos.com\/noticias\/#website\"},\"primaryImageOfPage\":{\"@id\":\"https:\/\/colegioarquitectos.com\/noticias\/?p=12627#primaryimage\"},\"image\":{\"@id\":\"https:\/\/colegioarquitectos.com\/noticias\/?p=12627#primaryimage\"},\"thumbnailUrl\":\"https:\/\/colegioarquitectos.com\/noticias\/wp-content\/uploads\/2016\/05\/Chilo\u00e9.jpg\",\"datePublished\":\"2016-05-05T20:49:24+00:00\",\"dateModified\":\"2016-05-05T20:52:44+00:00\",\"breadcrumb\":{\"@id\":\"https:\/\/colegioarquitectos.com\/noticias\/?p=12627#breadcrumb\"},\"inLanguage\":\"es\",\"potentialAction\":[{\"@type\":\"ReadAction\",\"target\":[\"https:\/\/colegioarquitectos.com\/noticias\/?p=12627\"]}]},{\"@type\":\"ImageObject\",\"inLanguage\":\"es\",\"@id\":\"https:\/\/colegioarquitectos.com\/noticias\/?p=12627#primaryimage\",\"url\":\"https:\/\/colegioarquitectos.com\/noticias\/wp-content\/uploads\/2016\/05\/Chilo\u00e9.jpg\",\"contentUrl\":\"https:\/\/colegioarquitectos.com\/noticias\/wp-content\/uploads\/2016\/05\/Chilo\u00e9.jpg\",\"width\":690,\"height\":350},{\"@type\":\"BreadcrumbList\",\"@id\":\"https:\/\/colegioarquitectos.com\/noticias\/?p=12627#breadcrumb\",\"itemListElement\":[{\"@type\":\"ListItem\",\"position\":1,\"name\":\"Portada\",\"item\":\"https:\/\/colegioarquitectos.com\/noticias\"},{\"@type\":\"ListItem\",\"position\":2,\"name\":\"CARTA ABIERTA DELEGACI\u00d3N CHILO\u00c9: Frente a la crisis ambiental del Archipi\u00e9lago\"}]},{\"@type\":\"WebSite\",\"@id\":\"https:\/\/colegioarquitectos.com\/noticias\/#website\",\"url\":\"https:\/\/colegioarquitectos.com\/noticias\/\",\"name\":\"COLEGIO DE ARQUITECTOS DE CHILE\",\"description\":\"\",\"publisher\":{\"@id\":\"https:\/\/colegioarquitectos.com\/noticias\/#organization\"},\"potentialAction\":[{\"@type\":\"SearchAction\",\"target\":{\"@type\":\"EntryPoint\",\"urlTemplate\":\"https:\/\/colegioarquitectos.com\/noticias\/?s={search_term_string}\"},\"query-input\":{\"@type\":\"PropertyValueSpecification\",\"valueRequired\":true,\"valueName\":\"search_term_string\"}}],\"inLanguage\":\"es\"},{\"@type\":\"Organization\",\"@id\":\"https:\/\/colegioarquitectos.com\/noticias\/#organization\",\"name\":\"COLEGIO DE ARQUITECTOS DE CHILE\",\"url\":\"https:\/\/colegioarquitectos.com\/noticias\/\",\"logo\":{\"@type\":\"ImageObject\",\"inLanguage\":\"es\",\"@id\":\"https:\/\/colegioarquitectos.com\/noticias\/#\/schema\/logo\/image\/\",\"url\":\"https:\/\/colegioarquitectos.com\/noticias\/wp-content\/uploads\/2021\/05\/ENCABEZADO-LOGO-CA.jpg\",\"contentUrl\":\"https:\/\/colegioarquitectos.com\/noticias\/wp-content\/uploads\/2021\/05\/ENCABEZADO-LOGO-CA.jpg\",\"width\":690,\"height\":350,\"caption\":\"COLEGIO DE ARQUITECTOS DE CHILE\"},\"image\":{\"@id\":\"https:\/\/colegioarquitectos.com\/noticias\/#\/schema\/logo\/image\/\"},\"sameAs\":[\"https:\/\/facebook.com\/Colegioarq\/\",\"https:\/\/x.com\/colegioarq\",\"https:\/\/instagram.com\/colegioarq\",\"https:\/\/youtube.com\/@ColegiodeArquitectosdeChile\"]},{\"@type\":\"Person\",\"@id\":\"https:\/\/colegioarquitectos.com\/noticias\/#\/schema\/person\/685cc0aad148303c5608f049af8285ad\",\"name\":\"Colegio de Arquitectos de Chile\",\"url\":\"https:\/\/colegioarquitectos.com\/noticias\/?author=4\"}]}<\/script>\n<!-- \/ Yoast SEO plugin. -->","yoast_head_json":{"title":"CARTA ABIERTA DELEGACI\u00d3N CHILO\u00c9: Frente a la crisis ambiental del Archipi\u00e9lago - COLEGIO DE ARQUITECTOS DE CHILE","robots":{"index":"index","follow":"follow","max-snippet":"max-snippet:-1","max-image-preview":"max-image-preview:large","max-video-preview":"max-video-preview:-1"},"canonical":"https:\/\/colegioarquitectos.com\/noticias\/?p=12627","og_locale":"es_ES","og_type":"article","og_title":"CARTA ABIERTA DELEGACI\u00d3N CHILO\u00c9: Frente a la crisis ambiental del Archipi\u00e9lago - COLEGIO DE ARQUITECTOS DE CHILE","og_description":"Como ciudadanos del archipi\u00e9lago de Chilo\u00e9 vemos con una tremenda preocupaci\u00f3n la realidad actual de Crisis Ambiental que vivimos. Chilo\u00e9, archipi\u00e9lago due\u00f1o de una cultura \u00fanica y reconocida a nivel mundial a trav\u00e9s de su Arquitectura con la declaratoria de &hellip; ver m\u00e1s","og_url":"https:\/\/colegioarquitectos.com\/noticias\/?p=12627","og_site_name":"COLEGIO DE ARQUITECTOS DE CHILE","article_publisher":"https:\/\/facebook.com\/Colegioarq\/","article_published_time":"2016-05-05T20:49:24+00:00","article_modified_time":"2016-05-05T20:52:44+00:00","og_image":[{"width":690,"height":350,"url":"https:\/\/colegioarquitectos.com\/noticias\/wp-content\/uploads\/2016\/05\/Chilo\u00e9.jpg","type":"image\/jpeg"}],"author":"Colegio de Arquitectos de Chile","twitter_card":"summary_large_image","twitter_creator":"@colegioarq","twitter_site":"@colegioarq","twitter_misc":{"Escrito por":"Colegio de Arquitectos de Chile","Tiempo de lectura":"2 minutos"},"schema":{"@context":"https:\/\/schema.org","@graph":[{"@type":"Article","@id":"https:\/\/colegioarquitectos.com\/noticias\/?p=12627#article","isPartOf":{"@id":"https:\/\/colegioarquitectos.com\/noticias\/?p=12627"},"author":{"name":"Colegio de Arquitectos de Chile","@id":"https:\/\/colegioarquitectos.com\/noticias\/#\/schema\/person\/685cc0aad148303c5608f049af8285ad"},"headline":"CARTA ABIERTA DELEGACI\u00d3N CHILO\u00c9: Frente a la crisis ambiental del Archipi\u00e9lago","datePublished":"2016-05-05T20:49:24+00:00","dateModified":"2016-05-05T20:52:44+00:00","mainEntityOfPage":{"@id":"https:\/\/colegioarquitectos.com\/noticias\/?p=12627"},"wordCount":426,"commentCount":2,"publisher":{"@id":"https:\/\/colegioarquitectos.com\/noticias\/#organization"},"image":{"@id":"https:\/\/colegioarquitectos.com\/noticias\/?p=12627#primaryimage"},"thumbnailUrl":"https:\/\/colegioarquitectos.com\/noticias\/wp-content\/uploads\/2016\/05\/Chilo\u00e9.jpg","articleSection":["Delegaciones"],"inLanguage":"es","potentialAction":[{"@type":"CommentAction","name":"Comment","target":["https:\/\/colegioarquitectos.com\/noticias\/?p=12627#respond"]}]},{"@type":"WebPage","@id":"https:\/\/colegioarquitectos.com\/noticias\/?p=12627","url":"https:\/\/colegioarquitectos.com\/noticias\/?p=12627","name":"CARTA ABIERTA DELEGACI\u00d3N CHILO\u00c9: Frente a la crisis ambiental del Archipi\u00e9lago - COLEGIO DE ARQUITECTOS DE CHILE","isPartOf":{"@id":"https:\/\/colegioarquitectos.com\/noticias\/#website"},"primaryImageOfPage":{"@id":"https:\/\/colegioarquitectos.com\/noticias\/?p=12627#primaryimage"},"image":{"@id":"https:\/\/colegioarquitectos.com\/noticias\/?p=12627#primaryimage"},"thumbnailUrl":"https:\/\/colegioarquitectos.com\/noticias\/wp-content\/uploads\/2016\/05\/Chilo\u00e9.jpg","datePublished":"2016-05-05T20:49:24+00:00","dateModified":"2016-05-05T20:52:44+00:00","breadcrumb":{"@id":"https:\/\/colegioarquitectos.com\/noticias\/?p=12627#breadcrumb"},"inLanguage":"es","potentialAction":[{"@type":"ReadAction","target":["https:\/\/colegioarquitectos.com\/noticias\/?p=12627"]}]},{"@type":"ImageObject","inLanguage":"es","@id":"https:\/\/colegioarquitectos.com\/noticias\/?p=12627#primaryimage","url":"https:\/\/colegioarquitectos.com\/noticias\/wp-content\/uploads\/2016\/05\/Chilo\u00e9.jpg","contentUrl":"https:\/\/colegioarquitectos.com\/noticias\/wp-content\/uploads\/2016\/05\/Chilo\u00e9.jpg","width":690,"height":350},{"@type":"BreadcrumbList","@id":"https:\/\/colegioarquitectos.com\/noticias\/?p=12627#breadcrumb","itemListElement":[{"@type":"ListItem","position":1,"name":"Portada","item":"https:\/\/colegioarquitectos.com\/noticias"},{"@type":"ListItem","position":2,"name":"CARTA ABIERTA DELEGACI\u00d3N CHILO\u00c9: Frente a la crisis ambiental del Archipi\u00e9lago"}]},{"@type":"WebSite","@id":"https:\/\/colegioarquitectos.com\/noticias\/#website","url":"https:\/\/colegioarquitectos.com\/noticias\/","name":"COLEGIO DE ARQUITECTOS DE CHILE","description":"","publisher":{"@id":"https:\/\/colegioarquitectos.com\/noticias\/#organization"},"potentialAction":[{"@type":"SearchAction","target":{"@type":"EntryPoint","urlTemplate":"https:\/\/colegioarquitectos.com\/noticias\/?s={search_term_string}"},"query-input":{"@type":"PropertyValueSpecification","valueRequired":true,"valueName":"search_term_string"}}],"inLanguage":"es"},{"@type":"Organization","@id":"https:\/\/colegioarquitectos.com\/noticias\/#organization","name":"COLEGIO DE ARQUITECTOS DE CHILE","url":"https:\/\/colegioarquitectos.com\/noticias\/","logo":{"@type":"ImageObject","inLanguage":"es","@id":"https:\/\/colegioarquitectos.com\/noticias\/#\/schema\/logo\/image\/","url":"https:\/\/colegioarquitectos.com\/noticias\/wp-content\/uploads\/2021\/05\/ENCABEZADO-LOGO-CA.jpg","contentUrl":"https:\/\/colegioarquitectos.com\/noticias\/wp-content\/uploads\/2021\/05\/ENCABEZADO-LOGO-CA.jpg","width":690,"height":350,"caption":"COLEGIO DE ARQUITECTOS DE CHILE"},"image":{"@id":"https:\/\/colegioarquitectos.com\/noticias\/#\/schema\/logo\/image\/"},"sameAs":["https:\/\/facebook.com\/Colegioarq\/","https:\/\/x.com\/colegioarq","https:\/\/instagram.com\/colegioarq","https:\/\/youtube.com\/@ColegiodeArquitectosdeChile"]},{"@type":"Person","@id":"https:\/\/colegioarquitectos.com\/noticias\/#\/schema\/person\/685cc0aad148303c5608f049af8285ad","name":"Colegio de Arquitectos de Chile","url":"https:\/\/colegioarquitectos.com\/noticias\/?author=4"}]}},"_links":{"self":[{"href":"https:\/\/colegioarquitectos.com\/noticias\/index.php?rest_route=\/wp\/v2\/posts\/12627","targetHints":{"allow":["GET"]}}],"collection":[{"href":"https:\/\/colegioarquitectos.com\/noticias\/index.php?rest_route=\/wp\/v2\/posts"}],"about":[{"href":"https:\/\/colegioarquitectos.com\/noticias\/index.php?rest_route=\/wp\/v2\/types\/post"}],"author":[{"embeddable":true,"href":"https:\/\/colegioarquitectos.com\/noticias\/index.php?rest_route=\/wp\/v2\/users\/4"}],"replies":[{"embeddable":true,"href":"https:\/\/colegioarquitectos.com\/noticias\/index.php?rest_route=%2Fwp%2Fv2%2Fcomments&post=12627"}],"version-history":[{"count":0,"href":"https:\/\/colegioarquitectos.com\/noticias\/index.php?rest_route=\/wp\/v2\/posts\/12627\/revisions"}],"wp:featuredmedia":[{"embeddable":true,"href":"https:\/\/colegioarquitectos.com\/noticias\/index.php?rest_route=\/wp\/v2\/media\/12628"}],"wp:attachment":[{"href":"https:\/\/colegioarquitectos.com\/noticias\/index.php?rest_route=%2Fwp%2Fv2%2Fmedia&parent=12627"}],"wp:term":[{"taxonomy":"category","embeddable":true,"href":"https:\/\/colegioarquitectos.com\/noticias\/index.php?rest_route=%2Fwp%2Fv2%2Fcategories&post=12627"},{"taxonomy":"post_tag","embeddable":true,"href":"https:\/\/colegioarquitectos.com\/noticias\/index.php?rest_route=%2Fwp%2Fv2%2Ftags&post=12627"}],"curies":[{"name":"wp","href":"https:\/\/api.w.org\/{rel}","templated":true}]}}