
{"id":12642,"date":"2016-05-06T18:58:49","date_gmt":"2016-05-06T18:58:49","guid":{"rendered":"http:\/\/colegioarquitectos.com\/?p=12642"},"modified":"2016-05-06T18:58:49","modified_gmt":"2016-05-06T18:58:49","slug":"seminario-riesgos-naturales-en-chile-desafios-para-la-planificacion-sustentable-del-territorio","status":"publish","type":"post","link":"https:\/\/colegioarquitectos.com\/noticias\/?p=12642","title":{"rendered":"SEMINARIO: Riesgos naturales en Chile: desaf\u00edos para la Planificaci\u00f3n sustentable del territorio"},"content":{"rendered":"<p>Durante los \u00faltimos a\u00f1os, hemos sido testigos como el pa\u00eds y la sociedad han sido afectados por una diversidad de amenazas naturales tales como tsunamis, crecidas de r\u00edos, aluviones, remociones en masa, productos volcanicos, sequ\u00eda y recientemente marejadas, que han provocado p\u00e9rdida de vidas humadas y graves da\u00f1os a la infraestructura involucrando un alto costo social y econ\u00f3mico.<\/p>\n<p>Esta situaci\u00f3n, sumada a los posibles efectos del cambio clim\u00e1tico contempor\u00e1neo, genera una necesidad de reflexi\u00f3n sobre c\u00f3mo abordar los desaf\u00edos para construir ciudades resilientes y sustentables y sobre c\u00f3mo incorporar conocimiento t\u00e9cnico-cient\u00edfico interdisciplinario a la toma de decisiones.<\/p>\n<p>En este contexto, el Instituto de Geograf\u00eda de la Pontificia Universidad Cat\u00f3lica de Chile, tiene el agrado de invitarle al Seminario Riesgos naturales en Chile: desaf\u00edos para la Planificaci\u00f3n sustentable del territorio<\/p>\n<p><strong>09 de Mayo de 2016<\/strong><br \/>\nAuditorio: Facultad Historia, Geograf\u00eda y Ciencia Pol\u00edtica<br \/>\nVicu\u00f1a Mackenna 4860, Macul (campus San Joaqu\u00edn, PUC)<\/p>\n<p>&nbsp;<\/p>\n<p><a href=\"http:\/\/colegioarquitectos.com\/noticias\/wp-content\/uploads\/2016\/05\/afiche_9-de-MAYO.jpg\"><img loading=\"lazy\" decoding=\"async\" class=\"alignnone wp-image-12643 size-full\" src=\"http:\/\/colegioarquitectos.com\/noticias\/wp-content\/uploads\/2016\/05\/afiche_9-de-MAYO.jpg\" alt=\"afiche_9-de-MAYO\" width=\"553\" height=\"800\" srcset=\"https:\/\/colegioarquitectos.com\/noticias\/wp-content\/uploads\/2016\/05\/afiche_9-de-MAYO.jpg 553w, https:\/\/colegioarquitectos.com\/noticias\/wp-content\/uploads\/2016\/05\/afiche_9-de-MAYO-207x300.jpg 207w\" sizes=\"auto, (max-width: 553px) 100vw, 553px\" \/><\/a><\/p>\n<p><strong>PROGRAMA<\/strong><\/p>\n<p>9.10 &#8211; 9.30 hr.<br \/>\nPalabras de bienvenida<br \/>\nDr. Federico Arenas, Director del Instituto de Geograf\u00eda UC.<\/p>\n<p>9.30 -10.00 hr.<\/p>\n<p>\u00abOleaje, tormentas y erosi\u00f3n costera en Argentina\u00bb<br \/>\nDr. Federico Isla (Universidad Nacional de Mar del Plata, UNMDP)<\/p>\n<p>10.00- 10.30 hr.<br \/>\n\u00abErosi\u00f3n costera y eventos de marejadas: \u00bfun nuevo riesgo en Chile?\u00bb<br \/>\nDra. Carolina Mart\u00ednez (P. Universidad Cat\u00f3lica de Chile)<\/p>\n<p>10.30- 10.40 hr.<br \/>\nCAF\u00c9<\/p>\n<p>10.40-11.10 hr.<br \/>\n\u00abInevitables e invisibles\u00a0 tsunamis en Chile\u00bb<br \/>\nDr. Marcelo Lagos (P. Universidad Cat\u00f3lica de Chile)<\/p>\n<p>11.10 &#8211; 11.40hr.<br \/>\n\u00abInundaciones y aluviones, una amenaza que hay que tomar en serio\u00bb<br \/>\nMag. Pablo Osses (P. Universidad Cat\u00f3lica de Chile)<\/p>\n<p>11. 40 &#8211; 12.10 hr<\/p>\n<p>\u00abPlanificaci\u00f3n Urbana y Gesti\u00f3n Institucional para un Chile Resiliente\u00bb<br \/>\nDr. Roberto Moris (P. Universidad Cat\u00f3lica de Chile\/ CIGIDEN)<\/p>\n<p>12.10 &#8211; 12.20 hr<br \/>\nPalabras de cierre<\/p>\n<p>Informaciones: <a href=\"mailto:lmunozv@uc.cl\">lmunozv@uc.cl<\/a>&lt;mailto:<a href=\"mailto:lmunozv@uc.cl\">lmunozv@<wbr \/>uc.cl<\/a>&gt;<\/p>\n<p><\/p>","protected":false},"excerpt":{"rendered":"<p>Durante los \u00faltimos a\u00f1os, hemos sido testigos como el pa\u00eds y la sociedad han sido afectados por una diversidad de amenazas naturales tales como tsunamis, crecidas de r\u00edos, aluviones, remociones en masa, productos volcanicos, sequ\u00eda y recientemente marejadas, que han &hellip; <a class=\"more-link\" href=\"https:\/\/colegioarquitectos.com\/noticias\/?p=12642\">ver m\u00e1s<\/a><\/p>","protected":false},"author":4,"featured_media":12644,"comment_status":"open","ping_status":"open","sticky":false,"template":"","format":"standard","meta":{"footnotes":""},"categories":[35],"tags":[],"class_list":["post-12642","post","type-post","status-publish","format-standard","has-post-thumbnail","hentry","category-universidades"],"yoast_head":"<!-- This site is optimized with the Yoast SEO plugin v24.2 - https:\/\/yoast.com\/wordpress\/plugins\/seo\/ -->\n<title>SEMINARIO: Riesgos naturales en Chile: desaf\u00edos para la Planificaci\u00f3n sustentable del territorio - COLEGIO DE ARQUITECTOS DE CHILE<\/title>\n<meta name=\"robots\" content=\"index, follow, max-snippet:-1, max-image-preview:large, max-video-preview:-1\" \/>\n<link rel=\"canonical\" href=\"https:\/\/colegioarquitectos.com\/noticias\/?p=12642\" \/>\n<meta property=\"og:locale\" content=\"es_ES\" \/>\n<meta property=\"og:type\" content=\"article\" \/>\n<meta property=\"og:title\" content=\"SEMINARIO: Riesgos naturales en Chile: desaf\u00edos para la Planificaci\u00f3n sustentable del territorio - COLEGIO DE ARQUITECTOS DE CHILE\" \/>\n<meta property=\"og:description\" content=\"Durante los \u00faltimos a\u00f1os, hemos sido testigos como el pa\u00eds y la sociedad han sido afectados por una diversidad de amenazas naturales tales como tsunamis, crecidas de r\u00edos, aluviones, remociones en masa, productos volcanicos, sequ\u00eda y recientemente marejadas, que han &hellip; ver m\u00e1s\" \/>\n<meta property=\"og:url\" content=\"https:\/\/colegioarquitectos.com\/noticias\/?p=12642\" \/>\n<meta property=\"og:site_name\" content=\"COLEGIO DE ARQUITECTOS DE CHILE\" \/>\n<meta property=\"article:publisher\" content=\"https:\/\/facebook.com\/Colegioarq\/\" \/>\n<meta property=\"article:published_time\" content=\"2016-05-06T18:58:49+00:00\" \/>\n<meta property=\"og:image\" content=\"https:\/\/colegioarquitectos.com\/noticias\/wp-content\/uploads\/2016\/05\/Sin-t\u00edtulo-11.jpg\" \/>\n\t<meta property=\"og:image:width\" content=\"690\" \/>\n\t<meta property=\"og:image:height\" content=\"350\" \/>\n\t<meta property=\"og:image:type\" content=\"image\/jpeg\" \/>\n<meta name=\"author\" content=\"Colegio de Arquitectos de Chile\" \/>\n<meta name=\"twitter:card\" content=\"summary_large_image\" \/>\n<meta name=\"twitter:creator\" content=\"@colegioarq\" \/>\n<meta name=\"twitter:site\" content=\"@colegioarq\" \/>\n<meta name=\"twitter:label1\" content=\"Escrito por\" \/>\n\t<meta name=\"twitter:data1\" content=\"Colegio de Arquitectos de Chile\" \/>\n\t<meta name=\"twitter:label2\" content=\"Tiempo de lectura\" \/>\n\t<meta name=\"twitter:data2\" content=\"2 minutos\" \/>\n<script type=\"application\/ld+json\" class=\"yoast-schema-graph\">{\"@context\":\"https:\/\/schema.org\",\"@graph\":[{\"@type\":\"Article\",\"@id\":\"https:\/\/colegioarquitectos.com\/noticias\/?p=12642#article\",\"isPartOf\":{\"@id\":\"https:\/\/colegioarquitectos.com\/noticias\/?p=12642\"},\"author\":{\"name\":\"Colegio de Arquitectos de Chile\",\"@id\":\"https:\/\/colegioarquitectos.com\/noticias\/#\/schema\/person\/685cc0aad148303c5608f049af8285ad\"},\"headline\":\"SEMINARIO: Riesgos naturales en Chile: desaf\u00edos para la Planificaci\u00f3n sustentable del territorio\",\"datePublished\":\"2016-05-06T18:58:49+00:00\",\"dateModified\":\"2016-05-06T18:58:49+00:00\",\"mainEntityOfPage\":{\"@id\":\"https:\/\/colegioarquitectos.com\/noticias\/?p=12642\"},\"wordCount\":325,\"commentCount\":0,\"publisher\":{\"@id\":\"https:\/\/colegioarquitectos.com\/noticias\/#organization\"},\"image\":{\"@id\":\"https:\/\/colegioarquitectos.com\/noticias\/?p=12642#primaryimage\"},\"thumbnailUrl\":\"https:\/\/colegioarquitectos.com\/noticias\/wp-content\/uploads\/2016\/05\/Sin-t\u00edtulo-11.jpg\",\"articleSection\":[\"Universidades\"],\"inLanguage\":\"es\",\"potentialAction\":[{\"@type\":\"CommentAction\",\"name\":\"Comment\",\"target\":[\"https:\/\/colegioarquitectos.com\/noticias\/?p=12642#respond\"]}]},{\"@type\":\"WebPage\",\"@id\":\"https:\/\/colegioarquitectos.com\/noticias\/?p=12642\",\"url\":\"https:\/\/colegioarquitectos.com\/noticias\/?p=12642\",\"name\":\"SEMINARIO: Riesgos naturales en Chile: desaf\u00edos para la Planificaci\u00f3n sustentable del territorio - COLEGIO DE ARQUITECTOS DE CHILE\",\"isPartOf\":{\"@id\":\"https:\/\/colegioarquitectos.com\/noticias\/#website\"},\"primaryImageOfPage\":{\"@id\":\"https:\/\/colegioarquitectos.com\/noticias\/?p=12642#primaryimage\"},\"image\":{\"@id\":\"https:\/\/colegioarquitectos.com\/noticias\/?p=12642#primaryimage\"},\"thumbnailUrl\":\"https:\/\/colegioarquitectos.com\/noticias\/wp-content\/uploads\/2016\/05\/Sin-t\u00edtulo-11.jpg\",\"datePublished\":\"2016-05-06T18:58:49+00:00\",\"dateModified\":\"2016-05-06T18:58:49+00:00\",\"breadcrumb\":{\"@id\":\"https:\/\/colegioarquitectos.com\/noticias\/?p=12642#breadcrumb\"},\"inLanguage\":\"es\",\"potentialAction\":[{\"@type\":\"ReadAction\",\"target\":[\"https:\/\/colegioarquitectos.com\/noticias\/?p=12642\"]}]},{\"@type\":\"ImageObject\",\"inLanguage\":\"es\",\"@id\":\"https:\/\/colegioarquitectos.com\/noticias\/?p=12642#primaryimage\",\"url\":\"https:\/\/colegioarquitectos.com\/noticias\/wp-content\/uploads\/2016\/05\/Sin-t\u00edtulo-11.jpg\",\"contentUrl\":\"https:\/\/colegioarquitectos.com\/noticias\/wp-content\/uploads\/2016\/05\/Sin-t\u00edtulo-11.jpg\",\"width\":690,\"height\":350},{\"@type\":\"BreadcrumbList\",\"@id\":\"https:\/\/colegioarquitectos.com\/noticias\/?p=12642#breadcrumb\",\"itemListElement\":[{\"@type\":\"ListItem\",\"position\":1,\"name\":\"Portada\",\"item\":\"https:\/\/colegioarquitectos.com\/noticias\"},{\"@type\":\"ListItem\",\"position\":2,\"name\":\"SEMINARIO: Riesgos naturales en Chile: desaf\u00edos para la Planificaci\u00f3n sustentable del territorio\"}]},{\"@type\":\"WebSite\",\"@id\":\"https:\/\/colegioarquitectos.com\/noticias\/#website\",\"url\":\"https:\/\/colegioarquitectos.com\/noticias\/\",\"name\":\"COLEGIO DE ARQUITECTOS DE CHILE\",\"description\":\"\",\"publisher\":{\"@id\":\"https:\/\/colegioarquitectos.com\/noticias\/#organization\"},\"potentialAction\":[{\"@type\":\"SearchAction\",\"target\":{\"@type\":\"EntryPoint\",\"urlTemplate\":\"https:\/\/colegioarquitectos.com\/noticias\/?s={search_term_string}\"},\"query-input\":{\"@type\":\"PropertyValueSpecification\",\"valueRequired\":true,\"valueName\":\"search_term_string\"}}],\"inLanguage\":\"es\"},{\"@type\":\"Organization\",\"@id\":\"https:\/\/colegioarquitectos.com\/noticias\/#organization\",\"name\":\"COLEGIO DE ARQUITECTOS DE CHILE\",\"url\":\"https:\/\/colegioarquitectos.com\/noticias\/\",\"logo\":{\"@type\":\"ImageObject\",\"inLanguage\":\"es\",\"@id\":\"https:\/\/colegioarquitectos.com\/noticias\/#\/schema\/logo\/image\/\",\"url\":\"https:\/\/colegioarquitectos.com\/noticias\/wp-content\/uploads\/2021\/05\/ENCABEZADO-LOGO-CA.jpg\",\"contentUrl\":\"https:\/\/colegioarquitectos.com\/noticias\/wp-content\/uploads\/2021\/05\/ENCABEZADO-LOGO-CA.jpg\",\"width\":690,\"height\":350,\"caption\":\"COLEGIO DE ARQUITECTOS DE CHILE\"},\"image\":{\"@id\":\"https:\/\/colegioarquitectos.com\/noticias\/#\/schema\/logo\/image\/\"},\"sameAs\":[\"https:\/\/facebook.com\/Colegioarq\/\",\"https:\/\/x.com\/colegioarq\",\"https:\/\/instagram.com\/colegioarq\",\"https:\/\/youtube.com\/@ColegiodeArquitectosdeChile\"]},{\"@type\":\"Person\",\"@id\":\"https:\/\/colegioarquitectos.com\/noticias\/#\/schema\/person\/685cc0aad148303c5608f049af8285ad\",\"name\":\"Colegio de Arquitectos de Chile\",\"url\":\"https:\/\/colegioarquitectos.com\/noticias\/?author=4\"}]}<\/script>\n<!-- \/ Yoast SEO plugin. -->","yoast_head_json":{"title":"SEMINARIO: Riesgos naturales en Chile: desaf\u00edos para la Planificaci\u00f3n sustentable del territorio - COLEGIO DE ARQUITECTOS DE CHILE","robots":{"index":"index","follow":"follow","max-snippet":"max-snippet:-1","max-image-preview":"max-image-preview:large","max-video-preview":"max-video-preview:-1"},"canonical":"https:\/\/colegioarquitectos.com\/noticias\/?p=12642","og_locale":"es_ES","og_type":"article","og_title":"SEMINARIO: Riesgos naturales en Chile: desaf\u00edos para la Planificaci\u00f3n sustentable del territorio - COLEGIO DE ARQUITECTOS DE CHILE","og_description":"Durante los \u00faltimos a\u00f1os, hemos sido testigos como el pa\u00eds y la sociedad han sido afectados por una diversidad de amenazas naturales tales como tsunamis, crecidas de r\u00edos, aluviones, remociones en masa, productos volcanicos, sequ\u00eda y recientemente marejadas, que han &hellip; ver m\u00e1s","og_url":"https:\/\/colegioarquitectos.com\/noticias\/?p=12642","og_site_name":"COLEGIO DE ARQUITECTOS DE CHILE","article_publisher":"https:\/\/facebook.com\/Colegioarq\/","article_published_time":"2016-05-06T18:58:49+00:00","og_image":[{"width":690,"height":350,"url":"https:\/\/colegioarquitectos.com\/noticias\/wp-content\/uploads\/2016\/05\/Sin-t\u00edtulo-11.jpg","type":"image\/jpeg"}],"author":"Colegio de Arquitectos de Chile","twitter_card":"summary_large_image","twitter_creator":"@colegioarq","twitter_site":"@colegioarq","twitter_misc":{"Escrito por":"Colegio de Arquitectos de Chile","Tiempo de lectura":"2 minutos"},"schema":{"@context":"https:\/\/schema.org","@graph":[{"@type":"Article","@id":"https:\/\/colegioarquitectos.com\/noticias\/?p=12642#article","isPartOf":{"@id":"https:\/\/colegioarquitectos.com\/noticias\/?p=12642"},"author":{"name":"Colegio de Arquitectos de Chile","@id":"https:\/\/colegioarquitectos.com\/noticias\/#\/schema\/person\/685cc0aad148303c5608f049af8285ad"},"headline":"SEMINARIO: Riesgos naturales en Chile: desaf\u00edos para la Planificaci\u00f3n sustentable del territorio","datePublished":"2016-05-06T18:58:49+00:00","dateModified":"2016-05-06T18:58:49+00:00","mainEntityOfPage":{"@id":"https:\/\/colegioarquitectos.com\/noticias\/?p=12642"},"wordCount":325,"commentCount":0,"publisher":{"@id":"https:\/\/colegioarquitectos.com\/noticias\/#organization"},"image":{"@id":"https:\/\/colegioarquitectos.com\/noticias\/?p=12642#primaryimage"},"thumbnailUrl":"https:\/\/colegioarquitectos.com\/noticias\/wp-content\/uploads\/2016\/05\/Sin-t\u00edtulo-11.jpg","articleSection":["Universidades"],"inLanguage":"es","potentialAction":[{"@type":"CommentAction","name":"Comment","target":["https:\/\/colegioarquitectos.com\/noticias\/?p=12642#respond"]}]},{"@type":"WebPage","@id":"https:\/\/colegioarquitectos.com\/noticias\/?p=12642","url":"https:\/\/colegioarquitectos.com\/noticias\/?p=12642","name":"SEMINARIO: Riesgos naturales en Chile: desaf\u00edos para la Planificaci\u00f3n sustentable del territorio - COLEGIO DE ARQUITECTOS DE CHILE","isPartOf":{"@id":"https:\/\/colegioarquitectos.com\/noticias\/#website"},"primaryImageOfPage":{"@id":"https:\/\/colegioarquitectos.com\/noticias\/?p=12642#primaryimage"},"image":{"@id":"https:\/\/colegioarquitectos.com\/noticias\/?p=12642#primaryimage"},"thumbnailUrl":"https:\/\/colegioarquitectos.com\/noticias\/wp-content\/uploads\/2016\/05\/Sin-t\u00edtulo-11.jpg","datePublished":"2016-05-06T18:58:49+00:00","dateModified":"2016-05-06T18:58:49+00:00","breadcrumb":{"@id":"https:\/\/colegioarquitectos.com\/noticias\/?p=12642#breadcrumb"},"inLanguage":"es","potentialAction":[{"@type":"ReadAction","target":["https:\/\/colegioarquitectos.com\/noticias\/?p=12642"]}]},{"@type":"ImageObject","inLanguage":"es","@id":"https:\/\/colegioarquitectos.com\/noticias\/?p=12642#primaryimage","url":"https:\/\/colegioarquitectos.com\/noticias\/wp-content\/uploads\/2016\/05\/Sin-t\u00edtulo-11.jpg","contentUrl":"https:\/\/colegioarquitectos.com\/noticias\/wp-content\/uploads\/2016\/05\/Sin-t\u00edtulo-11.jpg","width":690,"height":350},{"@type":"BreadcrumbList","@id":"https:\/\/colegioarquitectos.com\/noticias\/?p=12642#breadcrumb","itemListElement":[{"@type":"ListItem","position":1,"name":"Portada","item":"https:\/\/colegioarquitectos.com\/noticias"},{"@type":"ListItem","position":2,"name":"SEMINARIO: Riesgos naturales en Chile: desaf\u00edos para la Planificaci\u00f3n sustentable del territorio"}]},{"@type":"WebSite","@id":"https:\/\/colegioarquitectos.com\/noticias\/#website","url":"https:\/\/colegioarquitectos.com\/noticias\/","name":"COLEGIO DE ARQUITECTOS DE CHILE","description":"","publisher":{"@id":"https:\/\/colegioarquitectos.com\/noticias\/#organization"},"potentialAction":[{"@type":"SearchAction","target":{"@type":"EntryPoint","urlTemplate":"https:\/\/colegioarquitectos.com\/noticias\/?s={search_term_string}"},"query-input":{"@type":"PropertyValueSpecification","valueRequired":true,"valueName":"search_term_string"}}],"inLanguage":"es"},{"@type":"Organization","@id":"https:\/\/colegioarquitectos.com\/noticias\/#organization","name":"COLEGIO DE ARQUITECTOS DE CHILE","url":"https:\/\/colegioarquitectos.com\/noticias\/","logo":{"@type":"ImageObject","inLanguage":"es","@id":"https:\/\/colegioarquitectos.com\/noticias\/#\/schema\/logo\/image\/","url":"https:\/\/colegioarquitectos.com\/noticias\/wp-content\/uploads\/2021\/05\/ENCABEZADO-LOGO-CA.jpg","contentUrl":"https:\/\/colegioarquitectos.com\/noticias\/wp-content\/uploads\/2021\/05\/ENCABEZADO-LOGO-CA.jpg","width":690,"height":350,"caption":"COLEGIO DE ARQUITECTOS DE CHILE"},"image":{"@id":"https:\/\/colegioarquitectos.com\/noticias\/#\/schema\/logo\/image\/"},"sameAs":["https:\/\/facebook.com\/Colegioarq\/","https:\/\/x.com\/colegioarq","https:\/\/instagram.com\/colegioarq","https:\/\/youtube.com\/@ColegiodeArquitectosdeChile"]},{"@type":"Person","@id":"https:\/\/colegioarquitectos.com\/noticias\/#\/schema\/person\/685cc0aad148303c5608f049af8285ad","name":"Colegio de Arquitectos de Chile","url":"https:\/\/colegioarquitectos.com\/noticias\/?author=4"}]}},"_links":{"self":[{"href":"https:\/\/colegioarquitectos.com\/noticias\/index.php?rest_route=\/wp\/v2\/posts\/12642","targetHints":{"allow":["GET"]}}],"collection":[{"href":"https:\/\/colegioarquitectos.com\/noticias\/index.php?rest_route=\/wp\/v2\/posts"}],"about":[{"href":"https:\/\/colegioarquitectos.com\/noticias\/index.php?rest_route=\/wp\/v2\/types\/post"}],"author":[{"embeddable":true,"href":"https:\/\/colegioarquitectos.com\/noticias\/index.php?rest_route=\/wp\/v2\/users\/4"}],"replies":[{"embeddable":true,"href":"https:\/\/colegioarquitectos.com\/noticias\/index.php?rest_route=%2Fwp%2Fv2%2Fcomments&post=12642"}],"version-history":[{"count":0,"href":"https:\/\/colegioarquitectos.com\/noticias\/index.php?rest_route=\/wp\/v2\/posts\/12642\/revisions"}],"wp:featuredmedia":[{"embeddable":true,"href":"https:\/\/colegioarquitectos.com\/noticias\/index.php?rest_route=\/wp\/v2\/media\/12644"}],"wp:attachment":[{"href":"https:\/\/colegioarquitectos.com\/noticias\/index.php?rest_route=%2Fwp%2Fv2%2Fmedia&parent=12642"}],"wp:term":[{"taxonomy":"category","embeddable":true,"href":"https:\/\/colegioarquitectos.com\/noticias\/index.php?rest_route=%2Fwp%2Fv2%2Fcategories&post=12642"},{"taxonomy":"post_tag","embeddable":true,"href":"https:\/\/colegioarquitectos.com\/noticias\/index.php?rest_route=%2Fwp%2Fv2%2Ftags&post=12642"}],"curies":[{"name":"wp","href":"https:\/\/api.w.org\/{rel}","templated":true}]}}