
{"id":1265,"date":"2012-06-18T09:18:55","date_gmt":"2012-06-18T09:18:55","guid":{"rendered":"http:\/\/colegioarquitectos.com\/noticias\/?p=1265"},"modified":"2012-06-22T17:15:58","modified_gmt":"2012-06-22T17:15:58","slug":"203-arquitectos-se-inscribieron-para-redisenar-costanera-valdiviana-en-innovador-concurso-nacional-patrocinado-por-colegio-de-arquitectos-de-chile","status":"publish","type":"post","link":"https:\/\/colegioarquitectos.com\/noticias\/?p=1265","title":{"rendered":"203 arquitectos se inscribieron para redise\u00f1ar costanera valdiviana en innovador concurso nacional \u2013 Patrocinado por Colegio de Arquitectos de Chile"},"content":{"rendered":"<p>&nbsp;<\/p>\n<p style=\"text-align: justify;\"><strong>Un total de 203 profesionales y equipos de arquitectos se inscribieron para elaborar propuestas que redise\u00f1en la costanera de Valdivia.<\/strong><\/p>\n<p style=\"text-align: justify;\"><em><span style=\"color: #000080;\"><strong>Fuente:<\/strong> <strong>Radio B\u00edob\u00edo. 22.06.12<\/strong><\/span><\/em><\/p>\n<p style=\"text-align: justify;\">Esto, en el marco del primer Concurso Nacional \u201cIdeas de Dise\u00f1o Urbano, Arquitectura y Paisajismo para la Costanera de Valdivia\u201d, que organiza la Municipalidad de Valdivia con el patrocinio del Colegio de Arquitectos de Chile.<\/p>\n<p style=\"text-align: justify;\">El plazo para inscribir el inter\u00e9s en participar, junto con la entrega de los antecedentes de los equipos concursantes, venci\u00f3 el mi\u00e9rcoles de esta semana.<\/p>\n<p style=\"text-align: justify;\">\u201cEl n\u00famero de participantes inscritos nos deja absolutamente contentos y satisfechos, pero adem\u00e1s expectantes, pues contaremos con un n\u00famero m\u00e1s que interesante de propuestas y aportes arquitect\u00f3nicos y paisaj\u00edsticos que enriquecer\u00e1n el proceso que estamos comenzando, que es reponer el paseo peatonal m\u00e1s importante del sur de Chile\u201d, agreg\u00f3 Bernardo Berger, alcalde de Valdivia.<\/p>\n<p style=\"text-align: justify;\">La idea del concurso es crear aportes novedosos que permitan dar un nuevo rostro al borde r\u00edo, en los dos kil\u00f3metros de extensi\u00f3n que abarca la distancia entre el puente Pedro de Valdivia y el puente Calle-Calle.<\/p>\n<p style=\"text-align: justify;\">As\u00ed, se abre una oportunidad para que los profesionales \u201cse atrevan a pensar y crear; en un proceso que pretende potenciar la condici\u00f3n natural del borde r\u00edo, privilegiando la acci\u00f3n de ganar terreno al Calle-Calle, de promover el retorno de la cara de la ciudad a las aguas, con miras a la reconversi\u00f3n tur\u00edstica del sector\u201d, dijo.<\/p>\n<p style=\"text-align: justify;\">La inscripci\u00f3n de los equipos de profesionales era un requisito obligatorio para participar del concurso. De aqu\u00ed en adelante, los concursantes tendr\u00e1n plazo hasta el 3 de agosto para presentar sus propuestas.<\/p>\n<p style=\"text-align: justify;\">A su turno, el arquitecto a cargo del certamen, Cristian Hevia, precis\u00f3 que el concurso tiene tres ejes principales para las propuestas a elaborar: Debe hacer \u00e9nfasis en los sistemas de circulaci\u00f3n y conexi\u00f3n (peatonal, ciclov\u00edas, fluvial); rescatar hitos existentes (helipuerto, terminal, otros) y proponer nuevos hitos urbanos; y resolver y privilegiar la relaci\u00f3n de la ciudad con el r\u00edo.<\/p>\n<p style=\"text-align: justify;\">Adem\u00e1s, se han dispuesto 17 millones de pesos en premios para los tres primeros lugares, de los cuales, el primero se llevar\u00e1 10 millones de pesos, 5 millones para el segundo, y 2,5 millones de pesos para el tercero. A ello se suman las menciones honrosas que el jurado podr\u00eda determinar entre todos los trabajos recepcionados.<\/p>\n<p style=\"text-align: justify;\">El certamen es organizado por la Municipalidad de Valdivia con el patrocinio del Colegio de Arquitectos de Chile, y el respaldo del Minvu, el Ministerio de Obras P\u00fablicas, la C\u00e1mara Chilena de la Construcci\u00f3n, la Armada de Chile y el Gobierno Regional de Los R\u00edos.<\/p>\n<p style=\"text-align: justify;\">Mayores antecedentes en el sitio web <span style=\"color: #0000ff;\"><a href=\"http:\/\/www.munivaldivia.cl\/www\/municipal_valdivia\/index.php?option=com_content&amp;view=article&amp;id=1369&amp;lang=es\"><span style=\"color: #0000ff;\">www.munivaldivia.cl\/concursocostanera<\/span><\/a><\/span> y en <span style=\"color: #0000ff;\"><a href=\"mailto:costanera@munivaldivia.cl\"><span style=\"color: #0000ff;\">costanera@munivaldivia.cl<\/span><\/a><\/span><\/p>\n<p style=\"text-align: justify;\">\n<p><\/p>","protected":false},"excerpt":{"rendered":"<p>&nbsp; Un total de 203 profesionales y equipos de arquitectos se inscribieron para elaborar propuestas que redise\u00f1en la costanera de Valdivia. Fuente: Radio B\u00edob\u00edo. 22.06.12 Esto, en el marco del primer Concurso Nacional \u201cIdeas de Dise\u00f1o Urbano, Arquitectura y Paisajismo &hellip; <a class=\"more-link\" href=\"https:\/\/colegioarquitectos.com\/noticias\/?p=1265\">ver m\u00e1s<\/a><\/p>","protected":false},"author":1,"featured_media":0,"comment_status":"open","ping_status":"open","sticky":false,"template":"","format":"standard","meta":{"footnotes":""},"categories":[8,11,3],"tags":[],"class_list":["post-1265","post","type-post","status-publish","format-standard","hentry","category-colegio-de-arquitectos","category-concursos","category-noticias"],"yoast_head":"<!-- This site is optimized with the Yoast SEO plugin v24.2 - https:\/\/yoast.com\/wordpress\/plugins\/seo\/ -->\n<title>203 arquitectos se inscribieron para redise\u00f1ar costanera valdiviana en innovador concurso nacional \u2013 Patrocinado por Colegio de Arquitectos de Chile - COLEGIO DE ARQUITECTOS DE CHILE<\/title>\n<meta name=\"robots\" content=\"index, follow, max-snippet:-1, max-image-preview:large, max-video-preview:-1\" \/>\n<link rel=\"canonical\" href=\"https:\/\/colegioarquitectos.com\/noticias\/?p=1265\" \/>\n<meta property=\"og:locale\" content=\"es_ES\" \/>\n<meta property=\"og:type\" content=\"article\" \/>\n<meta property=\"og:title\" content=\"203 arquitectos se inscribieron para redise\u00f1ar costanera valdiviana en innovador concurso nacional \u2013 Patrocinado por Colegio de Arquitectos de Chile - COLEGIO DE ARQUITECTOS DE CHILE\" \/>\n<meta property=\"og:description\" content=\"&nbsp; Un total de 203 profesionales y equipos de arquitectos se inscribieron para elaborar propuestas que redise\u00f1en la costanera de Valdivia. Fuente: Radio B\u00edob\u00edo. 22.06.12 Esto, en el marco del primer Concurso Nacional \u201cIdeas de Dise\u00f1o Urbano, Arquitectura y Paisajismo &hellip; ver m\u00e1s\" \/>\n<meta property=\"og:url\" content=\"https:\/\/colegioarquitectos.com\/noticias\/?p=1265\" \/>\n<meta property=\"og:site_name\" content=\"COLEGIO DE ARQUITECTOS DE CHILE\" \/>\n<meta property=\"article:publisher\" content=\"https:\/\/facebook.com\/Colegioarq\/\" \/>\n<meta property=\"article:published_time\" content=\"2012-06-18T09:18:55+00:00\" \/>\n<meta property=\"article:modified_time\" content=\"2012-06-22T17:15:58+00:00\" \/>\n<meta name=\"author\" content=\"Gabriel Salgado S.\" \/>\n<meta name=\"twitter:card\" content=\"summary_large_image\" \/>\n<meta name=\"twitter:creator\" content=\"@colegioarq\" \/>\n<meta name=\"twitter:site\" content=\"@colegioarq\" \/>\n<meta name=\"twitter:label1\" content=\"Escrito por\" \/>\n\t<meta name=\"twitter:data1\" content=\"Gabriel Salgado S.\" \/>\n\t<meta name=\"twitter:label2\" content=\"Tiempo de lectura\" \/>\n\t<meta name=\"twitter:data2\" content=\"2 minutos\" \/>\n<script type=\"application\/ld+json\" class=\"yoast-schema-graph\">{\"@context\":\"https:\/\/schema.org\",\"@graph\":[{\"@type\":\"Article\",\"@id\":\"https:\/\/colegioarquitectos.com\/noticias\/?p=1265#article\",\"isPartOf\":{\"@id\":\"https:\/\/colegioarquitectos.com\/noticias\/?p=1265\"},\"author\":{\"name\":\"Gabriel Salgado S.\",\"@id\":\"https:\/\/colegioarquitectos.com\/noticias\/#\/schema\/person\/b6c7e912cd1283c089114093ed09741f\"},\"headline\":\"203 arquitectos se inscribieron para redise\u00f1ar costanera valdiviana en innovador concurso nacional \u2013 Patrocinado por Colegio de Arquitectos de Chile\",\"datePublished\":\"2012-06-18T09:18:55+00:00\",\"dateModified\":\"2012-06-22T17:15:58+00:00\",\"mainEntityOfPage\":{\"@id\":\"https:\/\/colegioarquitectos.com\/noticias\/?p=1265\"},\"wordCount\":488,\"commentCount\":0,\"publisher\":{\"@id\":\"https:\/\/colegioarquitectos.com\/noticias\/#organization\"},\"articleSection\":[\"Colegio\",\"Concursos\",\"Noticias\"],\"inLanguage\":\"es\",\"potentialAction\":[{\"@type\":\"CommentAction\",\"name\":\"Comment\",\"target\":[\"https:\/\/colegioarquitectos.com\/noticias\/?p=1265#respond\"]}]},{\"@type\":\"WebPage\",\"@id\":\"https:\/\/colegioarquitectos.com\/noticias\/?p=1265\",\"url\":\"https:\/\/colegioarquitectos.com\/noticias\/?p=1265\",\"name\":\"203 arquitectos se inscribieron para redise\u00f1ar costanera valdiviana en innovador concurso nacional \u2013 Patrocinado por Colegio de Arquitectos de Chile - COLEGIO DE ARQUITECTOS DE CHILE\",\"isPartOf\":{\"@id\":\"https:\/\/colegioarquitectos.com\/noticias\/#website\"},\"datePublished\":\"2012-06-18T09:18:55+00:00\",\"dateModified\":\"2012-06-22T17:15:58+00:00\",\"breadcrumb\":{\"@id\":\"https:\/\/colegioarquitectos.com\/noticias\/?p=1265#breadcrumb\"},\"inLanguage\":\"es\",\"potentialAction\":[{\"@type\":\"ReadAction\",\"target\":[\"https:\/\/colegioarquitectos.com\/noticias\/?p=1265\"]}]},{\"@type\":\"BreadcrumbList\",\"@id\":\"https:\/\/colegioarquitectos.com\/noticias\/?p=1265#breadcrumb\",\"itemListElement\":[{\"@type\":\"ListItem\",\"position\":1,\"name\":\"Portada\",\"item\":\"https:\/\/colegioarquitectos.com\/noticias\"},{\"@type\":\"ListItem\",\"position\":2,\"name\":\"203 arquitectos se inscribieron para redise\u00f1ar costanera valdiviana en innovador concurso nacional \u2013 Patrocinado por Colegio de Arquitectos de Chile\"}]},{\"@type\":\"WebSite\",\"@id\":\"https:\/\/colegioarquitectos.com\/noticias\/#website\",\"url\":\"https:\/\/colegioarquitectos.com\/noticias\/\",\"name\":\"COLEGIO DE ARQUITECTOS DE CHILE\",\"description\":\"\",\"publisher\":{\"@id\":\"https:\/\/colegioarquitectos.com\/noticias\/#organization\"},\"potentialAction\":[{\"@type\":\"SearchAction\",\"target\":{\"@type\":\"EntryPoint\",\"urlTemplate\":\"https:\/\/colegioarquitectos.com\/noticias\/?s={search_term_string}\"},\"query-input\":{\"@type\":\"PropertyValueSpecification\",\"valueRequired\":true,\"valueName\":\"search_term_string\"}}],\"inLanguage\":\"es\"},{\"@type\":\"Organization\",\"@id\":\"https:\/\/colegioarquitectos.com\/noticias\/#organization\",\"name\":\"COLEGIO DE ARQUITECTOS DE CHILE\",\"url\":\"https:\/\/colegioarquitectos.com\/noticias\/\",\"logo\":{\"@type\":\"ImageObject\",\"inLanguage\":\"es\",\"@id\":\"https:\/\/colegioarquitectos.com\/noticias\/#\/schema\/logo\/image\/\",\"url\":\"https:\/\/colegioarquitectos.com\/noticias\/wp-content\/uploads\/2021\/05\/ENCABEZADO-LOGO-CA.jpg\",\"contentUrl\":\"https:\/\/colegioarquitectos.com\/noticias\/wp-content\/uploads\/2021\/05\/ENCABEZADO-LOGO-CA.jpg\",\"width\":690,\"height\":350,\"caption\":\"COLEGIO DE ARQUITECTOS DE CHILE\"},\"image\":{\"@id\":\"https:\/\/colegioarquitectos.com\/noticias\/#\/schema\/logo\/image\/\"},\"sameAs\":[\"https:\/\/facebook.com\/Colegioarq\/\",\"https:\/\/x.com\/colegioarq\",\"https:\/\/instagram.com\/colegioarq\",\"https:\/\/youtube.com\/@ColegiodeArquitectosdeChile\"]},{\"@type\":\"Person\",\"@id\":\"https:\/\/colegioarquitectos.com\/noticias\/#\/schema\/person\/b6c7e912cd1283c089114093ed09741f\",\"name\":\"Gabriel Salgado S.\",\"url\":\"https:\/\/colegioarquitectos.com\/noticias\/?author=1\"}]}<\/script>\n<!-- \/ Yoast SEO plugin. -->","yoast_head_json":{"title":"203 arquitectos se inscribieron para redise\u00f1ar costanera valdiviana en innovador concurso nacional \u2013 Patrocinado por Colegio de Arquitectos de Chile - COLEGIO DE ARQUITECTOS DE CHILE","robots":{"index":"index","follow":"follow","max-snippet":"max-snippet:-1","max-image-preview":"max-image-preview:large","max-video-preview":"max-video-preview:-1"},"canonical":"https:\/\/colegioarquitectos.com\/noticias\/?p=1265","og_locale":"es_ES","og_type":"article","og_title":"203 arquitectos se inscribieron para redise\u00f1ar costanera valdiviana en innovador concurso nacional \u2013 Patrocinado por Colegio de Arquitectos de Chile - COLEGIO DE ARQUITECTOS DE CHILE","og_description":"&nbsp; Un total de 203 profesionales y equipos de arquitectos se inscribieron para elaborar propuestas que redise\u00f1en la costanera de Valdivia. Fuente: Radio B\u00edob\u00edo. 22.06.12 Esto, en el marco del primer Concurso Nacional \u201cIdeas de Dise\u00f1o Urbano, Arquitectura y Paisajismo &hellip; ver m\u00e1s","og_url":"https:\/\/colegioarquitectos.com\/noticias\/?p=1265","og_site_name":"COLEGIO DE ARQUITECTOS DE CHILE","article_publisher":"https:\/\/facebook.com\/Colegioarq\/","article_published_time":"2012-06-18T09:18:55+00:00","article_modified_time":"2012-06-22T17:15:58+00:00","author":"Gabriel Salgado S.","twitter_card":"summary_large_image","twitter_creator":"@colegioarq","twitter_site":"@colegioarq","twitter_misc":{"Escrito por":"Gabriel Salgado S.","Tiempo de lectura":"2 minutos"},"schema":{"@context":"https:\/\/schema.org","@graph":[{"@type":"Article","@id":"https:\/\/colegioarquitectos.com\/noticias\/?p=1265#article","isPartOf":{"@id":"https:\/\/colegioarquitectos.com\/noticias\/?p=1265"},"author":{"name":"Gabriel Salgado S.","@id":"https:\/\/colegioarquitectos.com\/noticias\/#\/schema\/person\/b6c7e912cd1283c089114093ed09741f"},"headline":"203 arquitectos se inscribieron para redise\u00f1ar costanera valdiviana en innovador concurso nacional \u2013 Patrocinado por Colegio de Arquitectos de Chile","datePublished":"2012-06-18T09:18:55+00:00","dateModified":"2012-06-22T17:15:58+00:00","mainEntityOfPage":{"@id":"https:\/\/colegioarquitectos.com\/noticias\/?p=1265"},"wordCount":488,"commentCount":0,"publisher":{"@id":"https:\/\/colegioarquitectos.com\/noticias\/#organization"},"articleSection":["Colegio","Concursos","Noticias"],"inLanguage":"es","potentialAction":[{"@type":"CommentAction","name":"Comment","target":["https:\/\/colegioarquitectos.com\/noticias\/?p=1265#respond"]}]},{"@type":"WebPage","@id":"https:\/\/colegioarquitectos.com\/noticias\/?p=1265","url":"https:\/\/colegioarquitectos.com\/noticias\/?p=1265","name":"203 arquitectos se inscribieron para redise\u00f1ar costanera valdiviana en innovador concurso nacional \u2013 Patrocinado por Colegio de Arquitectos de Chile - COLEGIO DE ARQUITECTOS DE CHILE","isPartOf":{"@id":"https:\/\/colegioarquitectos.com\/noticias\/#website"},"datePublished":"2012-06-18T09:18:55+00:00","dateModified":"2012-06-22T17:15:58+00:00","breadcrumb":{"@id":"https:\/\/colegioarquitectos.com\/noticias\/?p=1265#breadcrumb"},"inLanguage":"es","potentialAction":[{"@type":"ReadAction","target":["https:\/\/colegioarquitectos.com\/noticias\/?p=1265"]}]},{"@type":"BreadcrumbList","@id":"https:\/\/colegioarquitectos.com\/noticias\/?p=1265#breadcrumb","itemListElement":[{"@type":"ListItem","position":1,"name":"Portada","item":"https:\/\/colegioarquitectos.com\/noticias"},{"@type":"ListItem","position":2,"name":"203 arquitectos se inscribieron para redise\u00f1ar costanera valdiviana en innovador concurso nacional \u2013 Patrocinado por Colegio de Arquitectos de Chile"}]},{"@type":"WebSite","@id":"https:\/\/colegioarquitectos.com\/noticias\/#website","url":"https:\/\/colegioarquitectos.com\/noticias\/","name":"COLEGIO DE ARQUITECTOS DE CHILE","description":"","publisher":{"@id":"https:\/\/colegioarquitectos.com\/noticias\/#organization"},"potentialAction":[{"@type":"SearchAction","target":{"@type":"EntryPoint","urlTemplate":"https:\/\/colegioarquitectos.com\/noticias\/?s={search_term_string}"},"query-input":{"@type":"PropertyValueSpecification","valueRequired":true,"valueName":"search_term_string"}}],"inLanguage":"es"},{"@type":"Organization","@id":"https:\/\/colegioarquitectos.com\/noticias\/#organization","name":"COLEGIO DE ARQUITECTOS DE CHILE","url":"https:\/\/colegioarquitectos.com\/noticias\/","logo":{"@type":"ImageObject","inLanguage":"es","@id":"https:\/\/colegioarquitectos.com\/noticias\/#\/schema\/logo\/image\/","url":"https:\/\/colegioarquitectos.com\/noticias\/wp-content\/uploads\/2021\/05\/ENCABEZADO-LOGO-CA.jpg","contentUrl":"https:\/\/colegioarquitectos.com\/noticias\/wp-content\/uploads\/2021\/05\/ENCABEZADO-LOGO-CA.jpg","width":690,"height":350,"caption":"COLEGIO DE ARQUITECTOS DE CHILE"},"image":{"@id":"https:\/\/colegioarquitectos.com\/noticias\/#\/schema\/logo\/image\/"},"sameAs":["https:\/\/facebook.com\/Colegioarq\/","https:\/\/x.com\/colegioarq","https:\/\/instagram.com\/colegioarq","https:\/\/youtube.com\/@ColegiodeArquitectosdeChile"]},{"@type":"Person","@id":"https:\/\/colegioarquitectos.com\/noticias\/#\/schema\/person\/b6c7e912cd1283c089114093ed09741f","name":"Gabriel Salgado S.","url":"https:\/\/colegioarquitectos.com\/noticias\/?author=1"}]}},"_links":{"self":[{"href":"https:\/\/colegioarquitectos.com\/noticias\/index.php?rest_route=\/wp\/v2\/posts\/1265","targetHints":{"allow":["GET"]}}],"collection":[{"href":"https:\/\/colegioarquitectos.com\/noticias\/index.php?rest_route=\/wp\/v2\/posts"}],"about":[{"href":"https:\/\/colegioarquitectos.com\/noticias\/index.php?rest_route=\/wp\/v2\/types\/post"}],"author":[{"embeddable":true,"href":"https:\/\/colegioarquitectos.com\/noticias\/index.php?rest_route=\/wp\/v2\/users\/1"}],"replies":[{"embeddable":true,"href":"https:\/\/colegioarquitectos.com\/noticias\/index.php?rest_route=%2Fwp%2Fv2%2Fcomments&post=1265"}],"version-history":[{"count":0,"href":"https:\/\/colegioarquitectos.com\/noticias\/index.php?rest_route=\/wp\/v2\/posts\/1265\/revisions"}],"wp:attachment":[{"href":"https:\/\/colegioarquitectos.com\/noticias\/index.php?rest_route=%2Fwp%2Fv2%2Fmedia&parent=1265"}],"wp:term":[{"taxonomy":"category","embeddable":true,"href":"https:\/\/colegioarquitectos.com\/noticias\/index.php?rest_route=%2Fwp%2Fv2%2Fcategories&post=1265"},{"taxonomy":"post_tag","embeddable":true,"href":"https:\/\/colegioarquitectos.com\/noticias\/index.php?rest_route=%2Fwp%2Fv2%2Ftags&post=1265"}],"curies":[{"name":"wp","href":"https:\/\/api.w.org\/{rel}","templated":true}]}}