
{"id":12713,"date":"2016-05-07T16:28:41","date_gmt":"2016-05-07T16:28:41","guid":{"rendered":"http:\/\/colegioarquitectos.com\/?p=12713"},"modified":"2016-05-11T16:32:24","modified_gmt":"2016-05-11T16:32:24","slug":"lancement-du-prix-darchitecture-liang-sicheng-2016-appel-a-candidatures","status":"publish","type":"post","link":"https:\/\/colegioarquitectos.com\/noticias\/?p=12713","title":{"rendered":"LANCEMENT DU PRIX D\u2019ARCHITECTURE LIANG SICHENG 2016 APPEL \u00c0 CANDIDATURES"},"content":{"rendered":"<p>La Soci\u00e9t\u00e9 des architectes de Chine (ASC) annonce la premi\u00e8re \u00e9dition internationale du prix d\u2019architecture Liang Sicheng.<\/p>\n<p>La Soci\u00e9t\u00e9 des architectes de Chine a cr\u00e9\u00e9 le prix d\u2019architecture Liang Sicheng en 2000 afin de promouvoir l\u2019architecture chinoise. Ce prix doit son nom au Professeur Liang Sicheng, architecte chinois, enseignant et fondateur du syst\u00e8me actuel d\u2019enseignement de l\u2019architecture en Chine.<\/p>\n<p>Ce prix biennal r\u00e9compense les architectes qui ont apport\u00e9 d\u2019importantes contributions dans le domaine de l\u2019architecture. Ce prix renomm\u00e9 et prestigieux est ouvert pour la premi\u00e8re fois aux architectes du monde entier et sera attribu\u00e9 par un jury international. L\u2019UIA soutient le lancement de ce prix 2016.<\/p>\n<p>Ce prix aura lieu en deux phases. Un comit\u00e9 sp\u00e9cial \u00e9tablira une pr\u00e9s\u00e9lection de deux architectes qui sera ensuite soumise \u00e0 un jury international. Les laur\u00e9ats recevront une m\u00e9daille ainsi qu\u2019un certificat et un prix de RMB 100 000.<\/p>\n<p>Les documents \u00e0 soumettre peuvent \u00eatre t\u00e9l\u00e9charg\u00e9s sur le site officiel de l\u2019ASC. Les langues de travail sont le chinois et l\u2019anglais.<\/p>\n<p>&nbsp;<\/p>\n<ul>\n<li>15 Mai 2016: date limite pour la r\u00e9ception des candidatures<\/li>\n<li>18 juillet 2016: r\u00e9union du jury.<\/li>\n<\/ul>\n<p>&nbsp;<\/p>\n<p>INFORMATION<\/p>\n<p>&nbsp;<\/p>\n<p>The Architectural Society of China<\/p>\n<p>tel. 86 10 88082237 \/ 88082239<\/p>\n<p>fax. 86 10 8082222<\/p>\n<p>e-mail: asc@mail.cin.gov.cn<\/p>\n<p><a href=\"http:\/\/www.chinaasc.org\">http:\/\/www.chinaasc.org<\/a><\/p>\n<p><\/p>","protected":false},"excerpt":{"rendered":"<p>La Soci\u00e9t\u00e9 des architectes de Chine (ASC) annonce la premi\u00e8re \u00e9dition internationale du prix d\u2019architecture Liang Sicheng. La Soci\u00e9t\u00e9 des architectes de Chine a cr\u00e9\u00e9 le prix d\u2019architecture Liang Sicheng en 2000 afin de promouvoir l\u2019architecture chinoise. Ce prix doit &hellip; <a class=\"more-link\" href=\"https:\/\/colegioarquitectos.com\/noticias\/?p=12713\">ver m\u00e1s<\/a><\/p>","protected":false},"author":4,"featured_media":12714,"comment_status":"open","ping_status":"open","sticky":false,"template":"","format":"standard","meta":{"footnotes":""},"categories":[3],"tags":[],"class_list":["post-12713","post","type-post","status-publish","format-standard","has-post-thumbnail","hentry","category-noticias"],"yoast_head":"<!-- This site is optimized with the Yoast SEO plugin v24.2 - https:\/\/yoast.com\/wordpress\/plugins\/seo\/ -->\n<title>LANCEMENT DU PRIX D\u2019ARCHITECTURE LIANG SICHENG 2016 APPEL \u00c0 CANDIDATURES - COLEGIO DE ARQUITECTOS DE CHILE<\/title>\n<meta name=\"robots\" content=\"index, follow, max-snippet:-1, max-image-preview:large, max-video-preview:-1\" \/>\n<link rel=\"canonical\" href=\"https:\/\/colegioarquitectos.com\/noticias\/?p=12713\" \/>\n<meta property=\"og:locale\" content=\"es_ES\" \/>\n<meta property=\"og:type\" content=\"article\" \/>\n<meta property=\"og:title\" content=\"LANCEMENT DU PRIX D\u2019ARCHITECTURE LIANG SICHENG 2016 APPEL \u00c0 CANDIDATURES - COLEGIO DE ARQUITECTOS DE CHILE\" \/>\n<meta property=\"og:description\" content=\"La Soci\u00e9t\u00e9 des architectes de Chine (ASC) annonce la premi\u00e8re \u00e9dition internationale du prix d\u2019architecture Liang Sicheng. La Soci\u00e9t\u00e9 des architectes de Chine a cr\u00e9\u00e9 le prix d\u2019architecture Liang Sicheng en 2000 afin de promouvoir l\u2019architecture chinoise. Ce prix doit &hellip; ver m\u00e1s\" \/>\n<meta property=\"og:url\" content=\"https:\/\/colegioarquitectos.com\/noticias\/?p=12713\" \/>\n<meta property=\"og:site_name\" content=\"COLEGIO DE ARQUITECTOS DE CHILE\" \/>\n<meta property=\"article:publisher\" content=\"https:\/\/facebook.com\/Colegioarq\/\" \/>\n<meta property=\"article:published_time\" content=\"2016-05-07T16:28:41+00:00\" \/>\n<meta property=\"article:modified_time\" content=\"2016-05-11T16:32:24+00:00\" \/>\n<meta property=\"og:image\" content=\"https:\/\/colegioarquitectos.com\/noticias\/wp-content\/uploads\/2016\/05\/UIA.jpg\" \/>\n\t<meta property=\"og:image:width\" content=\"690\" \/>\n\t<meta property=\"og:image:height\" content=\"350\" \/>\n\t<meta property=\"og:image:type\" content=\"image\/jpeg\" \/>\n<meta name=\"author\" content=\"Colegio de Arquitectos de Chile\" \/>\n<meta name=\"twitter:card\" content=\"summary_large_image\" \/>\n<meta name=\"twitter:creator\" content=\"@colegioarq\" \/>\n<meta name=\"twitter:site\" content=\"@colegioarq\" \/>\n<meta name=\"twitter:label1\" content=\"Escrito por\" \/>\n\t<meta name=\"twitter:data1\" content=\"Colegio de Arquitectos de Chile\" \/>\n\t<meta name=\"twitter:label2\" content=\"Tiempo de lectura\" \/>\n\t<meta name=\"twitter:data2\" content=\"1 minuto\" \/>\n<script type=\"application\/ld+json\" class=\"yoast-schema-graph\">{\"@context\":\"https:\/\/schema.org\",\"@graph\":[{\"@type\":\"Article\",\"@id\":\"https:\/\/colegioarquitectos.com\/noticias\/?p=12713#article\",\"isPartOf\":{\"@id\":\"https:\/\/colegioarquitectos.com\/noticias\/?p=12713\"},\"author\":{\"name\":\"Colegio de Arquitectos de Chile\",\"@id\":\"https:\/\/colegioarquitectos.com\/noticias\/#\/schema\/person\/685cc0aad148303c5608f049af8285ad\"},\"headline\":\"LANCEMENT DU PRIX D\u2019ARCHITECTURE LIANG SICHENG 2016 APPEL \u00c0 CANDIDATURES\",\"datePublished\":\"2016-05-07T16:28:41+00:00\",\"dateModified\":\"2016-05-11T16:32:24+00:00\",\"mainEntityOfPage\":{\"@id\":\"https:\/\/colegioarquitectos.com\/noticias\/?p=12713\"},\"wordCount\":230,\"commentCount\":0,\"publisher\":{\"@id\":\"https:\/\/colegioarquitectos.com\/noticias\/#organization\"},\"image\":{\"@id\":\"https:\/\/colegioarquitectos.com\/noticias\/?p=12713#primaryimage\"},\"thumbnailUrl\":\"https:\/\/colegioarquitectos.com\/noticias\/wp-content\/uploads\/2016\/05\/UIA.jpg\",\"articleSection\":[\"Noticias\"],\"inLanguage\":\"es\",\"potentialAction\":[{\"@type\":\"CommentAction\",\"name\":\"Comment\",\"target\":[\"https:\/\/colegioarquitectos.com\/noticias\/?p=12713#respond\"]}]},{\"@type\":\"WebPage\",\"@id\":\"https:\/\/colegioarquitectos.com\/noticias\/?p=12713\",\"url\":\"https:\/\/colegioarquitectos.com\/noticias\/?p=12713\",\"name\":\"LANCEMENT DU PRIX D\u2019ARCHITECTURE LIANG SICHENG 2016 APPEL \u00c0 CANDIDATURES - COLEGIO DE ARQUITECTOS DE CHILE\",\"isPartOf\":{\"@id\":\"https:\/\/colegioarquitectos.com\/noticias\/#website\"},\"primaryImageOfPage\":{\"@id\":\"https:\/\/colegioarquitectos.com\/noticias\/?p=12713#primaryimage\"},\"image\":{\"@id\":\"https:\/\/colegioarquitectos.com\/noticias\/?p=12713#primaryimage\"},\"thumbnailUrl\":\"https:\/\/colegioarquitectos.com\/noticias\/wp-content\/uploads\/2016\/05\/UIA.jpg\",\"datePublished\":\"2016-05-07T16:28:41+00:00\",\"dateModified\":\"2016-05-11T16:32:24+00:00\",\"breadcrumb\":{\"@id\":\"https:\/\/colegioarquitectos.com\/noticias\/?p=12713#breadcrumb\"},\"inLanguage\":\"es\",\"potentialAction\":[{\"@type\":\"ReadAction\",\"target\":[\"https:\/\/colegioarquitectos.com\/noticias\/?p=12713\"]}]},{\"@type\":\"ImageObject\",\"inLanguage\":\"es\",\"@id\":\"https:\/\/colegioarquitectos.com\/noticias\/?p=12713#primaryimage\",\"url\":\"https:\/\/colegioarquitectos.com\/noticias\/wp-content\/uploads\/2016\/05\/UIA.jpg\",\"contentUrl\":\"https:\/\/colegioarquitectos.com\/noticias\/wp-content\/uploads\/2016\/05\/UIA.jpg\",\"width\":690,\"height\":350},{\"@type\":\"BreadcrumbList\",\"@id\":\"https:\/\/colegioarquitectos.com\/noticias\/?p=12713#breadcrumb\",\"itemListElement\":[{\"@type\":\"ListItem\",\"position\":1,\"name\":\"Portada\",\"item\":\"https:\/\/colegioarquitectos.com\/noticias\"},{\"@type\":\"ListItem\",\"position\":2,\"name\":\"LANCEMENT DU PRIX D\u2019ARCHITECTURE LIANG SICHENG 2016 APPEL \u00c0 CANDIDATURES\"}]},{\"@type\":\"WebSite\",\"@id\":\"https:\/\/colegioarquitectos.com\/noticias\/#website\",\"url\":\"https:\/\/colegioarquitectos.com\/noticias\/\",\"name\":\"COLEGIO DE ARQUITECTOS DE CHILE\",\"description\":\"\",\"publisher\":{\"@id\":\"https:\/\/colegioarquitectos.com\/noticias\/#organization\"},\"potentialAction\":[{\"@type\":\"SearchAction\",\"target\":{\"@type\":\"EntryPoint\",\"urlTemplate\":\"https:\/\/colegioarquitectos.com\/noticias\/?s={search_term_string}\"},\"query-input\":{\"@type\":\"PropertyValueSpecification\",\"valueRequired\":true,\"valueName\":\"search_term_string\"}}],\"inLanguage\":\"es\"},{\"@type\":\"Organization\",\"@id\":\"https:\/\/colegioarquitectos.com\/noticias\/#organization\",\"name\":\"COLEGIO DE ARQUITECTOS DE CHILE\",\"url\":\"https:\/\/colegioarquitectos.com\/noticias\/\",\"logo\":{\"@type\":\"ImageObject\",\"inLanguage\":\"es\",\"@id\":\"https:\/\/colegioarquitectos.com\/noticias\/#\/schema\/logo\/image\/\",\"url\":\"https:\/\/colegioarquitectos.com\/noticias\/wp-content\/uploads\/2021\/05\/ENCABEZADO-LOGO-CA.jpg\",\"contentUrl\":\"https:\/\/colegioarquitectos.com\/noticias\/wp-content\/uploads\/2021\/05\/ENCABEZADO-LOGO-CA.jpg\",\"width\":690,\"height\":350,\"caption\":\"COLEGIO DE ARQUITECTOS DE CHILE\"},\"image\":{\"@id\":\"https:\/\/colegioarquitectos.com\/noticias\/#\/schema\/logo\/image\/\"},\"sameAs\":[\"https:\/\/facebook.com\/Colegioarq\/\",\"https:\/\/x.com\/colegioarq\",\"https:\/\/instagram.com\/colegioarq\",\"https:\/\/youtube.com\/@ColegiodeArquitectosdeChile\"]},{\"@type\":\"Person\",\"@id\":\"https:\/\/colegioarquitectos.com\/noticias\/#\/schema\/person\/685cc0aad148303c5608f049af8285ad\",\"name\":\"Colegio de Arquitectos de Chile\",\"url\":\"https:\/\/colegioarquitectos.com\/noticias\/?author=4\"}]}<\/script>\n<!-- \/ Yoast SEO plugin. -->","yoast_head_json":{"title":"LANCEMENT DU PRIX D\u2019ARCHITECTURE LIANG SICHENG 2016 APPEL \u00c0 CANDIDATURES - COLEGIO DE ARQUITECTOS DE CHILE","robots":{"index":"index","follow":"follow","max-snippet":"max-snippet:-1","max-image-preview":"max-image-preview:large","max-video-preview":"max-video-preview:-1"},"canonical":"https:\/\/colegioarquitectos.com\/noticias\/?p=12713","og_locale":"es_ES","og_type":"article","og_title":"LANCEMENT DU PRIX D\u2019ARCHITECTURE LIANG SICHENG 2016 APPEL \u00c0 CANDIDATURES - COLEGIO DE ARQUITECTOS DE CHILE","og_description":"La Soci\u00e9t\u00e9 des architectes de Chine (ASC) annonce la premi\u00e8re \u00e9dition internationale du prix d\u2019architecture Liang Sicheng. La Soci\u00e9t\u00e9 des architectes de Chine a cr\u00e9\u00e9 le prix d\u2019architecture Liang Sicheng en 2000 afin de promouvoir l\u2019architecture chinoise. Ce prix doit &hellip; ver m\u00e1s","og_url":"https:\/\/colegioarquitectos.com\/noticias\/?p=12713","og_site_name":"COLEGIO DE ARQUITECTOS DE CHILE","article_publisher":"https:\/\/facebook.com\/Colegioarq\/","article_published_time":"2016-05-07T16:28:41+00:00","article_modified_time":"2016-05-11T16:32:24+00:00","og_image":[{"width":690,"height":350,"url":"https:\/\/colegioarquitectos.com\/noticias\/wp-content\/uploads\/2016\/05\/UIA.jpg","type":"image\/jpeg"}],"author":"Colegio de Arquitectos de Chile","twitter_card":"summary_large_image","twitter_creator":"@colegioarq","twitter_site":"@colegioarq","twitter_misc":{"Escrito por":"Colegio de Arquitectos de Chile","Tiempo de lectura":"1 minuto"},"schema":{"@context":"https:\/\/schema.org","@graph":[{"@type":"Article","@id":"https:\/\/colegioarquitectos.com\/noticias\/?p=12713#article","isPartOf":{"@id":"https:\/\/colegioarquitectos.com\/noticias\/?p=12713"},"author":{"name":"Colegio de Arquitectos de Chile","@id":"https:\/\/colegioarquitectos.com\/noticias\/#\/schema\/person\/685cc0aad148303c5608f049af8285ad"},"headline":"LANCEMENT DU PRIX D\u2019ARCHITECTURE LIANG SICHENG 2016 APPEL \u00c0 CANDIDATURES","datePublished":"2016-05-07T16:28:41+00:00","dateModified":"2016-05-11T16:32:24+00:00","mainEntityOfPage":{"@id":"https:\/\/colegioarquitectos.com\/noticias\/?p=12713"},"wordCount":230,"commentCount":0,"publisher":{"@id":"https:\/\/colegioarquitectos.com\/noticias\/#organization"},"image":{"@id":"https:\/\/colegioarquitectos.com\/noticias\/?p=12713#primaryimage"},"thumbnailUrl":"https:\/\/colegioarquitectos.com\/noticias\/wp-content\/uploads\/2016\/05\/UIA.jpg","articleSection":["Noticias"],"inLanguage":"es","potentialAction":[{"@type":"CommentAction","name":"Comment","target":["https:\/\/colegioarquitectos.com\/noticias\/?p=12713#respond"]}]},{"@type":"WebPage","@id":"https:\/\/colegioarquitectos.com\/noticias\/?p=12713","url":"https:\/\/colegioarquitectos.com\/noticias\/?p=12713","name":"LANCEMENT DU PRIX D\u2019ARCHITECTURE LIANG SICHENG 2016 APPEL \u00c0 CANDIDATURES - COLEGIO DE ARQUITECTOS DE CHILE","isPartOf":{"@id":"https:\/\/colegioarquitectos.com\/noticias\/#website"},"primaryImageOfPage":{"@id":"https:\/\/colegioarquitectos.com\/noticias\/?p=12713#primaryimage"},"image":{"@id":"https:\/\/colegioarquitectos.com\/noticias\/?p=12713#primaryimage"},"thumbnailUrl":"https:\/\/colegioarquitectos.com\/noticias\/wp-content\/uploads\/2016\/05\/UIA.jpg","datePublished":"2016-05-07T16:28:41+00:00","dateModified":"2016-05-11T16:32:24+00:00","breadcrumb":{"@id":"https:\/\/colegioarquitectos.com\/noticias\/?p=12713#breadcrumb"},"inLanguage":"es","potentialAction":[{"@type":"ReadAction","target":["https:\/\/colegioarquitectos.com\/noticias\/?p=12713"]}]},{"@type":"ImageObject","inLanguage":"es","@id":"https:\/\/colegioarquitectos.com\/noticias\/?p=12713#primaryimage","url":"https:\/\/colegioarquitectos.com\/noticias\/wp-content\/uploads\/2016\/05\/UIA.jpg","contentUrl":"https:\/\/colegioarquitectos.com\/noticias\/wp-content\/uploads\/2016\/05\/UIA.jpg","width":690,"height":350},{"@type":"BreadcrumbList","@id":"https:\/\/colegioarquitectos.com\/noticias\/?p=12713#breadcrumb","itemListElement":[{"@type":"ListItem","position":1,"name":"Portada","item":"https:\/\/colegioarquitectos.com\/noticias"},{"@type":"ListItem","position":2,"name":"LANCEMENT DU PRIX D\u2019ARCHITECTURE LIANG SICHENG 2016 APPEL \u00c0 CANDIDATURES"}]},{"@type":"WebSite","@id":"https:\/\/colegioarquitectos.com\/noticias\/#website","url":"https:\/\/colegioarquitectos.com\/noticias\/","name":"COLEGIO DE ARQUITECTOS DE CHILE","description":"","publisher":{"@id":"https:\/\/colegioarquitectos.com\/noticias\/#organization"},"potentialAction":[{"@type":"SearchAction","target":{"@type":"EntryPoint","urlTemplate":"https:\/\/colegioarquitectos.com\/noticias\/?s={search_term_string}"},"query-input":{"@type":"PropertyValueSpecification","valueRequired":true,"valueName":"search_term_string"}}],"inLanguage":"es"},{"@type":"Organization","@id":"https:\/\/colegioarquitectos.com\/noticias\/#organization","name":"COLEGIO DE ARQUITECTOS DE CHILE","url":"https:\/\/colegioarquitectos.com\/noticias\/","logo":{"@type":"ImageObject","inLanguage":"es","@id":"https:\/\/colegioarquitectos.com\/noticias\/#\/schema\/logo\/image\/","url":"https:\/\/colegioarquitectos.com\/noticias\/wp-content\/uploads\/2021\/05\/ENCABEZADO-LOGO-CA.jpg","contentUrl":"https:\/\/colegioarquitectos.com\/noticias\/wp-content\/uploads\/2021\/05\/ENCABEZADO-LOGO-CA.jpg","width":690,"height":350,"caption":"COLEGIO DE ARQUITECTOS DE CHILE"},"image":{"@id":"https:\/\/colegioarquitectos.com\/noticias\/#\/schema\/logo\/image\/"},"sameAs":["https:\/\/facebook.com\/Colegioarq\/","https:\/\/x.com\/colegioarq","https:\/\/instagram.com\/colegioarq","https:\/\/youtube.com\/@ColegiodeArquitectosdeChile"]},{"@type":"Person","@id":"https:\/\/colegioarquitectos.com\/noticias\/#\/schema\/person\/685cc0aad148303c5608f049af8285ad","name":"Colegio de Arquitectos de Chile","url":"https:\/\/colegioarquitectos.com\/noticias\/?author=4"}]}},"_links":{"self":[{"href":"https:\/\/colegioarquitectos.com\/noticias\/index.php?rest_route=\/wp\/v2\/posts\/12713","targetHints":{"allow":["GET"]}}],"collection":[{"href":"https:\/\/colegioarquitectos.com\/noticias\/index.php?rest_route=\/wp\/v2\/posts"}],"about":[{"href":"https:\/\/colegioarquitectos.com\/noticias\/index.php?rest_route=\/wp\/v2\/types\/post"}],"author":[{"embeddable":true,"href":"https:\/\/colegioarquitectos.com\/noticias\/index.php?rest_route=\/wp\/v2\/users\/4"}],"replies":[{"embeddable":true,"href":"https:\/\/colegioarquitectos.com\/noticias\/index.php?rest_route=%2Fwp%2Fv2%2Fcomments&post=12713"}],"version-history":[{"count":0,"href":"https:\/\/colegioarquitectos.com\/noticias\/index.php?rest_route=\/wp\/v2\/posts\/12713\/revisions"}],"wp:featuredmedia":[{"embeddable":true,"href":"https:\/\/colegioarquitectos.com\/noticias\/index.php?rest_route=\/wp\/v2\/media\/12714"}],"wp:attachment":[{"href":"https:\/\/colegioarquitectos.com\/noticias\/index.php?rest_route=%2Fwp%2Fv2%2Fmedia&parent=12713"}],"wp:term":[{"taxonomy":"category","embeddable":true,"href":"https:\/\/colegioarquitectos.com\/noticias\/index.php?rest_route=%2Fwp%2Fv2%2Fcategories&post=12713"},{"taxonomy":"post_tag","embeddable":true,"href":"https:\/\/colegioarquitectos.com\/noticias\/index.php?rest_route=%2Fwp%2Fv2%2Ftags&post=12713"}],"curies":[{"name":"wp","href":"https:\/\/api.w.org\/{rel}","templated":true}]}}