
{"id":13194,"date":"2016-06-03T19:24:12","date_gmt":"2016-06-03T19:24:12","guid":{"rendered":"http:\/\/colegioarquitectos.com\/?p=13194"},"modified":"2016-06-03T19:24:12","modified_gmt":"2016-06-03T19:24:12","slug":"ocupacion-y-depredacion-irresponsable-del-territorio-habitar-con-responsabilidad-por-manuel-marchant","status":"publish","type":"post","link":"https:\/\/colegioarquitectos.com\/noticias\/?p=13194","title":{"rendered":"Ocupaci\u00f3n y depredaci\u00f3n irresponsable del territorio. Habitar con responsabilidad. Por Manuel Marchant"},"content":{"rendered":"<p style=\"text-align: right;\"><em>La Naturaleza ama esconderse (El devenir es un proceso secreto)<\/em>.<\/p>\n<p style=\"text-align: right;\">Her\u00e1clito<\/p>\n<p>La frase que encabeza este texto, formulada por Her\u00e1clito (c.540 &#8211; c.475 a de C) nos hace pensar que luego de transcurridos alrededor de 2.600 a\u00f1os de desarrollo de la humanidad algo fundamental ha cambiado en nuestra relaci\u00f3n con la naturaleza. A la luz de los \u00faltimos acontecimientos sucedidos en nuestro mar y en nuestro territorio, esta misteriosa sentencia de Her\u00e1clito nos resuena hoy de otra manera, de una manera inquietante frente a la cual debemos reaccionar como ciudadanos y habitantes conscientes de este planeta. \u00bfQu\u00e9 ha sucedido este \u00faltimo tiempo?<\/p>\n<p>Solo considerando entre el 2014 y lo que va del 2016, han sucedido una cantidad de eventos que evidencian s\u00edntomas de un proceso de ruptura de los equilibrios, sin ser exhaustivo y solo para dar cuenta de una m\u00ednima cronolog\u00eda, destaco los siguientes eventos del mar y la tierra que nos han impactado entre el 2014 el 2016:<\/p>\n<p>En julio del 2014, se produce una varaz\u00f3n de dos ballenas en playa de Ancud, en las orillas de Mar Brava, Chilo\u00e9. En febrero del 2015, gran varaz\u00f3n de 198 ballenas en las costas de Nueva Zelanda, organizaciones ambientales tratan con escaso \u00e9xito de devolverlas al mar. En abril del 2015, varaz\u00f3n de m\u00e1s de 20 ballenas, en la regi\u00f3n de Ays\u00e9n, para luego en junio del 2015 la gran varaz\u00f3n de 337 ballenas en el Golfo de Penas, una escena dantesca seg\u00fan lo que se pudo ver en fotograf\u00edas de la zona. En mayo del 2015 al menos 30 ballenas aparecen muertas en las costas del Golfo de Alaska. En enero del 2016, masiva varaz\u00f3n de jibias en Isla Santa Mar\u00eda, regi\u00f3n del B\u00edo B\u00edo, luego en las regiones del sur y principalmente en Chilo\u00e9 la devastadora marea roja. El 28 de abril del 2016 alrededor de 5 km de machas varadas en las costas de Cucao, Huentem\u00f3 y Chanqu\u00edn en el archipi\u00e9lago de Chiloe, es solo el inicio de un fen\u00f3meno in\u00e9dito en nuestras costas y el segundo m\u00e1s grande a nivel mundial, siendo el primero registrado el de la costa oeste de Estados Unidos el 2015. La extensi\u00f3n del fen\u00f3meno abarc\u00f3 desde la regi\u00f3n de Los Lagos a la Regi\u00f3n de Los R\u00edos, 400 kil\u00f3metros al norte. Las consecuencias humanas y sociales han sido ampliamente difundidas en la prensa y han significado p\u00e9rdida de miles de empleos, conflictos y m\u00e1s precariedad y pobreza en una regi\u00f3n que vive del mar y sus productos.<\/p>\n<p>&nbsp;<\/p>\n<p><strong>En tierra firme<\/strong><\/p>\n<p>Recordemos tambi\u00e9n eventos de la tierra como las inundaciones en distintas ciudades del norte de Chile en marzo del 2015, varias ciudades del Norte Grande y del Norte Chico, se inundaron producto de aluviones y desbordes de r\u00edos en diversas localidades de Antofagasta, Atacama y Coquimbo. La regi\u00f3n de Atacama, fue una de las m\u00e1s afectadas, all\u00ed se registr\u00f3 la mayor parte de las v\u00edctimas fatales, heridos y damnificados. Inundaciones en recintos de salud y el desborde de aguas servidas, entre otras graves situaciones, signific\u00f3 que el 25 de marzo se declarara \u201cAlerta Sanitaria\u201d para las comunas de Alto del Carmen, Copiap\u00f3, Diego de Almagro y Tierra Amarilla. La ciudad de Copiap\u00f3 fue literalmente arrasada por el temporal. En abril del 2016, luego de intensas lluvias sobre cota 3.000 metros en la cordillera sobre la ciudad de Santiago, el r\u00edo se desborda en una de las \u00e1reas de mayor plusval\u00eda e inversi\u00f3n inmobiliaria de la ciudad, el sector de las obras de millonarias intervenciones del cauce del r\u00edo Mapocho, en las inmediaciones de la Torre Costanera y Parque Titanium, la falta de previsi\u00f3n y negligencia de la concesionaria genera un desborde que significar\u00e1 meses para que el sector vuelva a recuperar la normalidad. Por otra parte un corte de agua afecta a gran parte de la ciudad de Santiago, Aguas Andinas junto con anunciar cortes masivos de emergencia, inform\u00f3 el 16 de abril que no era posible determinar con exactitud cu\u00e1ndo ser\u00eda posible restablecer el suministro.<\/p>\n<p>Las explicaciones, siempre parciales de los gobiernos y la administraci\u00f3n, las reacciones tipo \u201cbilletera f\u00e1cil\u201d, solo ponen de manifiesto la incapacidad de los gobernantes para reaccionar con grandeza y visi\u00f3n ante la natural angustia de la ciudadan\u00eda.<\/p>\n<p>Nuestros territorios y ciudades ya no \u201caman el secreto\u201d seg\u00fan el decir de Her\u00e1clito, el devenir ya no es un proceso secreto, la cat\u00e1strofe futura est\u00e1 a la vista, se est\u00e1 haciendo cada vez m\u00e1s expl\u00edcita. Territorios y ciudades nos est\u00e1n pidiendo tenerlos presentes en nuestros sue\u00f1os, planes y proyectos, nos se\u00f1alan que el camino que hemos tomado como sociedad no nos conduce a un futuro sustentable, a un tiempo donde las comunidades y los colectivos humanos tengan la seguridad de que lo que hoy ha sido sembrado, ma\u00f1ana ser\u00e1 cosechado y multiplicado para las nuevas generaciones.<\/p>\n<p>&nbsp;<\/p>\n<p><strong>Mal uso del territorio<\/strong><\/p>\n<p>Los sucesos descritos nos hablan de manera evidente que estamos habitando nuestro territorio de manera irresponsable, de manera negligente y criminal, estas cat\u00e1strofes son las \u00faltimas de una lista de ejemplos que muestran nuestra agresividad y ceguera frente al cuidado de la tierra, ya no hay secreto, la naturaleza reclama. Las masivas varazones de ballenas, los desbordes incontenibles de los r\u00edos, son expresi\u00f3n del futuro que se acerca de manera vertiginosa.<\/p>\n<p>Es el resultado a nivel global de la ocupaci\u00f3n y depredaci\u00f3n irresponsable del territorio, la carga de producci\u00f3n y extracci\u00f3n de energ\u00eda los \u00faltimos 65 a\u00f1os en las ciudades ha crecido de manera logar\u00edtmica. Seg\u00fan se\u00f1ala la Comisi\u00f3n Mundial del Medio Ambiente y del Desarrolllo (CMMAD, 1988) la poblaci\u00f3n urbana de los pa\u00edses en desarrollo se ha decuplicado. En 1900 solo un 10% de la poblaci\u00f3n viv\u00eda en ciudades y en el 2007 es el primer a\u00f1o que hay m\u00e1s personas viviendo en las \u00e1reas urbanas que en las \u00e1reas rurales, siguiendo esta tendencia, si se continua con las actuales tasas de crecimiento, el 2030 de unos 8.100 millones de habitantes unos 5.000 millones vivir\u00e1n en ciudades, el 2050 un 75 % de la poblaci\u00f3n mundial vivir\u00e1 en ciudades, utilizando tres cuartas partes de los recursos mundiales y generando basura, deshechos y contaminantes semejantes.<\/p>\n<p>Crecimiento sin sostenibilidad, ciudades sin planificaci\u00f3n, gasto no controlado en armamentos, destrucci\u00f3n de las reservas naturales de agua, los resultados est\u00e1n a la vista. La naturaleza nos advierte. Se trata de un crecimiento urbano, descontrolado, sin proyecci\u00f3n, sin cuidado por los recursos naturales, la sustentabilidad hoy en d\u00eda surge como una necesidad y una utop\u00eda a ser estudiada y a ser puesta como objetivo para un desarrollo que apunte a un futuro posible para toda la humanidad y no solo para algunos privilegiados. El devenir ya no es un \u201cproceso secreto\u201d, somos arrastrados por elites corruptas y negligentes a un colapso inminente.<\/p>\n<p>Reacciones y procesos ciudadanos como los ocurridos recientemente en Chilo\u00e9, la incorporaci\u00f3n de los temas de ciudad y territorio en el debate de una nueva Constituci\u00f3n democr\u00e1tica y participativa, son tareas a desarrollar por una ciudadan\u00eda consciente que aspira a un futuro sostenible para las nuevas generaciones.<\/p>\n<p>La incorporaci\u00f3n de temas como la propiedad p\u00fablica, el bien com\u00fan garantizado la nacionalizaci\u00f3n y protecci\u00f3n de los recursos b\u00e1sicos, el respeto a las culturas ancestrales, el control a las multinacionales son todos temas que deben ser puestos hoy sobre la mesa p\u00fablica que en la forma de un proceso constituyente activo, participativo y democr\u00e1tico garantice lo que nuestros gobernantes y nuestra actual Constituci\u00f3n heredada de la Dictadura no es capaz de ver y menos de garantizar.<\/p>\n<p><a href=\"http:\/\/www.lemondediplomatique.cl\/Ocupacion-y-depredacion.html\">Publicado en Le Monde Diplomatique (ver)<\/a><\/p>\n<p><em>Manuel Marchant R. es arquitecto y Vicepresidente Comit\u00e9 H\u00e1bitat y Vivienda Colegio de Arquitectos de Chile.<\/em><\/p>\n<p>&nbsp;<\/p>\n<p><\/p>","protected":false},"excerpt":{"rendered":"<p>La Naturaleza ama esconderse (El devenir es un proceso secreto). Her\u00e1clito La frase que encabeza este texto, formulada por Her\u00e1clito (c.540 &#8211; c.475 a de C) nos hace pensar que luego de transcurridos alrededor de 2.600 a\u00f1os de desarrollo de &hellip; <a class=\"more-link\" href=\"https:\/\/colegioarquitectos.com\/noticias\/?p=13194\">ver m\u00e1s<\/a><\/p>","protected":false},"author":4,"featured_media":13195,"comment_status":"open","ping_status":"open","sticky":false,"template":"","format":"standard","meta":{"footnotes":""},"categories":[9],"tags":[],"class_list":["post-13194","post","type-post","status-publish","format-standard","has-post-thumbnail","hentry","category-comites"],"yoast_head":"<!-- This site is optimized with the Yoast SEO plugin v24.2 - https:\/\/yoast.com\/wordpress\/plugins\/seo\/ -->\n<title>Ocupaci\u00f3n y depredaci\u00f3n irresponsable del territorio. Habitar con responsabilidad. Por Manuel Marchant - COLEGIO DE ARQUITECTOS DE CHILE<\/title>\n<meta name=\"robots\" content=\"index, follow, max-snippet:-1, max-image-preview:large, max-video-preview:-1\" \/>\n<link rel=\"canonical\" href=\"https:\/\/colegioarquitectos.com\/noticias\/?p=13194\" \/>\n<meta property=\"og:locale\" content=\"es_ES\" \/>\n<meta property=\"og:type\" content=\"article\" \/>\n<meta property=\"og:title\" content=\"Ocupaci\u00f3n y depredaci\u00f3n irresponsable del territorio. Habitar con responsabilidad. Por Manuel Marchant - COLEGIO DE ARQUITECTOS DE CHILE\" \/>\n<meta property=\"og:description\" content=\"La Naturaleza ama esconderse (El devenir es un proceso secreto). Her\u00e1clito La frase que encabeza este texto, formulada por Her\u00e1clito (c.540 &#8211; c.475 a de C) nos hace pensar que luego de transcurridos alrededor de 2.600 a\u00f1os de desarrollo de &hellip; ver m\u00e1s\" \/>\n<meta property=\"og:url\" content=\"https:\/\/colegioarquitectos.com\/noticias\/?p=13194\" \/>\n<meta property=\"og:site_name\" content=\"COLEGIO DE ARQUITECTOS DE CHILE\" \/>\n<meta property=\"article:publisher\" content=\"https:\/\/facebook.com\/Colegioarq\/\" \/>\n<meta property=\"article:published_time\" content=\"2016-06-03T19:24:12+00:00\" \/>\n<meta property=\"og:image\" content=\"https:\/\/colegioarquitectos.com\/noticias\/wp-content\/uploads\/2016\/06\/Manuel-Marchant.jpg\" \/>\n\t<meta property=\"og:image:width\" content=\"690\" \/>\n\t<meta property=\"og:image:height\" content=\"350\" \/>\n\t<meta property=\"og:image:type\" content=\"image\/jpeg\" \/>\n<meta name=\"author\" content=\"Colegio de Arquitectos de Chile\" \/>\n<meta name=\"twitter:card\" content=\"summary_large_image\" \/>\n<meta name=\"twitter:creator\" content=\"@colegioarq\" \/>\n<meta name=\"twitter:site\" content=\"@colegioarq\" \/>\n<meta name=\"twitter:label1\" content=\"Escrito por\" \/>\n\t<meta name=\"twitter:data1\" content=\"Colegio de Arquitectos de Chile\" \/>\n\t<meta name=\"twitter:label2\" content=\"Tiempo de lectura\" \/>\n\t<meta name=\"twitter:data2\" content=\"7 minutos\" \/>\n<script type=\"application\/ld+json\" class=\"yoast-schema-graph\">{\"@context\":\"https:\/\/schema.org\",\"@graph\":[{\"@type\":\"Article\",\"@id\":\"https:\/\/colegioarquitectos.com\/noticias\/?p=13194#article\",\"isPartOf\":{\"@id\":\"https:\/\/colegioarquitectos.com\/noticias\/?p=13194\"},\"author\":{\"name\":\"Colegio de Arquitectos de Chile\",\"@id\":\"https:\/\/colegioarquitectos.com\/noticias\/#\/schema\/person\/685cc0aad148303c5608f049af8285ad\"},\"headline\":\"Ocupaci\u00f3n y depredaci\u00f3n irresponsable del territorio. Habitar con responsabilidad. Por Manuel Marchant\",\"datePublished\":\"2016-06-03T19:24:12+00:00\",\"dateModified\":\"2016-06-03T19:24:12+00:00\",\"mainEntityOfPage\":{\"@id\":\"https:\/\/colegioarquitectos.com\/noticias\/?p=13194\"},\"wordCount\":1349,\"commentCount\":1,\"publisher\":{\"@id\":\"https:\/\/colegioarquitectos.com\/noticias\/#organization\"},\"image\":{\"@id\":\"https:\/\/colegioarquitectos.com\/noticias\/?p=13194#primaryimage\"},\"thumbnailUrl\":\"https:\/\/colegioarquitectos.com\/noticias\/wp-content\/uploads\/2016\/06\/Manuel-Marchant.jpg\",\"articleSection\":[\"Comit\u00e9s\"],\"inLanguage\":\"es\",\"potentialAction\":[{\"@type\":\"CommentAction\",\"name\":\"Comment\",\"target\":[\"https:\/\/colegioarquitectos.com\/noticias\/?p=13194#respond\"]}]},{\"@type\":\"WebPage\",\"@id\":\"https:\/\/colegioarquitectos.com\/noticias\/?p=13194\",\"url\":\"https:\/\/colegioarquitectos.com\/noticias\/?p=13194\",\"name\":\"Ocupaci\u00f3n y depredaci\u00f3n irresponsable del territorio. Habitar con responsabilidad. Por Manuel Marchant - COLEGIO DE ARQUITECTOS DE CHILE\",\"isPartOf\":{\"@id\":\"https:\/\/colegioarquitectos.com\/noticias\/#website\"},\"primaryImageOfPage\":{\"@id\":\"https:\/\/colegioarquitectos.com\/noticias\/?p=13194#primaryimage\"},\"image\":{\"@id\":\"https:\/\/colegioarquitectos.com\/noticias\/?p=13194#primaryimage\"},\"thumbnailUrl\":\"https:\/\/colegioarquitectos.com\/noticias\/wp-content\/uploads\/2016\/06\/Manuel-Marchant.jpg\",\"datePublished\":\"2016-06-03T19:24:12+00:00\",\"dateModified\":\"2016-06-03T19:24:12+00:00\",\"breadcrumb\":{\"@id\":\"https:\/\/colegioarquitectos.com\/noticias\/?p=13194#breadcrumb\"},\"inLanguage\":\"es\",\"potentialAction\":[{\"@type\":\"ReadAction\",\"target\":[\"https:\/\/colegioarquitectos.com\/noticias\/?p=13194\"]}]},{\"@type\":\"ImageObject\",\"inLanguage\":\"es\",\"@id\":\"https:\/\/colegioarquitectos.com\/noticias\/?p=13194#primaryimage\",\"url\":\"https:\/\/colegioarquitectos.com\/noticias\/wp-content\/uploads\/2016\/06\/Manuel-Marchant.jpg\",\"contentUrl\":\"https:\/\/colegioarquitectos.com\/noticias\/wp-content\/uploads\/2016\/06\/Manuel-Marchant.jpg\",\"width\":690,\"height\":350},{\"@type\":\"BreadcrumbList\",\"@id\":\"https:\/\/colegioarquitectos.com\/noticias\/?p=13194#breadcrumb\",\"itemListElement\":[{\"@type\":\"ListItem\",\"position\":1,\"name\":\"Portada\",\"item\":\"https:\/\/colegioarquitectos.com\/noticias\"},{\"@type\":\"ListItem\",\"position\":2,\"name\":\"Ocupaci\u00f3n y depredaci\u00f3n irresponsable del territorio. Habitar con responsabilidad. Por Manuel Marchant\"}]},{\"@type\":\"WebSite\",\"@id\":\"https:\/\/colegioarquitectos.com\/noticias\/#website\",\"url\":\"https:\/\/colegioarquitectos.com\/noticias\/\",\"name\":\"COLEGIO DE ARQUITECTOS DE CHILE\",\"description\":\"\",\"publisher\":{\"@id\":\"https:\/\/colegioarquitectos.com\/noticias\/#organization\"},\"potentialAction\":[{\"@type\":\"SearchAction\",\"target\":{\"@type\":\"EntryPoint\",\"urlTemplate\":\"https:\/\/colegioarquitectos.com\/noticias\/?s={search_term_string}\"},\"query-input\":{\"@type\":\"PropertyValueSpecification\",\"valueRequired\":true,\"valueName\":\"search_term_string\"}}],\"inLanguage\":\"es\"},{\"@type\":\"Organization\",\"@id\":\"https:\/\/colegioarquitectos.com\/noticias\/#organization\",\"name\":\"COLEGIO DE ARQUITECTOS DE CHILE\",\"url\":\"https:\/\/colegioarquitectos.com\/noticias\/\",\"logo\":{\"@type\":\"ImageObject\",\"inLanguage\":\"es\",\"@id\":\"https:\/\/colegioarquitectos.com\/noticias\/#\/schema\/logo\/image\/\",\"url\":\"https:\/\/colegioarquitectos.com\/noticias\/wp-content\/uploads\/2021\/05\/ENCABEZADO-LOGO-CA.jpg\",\"contentUrl\":\"https:\/\/colegioarquitectos.com\/noticias\/wp-content\/uploads\/2021\/05\/ENCABEZADO-LOGO-CA.jpg\",\"width\":690,\"height\":350,\"caption\":\"COLEGIO DE ARQUITECTOS DE CHILE\"},\"image\":{\"@id\":\"https:\/\/colegioarquitectos.com\/noticias\/#\/schema\/logo\/image\/\"},\"sameAs\":[\"https:\/\/facebook.com\/Colegioarq\/\",\"https:\/\/x.com\/colegioarq\",\"https:\/\/instagram.com\/colegioarq\",\"https:\/\/youtube.com\/@ColegiodeArquitectosdeChile\"]},{\"@type\":\"Person\",\"@id\":\"https:\/\/colegioarquitectos.com\/noticias\/#\/schema\/person\/685cc0aad148303c5608f049af8285ad\",\"name\":\"Colegio de Arquitectos de Chile\",\"url\":\"https:\/\/colegioarquitectos.com\/noticias\/?author=4\"}]}<\/script>\n<!-- \/ Yoast SEO plugin. -->","yoast_head_json":{"title":"Ocupaci\u00f3n y depredaci\u00f3n irresponsable del territorio. Habitar con responsabilidad. Por Manuel Marchant - COLEGIO DE ARQUITECTOS DE CHILE","robots":{"index":"index","follow":"follow","max-snippet":"max-snippet:-1","max-image-preview":"max-image-preview:large","max-video-preview":"max-video-preview:-1"},"canonical":"https:\/\/colegioarquitectos.com\/noticias\/?p=13194","og_locale":"es_ES","og_type":"article","og_title":"Ocupaci\u00f3n y depredaci\u00f3n irresponsable del territorio. Habitar con responsabilidad. Por Manuel Marchant - COLEGIO DE ARQUITECTOS DE CHILE","og_description":"La Naturaleza ama esconderse (El devenir es un proceso secreto). Her\u00e1clito La frase que encabeza este texto, formulada por Her\u00e1clito (c.540 &#8211; c.475 a de C) nos hace pensar que luego de transcurridos alrededor de 2.600 a\u00f1os de desarrollo de &hellip; ver m\u00e1s","og_url":"https:\/\/colegioarquitectos.com\/noticias\/?p=13194","og_site_name":"COLEGIO DE ARQUITECTOS DE CHILE","article_publisher":"https:\/\/facebook.com\/Colegioarq\/","article_published_time":"2016-06-03T19:24:12+00:00","og_image":[{"width":690,"height":350,"url":"https:\/\/colegioarquitectos.com\/noticias\/wp-content\/uploads\/2016\/06\/Manuel-Marchant.jpg","type":"image\/jpeg"}],"author":"Colegio de Arquitectos de Chile","twitter_card":"summary_large_image","twitter_creator":"@colegioarq","twitter_site":"@colegioarq","twitter_misc":{"Escrito por":"Colegio de Arquitectos de Chile","Tiempo de lectura":"7 minutos"},"schema":{"@context":"https:\/\/schema.org","@graph":[{"@type":"Article","@id":"https:\/\/colegioarquitectos.com\/noticias\/?p=13194#article","isPartOf":{"@id":"https:\/\/colegioarquitectos.com\/noticias\/?p=13194"},"author":{"name":"Colegio de Arquitectos de Chile","@id":"https:\/\/colegioarquitectos.com\/noticias\/#\/schema\/person\/685cc0aad148303c5608f049af8285ad"},"headline":"Ocupaci\u00f3n y depredaci\u00f3n irresponsable del territorio. Habitar con responsabilidad. Por Manuel Marchant","datePublished":"2016-06-03T19:24:12+00:00","dateModified":"2016-06-03T19:24:12+00:00","mainEntityOfPage":{"@id":"https:\/\/colegioarquitectos.com\/noticias\/?p=13194"},"wordCount":1349,"commentCount":1,"publisher":{"@id":"https:\/\/colegioarquitectos.com\/noticias\/#organization"},"image":{"@id":"https:\/\/colegioarquitectos.com\/noticias\/?p=13194#primaryimage"},"thumbnailUrl":"https:\/\/colegioarquitectos.com\/noticias\/wp-content\/uploads\/2016\/06\/Manuel-Marchant.jpg","articleSection":["Comit\u00e9s"],"inLanguage":"es","potentialAction":[{"@type":"CommentAction","name":"Comment","target":["https:\/\/colegioarquitectos.com\/noticias\/?p=13194#respond"]}]},{"@type":"WebPage","@id":"https:\/\/colegioarquitectos.com\/noticias\/?p=13194","url":"https:\/\/colegioarquitectos.com\/noticias\/?p=13194","name":"Ocupaci\u00f3n y depredaci\u00f3n irresponsable del territorio. Habitar con responsabilidad. Por Manuel Marchant - COLEGIO DE ARQUITECTOS DE CHILE","isPartOf":{"@id":"https:\/\/colegioarquitectos.com\/noticias\/#website"},"primaryImageOfPage":{"@id":"https:\/\/colegioarquitectos.com\/noticias\/?p=13194#primaryimage"},"image":{"@id":"https:\/\/colegioarquitectos.com\/noticias\/?p=13194#primaryimage"},"thumbnailUrl":"https:\/\/colegioarquitectos.com\/noticias\/wp-content\/uploads\/2016\/06\/Manuel-Marchant.jpg","datePublished":"2016-06-03T19:24:12+00:00","dateModified":"2016-06-03T19:24:12+00:00","breadcrumb":{"@id":"https:\/\/colegioarquitectos.com\/noticias\/?p=13194#breadcrumb"},"inLanguage":"es","potentialAction":[{"@type":"ReadAction","target":["https:\/\/colegioarquitectos.com\/noticias\/?p=13194"]}]},{"@type":"ImageObject","inLanguage":"es","@id":"https:\/\/colegioarquitectos.com\/noticias\/?p=13194#primaryimage","url":"https:\/\/colegioarquitectos.com\/noticias\/wp-content\/uploads\/2016\/06\/Manuel-Marchant.jpg","contentUrl":"https:\/\/colegioarquitectos.com\/noticias\/wp-content\/uploads\/2016\/06\/Manuel-Marchant.jpg","width":690,"height":350},{"@type":"BreadcrumbList","@id":"https:\/\/colegioarquitectos.com\/noticias\/?p=13194#breadcrumb","itemListElement":[{"@type":"ListItem","position":1,"name":"Portada","item":"https:\/\/colegioarquitectos.com\/noticias"},{"@type":"ListItem","position":2,"name":"Ocupaci\u00f3n y depredaci\u00f3n irresponsable del territorio. Habitar con responsabilidad. Por Manuel Marchant"}]},{"@type":"WebSite","@id":"https:\/\/colegioarquitectos.com\/noticias\/#website","url":"https:\/\/colegioarquitectos.com\/noticias\/","name":"COLEGIO DE ARQUITECTOS DE CHILE","description":"","publisher":{"@id":"https:\/\/colegioarquitectos.com\/noticias\/#organization"},"potentialAction":[{"@type":"SearchAction","target":{"@type":"EntryPoint","urlTemplate":"https:\/\/colegioarquitectos.com\/noticias\/?s={search_term_string}"},"query-input":{"@type":"PropertyValueSpecification","valueRequired":true,"valueName":"search_term_string"}}],"inLanguage":"es"},{"@type":"Organization","@id":"https:\/\/colegioarquitectos.com\/noticias\/#organization","name":"COLEGIO DE ARQUITECTOS DE CHILE","url":"https:\/\/colegioarquitectos.com\/noticias\/","logo":{"@type":"ImageObject","inLanguage":"es","@id":"https:\/\/colegioarquitectos.com\/noticias\/#\/schema\/logo\/image\/","url":"https:\/\/colegioarquitectos.com\/noticias\/wp-content\/uploads\/2021\/05\/ENCABEZADO-LOGO-CA.jpg","contentUrl":"https:\/\/colegioarquitectos.com\/noticias\/wp-content\/uploads\/2021\/05\/ENCABEZADO-LOGO-CA.jpg","width":690,"height":350,"caption":"COLEGIO DE ARQUITECTOS DE CHILE"},"image":{"@id":"https:\/\/colegioarquitectos.com\/noticias\/#\/schema\/logo\/image\/"},"sameAs":["https:\/\/facebook.com\/Colegioarq\/","https:\/\/x.com\/colegioarq","https:\/\/instagram.com\/colegioarq","https:\/\/youtube.com\/@ColegiodeArquitectosdeChile"]},{"@type":"Person","@id":"https:\/\/colegioarquitectos.com\/noticias\/#\/schema\/person\/685cc0aad148303c5608f049af8285ad","name":"Colegio de Arquitectos de Chile","url":"https:\/\/colegioarquitectos.com\/noticias\/?author=4"}]}},"_links":{"self":[{"href":"https:\/\/colegioarquitectos.com\/noticias\/index.php?rest_route=\/wp\/v2\/posts\/13194","targetHints":{"allow":["GET"]}}],"collection":[{"href":"https:\/\/colegioarquitectos.com\/noticias\/index.php?rest_route=\/wp\/v2\/posts"}],"about":[{"href":"https:\/\/colegioarquitectos.com\/noticias\/index.php?rest_route=\/wp\/v2\/types\/post"}],"author":[{"embeddable":true,"href":"https:\/\/colegioarquitectos.com\/noticias\/index.php?rest_route=\/wp\/v2\/users\/4"}],"replies":[{"embeddable":true,"href":"https:\/\/colegioarquitectos.com\/noticias\/index.php?rest_route=%2Fwp%2Fv2%2Fcomments&post=13194"}],"version-history":[{"count":0,"href":"https:\/\/colegioarquitectos.com\/noticias\/index.php?rest_route=\/wp\/v2\/posts\/13194\/revisions"}],"wp:featuredmedia":[{"embeddable":true,"href":"https:\/\/colegioarquitectos.com\/noticias\/index.php?rest_route=\/wp\/v2\/media\/13195"}],"wp:attachment":[{"href":"https:\/\/colegioarquitectos.com\/noticias\/index.php?rest_route=%2Fwp%2Fv2%2Fmedia&parent=13194"}],"wp:term":[{"taxonomy":"category","embeddable":true,"href":"https:\/\/colegioarquitectos.com\/noticias\/index.php?rest_route=%2Fwp%2Fv2%2Fcategories&post=13194"},{"taxonomy":"post_tag","embeddable":true,"href":"https:\/\/colegioarquitectos.com\/noticias\/index.php?rest_route=%2Fwp%2Fv2%2Ftags&post=13194"}],"curies":[{"name":"wp","href":"https:\/\/api.w.org\/{rel}","templated":true}]}}