
{"id":13197,"date":"2016-07-28T10:30:45","date_gmt":"2016-07-28T10:30:45","guid":{"rendered":"http:\/\/colegioarquitectos.com\/?p=13197"},"modified":"2016-07-28T19:25:17","modified_gmt":"2016-07-28T19:25:17","slug":"premios-terra-awards-2016","status":"publish","type":"post","link":"https:\/\/colegioarquitectos.com\/noticias\/?p=13197","title":{"rendered":"Arq. Hugo Pereira fue Jurado en Premios TERRA AWARDS 2016"},"content":{"rendered":"<p>El s\u00e1bado 9 de julio en la ciudad de Lyon, Francia, se decidi\u00f3 al ganador del concurso internacional TERRA AWARDS 2016, entre 40 propuestas finalistas que fueron parte de los mejores ejemplos de construcci\u00f3n en tierra del mundo.<\/p>\n<p>Bajo el auspicio de la C\u00e1tedra UNESCO \u201cArquitectura de tierra, culturas constructivas y desarrollo sostenible\u201d, la unidad de investigaci\u00f3n LABEX AE&amp;CC \u2013 Laboratorio CRAterre-ENSAG, el proyecto am\u00e0co, Les Grands Ateliers, la asociaci\u00f3n CRAterre y la revista EcologiK\/EK, TERRA Award, se entregaron 9 premios a distintas categor\u00edas.<\/p>\n<p>El continente americano no logr\u00f3 ning\u00fan reconocimiento, sin embargo dos proyectos chilenos llegaron hasta la instancia final.<\/p>\n<p>El jurado, presidido por el arquitecto chino Wang Shu, premio PRITZKER 2012, tambi\u00e9n estuvo integrado por el chileno<strong> Hugo Pereira, Presidente del Comit\u00e9 de Tecnolog\u00eda del Colegio de Arquitectos<\/strong>: \u00abDebatimos bastante acerca de la calidad de cada proyecto. Algunos miembros m\u00e1s bien institucionales entregaron antecedentes muy relevantes a la hora de la selecci\u00f3n de algunos. A Hubert Guillaud de Francia y a m\u00ed se nos consult\u00f3 bastante en temas t\u00e9cnicos por tener esas competencias\u00bb, explica Pereira.<\/p>\n<p>&nbsp;<\/p>\n<p>Los ganadores de TERRA Awards 2016:<\/p>\n<ul>\n<li><a href=\"http:\/\/terra-award.org\/project\/laureate-individual-housing-21st-century-vernacular-house\/\"><strong>21th Century vernacular House \/ Spain, Europe.\u00a0<\/strong>Individual Housing category<\/a><\/li>\n<li><a href=\"http:\/\/terra-award.org\/project\/laureate-collective-housing-the-great-wall-of-western-australia\/\"><strong>The Great Wall of WA \/ Western Australia, Oceania<\/strong>.\u00a0Collective Housing category<\/a><\/li>\n<li><a href=\"http:\/\/terra-award.org\/project\/laureate-school-sports-health-facilities-high-school-paiamboue\/\"><strong>High school Pa\u00efambou\u00e9 \/ New Caledonia, Oceania<\/strong>.\u00a0School, Sports &amp; Health Facilities category<\/a><\/li>\n<li><a href=\"http:\/\/terra-award.org\/project\/laureate-cultural-public-facilities-ambepussa-community-library\/\"><strong>Ambepussa Community Library \/ Sri Lanka, Asia.<\/strong>\u00a0Public Cultural Facilities category<\/a><\/li>\n<li><a href=\"http:\/\/terra-award.org\/project\/laureate-offices-shops-factories-koudougous-central-market\/\"><strong>Koudougou&#8217;s Central Market \/ Burkina-Faso, Africa.<\/strong> Offices, Shops &amp; Factories category<\/a><\/li>\n<li><a href=\"http:\/\/terra-award.org\/project\/renovation-of-the-al-jahili-fort-laureate-interior-layout-design\/\"><strong>Renovation of the Jahili Fort \/ Abu Dhabi, Asia.<\/strong> Interior Layout &amp; Design category<\/a><\/li>\n<li><a href=\"http:\/\/terra-award.org\/project\/stairway-to-heaven-and-city-of-orion-laureate-exterior-design-art-landscape\/\"><strong>Stairway to Heaven and city of Orion \/ Morocco, Africa.<\/strong> Exterior Design, Art &amp; Landscape category<\/a><\/li>\n<li><a href=\"http:\/\/terra-award.org\/project\/post-earthquake-village-reconstruction-laureate-architecture-local-development\/\"><strong>Post Earthquake village reconstruction \/ China, Asia<\/strong>. Architecture &amp; Local Development category<\/a><\/li>\n<li><a href=\"http:\/\/terra-award.org\/project\/test\/\"><strong>SECMOL School Building \/ India, Asia.<\/strong> Workshops, Training &amp; Festivals category<\/a><\/li>\n<li><a href=\"http:\/\/terra-award.org\/project\/special-prize-technical-innovation\/\"><strong>Special Prize Technical Innovation.<\/strong> to Martin RAUCH, Lehm Ton Erde<\/a><\/li>\n<\/ul>\n<p>&nbsp;<\/p>\n<p><strong>El Jurado<\/strong><\/p>\n<p>&nbsp;<\/p>\n<p><a href=\"http:\/\/colegioarquitectos.com\/noticias\/wp-content\/uploads\/2016\/06\/IMG_1428-1.jpeg\"><img loading=\"lazy\" decoding=\"async\" class=\"alignnone wp-image-14012 size-large\" src=\"http:\/\/colegioarquitectos.com\/noticias\/wp-content\/uploads\/2016\/06\/IMG_1428-1-1024x768.jpeg\" alt=\"IMG_1428 (1)\" width=\"690\" height=\"518\" srcset=\"https:\/\/colegioarquitectos.com\/noticias\/wp-content\/uploads\/2016\/06\/IMG_1428-1-1024x768.jpeg 1024w, https:\/\/colegioarquitectos.com\/noticias\/wp-content\/uploads\/2016\/06\/IMG_1428-1-300x225.jpeg 300w, https:\/\/colegioarquitectos.com\/noticias\/wp-content\/uploads\/2016\/06\/IMG_1428-1.jpeg 1280w\" sizes=\"auto, (max-width: 690px) 100vw, 690px\" \/><\/a><\/p>\n<p><strong>Hugo Pereira<\/strong> (Chile),\u00a0Albert Dubler (Francia),\u00a0Jean Dethier (Francia)\u00a0Wan Shu (China, Presidente Jurado),\u00a0Alpha Diop (Mali),\u00a0Hubert Guillaud (Francia),\u00a0Erica Avrami (USA).<\/p>\n<p>&nbsp;<\/p>\n<p>Los dos proyectos de Chile que llegaron a la final:<\/p>\n<p>&nbsp;<\/p>\n<p><a href=\"http:\/\/colegioarquitectos.com\/noticias\/wp-content\/uploads\/2016\/06\/Colina.jpg\"><img loading=\"lazy\" decoding=\"async\" class=\"alignnone wp-image-13198 size-full\" src=\"http:\/\/colegioarquitectos.com\/noticias\/wp-content\/uploads\/2016\/06\/Colina.jpg\" alt=\"Colina\" width=\"382\" height=\"582\" srcset=\"https:\/\/colegioarquitectos.com\/noticias\/wp-content\/uploads\/2016\/06\/Colina.jpg 382w, https:\/\/colegioarquitectos.com\/noticias\/wp-content\/uploads\/2016\/06\/Colina-197x300.jpg 197w\" sizes=\"auto, (max-width: 382px) 100vw, 382px\" \/><\/a><\/p>\n<ul>\n<li><strong>La casa Munita Gonz\u00e1lez en Colina, Santiago<\/strong><\/li>\n<\/ul>\n<p>&nbsp;<\/p>\n<p><a href=\"http:\/\/colegioarquitectos.com\/noticias\/wp-content\/uploads\/2016\/06\/Ruca-Choro.jpg\"><img loading=\"lazy\" decoding=\"async\" class=\"alignnone wp-image-13199 \" src=\"http:\/\/colegioarquitectos.com\/noticias\/wp-content\/uploads\/2016\/06\/Ruca-Choro.jpg\" alt=\"Ruca Choro\" width=\"366\" height=\"642\" srcset=\"https:\/\/colegioarquitectos.com\/noticias\/wp-content\/uploads\/2016\/06\/Ruca-Choro.jpg 330w, https:\/\/colegioarquitectos.com\/noticias\/wp-content\/uploads\/2016\/06\/Ruca-Choro-171x300.jpg 171w\" sizes=\"auto, (max-width: 366px) 100vw, 366px\" \/><\/a><\/p>\n<ul>\n<li><strong>Pabell\u00f3n de producci\u00f3n vitivin\u00edcola artesanal Ruta Choro en Cauquenes<\/strong><\/li>\n<\/ul>\n<p>&nbsp;<\/p>\n<p>\u00abEl resultado de la premiaci\u00f3n como pa\u00eds y continente nos incentiva a esforzarnos m\u00e1s en mejorar la arquitectura en tierra y de paso, potenciar la red PROTIERRA- Chile del Comit\u00e9 de Tecnolog\u00eda del Colegio\u00bb, concluye Pereira.<\/p>\n<p>&nbsp;<\/p>\n<p><strong>\u00a1Felicitamos a Hugo Pereira por la importante designaci\u00f3n y labor como jurado y a los dos finalistas nacionales por representar tan bien a nuestro pa\u00eds!<\/strong><\/p>\n<p>&nbsp;<\/p>\n<p>Todos los finalistas del concurso:<\/p>\n<p>[gview file=\u00bbhttp:\/\/colegioarquitectos.com\/noticias\/wp-content\/uploads\/2016\/06\/TERRA_Award_DP_FR_VF.pdf\u00bb]<\/p>\n<p>&nbsp;<\/p>\n<p>&nbsp;<\/p>\n<p><\/p>","protected":false},"excerpt":{"rendered":"<p>El s\u00e1bado 9 de julio en la ciudad de Lyon, Francia, se decidi\u00f3 al ganador del concurso internacional TERRA AWARDS 2016, entre 40 propuestas finalistas que fueron parte de los mejores ejemplos de construcci\u00f3n en tierra del mundo. Bajo el &hellip; <a class=\"more-link\" href=\"https:\/\/colegioarquitectos.com\/noticias\/?p=13197\">ver m\u00e1s<\/a><\/p>","protected":false},"author":4,"featured_media":13200,"comment_status":"open","ping_status":"open","sticky":false,"template":"","format":"standard","meta":{"footnotes":""},"categories":[9],"tags":[],"class_list":["post-13197","post","type-post","status-publish","format-standard","has-post-thumbnail","hentry","category-comites"],"yoast_head":"<!-- This site is optimized with the Yoast SEO plugin v24.2 - https:\/\/yoast.com\/wordpress\/plugins\/seo\/ -->\n<title>Arq. Hugo Pereira fue Jurado en Premios TERRA AWARDS 2016 - COLEGIO DE ARQUITECTOS DE CHILE<\/title>\n<meta name=\"robots\" content=\"index, follow, max-snippet:-1, max-image-preview:large, max-video-preview:-1\" \/>\n<link rel=\"canonical\" href=\"https:\/\/colegioarquitectos.com\/noticias\/?p=13197\" \/>\n<meta property=\"og:locale\" content=\"es_ES\" \/>\n<meta property=\"og:type\" content=\"article\" \/>\n<meta property=\"og:title\" content=\"Arq. Hugo Pereira fue Jurado en Premios TERRA AWARDS 2016 - COLEGIO DE ARQUITECTOS DE CHILE\" \/>\n<meta property=\"og:description\" content=\"El s\u00e1bado 9 de julio en la ciudad de Lyon, Francia, se decidi\u00f3 al ganador del concurso internacional TERRA AWARDS 2016, entre 40 propuestas finalistas que fueron parte de los mejores ejemplos de construcci\u00f3n en tierra del mundo. Bajo el &hellip; ver m\u00e1s\" \/>\n<meta property=\"og:url\" content=\"https:\/\/colegioarquitectos.com\/noticias\/?p=13197\" \/>\n<meta property=\"og:site_name\" content=\"COLEGIO DE ARQUITECTOS DE CHILE\" \/>\n<meta property=\"article:publisher\" content=\"https:\/\/facebook.com\/Colegioarq\/\" \/>\n<meta property=\"article:published_time\" content=\"2016-07-28T10:30:45+00:00\" \/>\n<meta property=\"article:modified_time\" content=\"2016-07-28T19:25:17+00:00\" \/>\n<meta property=\"og:image\" content=\"https:\/\/colegioarquitectos.com\/noticias\/wp-content\/uploads\/2016\/06\/Terra-imagen.jpg\" \/>\n\t<meta property=\"og:image:width\" content=\"690\" \/>\n\t<meta property=\"og:image:height\" content=\"350\" \/>\n\t<meta property=\"og:image:type\" content=\"image\/jpeg\" \/>\n<meta name=\"author\" content=\"Colegio de Arquitectos de Chile\" \/>\n<meta name=\"twitter:card\" content=\"summary_large_image\" \/>\n<meta name=\"twitter:creator\" content=\"@colegioarq\" \/>\n<meta name=\"twitter:site\" content=\"@colegioarq\" \/>\n<meta name=\"twitter:label1\" content=\"Escrito por\" \/>\n\t<meta name=\"twitter:data1\" content=\"Colegio de Arquitectos de Chile\" \/>\n\t<meta name=\"twitter:label2\" content=\"Tiempo de lectura\" \/>\n\t<meta name=\"twitter:data2\" content=\"2 minutos\" \/>\n<script type=\"application\/ld+json\" class=\"yoast-schema-graph\">{\"@context\":\"https:\/\/schema.org\",\"@graph\":[{\"@type\":\"Article\",\"@id\":\"https:\/\/colegioarquitectos.com\/noticias\/?p=13197#article\",\"isPartOf\":{\"@id\":\"https:\/\/colegioarquitectos.com\/noticias\/?p=13197\"},\"author\":{\"name\":\"Colegio de Arquitectos de Chile\",\"@id\":\"https:\/\/colegioarquitectos.com\/noticias\/#\/schema\/person\/685cc0aad148303c5608f049af8285ad\"},\"headline\":\"Arq. Hugo Pereira fue Jurado en Premios TERRA AWARDS 2016\",\"datePublished\":\"2016-07-28T10:30:45+00:00\",\"dateModified\":\"2016-07-28T19:25:17+00:00\",\"mainEntityOfPage\":{\"@id\":\"https:\/\/colegioarquitectos.com\/noticias\/?p=13197\"},\"wordCount\":466,\"commentCount\":0,\"publisher\":{\"@id\":\"https:\/\/colegioarquitectos.com\/noticias\/#organization\"},\"image\":{\"@id\":\"https:\/\/colegioarquitectos.com\/noticias\/?p=13197#primaryimage\"},\"thumbnailUrl\":\"https:\/\/colegioarquitectos.com\/noticias\/wp-content\/uploads\/2016\/06\/Terra-imagen.jpg\",\"articleSection\":[\"Comit\u00e9s\"],\"inLanguage\":\"es\",\"potentialAction\":[{\"@type\":\"CommentAction\",\"name\":\"Comment\",\"target\":[\"https:\/\/colegioarquitectos.com\/noticias\/?p=13197#respond\"]}]},{\"@type\":\"WebPage\",\"@id\":\"https:\/\/colegioarquitectos.com\/noticias\/?p=13197\",\"url\":\"https:\/\/colegioarquitectos.com\/noticias\/?p=13197\",\"name\":\"Arq. Hugo Pereira fue Jurado en Premios TERRA AWARDS 2016 - COLEGIO DE ARQUITECTOS DE CHILE\",\"isPartOf\":{\"@id\":\"https:\/\/colegioarquitectos.com\/noticias\/#website\"},\"primaryImageOfPage\":{\"@id\":\"https:\/\/colegioarquitectos.com\/noticias\/?p=13197#primaryimage\"},\"image\":{\"@id\":\"https:\/\/colegioarquitectos.com\/noticias\/?p=13197#primaryimage\"},\"thumbnailUrl\":\"https:\/\/colegioarquitectos.com\/noticias\/wp-content\/uploads\/2016\/06\/Terra-imagen.jpg\",\"datePublished\":\"2016-07-28T10:30:45+00:00\",\"dateModified\":\"2016-07-28T19:25:17+00:00\",\"breadcrumb\":{\"@id\":\"https:\/\/colegioarquitectos.com\/noticias\/?p=13197#breadcrumb\"},\"inLanguage\":\"es\",\"potentialAction\":[{\"@type\":\"ReadAction\",\"target\":[\"https:\/\/colegioarquitectos.com\/noticias\/?p=13197\"]}]},{\"@type\":\"ImageObject\",\"inLanguage\":\"es\",\"@id\":\"https:\/\/colegioarquitectos.com\/noticias\/?p=13197#primaryimage\",\"url\":\"https:\/\/colegioarquitectos.com\/noticias\/wp-content\/uploads\/2016\/06\/Terra-imagen.jpg\",\"contentUrl\":\"https:\/\/colegioarquitectos.com\/noticias\/wp-content\/uploads\/2016\/06\/Terra-imagen.jpg\",\"width\":690,\"height\":350},{\"@type\":\"BreadcrumbList\",\"@id\":\"https:\/\/colegioarquitectos.com\/noticias\/?p=13197#breadcrumb\",\"itemListElement\":[{\"@type\":\"ListItem\",\"position\":1,\"name\":\"Portada\",\"item\":\"https:\/\/colegioarquitectos.com\/noticias\"},{\"@type\":\"ListItem\",\"position\":2,\"name\":\"Arq. Hugo Pereira fue Jurado en Premios TERRA AWARDS 2016\"}]},{\"@type\":\"WebSite\",\"@id\":\"https:\/\/colegioarquitectos.com\/noticias\/#website\",\"url\":\"https:\/\/colegioarquitectos.com\/noticias\/\",\"name\":\"COLEGIO DE ARQUITECTOS DE CHILE\",\"description\":\"\",\"publisher\":{\"@id\":\"https:\/\/colegioarquitectos.com\/noticias\/#organization\"},\"potentialAction\":[{\"@type\":\"SearchAction\",\"target\":{\"@type\":\"EntryPoint\",\"urlTemplate\":\"https:\/\/colegioarquitectos.com\/noticias\/?s={search_term_string}\"},\"query-input\":{\"@type\":\"PropertyValueSpecification\",\"valueRequired\":true,\"valueName\":\"search_term_string\"}}],\"inLanguage\":\"es\"},{\"@type\":\"Organization\",\"@id\":\"https:\/\/colegioarquitectos.com\/noticias\/#organization\",\"name\":\"COLEGIO DE ARQUITECTOS DE CHILE\",\"url\":\"https:\/\/colegioarquitectos.com\/noticias\/\",\"logo\":{\"@type\":\"ImageObject\",\"inLanguage\":\"es\",\"@id\":\"https:\/\/colegioarquitectos.com\/noticias\/#\/schema\/logo\/image\/\",\"url\":\"https:\/\/colegioarquitectos.com\/noticias\/wp-content\/uploads\/2021\/05\/ENCABEZADO-LOGO-CA.jpg\",\"contentUrl\":\"https:\/\/colegioarquitectos.com\/noticias\/wp-content\/uploads\/2021\/05\/ENCABEZADO-LOGO-CA.jpg\",\"width\":690,\"height\":350,\"caption\":\"COLEGIO DE ARQUITECTOS DE CHILE\"},\"image\":{\"@id\":\"https:\/\/colegioarquitectos.com\/noticias\/#\/schema\/logo\/image\/\"},\"sameAs\":[\"https:\/\/facebook.com\/Colegioarq\/\",\"https:\/\/x.com\/colegioarq\",\"https:\/\/instagram.com\/colegioarq\",\"https:\/\/youtube.com\/@ColegiodeArquitectosdeChile\"]},{\"@type\":\"Person\",\"@id\":\"https:\/\/colegioarquitectos.com\/noticias\/#\/schema\/person\/685cc0aad148303c5608f049af8285ad\",\"name\":\"Colegio de Arquitectos de Chile\",\"url\":\"https:\/\/colegioarquitectos.com\/noticias\/?author=4\"}]}<\/script>\n<!-- \/ Yoast SEO plugin. -->","yoast_head_json":{"title":"Arq. Hugo Pereira fue Jurado en Premios TERRA AWARDS 2016 - COLEGIO DE ARQUITECTOS DE CHILE","robots":{"index":"index","follow":"follow","max-snippet":"max-snippet:-1","max-image-preview":"max-image-preview:large","max-video-preview":"max-video-preview:-1"},"canonical":"https:\/\/colegioarquitectos.com\/noticias\/?p=13197","og_locale":"es_ES","og_type":"article","og_title":"Arq. Hugo Pereira fue Jurado en Premios TERRA AWARDS 2016 - COLEGIO DE ARQUITECTOS DE CHILE","og_description":"El s\u00e1bado 9 de julio en la ciudad de Lyon, Francia, se decidi\u00f3 al ganador del concurso internacional TERRA AWARDS 2016, entre 40 propuestas finalistas que fueron parte de los mejores ejemplos de construcci\u00f3n en tierra del mundo. Bajo el &hellip; ver m\u00e1s","og_url":"https:\/\/colegioarquitectos.com\/noticias\/?p=13197","og_site_name":"COLEGIO DE ARQUITECTOS DE CHILE","article_publisher":"https:\/\/facebook.com\/Colegioarq\/","article_published_time":"2016-07-28T10:30:45+00:00","article_modified_time":"2016-07-28T19:25:17+00:00","og_image":[{"width":690,"height":350,"url":"https:\/\/colegioarquitectos.com\/noticias\/wp-content\/uploads\/2016\/06\/Terra-imagen.jpg","type":"image\/jpeg"}],"author":"Colegio de Arquitectos de Chile","twitter_card":"summary_large_image","twitter_creator":"@colegioarq","twitter_site":"@colegioarq","twitter_misc":{"Escrito por":"Colegio de Arquitectos de Chile","Tiempo de lectura":"2 minutos"},"schema":{"@context":"https:\/\/schema.org","@graph":[{"@type":"Article","@id":"https:\/\/colegioarquitectos.com\/noticias\/?p=13197#article","isPartOf":{"@id":"https:\/\/colegioarquitectos.com\/noticias\/?p=13197"},"author":{"name":"Colegio de Arquitectos de Chile","@id":"https:\/\/colegioarquitectos.com\/noticias\/#\/schema\/person\/685cc0aad148303c5608f049af8285ad"},"headline":"Arq. Hugo Pereira fue Jurado en Premios TERRA AWARDS 2016","datePublished":"2016-07-28T10:30:45+00:00","dateModified":"2016-07-28T19:25:17+00:00","mainEntityOfPage":{"@id":"https:\/\/colegioarquitectos.com\/noticias\/?p=13197"},"wordCount":466,"commentCount":0,"publisher":{"@id":"https:\/\/colegioarquitectos.com\/noticias\/#organization"},"image":{"@id":"https:\/\/colegioarquitectos.com\/noticias\/?p=13197#primaryimage"},"thumbnailUrl":"https:\/\/colegioarquitectos.com\/noticias\/wp-content\/uploads\/2016\/06\/Terra-imagen.jpg","articleSection":["Comit\u00e9s"],"inLanguage":"es","potentialAction":[{"@type":"CommentAction","name":"Comment","target":["https:\/\/colegioarquitectos.com\/noticias\/?p=13197#respond"]}]},{"@type":"WebPage","@id":"https:\/\/colegioarquitectos.com\/noticias\/?p=13197","url":"https:\/\/colegioarquitectos.com\/noticias\/?p=13197","name":"Arq. Hugo Pereira fue Jurado en Premios TERRA AWARDS 2016 - COLEGIO DE ARQUITECTOS DE CHILE","isPartOf":{"@id":"https:\/\/colegioarquitectos.com\/noticias\/#website"},"primaryImageOfPage":{"@id":"https:\/\/colegioarquitectos.com\/noticias\/?p=13197#primaryimage"},"image":{"@id":"https:\/\/colegioarquitectos.com\/noticias\/?p=13197#primaryimage"},"thumbnailUrl":"https:\/\/colegioarquitectos.com\/noticias\/wp-content\/uploads\/2016\/06\/Terra-imagen.jpg","datePublished":"2016-07-28T10:30:45+00:00","dateModified":"2016-07-28T19:25:17+00:00","breadcrumb":{"@id":"https:\/\/colegioarquitectos.com\/noticias\/?p=13197#breadcrumb"},"inLanguage":"es","potentialAction":[{"@type":"ReadAction","target":["https:\/\/colegioarquitectos.com\/noticias\/?p=13197"]}]},{"@type":"ImageObject","inLanguage":"es","@id":"https:\/\/colegioarquitectos.com\/noticias\/?p=13197#primaryimage","url":"https:\/\/colegioarquitectos.com\/noticias\/wp-content\/uploads\/2016\/06\/Terra-imagen.jpg","contentUrl":"https:\/\/colegioarquitectos.com\/noticias\/wp-content\/uploads\/2016\/06\/Terra-imagen.jpg","width":690,"height":350},{"@type":"BreadcrumbList","@id":"https:\/\/colegioarquitectos.com\/noticias\/?p=13197#breadcrumb","itemListElement":[{"@type":"ListItem","position":1,"name":"Portada","item":"https:\/\/colegioarquitectos.com\/noticias"},{"@type":"ListItem","position":2,"name":"Arq. Hugo Pereira fue Jurado en Premios TERRA AWARDS 2016"}]},{"@type":"WebSite","@id":"https:\/\/colegioarquitectos.com\/noticias\/#website","url":"https:\/\/colegioarquitectos.com\/noticias\/","name":"COLEGIO DE ARQUITECTOS DE CHILE","description":"","publisher":{"@id":"https:\/\/colegioarquitectos.com\/noticias\/#organization"},"potentialAction":[{"@type":"SearchAction","target":{"@type":"EntryPoint","urlTemplate":"https:\/\/colegioarquitectos.com\/noticias\/?s={search_term_string}"},"query-input":{"@type":"PropertyValueSpecification","valueRequired":true,"valueName":"search_term_string"}}],"inLanguage":"es"},{"@type":"Organization","@id":"https:\/\/colegioarquitectos.com\/noticias\/#organization","name":"COLEGIO DE ARQUITECTOS DE CHILE","url":"https:\/\/colegioarquitectos.com\/noticias\/","logo":{"@type":"ImageObject","inLanguage":"es","@id":"https:\/\/colegioarquitectos.com\/noticias\/#\/schema\/logo\/image\/","url":"https:\/\/colegioarquitectos.com\/noticias\/wp-content\/uploads\/2021\/05\/ENCABEZADO-LOGO-CA.jpg","contentUrl":"https:\/\/colegioarquitectos.com\/noticias\/wp-content\/uploads\/2021\/05\/ENCABEZADO-LOGO-CA.jpg","width":690,"height":350,"caption":"COLEGIO DE ARQUITECTOS DE CHILE"},"image":{"@id":"https:\/\/colegioarquitectos.com\/noticias\/#\/schema\/logo\/image\/"},"sameAs":["https:\/\/facebook.com\/Colegioarq\/","https:\/\/x.com\/colegioarq","https:\/\/instagram.com\/colegioarq","https:\/\/youtube.com\/@ColegiodeArquitectosdeChile"]},{"@type":"Person","@id":"https:\/\/colegioarquitectos.com\/noticias\/#\/schema\/person\/685cc0aad148303c5608f049af8285ad","name":"Colegio de Arquitectos de Chile","url":"https:\/\/colegioarquitectos.com\/noticias\/?author=4"}]}},"_links":{"self":[{"href":"https:\/\/colegioarquitectos.com\/noticias\/index.php?rest_route=\/wp\/v2\/posts\/13197","targetHints":{"allow":["GET"]}}],"collection":[{"href":"https:\/\/colegioarquitectos.com\/noticias\/index.php?rest_route=\/wp\/v2\/posts"}],"about":[{"href":"https:\/\/colegioarquitectos.com\/noticias\/index.php?rest_route=\/wp\/v2\/types\/post"}],"author":[{"embeddable":true,"href":"https:\/\/colegioarquitectos.com\/noticias\/index.php?rest_route=\/wp\/v2\/users\/4"}],"replies":[{"embeddable":true,"href":"https:\/\/colegioarquitectos.com\/noticias\/index.php?rest_route=%2Fwp%2Fv2%2Fcomments&post=13197"}],"version-history":[{"count":0,"href":"https:\/\/colegioarquitectos.com\/noticias\/index.php?rest_route=\/wp\/v2\/posts\/13197\/revisions"}],"wp:featuredmedia":[{"embeddable":true,"href":"https:\/\/colegioarquitectos.com\/noticias\/index.php?rest_route=\/wp\/v2\/media\/13200"}],"wp:attachment":[{"href":"https:\/\/colegioarquitectos.com\/noticias\/index.php?rest_route=%2Fwp%2Fv2%2Fmedia&parent=13197"}],"wp:term":[{"taxonomy":"category","embeddable":true,"href":"https:\/\/colegioarquitectos.com\/noticias\/index.php?rest_route=%2Fwp%2Fv2%2Fcategories&post=13197"},{"taxonomy":"post_tag","embeddable":true,"href":"https:\/\/colegioarquitectos.com\/noticias\/index.php?rest_route=%2Fwp%2Fv2%2Ftags&post=13197"}],"curies":[{"name":"wp","href":"https:\/\/api.w.org\/{rel}","templated":true}]}}