
{"id":1340,"date":"2012-07-01T20:14:23","date_gmt":"2012-07-01T20:14:23","guid":{"rendered":"http:\/\/colegioarquitectos.com\/noticias\/?p=1340"},"modified":"2012-07-27T14:10:47","modified_gmt":"2012-07-27T14:10:47","slug":"ciclo-de-cine-ciudad-en-colegio-de-arquitectos-de-chile-celebracion-mes-de-la-alameda","status":"publish","type":"post","link":"https:\/\/colegioarquitectos.com\/noticias\/?p=1340","title":{"rendered":"\u00daLTIMA FUNCI\u00d3N: Jueves 26 julio. Ciclo de Cine Ciudad en Colegio de Arquitectos de Chile &#8211; JULIO 2012 &#8211; Celebraci\u00f3n Mes de la Alameda"},"content":{"rendered":"<p>&nbsp;<\/p>\n<p style=\"text-align: justify;\">En el marco de las iniciativas culturales encabezadas por Eje Alameda, el Colegio de Arquitectos participar\u00e1 en el Ciclo Cine y Ciudad, presentando durante el mes de julio, pel\u00edculas que recojan la tem\u00e1tica de la urbe en sus diferentes dimensiones, incluyendo material in\u00e9dito, registros hist\u00f3ricos, ficci\u00f3n y connotadas pel\u00edculas, que ser\u00e1n exhibidas gracias al apoyo de la Cineteca de la Universidad de Chile y la Cinemateca del Goethe Institut.<\/p>\n<p style=\"text-align: justify;\">Esperamos que esta instancia, titulada <strong>\u00abDimensiones urbanas en el cine\u00bb, <\/strong>sea el inicio de nuevas actividades que inviten a la comunidad a pensar la ciudad y reflexionar sobre su devenir.<\/p>\n<p style=\"text-align: justify;\"><strong>\u00a0<\/strong><\/p>\n<p style=\"text-align: justify;\"><strong>\u00a0<\/strong><\/p>\n<p style=\"text-align: justify;\"><strong><span style=\"text-decoration: underline;\">PROGRAMA<\/span><\/strong><\/p>\n<p style=\"text-align: justify;\"><strong>\u00a0<\/strong><\/p>\n<p style=\"text-align: justify;\"><strong>D\u00edas de proyecci\u00f3n de pel\u00edculas: <\/strong><strong>todos los jueves de julio <\/strong><\/p>\n<p style=\"text-align: justify;\"><strong>\u00a0<\/strong><\/p>\n<p style=\"text-align: justify;\"><strong>Horario: <\/strong><strong>19:00 hrs. <\/strong><\/p>\n<p style=\"text-align: justify;\"><strong>\u00a0<\/strong><\/p>\n<p style=\"text-align: justify;\"><strong>Lugar: <\/strong><strong>Sede Nacional de Colegio de Arquitectos de Chile &#8211; Avenida Libertador Bernardo O&#8217;Higgins<\/strong><\/p>\n<p style=\"text-align: justify;\"><strong>115 Santiago Centro<\/strong><\/p>\n<p style=\"text-align: justify;\"><strong>\u00a0<\/strong><\/p>\n<p style=\"text-align: justify;\"><strong>Tel\u00e9fono: <\/strong><strong>02 353 2300 <\/strong><\/p>\n<p style=\"text-align: justify;\"><strong>\u00a0<\/strong><\/p>\n<p style=\"text-align: justify;\"><strong>Facebook: <\/strong><strong>Comit\u00e9 de Patrimonio CA Chile<\/strong><\/p>\n<p style=\"text-align: justify;\"><strong>\u00a0<\/strong><\/p>\n<p>&nbsp;<\/p>\n<p>&nbsp;<\/p>\n<p style=\"text-align: justify;\"><strong><span style=\"text-decoration: underline;\">JUEVES 26<\/span><\/strong><\/p>\n<p style=\"text-align: justify;\"><strong><span style=\"text-decoration: underline;\">\u00a0<\/span><\/strong><\/p>\n<p style=\"text-align: justify;\"><strong>Lisbon<\/strong><strong> Story (1994, Wim Wenders, 108 minutos)<\/strong><\/p>\n<p style=\"text-align: justify;\">Un ingeniero de sonido que viaja a Lisboa para ocuparse del fondo sonoro de un film ser\u00e1 cautivado por los sonidos de la ciudad. (IMDb). Wenders nos define su modo de relatar la historia ya desde las primeras escenas, las cuales nos muestran a Phillip camino de Francfort a Lisboa. Al viajar en coche se apercibe de la desaparici\u00f3n de fronteras en la Europa Occidental. Son las escenas de un peque\u00f1o Road Movie documental. Wenders permanece fiel a este m\u00e9todo tambi\u00e9n en la capital portuguesa: LISBON STORY es una pel\u00edcula de marcado car\u00e1cter documental, desde el principio hasta el final. Este Road Movie continua con las excursiones de Phillip Winter por las calles de la ciudad.<\/p>\n<p style=\"text-align: justify;\"><a href=\"http:\/\/colegioarquitectos.com\/noticias\/wp-content\/uploads\/2012\/07\/26-julio-WEB.jpg\"><img loading=\"lazy\" decoding=\"async\" class=\"alignnone size-full wp-image-1670\" title=\"26 julio WEB\" src=\"http:\/\/colegioarquitectos.com\/noticias\/wp-content\/uploads\/2012\/07\/26-julio-WEB.jpg\" alt=\"\" width=\"550\" height=\"752\" srcset=\"https:\/\/colegioarquitectos.com\/noticias\/wp-content\/uploads\/2012\/07\/26-julio-WEB.jpg 550w, https:\/\/colegioarquitectos.com\/noticias\/wp-content\/uploads\/2012\/07\/26-julio-WEB-219x300.jpg 219w\" sizes=\"auto, (max-width: 550px) 100vw, 550px\" \/><\/a><\/p>\n<p style=\"text-align: justify;\"><strong><a href=\"http:\/\/colegioarquitectos.com\/noticias\/wp-content\/uploads\/2012\/06\/15.jpg\"><img loading=\"lazy\" decoding=\"async\" class=\"alignnone size-full wp-image-1480\" title=\"1\" src=\"http:\/\/colegioarquitectos.com\/noticias\/wp-content\/uploads\/2012\/06\/15.jpg\" alt=\"\" width=\"549\" height=\"850\" srcset=\"https:\/\/colegioarquitectos.com\/noticias\/wp-content\/uploads\/2012\/06\/15.jpg 549w, https:\/\/colegioarquitectos.com\/noticias\/wp-content\/uploads\/2012\/06\/15-193x300.jpg 193w\" sizes=\"auto, (max-width: 549px) 100vw, 549px\" \/><\/a><\/strong><\/p>\n<p style=\"text-align: justify;\"><a href=\"http:\/\/colegioarquitectos.com\/noticias\/wp-content\/uploads\/2012\/06\/23.jpg\"><img loading=\"lazy\" decoding=\"async\" class=\"alignnone size-full wp-image-1481\" title=\"2\" src=\"http:\/\/colegioarquitectos.com\/noticias\/wp-content\/uploads\/2012\/06\/23.jpg\" alt=\"\" width=\"550\" height=\"685\" srcset=\"https:\/\/colegioarquitectos.com\/noticias\/wp-content\/uploads\/2012\/06\/23.jpg 550w, https:\/\/colegioarquitectos.com\/noticias\/wp-content\/uploads\/2012\/06\/23-240x300.jpg 240w\" sizes=\"auto, (max-width: 550px) 100vw, 550px\" \/><\/a><\/p>\n<p>&nbsp;<\/p>\n<p><\/p>","protected":false},"excerpt":{"rendered":"<p>&nbsp; En el marco de las iniciativas culturales encabezadas por Eje Alameda, el Colegio de Arquitectos participar\u00e1 en el Ciclo Cine y Ciudad, presentando durante el mes de julio, pel\u00edculas que recojan la tem\u00e1tica de la urbe en sus diferentes &hellip; <a class=\"more-link\" href=\"https:\/\/colegioarquitectos.com\/noticias\/?p=1340\">ver m\u00e1s<\/a><\/p>","protected":false},"author":1,"featured_media":0,"comment_status":"open","ping_status":"open","sticky":false,"template":"","format":"standard","meta":{"footnotes":""},"categories":[19,8,9],"tags":[],"class_list":["post-1340","post","type-post","status-publish","format-standard","hentry","category-actividades","category-colegio-de-arquitectos","category-comites"],"yoast_head":"<!-- This site is optimized with the Yoast SEO plugin v24.2 - https:\/\/yoast.com\/wordpress\/plugins\/seo\/ -->\n<title>\u00daLTIMA FUNCI\u00d3N: Jueves 26 julio. Ciclo de Cine Ciudad en Colegio de Arquitectos de Chile - JULIO 2012 - Celebraci\u00f3n Mes de la Alameda - COLEGIO DE ARQUITECTOS DE CHILE<\/title>\n<meta name=\"robots\" content=\"index, follow, max-snippet:-1, max-image-preview:large, max-video-preview:-1\" \/>\n<link rel=\"canonical\" href=\"https:\/\/colegioarquitectos.com\/noticias\/?p=1340\" \/>\n<meta property=\"og:locale\" content=\"es_ES\" \/>\n<meta property=\"og:type\" content=\"article\" \/>\n<meta property=\"og:title\" content=\"\u00daLTIMA FUNCI\u00d3N: Jueves 26 julio. Ciclo de Cine Ciudad en Colegio de Arquitectos de Chile - JULIO 2012 - Celebraci\u00f3n Mes de la Alameda - COLEGIO DE ARQUITECTOS DE CHILE\" \/>\n<meta property=\"og:description\" content=\"&nbsp; En el marco de las iniciativas culturales encabezadas por Eje Alameda, el Colegio de Arquitectos participar\u00e1 en el Ciclo Cine y Ciudad, presentando durante el mes de julio, pel\u00edculas que recojan la tem\u00e1tica de la urbe en sus diferentes &hellip; ver m\u00e1s\" \/>\n<meta property=\"og:url\" content=\"https:\/\/colegioarquitectos.com\/noticias\/?p=1340\" \/>\n<meta property=\"og:site_name\" content=\"COLEGIO DE ARQUITECTOS DE CHILE\" \/>\n<meta property=\"article:publisher\" content=\"https:\/\/facebook.com\/Colegioarq\/\" \/>\n<meta property=\"article:published_time\" content=\"2012-07-01T20:14:23+00:00\" \/>\n<meta property=\"article:modified_time\" content=\"2012-07-27T14:10:47+00:00\" \/>\n<meta property=\"og:image\" content=\"http:\/\/colegioarquitectos.com\/noticias\/wp-content\/uploads\/2012\/07\/26-julio-WEB.jpg\" \/>\n<meta name=\"author\" content=\"Gabriel Salgado S.\" \/>\n<meta name=\"twitter:card\" content=\"summary_large_image\" \/>\n<meta name=\"twitter:creator\" content=\"@colegioarq\" \/>\n<meta name=\"twitter:site\" content=\"@colegioarq\" \/>\n<meta name=\"twitter:label1\" content=\"Escrito por\" \/>\n\t<meta name=\"twitter:data1\" content=\"Gabriel Salgado S.\" \/>\n\t<meta name=\"twitter:label2\" content=\"Tiempo de lectura\" \/>\n\t<meta name=\"twitter:data2\" content=\"1 minuto\" \/>\n<script type=\"application\/ld+json\" class=\"yoast-schema-graph\">{\"@context\":\"https:\/\/schema.org\",\"@graph\":[{\"@type\":\"Article\",\"@id\":\"https:\/\/colegioarquitectos.com\/noticias\/?p=1340#article\",\"isPartOf\":{\"@id\":\"https:\/\/colegioarquitectos.com\/noticias\/?p=1340\"},\"author\":{\"name\":\"Gabriel Salgado S.\",\"@id\":\"https:\/\/colegioarquitectos.com\/noticias\/#\/schema\/person\/b6c7e912cd1283c089114093ed09741f\"},\"headline\":\"\u00daLTIMA FUNCI\u00d3N: Jueves 26 julio. Ciclo de Cine Ciudad en Colegio de Arquitectos de Chile &#8211; JULIO 2012 &#8211; Celebraci\u00f3n Mes de la Alameda\",\"datePublished\":\"2012-07-01T20:14:23+00:00\",\"dateModified\":\"2012-07-27T14:10:47+00:00\",\"mainEntityOfPage\":{\"@id\":\"https:\/\/colegioarquitectos.com\/noticias\/?p=1340\"},\"wordCount\":303,\"commentCount\":2,\"publisher\":{\"@id\":\"https:\/\/colegioarquitectos.com\/noticias\/#organization\"},\"image\":{\"@id\":\"https:\/\/colegioarquitectos.com\/noticias\/?p=1340#primaryimage\"},\"thumbnailUrl\":\"http:\/\/colegioarquitectos.com\/noticias\/wp-content\/uploads\/2012\/07\/26-julio-WEB.jpg\",\"articleSection\":[\"Actividades\",\"Colegio\",\"Comit\u00e9s\"],\"inLanguage\":\"es\",\"potentialAction\":[{\"@type\":\"CommentAction\",\"name\":\"Comment\",\"target\":[\"https:\/\/colegioarquitectos.com\/noticias\/?p=1340#respond\"]}]},{\"@type\":\"WebPage\",\"@id\":\"https:\/\/colegioarquitectos.com\/noticias\/?p=1340\",\"url\":\"https:\/\/colegioarquitectos.com\/noticias\/?p=1340\",\"name\":\"\u00daLTIMA FUNCI\u00d3N: Jueves 26 julio. Ciclo de Cine Ciudad en Colegio de Arquitectos de Chile - JULIO 2012 - Celebraci\u00f3n Mes de la Alameda - COLEGIO DE ARQUITECTOS DE CHILE\",\"isPartOf\":{\"@id\":\"https:\/\/colegioarquitectos.com\/noticias\/#website\"},\"primaryImageOfPage\":{\"@id\":\"https:\/\/colegioarquitectos.com\/noticias\/?p=1340#primaryimage\"},\"image\":{\"@id\":\"https:\/\/colegioarquitectos.com\/noticias\/?p=1340#primaryimage\"},\"thumbnailUrl\":\"http:\/\/colegioarquitectos.com\/noticias\/wp-content\/uploads\/2012\/07\/26-julio-WEB.jpg\",\"datePublished\":\"2012-07-01T20:14:23+00:00\",\"dateModified\":\"2012-07-27T14:10:47+00:00\",\"breadcrumb\":{\"@id\":\"https:\/\/colegioarquitectos.com\/noticias\/?p=1340#breadcrumb\"},\"inLanguage\":\"es\",\"potentialAction\":[{\"@type\":\"ReadAction\",\"target\":[\"https:\/\/colegioarquitectos.com\/noticias\/?p=1340\"]}]},{\"@type\":\"ImageObject\",\"inLanguage\":\"es\",\"@id\":\"https:\/\/colegioarquitectos.com\/noticias\/?p=1340#primaryimage\",\"url\":\"http:\/\/colegioarquitectos.com\/noticias\/wp-content\/uploads\/2012\/07\/26-julio-WEB.jpg\",\"contentUrl\":\"http:\/\/colegioarquitectos.com\/noticias\/wp-content\/uploads\/2012\/07\/26-julio-WEB.jpg\"},{\"@type\":\"BreadcrumbList\",\"@id\":\"https:\/\/colegioarquitectos.com\/noticias\/?p=1340#breadcrumb\",\"itemListElement\":[{\"@type\":\"ListItem\",\"position\":1,\"name\":\"Portada\",\"item\":\"https:\/\/colegioarquitectos.com\/noticias\"},{\"@type\":\"ListItem\",\"position\":2,\"name\":\"\u00daLTIMA FUNCI\u00d3N: Jueves 26 julio. Ciclo de Cine Ciudad en Colegio de Arquitectos de Chile &#8211; JULIO 2012 &#8211; Celebraci\u00f3n Mes de la Alameda\"}]},{\"@type\":\"WebSite\",\"@id\":\"https:\/\/colegioarquitectos.com\/noticias\/#website\",\"url\":\"https:\/\/colegioarquitectos.com\/noticias\/\",\"name\":\"COLEGIO DE ARQUITECTOS DE CHILE\",\"description\":\"\",\"publisher\":{\"@id\":\"https:\/\/colegioarquitectos.com\/noticias\/#organization\"},\"potentialAction\":[{\"@type\":\"SearchAction\",\"target\":{\"@type\":\"EntryPoint\",\"urlTemplate\":\"https:\/\/colegioarquitectos.com\/noticias\/?s={search_term_string}\"},\"query-input\":{\"@type\":\"PropertyValueSpecification\",\"valueRequired\":true,\"valueName\":\"search_term_string\"}}],\"inLanguage\":\"es\"},{\"@type\":\"Organization\",\"@id\":\"https:\/\/colegioarquitectos.com\/noticias\/#organization\",\"name\":\"COLEGIO DE ARQUITECTOS DE CHILE\",\"url\":\"https:\/\/colegioarquitectos.com\/noticias\/\",\"logo\":{\"@type\":\"ImageObject\",\"inLanguage\":\"es\",\"@id\":\"https:\/\/colegioarquitectos.com\/noticias\/#\/schema\/logo\/image\/\",\"url\":\"https:\/\/colegioarquitectos.com\/noticias\/wp-content\/uploads\/2021\/05\/ENCABEZADO-LOGO-CA.jpg\",\"contentUrl\":\"https:\/\/colegioarquitectos.com\/noticias\/wp-content\/uploads\/2021\/05\/ENCABEZADO-LOGO-CA.jpg\",\"width\":690,\"height\":350,\"caption\":\"COLEGIO DE ARQUITECTOS DE CHILE\"},\"image\":{\"@id\":\"https:\/\/colegioarquitectos.com\/noticias\/#\/schema\/logo\/image\/\"},\"sameAs\":[\"https:\/\/facebook.com\/Colegioarq\/\",\"https:\/\/x.com\/colegioarq\",\"https:\/\/instagram.com\/colegioarq\",\"https:\/\/youtube.com\/@ColegiodeArquitectosdeChile\"]},{\"@type\":\"Person\",\"@id\":\"https:\/\/colegioarquitectos.com\/noticias\/#\/schema\/person\/b6c7e912cd1283c089114093ed09741f\",\"name\":\"Gabriel Salgado S.\",\"url\":\"https:\/\/colegioarquitectos.com\/noticias\/?author=1\"}]}<\/script>\n<!-- \/ Yoast SEO plugin. -->","yoast_head_json":{"title":"\u00daLTIMA FUNCI\u00d3N: Jueves 26 julio. Ciclo de Cine Ciudad en Colegio de Arquitectos de Chile - JULIO 2012 - Celebraci\u00f3n Mes de la Alameda - COLEGIO DE ARQUITECTOS DE CHILE","robots":{"index":"index","follow":"follow","max-snippet":"max-snippet:-1","max-image-preview":"max-image-preview:large","max-video-preview":"max-video-preview:-1"},"canonical":"https:\/\/colegioarquitectos.com\/noticias\/?p=1340","og_locale":"es_ES","og_type":"article","og_title":"\u00daLTIMA FUNCI\u00d3N: Jueves 26 julio. Ciclo de Cine Ciudad en Colegio de Arquitectos de Chile - JULIO 2012 - Celebraci\u00f3n Mes de la Alameda - COLEGIO DE ARQUITECTOS DE CHILE","og_description":"&nbsp; En el marco de las iniciativas culturales encabezadas por Eje Alameda, el Colegio de Arquitectos participar\u00e1 en el Ciclo Cine y Ciudad, presentando durante el mes de julio, pel\u00edculas que recojan la tem\u00e1tica de la urbe en sus diferentes &hellip; ver m\u00e1s","og_url":"https:\/\/colegioarquitectos.com\/noticias\/?p=1340","og_site_name":"COLEGIO DE ARQUITECTOS DE CHILE","article_publisher":"https:\/\/facebook.com\/Colegioarq\/","article_published_time":"2012-07-01T20:14:23+00:00","article_modified_time":"2012-07-27T14:10:47+00:00","og_image":[{"url":"http:\/\/colegioarquitectos.com\/noticias\/wp-content\/uploads\/2012\/07\/26-julio-WEB.jpg","type":"","width":"","height":""}],"author":"Gabriel Salgado S.","twitter_card":"summary_large_image","twitter_creator":"@colegioarq","twitter_site":"@colegioarq","twitter_misc":{"Escrito por":"Gabriel Salgado S.","Tiempo de lectura":"1 minuto"},"schema":{"@context":"https:\/\/schema.org","@graph":[{"@type":"Article","@id":"https:\/\/colegioarquitectos.com\/noticias\/?p=1340#article","isPartOf":{"@id":"https:\/\/colegioarquitectos.com\/noticias\/?p=1340"},"author":{"name":"Gabriel Salgado S.","@id":"https:\/\/colegioarquitectos.com\/noticias\/#\/schema\/person\/b6c7e912cd1283c089114093ed09741f"},"headline":"\u00daLTIMA FUNCI\u00d3N: Jueves 26 julio. Ciclo de Cine Ciudad en Colegio de Arquitectos de Chile &#8211; JULIO 2012 &#8211; Celebraci\u00f3n Mes de la Alameda","datePublished":"2012-07-01T20:14:23+00:00","dateModified":"2012-07-27T14:10:47+00:00","mainEntityOfPage":{"@id":"https:\/\/colegioarquitectos.com\/noticias\/?p=1340"},"wordCount":303,"commentCount":2,"publisher":{"@id":"https:\/\/colegioarquitectos.com\/noticias\/#organization"},"image":{"@id":"https:\/\/colegioarquitectos.com\/noticias\/?p=1340#primaryimage"},"thumbnailUrl":"http:\/\/colegioarquitectos.com\/noticias\/wp-content\/uploads\/2012\/07\/26-julio-WEB.jpg","articleSection":["Actividades","Colegio","Comit\u00e9s"],"inLanguage":"es","potentialAction":[{"@type":"CommentAction","name":"Comment","target":["https:\/\/colegioarquitectos.com\/noticias\/?p=1340#respond"]}]},{"@type":"WebPage","@id":"https:\/\/colegioarquitectos.com\/noticias\/?p=1340","url":"https:\/\/colegioarquitectos.com\/noticias\/?p=1340","name":"\u00daLTIMA FUNCI\u00d3N: Jueves 26 julio. Ciclo de Cine Ciudad en Colegio de Arquitectos de Chile - JULIO 2012 - Celebraci\u00f3n Mes de la Alameda - COLEGIO DE ARQUITECTOS DE CHILE","isPartOf":{"@id":"https:\/\/colegioarquitectos.com\/noticias\/#website"},"primaryImageOfPage":{"@id":"https:\/\/colegioarquitectos.com\/noticias\/?p=1340#primaryimage"},"image":{"@id":"https:\/\/colegioarquitectos.com\/noticias\/?p=1340#primaryimage"},"thumbnailUrl":"http:\/\/colegioarquitectos.com\/noticias\/wp-content\/uploads\/2012\/07\/26-julio-WEB.jpg","datePublished":"2012-07-01T20:14:23+00:00","dateModified":"2012-07-27T14:10:47+00:00","breadcrumb":{"@id":"https:\/\/colegioarquitectos.com\/noticias\/?p=1340#breadcrumb"},"inLanguage":"es","potentialAction":[{"@type":"ReadAction","target":["https:\/\/colegioarquitectos.com\/noticias\/?p=1340"]}]},{"@type":"ImageObject","inLanguage":"es","@id":"https:\/\/colegioarquitectos.com\/noticias\/?p=1340#primaryimage","url":"http:\/\/colegioarquitectos.com\/noticias\/wp-content\/uploads\/2012\/07\/26-julio-WEB.jpg","contentUrl":"http:\/\/colegioarquitectos.com\/noticias\/wp-content\/uploads\/2012\/07\/26-julio-WEB.jpg"},{"@type":"BreadcrumbList","@id":"https:\/\/colegioarquitectos.com\/noticias\/?p=1340#breadcrumb","itemListElement":[{"@type":"ListItem","position":1,"name":"Portada","item":"https:\/\/colegioarquitectos.com\/noticias"},{"@type":"ListItem","position":2,"name":"\u00daLTIMA FUNCI\u00d3N: Jueves 26 julio. Ciclo de Cine Ciudad en Colegio de Arquitectos de Chile &#8211; JULIO 2012 &#8211; Celebraci\u00f3n Mes de la Alameda"}]},{"@type":"WebSite","@id":"https:\/\/colegioarquitectos.com\/noticias\/#website","url":"https:\/\/colegioarquitectos.com\/noticias\/","name":"COLEGIO DE ARQUITECTOS DE CHILE","description":"","publisher":{"@id":"https:\/\/colegioarquitectos.com\/noticias\/#organization"},"potentialAction":[{"@type":"SearchAction","target":{"@type":"EntryPoint","urlTemplate":"https:\/\/colegioarquitectos.com\/noticias\/?s={search_term_string}"},"query-input":{"@type":"PropertyValueSpecification","valueRequired":true,"valueName":"search_term_string"}}],"inLanguage":"es"},{"@type":"Organization","@id":"https:\/\/colegioarquitectos.com\/noticias\/#organization","name":"COLEGIO DE ARQUITECTOS DE CHILE","url":"https:\/\/colegioarquitectos.com\/noticias\/","logo":{"@type":"ImageObject","inLanguage":"es","@id":"https:\/\/colegioarquitectos.com\/noticias\/#\/schema\/logo\/image\/","url":"https:\/\/colegioarquitectos.com\/noticias\/wp-content\/uploads\/2021\/05\/ENCABEZADO-LOGO-CA.jpg","contentUrl":"https:\/\/colegioarquitectos.com\/noticias\/wp-content\/uploads\/2021\/05\/ENCABEZADO-LOGO-CA.jpg","width":690,"height":350,"caption":"COLEGIO DE ARQUITECTOS DE CHILE"},"image":{"@id":"https:\/\/colegioarquitectos.com\/noticias\/#\/schema\/logo\/image\/"},"sameAs":["https:\/\/facebook.com\/Colegioarq\/","https:\/\/x.com\/colegioarq","https:\/\/instagram.com\/colegioarq","https:\/\/youtube.com\/@ColegiodeArquitectosdeChile"]},{"@type":"Person","@id":"https:\/\/colegioarquitectos.com\/noticias\/#\/schema\/person\/b6c7e912cd1283c089114093ed09741f","name":"Gabriel Salgado S.","url":"https:\/\/colegioarquitectos.com\/noticias\/?author=1"}]}},"_links":{"self":[{"href":"https:\/\/colegioarquitectos.com\/noticias\/index.php?rest_route=\/wp\/v2\/posts\/1340","targetHints":{"allow":["GET"]}}],"collection":[{"href":"https:\/\/colegioarquitectos.com\/noticias\/index.php?rest_route=\/wp\/v2\/posts"}],"about":[{"href":"https:\/\/colegioarquitectos.com\/noticias\/index.php?rest_route=\/wp\/v2\/types\/post"}],"author":[{"embeddable":true,"href":"https:\/\/colegioarquitectos.com\/noticias\/index.php?rest_route=\/wp\/v2\/users\/1"}],"replies":[{"embeddable":true,"href":"https:\/\/colegioarquitectos.com\/noticias\/index.php?rest_route=%2Fwp%2Fv2%2Fcomments&post=1340"}],"version-history":[{"count":0,"href":"https:\/\/colegioarquitectos.com\/noticias\/index.php?rest_route=\/wp\/v2\/posts\/1340\/revisions"}],"wp:attachment":[{"href":"https:\/\/colegioarquitectos.com\/noticias\/index.php?rest_route=%2Fwp%2Fv2%2Fmedia&parent=1340"}],"wp:term":[{"taxonomy":"category","embeddable":true,"href":"https:\/\/colegioarquitectos.com\/noticias\/index.php?rest_route=%2Fwp%2Fv2%2Fcategories&post=1340"},{"taxonomy":"post_tag","embeddable":true,"href":"https:\/\/colegioarquitectos.com\/noticias\/index.php?rest_route=%2Fwp%2Fv2%2Ftags&post=1340"}],"curies":[{"name":"wp","href":"https:\/\/api.w.org\/{rel}","templated":true}]}}