
{"id":13679,"date":"2016-07-25T10:00:29","date_gmt":"2016-07-25T10:00:29","guid":{"rendered":"http:\/\/colegioarquitectos.com\/?p=13679"},"modified":"2016-07-08T19:21:19","modified_gmt":"2016-07-08T19:21:19","slug":"invitacion-a-feria-de-la-investigacion","status":"publish","type":"post","link":"https:\/\/colegioarquitectos.com\/noticias\/?p=13679","title":{"rendered":"Invitaci\u00f3n a Feria de la Investigaci\u00f3n"},"content":{"rendered":"<p>Estimado Miembros del Colegio de Arquitectos:<\/p>\n<p>Tenemos el agrado de invitarlos al lanzamiento de la Feria de la Investigaci\u00f3n &#8211; FAU, evento que dar\u00e1 inicio al \u201cCiclo de Charlas sobre investigaci\u00f3n\u201d y que incluye el \u201c1\u00b0 Research Speed Dating\u201d a realizarse el 29 de julio en el Auditorio y Hall de Exposiciones de la Facultad de Arquitectura y Urbanismo (FAU) de la Universidad de Chile (Portugal #84, Santiago). Estas actividades est\u00e1n siendo organizadas de manera conjunta por la Direcci\u00f3n Acad\u00e9mica y Relaciones Internacionales, la Direcci\u00f3n de investigaci\u00f3n y Desarrollo de esta facultad y el Proyecto Fondecyt N\u00b0 11130636.<\/p>\n<p>Los objetivos de estas iniciativas son difundir a la comunidad acad\u00e9mica y estudiantil las diferentes investigaciones y\/o temas de trabajo que actualmente los acad\u00e9micos est\u00e1n realizando y\u00a0 fortalecer e incentivar la comunicaci\u00f3n entre los docentes y los estudiantes.<\/p>\n<p>El ciclo de charlas consiste en exposiciones peri\u00f3dicas de las investigaciones en curso o recientemente finalizadas de nuestros acad\u00e9micos, las que se llevar\u00e1n a cabo en el auditorio, comenzando con el proyecto del auto h\u00edbrido ACKIU, desarrollado por profesores y estudiantes del Departamento de Dise\u00f1o FAU y liderado por el Prof. Mauricio Tapia. Las fechas de las futuras exposiciones del ciclo de charlas ser\u00e1n confirmadas.<\/p>\n<p>El \u201cResearch speed dating\u201d consiste en la presentaci\u00f3n de posters informativos de cada una de las investigaciones en curso o recientemente terminadas de nuestros acad\u00e9micos, en el Hall Central de la Facultad, bajo la metodolog\u00eda speed dating (presentaci\u00f3n r\u00e1pida del tema de trabajo y\/o investigaci\u00f3n y preguntas de los pares y estudiantes). Estos posters permanecer\u00e1n en exhibici\u00f3n desde el 27 de Julio hasta el 5 de Agosto.<\/p>\n<p>Como resultado de este evento se publicar\u00e1n las investigaciones presentadas en los posters en un documento en formato impreso y digital, el que ser\u00e1 difundido dentro y fuera de nuestra comunidad FAU.<\/p>\n<p>Agradecemos confirmar su asistencia mediante un correo electr\u00f3nico a <a href=\"mailto:investigacion@uchilefau.cl\">investigacion@uchilefau.cl<\/a>.<\/p>\n<p>&nbsp;<\/p>\n<p>&nbsp;<\/p>\n<p>Les saluda muy cordialmente,<\/p>\n<p>&nbsp;<\/p>\n<p>BEATRIZ MATURANA COSSIO<\/p>\n<p>Directora<\/p>\n<p>Direcci\u00f3n Acad\u00e9mica y de Relaciones Internacionales<\/p>\n<p>&nbsp;<\/p>\n<p>PROGRAMA:<\/p>\n<p>&nbsp;<\/p>\n<p>&#8211;\u00a0\u00a0\u00a0\u00a0\u00a0\u00a0\u00a0\u00a0\u00a0\u00a0 10:00 am \u2013 10:05 am: Apertura de la actividad: autoridad FAU (Decana o Vicedecano)<\/p>\n<p>|\u00a0\u00a0\u00a0\u00a0\u00a0\u00a0\u00a0\u00a0\u00a0\u00a0 Lugar: Auditorio FAU.<\/p>\n<p>&nbsp;<\/p>\n<p>&#8211;\u00a0\u00a0\u00a0\u00a0\u00a0\u00a0\u00a0\u00a0\u00a0\u00a0 10:05 am \u2013 10:10 am: Palabras de Silvia N\u00fa\u00f1ez, Directora de Investigaci\u00f3n y Desarrollo Vicerrector\u00eda de Investigaci\u00f3n y Desarrollo, Universidad de Chile.<\/p>\n<p>Auditorio FAU.<\/p>\n<p>&nbsp;<\/p>\n<p>&#8211;\u00a0\u00a0\u00a0\u00a0\u00a0\u00a0\u00a0\u00a0\u00a0\u00a0 10:10 am \u2013 10: 30 am: Contextualizaci\u00f3n del ciclo de conferencia: Dra. Andrea Wechsler, Directora de Investigaci\u00f3n y Desarrollo Facultad de Arquitectura y Urbanismo, Universidad de Chile<\/p>\n<p>Lugar: Auditorio FAU.<\/p>\n<p>&nbsp;<\/p>\n<p>&#8211;\u00a0\u00a0\u00a0\u00a0\u00a0\u00a0\u00a0\u00a0\u00a0\u00a0 10:30 am \u2013 11: 20 am: Expositor 1\u00b0 charla: Equipo EOLIAN. Prof. Mauricio Tapia,<\/p>\n<p>Acad\u00e9mico Departamento de Dise\u00f1o, Facultad de Arquitectura y Urbanismo. U. de Chile.<\/p>\n<p>Lugar: Auditorio FAU.<\/p>\n<p>&nbsp;<\/p>\n<p>&#8211;\u00a0\u00a0\u00a0\u00a0\u00a0\u00a0\u00a0\u00a0\u00a0\u00a0 11:20 am \u2013 11:30 am: \u201cDesmitificando la investigaci\u00f3n y el \u2018research speed dating\u2019 como instrumento\u201d: Dra. Beatriz Maturana, Directora Acad\u00e9mica y de Relaciones Internacionales Facultad de Arquitectura y Urbanismo.<\/p>\n<p>Lugar: Auditorio FAU.<\/p>\n<p>&nbsp;<\/p>\n<p>&#8211;\u00a0\u00a0\u00a0\u00a0\u00a0\u00a0\u00a0\u00a0\u00a0\u00a0 11:30 am \u2013 11:45 am: Comienzo de actividades en el Hall<\/p>\n<p>&nbsp;<\/p>\n<p>&#8211;\u00a0\u00a0\u00a0\u00a0\u00a0\u00a0\u00a0\u00a0\u00a0\u00a0 11:45 am \u2013 13: 00 pm: Explicaci\u00f3n de la metodolog\u00eda del \u201cresearch speed dating\u201d: Dra. Beatriz Maturana, Directora Acad\u00e9mica y de Relaciones Internacionales.<\/p>\n<p>&nbsp;<\/p>\n<p>Coffee break<\/p>\n<p>Lugar: Hall central<\/p>\n<p>&nbsp;<\/p>\n<p>&#8211;\u00a0\u00a0\u00a0\u00a0\u00a0\u00a0\u00a0\u00a0\u00a0\u00a0 13:00 pm: palabras de cierre de la actividad: \u00a0Dra. Beatriz Maturana, Directora Acad\u00e9mica y de Relaciones Internacionales y Dra. Andrea Wechsler, Directora de<\/p>\n<p><\/p>","protected":false},"excerpt":{"rendered":"<p>Estimado Miembros del Colegio de Arquitectos: Tenemos el agrado de invitarlos al lanzamiento de la Feria de la Investigaci\u00f3n &#8211; FAU, evento que dar\u00e1 inicio al \u201cCiclo de Charlas sobre investigaci\u00f3n\u201d y que incluye el \u201c1\u00b0 Research Speed Dating\u201d a &hellip; <a class=\"more-link\" href=\"https:\/\/colegioarquitectos.com\/noticias\/?p=13679\">ver m\u00e1s<\/a><\/p>","protected":false},"author":4,"featured_media":13680,"comment_status":"open","ping_status":"open","sticky":false,"template":"","format":"standard","meta":{"footnotes":""},"categories":[35],"tags":[],"class_list":["post-13679","post","type-post","status-publish","format-standard","has-post-thumbnail","hentry","category-universidades"],"yoast_head":"<!-- This site is optimized with the Yoast SEO plugin v24.2 - https:\/\/yoast.com\/wordpress\/plugins\/seo\/ -->\n<title>Invitaci\u00f3n a Feria de la Investigaci\u00f3n - COLEGIO DE ARQUITECTOS DE CHILE<\/title>\n<meta name=\"robots\" content=\"index, follow, max-snippet:-1, max-image-preview:large, max-video-preview:-1\" \/>\n<link rel=\"canonical\" href=\"https:\/\/colegioarquitectos.com\/noticias\/?p=13679\" \/>\n<meta property=\"og:locale\" content=\"es_ES\" \/>\n<meta property=\"og:type\" content=\"article\" \/>\n<meta property=\"og:title\" content=\"Invitaci\u00f3n a Feria de la Investigaci\u00f3n - COLEGIO DE ARQUITECTOS DE CHILE\" \/>\n<meta property=\"og:description\" content=\"Estimado Miembros del Colegio de Arquitectos: Tenemos el agrado de invitarlos al lanzamiento de la Feria de la Investigaci\u00f3n &#8211; FAU, evento que dar\u00e1 inicio al \u201cCiclo de Charlas sobre investigaci\u00f3n\u201d y que incluye el \u201c1\u00b0 Research Speed Dating\u201d a &hellip; ver m\u00e1s\" \/>\n<meta property=\"og:url\" content=\"https:\/\/colegioarquitectos.com\/noticias\/?p=13679\" \/>\n<meta property=\"og:site_name\" content=\"COLEGIO DE ARQUITECTOS DE CHILE\" \/>\n<meta property=\"article:publisher\" content=\"https:\/\/facebook.com\/Colegioarq\/\" \/>\n<meta property=\"article:published_time\" content=\"2016-07-25T10:00:29+00:00\" \/>\n<meta property=\"article:modified_time\" content=\"2016-07-08T19:21:19+00:00\" \/>\n<meta property=\"og:image\" content=\"https:\/\/colegioarquitectos.com\/noticias\/wp-content\/uploads\/2016\/07\/Sin-t\u00edtulo-6.jpg\" \/>\n\t<meta property=\"og:image:width\" content=\"690\" \/>\n\t<meta property=\"og:image:height\" content=\"350\" \/>\n\t<meta property=\"og:image:type\" content=\"image\/jpeg\" \/>\n<meta name=\"author\" content=\"Colegio de Arquitectos de Chile\" \/>\n<meta name=\"twitter:card\" content=\"summary_large_image\" \/>\n<meta name=\"twitter:creator\" content=\"@colegioarq\" \/>\n<meta name=\"twitter:site\" content=\"@colegioarq\" \/>\n<meta name=\"twitter:label1\" content=\"Escrito por\" \/>\n\t<meta name=\"twitter:data1\" content=\"Colegio de Arquitectos de Chile\" \/>\n\t<meta name=\"twitter:label2\" content=\"Tiempo de lectura\" \/>\n\t<meta name=\"twitter:data2\" content=\"3 minutos\" \/>\n<script type=\"application\/ld+json\" class=\"yoast-schema-graph\">{\"@context\":\"https:\/\/schema.org\",\"@graph\":[{\"@type\":\"Article\",\"@id\":\"https:\/\/colegioarquitectos.com\/noticias\/?p=13679#article\",\"isPartOf\":{\"@id\":\"https:\/\/colegioarquitectos.com\/noticias\/?p=13679\"},\"author\":{\"name\":\"Colegio de Arquitectos de Chile\",\"@id\":\"https:\/\/colegioarquitectos.com\/noticias\/#\/schema\/person\/685cc0aad148303c5608f049af8285ad\"},\"headline\":\"Invitaci\u00f3n a Feria de la Investigaci\u00f3n\",\"datePublished\":\"2016-07-25T10:00:29+00:00\",\"dateModified\":\"2016-07-08T19:21:19+00:00\",\"mainEntityOfPage\":{\"@id\":\"https:\/\/colegioarquitectos.com\/noticias\/?p=13679\"},\"wordCount\":563,\"commentCount\":0,\"publisher\":{\"@id\":\"https:\/\/colegioarquitectos.com\/noticias\/#organization\"},\"image\":{\"@id\":\"https:\/\/colegioarquitectos.com\/noticias\/?p=13679#primaryimage\"},\"thumbnailUrl\":\"https:\/\/colegioarquitectos.com\/noticias\/wp-content\/uploads\/2016\/07\/Sin-t\u00edtulo-6.jpg\",\"articleSection\":[\"Universidades\"],\"inLanguage\":\"es\",\"potentialAction\":[{\"@type\":\"CommentAction\",\"name\":\"Comment\",\"target\":[\"https:\/\/colegioarquitectos.com\/noticias\/?p=13679#respond\"]}]},{\"@type\":\"WebPage\",\"@id\":\"https:\/\/colegioarquitectos.com\/noticias\/?p=13679\",\"url\":\"https:\/\/colegioarquitectos.com\/noticias\/?p=13679\",\"name\":\"Invitaci\u00f3n a Feria de la Investigaci\u00f3n - COLEGIO DE ARQUITECTOS DE CHILE\",\"isPartOf\":{\"@id\":\"https:\/\/colegioarquitectos.com\/noticias\/#website\"},\"primaryImageOfPage\":{\"@id\":\"https:\/\/colegioarquitectos.com\/noticias\/?p=13679#primaryimage\"},\"image\":{\"@id\":\"https:\/\/colegioarquitectos.com\/noticias\/?p=13679#primaryimage\"},\"thumbnailUrl\":\"https:\/\/colegioarquitectos.com\/noticias\/wp-content\/uploads\/2016\/07\/Sin-t\u00edtulo-6.jpg\",\"datePublished\":\"2016-07-25T10:00:29+00:00\",\"dateModified\":\"2016-07-08T19:21:19+00:00\",\"breadcrumb\":{\"@id\":\"https:\/\/colegioarquitectos.com\/noticias\/?p=13679#breadcrumb\"},\"inLanguage\":\"es\",\"potentialAction\":[{\"@type\":\"ReadAction\",\"target\":[\"https:\/\/colegioarquitectos.com\/noticias\/?p=13679\"]}]},{\"@type\":\"ImageObject\",\"inLanguage\":\"es\",\"@id\":\"https:\/\/colegioarquitectos.com\/noticias\/?p=13679#primaryimage\",\"url\":\"https:\/\/colegioarquitectos.com\/noticias\/wp-content\/uploads\/2016\/07\/Sin-t\u00edtulo-6.jpg\",\"contentUrl\":\"https:\/\/colegioarquitectos.com\/noticias\/wp-content\/uploads\/2016\/07\/Sin-t\u00edtulo-6.jpg\",\"width\":690,\"height\":350},{\"@type\":\"BreadcrumbList\",\"@id\":\"https:\/\/colegioarquitectos.com\/noticias\/?p=13679#breadcrumb\",\"itemListElement\":[{\"@type\":\"ListItem\",\"position\":1,\"name\":\"Portada\",\"item\":\"https:\/\/colegioarquitectos.com\/noticias\"},{\"@type\":\"ListItem\",\"position\":2,\"name\":\"Invitaci\u00f3n a Feria de la Investigaci\u00f3n\"}]},{\"@type\":\"WebSite\",\"@id\":\"https:\/\/colegioarquitectos.com\/noticias\/#website\",\"url\":\"https:\/\/colegioarquitectos.com\/noticias\/\",\"name\":\"COLEGIO DE ARQUITECTOS DE CHILE\",\"description\":\"\",\"publisher\":{\"@id\":\"https:\/\/colegioarquitectos.com\/noticias\/#organization\"},\"potentialAction\":[{\"@type\":\"SearchAction\",\"target\":{\"@type\":\"EntryPoint\",\"urlTemplate\":\"https:\/\/colegioarquitectos.com\/noticias\/?s={search_term_string}\"},\"query-input\":{\"@type\":\"PropertyValueSpecification\",\"valueRequired\":true,\"valueName\":\"search_term_string\"}}],\"inLanguage\":\"es\"},{\"@type\":\"Organization\",\"@id\":\"https:\/\/colegioarquitectos.com\/noticias\/#organization\",\"name\":\"COLEGIO DE ARQUITECTOS DE CHILE\",\"url\":\"https:\/\/colegioarquitectos.com\/noticias\/\",\"logo\":{\"@type\":\"ImageObject\",\"inLanguage\":\"es\",\"@id\":\"https:\/\/colegioarquitectos.com\/noticias\/#\/schema\/logo\/image\/\",\"url\":\"https:\/\/colegioarquitectos.com\/noticias\/wp-content\/uploads\/2021\/05\/ENCABEZADO-LOGO-CA.jpg\",\"contentUrl\":\"https:\/\/colegioarquitectos.com\/noticias\/wp-content\/uploads\/2021\/05\/ENCABEZADO-LOGO-CA.jpg\",\"width\":690,\"height\":350,\"caption\":\"COLEGIO DE ARQUITECTOS DE CHILE\"},\"image\":{\"@id\":\"https:\/\/colegioarquitectos.com\/noticias\/#\/schema\/logo\/image\/\"},\"sameAs\":[\"https:\/\/facebook.com\/Colegioarq\/\",\"https:\/\/x.com\/colegioarq\",\"https:\/\/instagram.com\/colegioarq\",\"https:\/\/youtube.com\/@ColegiodeArquitectosdeChile\"]},{\"@type\":\"Person\",\"@id\":\"https:\/\/colegioarquitectos.com\/noticias\/#\/schema\/person\/685cc0aad148303c5608f049af8285ad\",\"name\":\"Colegio de Arquitectos de Chile\",\"url\":\"https:\/\/colegioarquitectos.com\/noticias\/?author=4\"}]}<\/script>\n<!-- \/ Yoast SEO plugin. -->","yoast_head_json":{"title":"Invitaci\u00f3n a Feria de la Investigaci\u00f3n - COLEGIO DE ARQUITECTOS DE CHILE","robots":{"index":"index","follow":"follow","max-snippet":"max-snippet:-1","max-image-preview":"max-image-preview:large","max-video-preview":"max-video-preview:-1"},"canonical":"https:\/\/colegioarquitectos.com\/noticias\/?p=13679","og_locale":"es_ES","og_type":"article","og_title":"Invitaci\u00f3n a Feria de la Investigaci\u00f3n - COLEGIO DE ARQUITECTOS DE CHILE","og_description":"Estimado Miembros del Colegio de Arquitectos: Tenemos el agrado de invitarlos al lanzamiento de la Feria de la Investigaci\u00f3n &#8211; FAU, evento que dar\u00e1 inicio al \u201cCiclo de Charlas sobre investigaci\u00f3n\u201d y que incluye el \u201c1\u00b0 Research Speed Dating\u201d a &hellip; ver m\u00e1s","og_url":"https:\/\/colegioarquitectos.com\/noticias\/?p=13679","og_site_name":"COLEGIO DE ARQUITECTOS DE CHILE","article_publisher":"https:\/\/facebook.com\/Colegioarq\/","article_published_time":"2016-07-25T10:00:29+00:00","article_modified_time":"2016-07-08T19:21:19+00:00","og_image":[{"width":690,"height":350,"url":"https:\/\/colegioarquitectos.com\/noticias\/wp-content\/uploads\/2016\/07\/Sin-t\u00edtulo-6.jpg","type":"image\/jpeg"}],"author":"Colegio de Arquitectos de Chile","twitter_card":"summary_large_image","twitter_creator":"@colegioarq","twitter_site":"@colegioarq","twitter_misc":{"Escrito por":"Colegio de Arquitectos de Chile","Tiempo de lectura":"3 minutos"},"schema":{"@context":"https:\/\/schema.org","@graph":[{"@type":"Article","@id":"https:\/\/colegioarquitectos.com\/noticias\/?p=13679#article","isPartOf":{"@id":"https:\/\/colegioarquitectos.com\/noticias\/?p=13679"},"author":{"name":"Colegio de Arquitectos de Chile","@id":"https:\/\/colegioarquitectos.com\/noticias\/#\/schema\/person\/685cc0aad148303c5608f049af8285ad"},"headline":"Invitaci\u00f3n a Feria de la Investigaci\u00f3n","datePublished":"2016-07-25T10:00:29+00:00","dateModified":"2016-07-08T19:21:19+00:00","mainEntityOfPage":{"@id":"https:\/\/colegioarquitectos.com\/noticias\/?p=13679"},"wordCount":563,"commentCount":0,"publisher":{"@id":"https:\/\/colegioarquitectos.com\/noticias\/#organization"},"image":{"@id":"https:\/\/colegioarquitectos.com\/noticias\/?p=13679#primaryimage"},"thumbnailUrl":"https:\/\/colegioarquitectos.com\/noticias\/wp-content\/uploads\/2016\/07\/Sin-t\u00edtulo-6.jpg","articleSection":["Universidades"],"inLanguage":"es","potentialAction":[{"@type":"CommentAction","name":"Comment","target":["https:\/\/colegioarquitectos.com\/noticias\/?p=13679#respond"]}]},{"@type":"WebPage","@id":"https:\/\/colegioarquitectos.com\/noticias\/?p=13679","url":"https:\/\/colegioarquitectos.com\/noticias\/?p=13679","name":"Invitaci\u00f3n a Feria de la Investigaci\u00f3n - COLEGIO DE ARQUITECTOS DE CHILE","isPartOf":{"@id":"https:\/\/colegioarquitectos.com\/noticias\/#website"},"primaryImageOfPage":{"@id":"https:\/\/colegioarquitectos.com\/noticias\/?p=13679#primaryimage"},"image":{"@id":"https:\/\/colegioarquitectos.com\/noticias\/?p=13679#primaryimage"},"thumbnailUrl":"https:\/\/colegioarquitectos.com\/noticias\/wp-content\/uploads\/2016\/07\/Sin-t\u00edtulo-6.jpg","datePublished":"2016-07-25T10:00:29+00:00","dateModified":"2016-07-08T19:21:19+00:00","breadcrumb":{"@id":"https:\/\/colegioarquitectos.com\/noticias\/?p=13679#breadcrumb"},"inLanguage":"es","potentialAction":[{"@type":"ReadAction","target":["https:\/\/colegioarquitectos.com\/noticias\/?p=13679"]}]},{"@type":"ImageObject","inLanguage":"es","@id":"https:\/\/colegioarquitectos.com\/noticias\/?p=13679#primaryimage","url":"https:\/\/colegioarquitectos.com\/noticias\/wp-content\/uploads\/2016\/07\/Sin-t\u00edtulo-6.jpg","contentUrl":"https:\/\/colegioarquitectos.com\/noticias\/wp-content\/uploads\/2016\/07\/Sin-t\u00edtulo-6.jpg","width":690,"height":350},{"@type":"BreadcrumbList","@id":"https:\/\/colegioarquitectos.com\/noticias\/?p=13679#breadcrumb","itemListElement":[{"@type":"ListItem","position":1,"name":"Portada","item":"https:\/\/colegioarquitectos.com\/noticias"},{"@type":"ListItem","position":2,"name":"Invitaci\u00f3n a Feria de la Investigaci\u00f3n"}]},{"@type":"WebSite","@id":"https:\/\/colegioarquitectos.com\/noticias\/#website","url":"https:\/\/colegioarquitectos.com\/noticias\/","name":"COLEGIO DE ARQUITECTOS DE CHILE","description":"","publisher":{"@id":"https:\/\/colegioarquitectos.com\/noticias\/#organization"},"potentialAction":[{"@type":"SearchAction","target":{"@type":"EntryPoint","urlTemplate":"https:\/\/colegioarquitectos.com\/noticias\/?s={search_term_string}"},"query-input":{"@type":"PropertyValueSpecification","valueRequired":true,"valueName":"search_term_string"}}],"inLanguage":"es"},{"@type":"Organization","@id":"https:\/\/colegioarquitectos.com\/noticias\/#organization","name":"COLEGIO DE ARQUITECTOS DE CHILE","url":"https:\/\/colegioarquitectos.com\/noticias\/","logo":{"@type":"ImageObject","inLanguage":"es","@id":"https:\/\/colegioarquitectos.com\/noticias\/#\/schema\/logo\/image\/","url":"https:\/\/colegioarquitectos.com\/noticias\/wp-content\/uploads\/2021\/05\/ENCABEZADO-LOGO-CA.jpg","contentUrl":"https:\/\/colegioarquitectos.com\/noticias\/wp-content\/uploads\/2021\/05\/ENCABEZADO-LOGO-CA.jpg","width":690,"height":350,"caption":"COLEGIO DE ARQUITECTOS DE CHILE"},"image":{"@id":"https:\/\/colegioarquitectos.com\/noticias\/#\/schema\/logo\/image\/"},"sameAs":["https:\/\/facebook.com\/Colegioarq\/","https:\/\/x.com\/colegioarq","https:\/\/instagram.com\/colegioarq","https:\/\/youtube.com\/@ColegiodeArquitectosdeChile"]},{"@type":"Person","@id":"https:\/\/colegioarquitectos.com\/noticias\/#\/schema\/person\/685cc0aad148303c5608f049af8285ad","name":"Colegio de Arquitectos de Chile","url":"https:\/\/colegioarquitectos.com\/noticias\/?author=4"}]}},"_links":{"self":[{"href":"https:\/\/colegioarquitectos.com\/noticias\/index.php?rest_route=\/wp\/v2\/posts\/13679","targetHints":{"allow":["GET"]}}],"collection":[{"href":"https:\/\/colegioarquitectos.com\/noticias\/index.php?rest_route=\/wp\/v2\/posts"}],"about":[{"href":"https:\/\/colegioarquitectos.com\/noticias\/index.php?rest_route=\/wp\/v2\/types\/post"}],"author":[{"embeddable":true,"href":"https:\/\/colegioarquitectos.com\/noticias\/index.php?rest_route=\/wp\/v2\/users\/4"}],"replies":[{"embeddable":true,"href":"https:\/\/colegioarquitectos.com\/noticias\/index.php?rest_route=%2Fwp%2Fv2%2Fcomments&post=13679"}],"version-history":[{"count":0,"href":"https:\/\/colegioarquitectos.com\/noticias\/index.php?rest_route=\/wp\/v2\/posts\/13679\/revisions"}],"wp:featuredmedia":[{"embeddable":true,"href":"https:\/\/colegioarquitectos.com\/noticias\/index.php?rest_route=\/wp\/v2\/media\/13680"}],"wp:attachment":[{"href":"https:\/\/colegioarquitectos.com\/noticias\/index.php?rest_route=%2Fwp%2Fv2%2Fmedia&parent=13679"}],"wp:term":[{"taxonomy":"category","embeddable":true,"href":"https:\/\/colegioarquitectos.com\/noticias\/index.php?rest_route=%2Fwp%2Fv2%2Fcategories&post=13679"},{"taxonomy":"post_tag","embeddable":true,"href":"https:\/\/colegioarquitectos.com\/noticias\/index.php?rest_route=%2Fwp%2Fv2%2Ftags&post=13679"}],"curies":[{"name":"wp","href":"https:\/\/api.w.org\/{rel}","templated":true}]}}