
{"id":1378,"date":"2012-06-29T13:50:30","date_gmt":"2012-06-29T13:50:30","guid":{"rendered":"http:\/\/colegioarquitectos.com\/noticias\/?p=1378"},"modified":"2012-07-06T17:09:27","modified_gmt":"2012-07-06T17:09:27","slug":"5o-congreso-de-infraestructura-hospitalaria-hospital-del-futuro-patrocinado-por-colegio-de-arquitectos-de-chile","status":"publish","type":"post","link":"https:\/\/colegioarquitectos.com\/noticias\/?p=1378","title":{"rendered":"5\u00ba Congreso de Infraestructura Hospitalaria: \u201cHospital del Futuro\u201d \u2013 Patrocinado por Colegio de Arquitectos de Chile"},"content":{"rendered":"<p style=\"text-align: center;\"><span style=\"color: #000080;\"><strong>08, 09 y 10 de agosto de 2012.<\/strong><strong><\/strong><\/span><\/p>\n<p style=\"text-align: center;\"><span style=\"color: #000080;\"><strong>Centro de Eventos Club Manquehue, Av. Vitacura 5841<\/strong><\/span><\/p>\n<h1 style=\"text-align: justify;\"><\/h1>\n<h4 style=\"text-align: justify;\"><\/h4>\n<h4 style=\"text-align: justify;\">Presentaci\u00f3n<\/h4>\n<p style=\"text-align: justify;\">En la sociedad del futuro, la Salud y el Bienestar representaran un buen porcentaje de la actividad econ\u00f3mica de un pa\u00eds. La esperanza de vida de las personas se incrementara y por tanto los hospitales y dem\u00e1s centros de salud deber\u00e1n tener mayor capacidad para atender a un n\u00famero cada vez m\u00e1s elevado de individuos. As\u00ed, el concepto de hospitalizaci\u00f3n cambiar\u00e1 y las empresas relacionadas al rubro deber\u00e1n estar preparadas para entregar soluciones eficientes y econ\u00f3micamente sostenibles.<\/p>\n<p style=\"text-align: justify;\"><strong>\u00bfC\u00f3mo se ve el hospital del futuro?<\/strong><\/p>\n<p style=\"text-align: justify;\">El hospital del futuro tendr\u00e1 una estructura flexible abierta a posibles cambios; deber\u00e1 tener capacidad para adaptarse y para incorporar de forma racional los avances tecnol\u00f3gicos, tanto en su funcionamiento, el tipo de construcci\u00f3n y los materiales que se escojan, todos elementos que deber\u00e1n armonizar con el equipamiento m\u00e9dico necesario para cada \u00e1rea; ser\u00e1 un hospital sin papeles con un \u00e1rea electr\u00f3nica plenamente desarrollada y que manejar\u00e1 una historia cl\u00ednica integral; se reducir\u00e1n los tiempos de espera, se instalar\u00e1n sistemas de tele vigilancia y pruebas diagn\u00f3sticas interactivas. El hospital del futuro contar\u00e1 con servicios descentralizados aunque comunicados entre s\u00ed, tendr\u00e1 m\u00e1s en cuenta al medio ambiente y ser\u00e1 m\u00e1s c\u00f3modo.<\/p>\n<p style=\"text-align: justify;\"><strong>El Congreso<\/strong><\/p>\n<p style=\"text-align: justify;\">Bajo estas premisas es que se ha preparado el 5to Congreso de Infraestructura\u00a0Hospitalaria, el que tendr\u00e1 como tema principal el \u201cHospital del Futuro\u201d y que se\u00a0desarrollara los d\u00edas 8, 9 Y 10 de Agosto de 2012. As\u00ed, los grandes pilares que sostendr\u00e1n estas jornadas ser\u00e1n la tecnolog\u00eda, el equipamiento, la eficiencia energ\u00e9tica y por supuesto, la construcci\u00f3n, edificaci\u00f3n y el dise\u00f1o de los centros hospitalarios.<\/p>\n<p style=\"text-align: justify;\"><strong>Su P\u00fablico<\/strong><\/p>\n<p style=\"text-align: justify;\">El 5to Congreso de Infraestructura Hospitalaria, tal y como lo han sido con \u00e9xito sus 4 versiones anteriores, est\u00e1 destinado a ser un encuentro de car\u00e1cter nacional e internacional con expositores de renombre y de comprobada experiencia en el circulo hospitalario. El congreso est\u00e1 dirigido a todos los profesionales que se desenvuelven o quieren ingresar directamente al \u00e1mbito de la infraestructura hospitalaria (arquitectos, ingenieros y constructores), facultativos cl\u00ednicos a cargo de servicios hospitalarios y de la salud en general, tales como administrativos, gerentes y encargados de mantenimiento entre otras \u00e1reas.<\/p>\n<p style=\"text-align: justify;\"><strong>Proyecciones<\/strong><\/p>\n<p style=\"text-align: justify;\">Al igual que en congresos anteriores se espera una exitosa convocatoria de participantes, tanto para la exhibici\u00f3n comercial como para las importantes sesiones del congreso.<\/p>\n<p>&nbsp;<\/p>\n<p>&nbsp;<\/p>\n<p><\/p>","protected":false},"excerpt":{"rendered":"<p>08, 09 y 10 de agosto de 2012. Centro de Eventos Club Manquehue, Av. Vitacura 5841 Presentaci\u00f3n En la sociedad del futuro, la Salud y el Bienestar representaran un buen porcentaje de la actividad econ\u00f3mica de un pa\u00eds. La esperanza &hellip; <a class=\"more-link\" href=\"https:\/\/colegioarquitectos.com\/noticias\/?p=1378\">ver m\u00e1s<\/a><\/p>","protected":false},"author":1,"featured_media":0,"comment_status":"open","ping_status":"open","sticky":false,"template":"","format":"standard","meta":{"footnotes":""},"categories":[19,8,21],"tags":[],"class_list":["post-1378","post","type-post","status-publish","format-standard","hentry","category-actividades","category-colegio-de-arquitectos","category-ferias-congresos"],"yoast_head":"<!-- This site is optimized with the Yoast SEO plugin v24.2 - https:\/\/yoast.com\/wordpress\/plugins\/seo\/ -->\n<title>5\u00ba Congreso de Infraestructura Hospitalaria: \u201cHospital del Futuro\u201d \u2013 Patrocinado por Colegio de Arquitectos de Chile - COLEGIO DE ARQUITECTOS DE CHILE<\/title>\n<meta name=\"robots\" content=\"index, follow, max-snippet:-1, max-image-preview:large, max-video-preview:-1\" \/>\n<link rel=\"canonical\" href=\"https:\/\/colegioarquitectos.com\/noticias\/?p=1378\" \/>\n<meta property=\"og:locale\" content=\"es_ES\" \/>\n<meta property=\"og:type\" content=\"article\" \/>\n<meta property=\"og:title\" content=\"5\u00ba Congreso de Infraestructura Hospitalaria: \u201cHospital del Futuro\u201d \u2013 Patrocinado por Colegio de Arquitectos de Chile - COLEGIO DE ARQUITECTOS DE CHILE\" \/>\n<meta property=\"og:description\" content=\"08, 09 y 10 de agosto de 2012. Centro de Eventos Club Manquehue, Av. Vitacura 5841 Presentaci\u00f3n En la sociedad del futuro, la Salud y el Bienestar representaran un buen porcentaje de la actividad econ\u00f3mica de un pa\u00eds. La esperanza &hellip; ver m\u00e1s\" \/>\n<meta property=\"og:url\" content=\"https:\/\/colegioarquitectos.com\/noticias\/?p=1378\" \/>\n<meta property=\"og:site_name\" content=\"COLEGIO DE ARQUITECTOS DE CHILE\" \/>\n<meta property=\"article:publisher\" content=\"https:\/\/facebook.com\/Colegioarq\/\" \/>\n<meta property=\"article:published_time\" content=\"2012-06-29T13:50:30+00:00\" \/>\n<meta property=\"article:modified_time\" content=\"2012-07-06T17:09:27+00:00\" \/>\n<meta name=\"author\" content=\"Gabriel Salgado S.\" \/>\n<meta name=\"twitter:card\" content=\"summary_large_image\" \/>\n<meta name=\"twitter:creator\" content=\"@colegioarq\" \/>\n<meta name=\"twitter:site\" content=\"@colegioarq\" \/>\n<meta name=\"twitter:label1\" content=\"Escrito por\" \/>\n\t<meta name=\"twitter:data1\" content=\"Gabriel Salgado S.\" \/>\n\t<meta name=\"twitter:label2\" content=\"Tiempo de lectura\" \/>\n\t<meta name=\"twitter:data2\" content=\"2 minutos\" \/>\n<script type=\"application\/ld+json\" class=\"yoast-schema-graph\">{\"@context\":\"https:\/\/schema.org\",\"@graph\":[{\"@type\":\"Article\",\"@id\":\"https:\/\/colegioarquitectos.com\/noticias\/?p=1378#article\",\"isPartOf\":{\"@id\":\"https:\/\/colegioarquitectos.com\/noticias\/?p=1378\"},\"author\":{\"name\":\"Gabriel Salgado S.\",\"@id\":\"https:\/\/colegioarquitectos.com\/noticias\/#\/schema\/person\/b6c7e912cd1283c089114093ed09741f\"},\"headline\":\"5\u00ba Congreso de Infraestructura Hospitalaria: \u201cHospital del Futuro\u201d \u2013 Patrocinado por Colegio de Arquitectos de Chile\",\"datePublished\":\"2012-06-29T13:50:30+00:00\",\"dateModified\":\"2012-07-06T17:09:27+00:00\",\"mainEntityOfPage\":{\"@id\":\"https:\/\/colegioarquitectos.com\/noticias\/?p=1378\"},\"wordCount\":439,\"commentCount\":0,\"publisher\":{\"@id\":\"https:\/\/colegioarquitectos.com\/noticias\/#organization\"},\"articleSection\":[\"Actividades\",\"Colegio\",\"Ferias \/ Congresos\"],\"inLanguage\":\"es\",\"potentialAction\":[{\"@type\":\"CommentAction\",\"name\":\"Comment\",\"target\":[\"https:\/\/colegioarquitectos.com\/noticias\/?p=1378#respond\"]}]},{\"@type\":\"WebPage\",\"@id\":\"https:\/\/colegioarquitectos.com\/noticias\/?p=1378\",\"url\":\"https:\/\/colegioarquitectos.com\/noticias\/?p=1378\",\"name\":\"5\u00ba Congreso de Infraestructura Hospitalaria: \u201cHospital del Futuro\u201d \u2013 Patrocinado por Colegio de Arquitectos de Chile - COLEGIO DE ARQUITECTOS DE CHILE\",\"isPartOf\":{\"@id\":\"https:\/\/colegioarquitectos.com\/noticias\/#website\"},\"datePublished\":\"2012-06-29T13:50:30+00:00\",\"dateModified\":\"2012-07-06T17:09:27+00:00\",\"breadcrumb\":{\"@id\":\"https:\/\/colegioarquitectos.com\/noticias\/?p=1378#breadcrumb\"},\"inLanguage\":\"es\",\"potentialAction\":[{\"@type\":\"ReadAction\",\"target\":[\"https:\/\/colegioarquitectos.com\/noticias\/?p=1378\"]}]},{\"@type\":\"BreadcrumbList\",\"@id\":\"https:\/\/colegioarquitectos.com\/noticias\/?p=1378#breadcrumb\",\"itemListElement\":[{\"@type\":\"ListItem\",\"position\":1,\"name\":\"Portada\",\"item\":\"https:\/\/colegioarquitectos.com\/noticias\"},{\"@type\":\"ListItem\",\"position\":2,\"name\":\"5\u00ba Congreso de Infraestructura Hospitalaria: \u201cHospital del Futuro\u201d \u2013 Patrocinado por Colegio de Arquitectos de Chile\"}]},{\"@type\":\"WebSite\",\"@id\":\"https:\/\/colegioarquitectos.com\/noticias\/#website\",\"url\":\"https:\/\/colegioarquitectos.com\/noticias\/\",\"name\":\"COLEGIO DE ARQUITECTOS DE CHILE\",\"description\":\"\",\"publisher\":{\"@id\":\"https:\/\/colegioarquitectos.com\/noticias\/#organization\"},\"potentialAction\":[{\"@type\":\"SearchAction\",\"target\":{\"@type\":\"EntryPoint\",\"urlTemplate\":\"https:\/\/colegioarquitectos.com\/noticias\/?s={search_term_string}\"},\"query-input\":{\"@type\":\"PropertyValueSpecification\",\"valueRequired\":true,\"valueName\":\"search_term_string\"}}],\"inLanguage\":\"es\"},{\"@type\":\"Organization\",\"@id\":\"https:\/\/colegioarquitectos.com\/noticias\/#organization\",\"name\":\"COLEGIO DE ARQUITECTOS DE CHILE\",\"url\":\"https:\/\/colegioarquitectos.com\/noticias\/\",\"logo\":{\"@type\":\"ImageObject\",\"inLanguage\":\"es\",\"@id\":\"https:\/\/colegioarquitectos.com\/noticias\/#\/schema\/logo\/image\/\",\"url\":\"https:\/\/colegioarquitectos.com\/noticias\/wp-content\/uploads\/2021\/05\/ENCABEZADO-LOGO-CA.jpg\",\"contentUrl\":\"https:\/\/colegioarquitectos.com\/noticias\/wp-content\/uploads\/2021\/05\/ENCABEZADO-LOGO-CA.jpg\",\"width\":690,\"height\":350,\"caption\":\"COLEGIO DE ARQUITECTOS DE CHILE\"},\"image\":{\"@id\":\"https:\/\/colegioarquitectos.com\/noticias\/#\/schema\/logo\/image\/\"},\"sameAs\":[\"https:\/\/facebook.com\/Colegioarq\/\",\"https:\/\/x.com\/colegioarq\",\"https:\/\/instagram.com\/colegioarq\",\"https:\/\/youtube.com\/@ColegiodeArquitectosdeChile\"]},{\"@type\":\"Person\",\"@id\":\"https:\/\/colegioarquitectos.com\/noticias\/#\/schema\/person\/b6c7e912cd1283c089114093ed09741f\",\"name\":\"Gabriel Salgado S.\",\"url\":\"https:\/\/colegioarquitectos.com\/noticias\/?author=1\"}]}<\/script>\n<!-- \/ Yoast SEO plugin. -->","yoast_head_json":{"title":"5\u00ba Congreso de Infraestructura Hospitalaria: \u201cHospital del Futuro\u201d \u2013 Patrocinado por Colegio de Arquitectos de Chile - COLEGIO DE ARQUITECTOS DE CHILE","robots":{"index":"index","follow":"follow","max-snippet":"max-snippet:-1","max-image-preview":"max-image-preview:large","max-video-preview":"max-video-preview:-1"},"canonical":"https:\/\/colegioarquitectos.com\/noticias\/?p=1378","og_locale":"es_ES","og_type":"article","og_title":"5\u00ba Congreso de Infraestructura Hospitalaria: \u201cHospital del Futuro\u201d \u2013 Patrocinado por Colegio de Arquitectos de Chile - COLEGIO DE ARQUITECTOS DE CHILE","og_description":"08, 09 y 10 de agosto de 2012. Centro de Eventos Club Manquehue, Av. Vitacura 5841 Presentaci\u00f3n En la sociedad del futuro, la Salud y el Bienestar representaran un buen porcentaje de la actividad econ\u00f3mica de un pa\u00eds. La esperanza &hellip; ver m\u00e1s","og_url":"https:\/\/colegioarquitectos.com\/noticias\/?p=1378","og_site_name":"COLEGIO DE ARQUITECTOS DE CHILE","article_publisher":"https:\/\/facebook.com\/Colegioarq\/","article_published_time":"2012-06-29T13:50:30+00:00","article_modified_time":"2012-07-06T17:09:27+00:00","author":"Gabriel Salgado S.","twitter_card":"summary_large_image","twitter_creator":"@colegioarq","twitter_site":"@colegioarq","twitter_misc":{"Escrito por":"Gabriel Salgado S.","Tiempo de lectura":"2 minutos"},"schema":{"@context":"https:\/\/schema.org","@graph":[{"@type":"Article","@id":"https:\/\/colegioarquitectos.com\/noticias\/?p=1378#article","isPartOf":{"@id":"https:\/\/colegioarquitectos.com\/noticias\/?p=1378"},"author":{"name":"Gabriel Salgado S.","@id":"https:\/\/colegioarquitectos.com\/noticias\/#\/schema\/person\/b6c7e912cd1283c089114093ed09741f"},"headline":"5\u00ba Congreso de Infraestructura Hospitalaria: \u201cHospital del Futuro\u201d \u2013 Patrocinado por Colegio de Arquitectos de Chile","datePublished":"2012-06-29T13:50:30+00:00","dateModified":"2012-07-06T17:09:27+00:00","mainEntityOfPage":{"@id":"https:\/\/colegioarquitectos.com\/noticias\/?p=1378"},"wordCount":439,"commentCount":0,"publisher":{"@id":"https:\/\/colegioarquitectos.com\/noticias\/#organization"},"articleSection":["Actividades","Colegio","Ferias \/ Congresos"],"inLanguage":"es","potentialAction":[{"@type":"CommentAction","name":"Comment","target":["https:\/\/colegioarquitectos.com\/noticias\/?p=1378#respond"]}]},{"@type":"WebPage","@id":"https:\/\/colegioarquitectos.com\/noticias\/?p=1378","url":"https:\/\/colegioarquitectos.com\/noticias\/?p=1378","name":"5\u00ba Congreso de Infraestructura Hospitalaria: \u201cHospital del Futuro\u201d \u2013 Patrocinado por Colegio de Arquitectos de Chile - COLEGIO DE ARQUITECTOS DE CHILE","isPartOf":{"@id":"https:\/\/colegioarquitectos.com\/noticias\/#website"},"datePublished":"2012-06-29T13:50:30+00:00","dateModified":"2012-07-06T17:09:27+00:00","breadcrumb":{"@id":"https:\/\/colegioarquitectos.com\/noticias\/?p=1378#breadcrumb"},"inLanguage":"es","potentialAction":[{"@type":"ReadAction","target":["https:\/\/colegioarquitectos.com\/noticias\/?p=1378"]}]},{"@type":"BreadcrumbList","@id":"https:\/\/colegioarquitectos.com\/noticias\/?p=1378#breadcrumb","itemListElement":[{"@type":"ListItem","position":1,"name":"Portada","item":"https:\/\/colegioarquitectos.com\/noticias"},{"@type":"ListItem","position":2,"name":"5\u00ba Congreso de Infraestructura Hospitalaria: \u201cHospital del Futuro\u201d \u2013 Patrocinado por Colegio de Arquitectos de Chile"}]},{"@type":"WebSite","@id":"https:\/\/colegioarquitectos.com\/noticias\/#website","url":"https:\/\/colegioarquitectos.com\/noticias\/","name":"COLEGIO DE ARQUITECTOS DE CHILE","description":"","publisher":{"@id":"https:\/\/colegioarquitectos.com\/noticias\/#organization"},"potentialAction":[{"@type":"SearchAction","target":{"@type":"EntryPoint","urlTemplate":"https:\/\/colegioarquitectos.com\/noticias\/?s={search_term_string}"},"query-input":{"@type":"PropertyValueSpecification","valueRequired":true,"valueName":"search_term_string"}}],"inLanguage":"es"},{"@type":"Organization","@id":"https:\/\/colegioarquitectos.com\/noticias\/#organization","name":"COLEGIO DE ARQUITECTOS DE CHILE","url":"https:\/\/colegioarquitectos.com\/noticias\/","logo":{"@type":"ImageObject","inLanguage":"es","@id":"https:\/\/colegioarquitectos.com\/noticias\/#\/schema\/logo\/image\/","url":"https:\/\/colegioarquitectos.com\/noticias\/wp-content\/uploads\/2021\/05\/ENCABEZADO-LOGO-CA.jpg","contentUrl":"https:\/\/colegioarquitectos.com\/noticias\/wp-content\/uploads\/2021\/05\/ENCABEZADO-LOGO-CA.jpg","width":690,"height":350,"caption":"COLEGIO DE ARQUITECTOS DE CHILE"},"image":{"@id":"https:\/\/colegioarquitectos.com\/noticias\/#\/schema\/logo\/image\/"},"sameAs":["https:\/\/facebook.com\/Colegioarq\/","https:\/\/x.com\/colegioarq","https:\/\/instagram.com\/colegioarq","https:\/\/youtube.com\/@ColegiodeArquitectosdeChile"]},{"@type":"Person","@id":"https:\/\/colegioarquitectos.com\/noticias\/#\/schema\/person\/b6c7e912cd1283c089114093ed09741f","name":"Gabriel Salgado S.","url":"https:\/\/colegioarquitectos.com\/noticias\/?author=1"}]}},"_links":{"self":[{"href":"https:\/\/colegioarquitectos.com\/noticias\/index.php?rest_route=\/wp\/v2\/posts\/1378","targetHints":{"allow":["GET"]}}],"collection":[{"href":"https:\/\/colegioarquitectos.com\/noticias\/index.php?rest_route=\/wp\/v2\/posts"}],"about":[{"href":"https:\/\/colegioarquitectos.com\/noticias\/index.php?rest_route=\/wp\/v2\/types\/post"}],"author":[{"embeddable":true,"href":"https:\/\/colegioarquitectos.com\/noticias\/index.php?rest_route=\/wp\/v2\/users\/1"}],"replies":[{"embeddable":true,"href":"https:\/\/colegioarquitectos.com\/noticias\/index.php?rest_route=%2Fwp%2Fv2%2Fcomments&post=1378"}],"version-history":[{"count":0,"href":"https:\/\/colegioarquitectos.com\/noticias\/index.php?rest_route=\/wp\/v2\/posts\/1378\/revisions"}],"wp:attachment":[{"href":"https:\/\/colegioarquitectos.com\/noticias\/index.php?rest_route=%2Fwp%2Fv2%2Fmedia&parent=1378"}],"wp:term":[{"taxonomy":"category","embeddable":true,"href":"https:\/\/colegioarquitectos.com\/noticias\/index.php?rest_route=%2Fwp%2Fv2%2Fcategories&post=1378"},{"taxonomy":"post_tag","embeddable":true,"href":"https:\/\/colegioarquitectos.com\/noticias\/index.php?rest_route=%2Fwp%2Fv2%2Ftags&post=1378"}],"curies":[{"name":"wp","href":"https:\/\/api.w.org\/{rel}","templated":true}]}}