
{"id":138,"date":"2012-01-03T10:00:37","date_gmt":"2012-01-03T10:00:37","guid":{"rendered":"http:\/\/colegioarquitectos.com\/noticias\/?p=138"},"modified":"2012-01-20T13:47:15","modified_gmt":"2012-01-20T13:47:15","slug":"fallecimiento-arquitecto-ignacio-santa-maria-santa-cruz-ica-704-premio-nacional-de-urbanismo-1998","status":"publish","type":"post","link":"https:\/\/colegioarquitectos.com\/noticias\/?p=138","title":{"rendered":"FALLECIMIENTO ARQUITECTO IGNACIO SANTA MARIA SANTA CRUZ (ICA 704) \u2013 PREMIO NACIONAL DE URBANISMO 1998"},"content":{"rendered":"<p style=\"text-align: center;\"><strong>El Directorio Nacional del Colegio de Arquitectos de Chile hace extensivas sus condolencias por el sensible fallecimiento del Arquitecto Ignacio Santa Mar\u00eda Santa Cruz (ICA 704), miembro reconocido de la Orden, y que fuera destacado en 1998 con el Premio Nacional de Urbanismo, cuyo fin es reconocer la trayectoria de arquitectos y otros profesionales chilenos que se hayan destacado por su excelencia, creatividad y aporte trascendente a la calidad de vida de los habitantes de las ciudades de nuestro pa\u00eds.<\/strong><\/p>\n<h2 style=\"text-align: justify;\"><\/h2>\n<h2 style=\"text-align: justify;\"><\/h2>\n<p>&nbsp;<\/p>\n<h5 style=\"text-align: center;\"><strong>PREMIO NACIONAL DE URBANISMO 1998: IGNACIO SANTA MARIA<\/strong><\/h5>\n<h5 style=\"text-align: center;\"><strong><span style=\"color: #000080;\"><em>Por Arquitecto V\u00edctor Gubbins B.<\/em><\/span><\/strong><\/h5>\n<h2 style=\"text-align: justify;\"><em>\u00a0<\/em><\/h2>\n<p style=\"text-align: justify;\">El Premio Nacional de Urbanismo fue creado por el Ministerio de Vivienda y Urbanismo en 1996, y otorgado por vez primera ese a\u00f1o al arquitecto Juan Parrocchia, titulado en la Universidad de Chile.<\/p>\n<p style=\"text-align: justify;\">En conformidad al reciente fallo consensual del Jurado compuesto por personalidades representando a instituciones nacionales vinculadas al tema, el Premio Nacional de Urbanismo 1998 ha sido otorgado por el Ministerio de Vivienda y Urbanismo al arquitecto Ignacio Santa Mar\u00eda Santa Cruz, profesional titulado en la Pontificia Universidad Cat\u00f3lica de Chile y quien se ha caracterizado por una trayectoria dedicada a los temas territoriales y urbanos, cubriendo \u00e1reas de docencia, proyectos y obras, extensi\u00f3n y difusi\u00f3n.<\/p>\n<p style=\"text-align: justify;\">En materia docente, el arq. Santa Mar\u00eda exhibe cincuenta y seis a\u00f1os de experiencia a nivel universitario, de pre y postgrado, la cual inicialmente se centr\u00f3 en la Pontificia Universidad Cat\u00f3lica de Chile, tanto en la Escuela de Arquitectura como en el Instituto de Estudios Urbanos, ampli\u00e1ndose con el tiempo a otras instituciones de educaci\u00f3n superior nacionales y extranjeras.<\/p>\n<p style=\"text-align: justify;\">Entre las primeras destacan la Universidad de Chile en Santiago y Valpara\u00edso; la Universidad del Norte; la Universidad Austral; la Universidad T\u00e9cnica del Estado; las Universidades del Pac\u00edfico y de Vi\u00f1a del Mar y en los \u00faltimos a\u00f1os en las Universidades Finis Terrae y Andr\u00e9s Bello.<\/p>\n<p style=\"text-align: justify;\">Entre las segundas y en calidad de profesor invitado, su curriculum incluye a la U. Nacional de Colombia; la U. Central de Quito; la U. Federal de Pernambuco; la U. de la Sorbonne; la U. T\u00e9chnologique de Compi\u00e8gne y varias universidades canadienses de acuerdo a la Beca Canadian Council.<\/p>\n<p style=\"text-align: justify;\">Como docente y a lo largo de su trayectoria acad\u00e9mica, el arq. Santa Mar\u00eda, ha demostrado una gran capacidad para transmitir a sus alumnos la trascendencia que reviste el tema urbano en particular y los aspectos del territorio en general, esto \u00faltimo, muy vinculado a la escuela francesa de Ordenamiento Territorial y Urbanismo.<\/p>\n<p style=\"text-align: justify;\">Asimismo, ha sido incansable en transmitir esa importancia a las autoridades y opini\u00f3n p\u00fablica, denunciando vac\u00edos y falencias en el \u00e1mbito urbano, as\u00ed como la conveniencia de insertar los problemas de vivienda, equipamiento, vialidad y transporte en una visi\u00f3n global y comprensiva de la ciudad como un todo, analiz\u00e1ndola tanto en su complejidad, como en su vinculaci\u00f3n con el desarrollo nacional.<\/p>\n<p style=\"text-align: justify;\">Un ejemplo de esta actitud, es la cantidad de art\u00edculos publicados en la prensa y en revistas especializadas, as\u00ed como su alta participaci\u00f3n en seminarios y comisiones de trabajo relativos a la tem\u00e1tica.<\/p>\n<p style=\"text-align: justify;\">En el campo de las propuestas urbanas y en el ejercicio privado de su profesi\u00f3n, le ha correspondido desde el a\u00f1o 1955, llevar adelante varias decenas de planes reguladores, planes regionales de desarrollo, planes seccionales, planes de localizaci\u00f3n industrial y proyectos de remodelaci\u00f3n urbana.<\/p>\n<p style=\"text-align: justify;\">Entre estos \u00faltimos conviene destacar en la d\u00e9cada del sesenta, los proyectos de Remodelaci\u00f3n de Santa Ana \u2013 ubicada en calles Rosas y Riquelme \u2013 y Remodelaci\u00f3n San Jos\u00e9 \u2013 ubicada en calles Moneda, A. Barroso, Agustinas y Riquelme -, ambas iniciativas pioneras en la recuperaci\u00f3n habitacional del casco antiguo de Santiago Poniente, dentro de una escala apropiada con el barrio tradicional.<\/p>\n<p style=\"text-align: justify;\">Complementando estas actividades, debemos mencionar su participaci\u00f3n activa en instituciones y sociedades nacionales y extranjeras vinculadas con el tema, ya sea en su organizaci\u00f3n como en seminarios y encuentros, tales como el Colegio de Arquitectos de Chile; Sociedad Chilena de Planificaci\u00f3n; Sociedad Interamericana de Planificaci\u00f3n; AID; PNUD-OIT; PNUMA-CEPAL y HABITAT-ONU.<\/p>\n<p style=\"text-align: justify;\">Finalmente, no podemos dejar de mencionar sus cualidades de animador de iniciativas de bien p\u00fablico; su personal y permanente entusiasmo; su plena vigencia en denunciar y exponer temas de frontera en el campo del urbanismo; su amplitud de visi\u00f3n enriquecida con aproximaciones certeras en materias como historia del urbanismo, regionalizaci\u00f3n, pobreza urbana, normativa e instrumentos de planificaci\u00f3n.<\/p>\n<p style=\"text-align: justify;\">A lo largo de su ejercicio profesional, ha sido un formador en la docencia y en la conciencia p\u00fablica, con mucho esfuerzo personal, m\u00e1s all\u00e1 a\u00fan de las instituciones a las cuales en esos momentos haya pertenecido.<\/p>\n<p style=\"text-align: justify;\">Por lo tanto, con fundados merecimientos el Ministerio de Vivienda y Urbanismo, concede este a\u00f1o 1998, el Premio de Urbanismo al arquitecto Ignacio Santa Mar\u00eda Santa Cruz.<\/p>\n<p style=\"text-align: justify;\">\n<p style=\"text-align: justify;\"><a href=\"http:\/\/colegioarquitectos.com\/noticias\/wp-content\/uploads\/2012\/01\/fac-arq-unab.jpg\"><img loading=\"lazy\" decoding=\"async\" class=\"alignnone size-full wp-image-332\" title=\"fac arq unab\" src=\"http:\/\/colegioarquitectos.com\/noticias\/wp-content\/uploads\/2012\/01\/fac-arq-unab.jpg\" alt=\"\" width=\"430\" height=\"286\" srcset=\"https:\/\/colegioarquitectos.com\/noticias\/wp-content\/uploads\/2012\/01\/fac-arq-unab.jpg 430w, https:\/\/colegioarquitectos.com\/noticias\/wp-content\/uploads\/2012\/01\/fac-arq-unab-300x199.jpg 300w\" sizes=\"auto, (max-width: 430px) 100vw, 430px\" \/><\/a><\/p>\n<p style=\"text-align: justify;\"><em><strong>Fuente Imagen: Facultad de Arquitectura, Arte y Dise\u00f1o UNAB<\/strong><\/em><\/p>\n<p><\/p>","protected":false},"excerpt":{"rendered":"<p>El Directorio Nacional del Colegio de Arquitectos de Chile hace extensivas sus condolencias por el sensible fallecimiento del Arquitecto Ignacio Santa Mar\u00eda Santa Cruz (ICA 704), miembro reconocido de la Orden, y que fuera destacado en 1998 con el Premio &hellip; <a class=\"more-link\" href=\"https:\/\/colegioarquitectos.com\/noticias\/?p=138\">ver m\u00e1s<\/a><\/p>","protected":false},"author":1,"featured_media":0,"comment_status":"open","ping_status":"open","sticky":false,"template":"","format":"standard","meta":{"footnotes":""},"categories":[8,3],"tags":[],"class_list":["post-138","post","type-post","status-publish","format-standard","hentry","category-colegio-de-arquitectos","category-noticias"],"yoast_head":"<!-- This site is optimized with the Yoast SEO plugin v24.2 - https:\/\/yoast.com\/wordpress\/plugins\/seo\/ -->\n<title>FALLECIMIENTO ARQUITECTO IGNACIO SANTA MARIA SANTA CRUZ (ICA 704) \u2013 PREMIO NACIONAL DE URBANISMO 1998 - COLEGIO DE ARQUITECTOS DE CHILE<\/title>\n<meta name=\"robots\" content=\"index, follow, max-snippet:-1, max-image-preview:large, max-video-preview:-1\" \/>\n<link rel=\"canonical\" href=\"https:\/\/colegioarquitectos.com\/noticias\/?p=138\" \/>\n<meta property=\"og:locale\" content=\"es_ES\" \/>\n<meta property=\"og:type\" content=\"article\" \/>\n<meta property=\"og:title\" content=\"FALLECIMIENTO ARQUITECTO IGNACIO SANTA MARIA SANTA CRUZ (ICA 704) \u2013 PREMIO NACIONAL DE URBANISMO 1998 - COLEGIO DE ARQUITECTOS DE CHILE\" \/>\n<meta property=\"og:description\" content=\"El Directorio Nacional del Colegio de Arquitectos de Chile hace extensivas sus condolencias por el sensible fallecimiento del Arquitecto Ignacio Santa Mar\u00eda Santa Cruz (ICA 704), miembro reconocido de la Orden, y que fuera destacado en 1998 con el Premio &hellip; ver m\u00e1s\" \/>\n<meta property=\"og:url\" content=\"https:\/\/colegioarquitectos.com\/noticias\/?p=138\" \/>\n<meta property=\"og:site_name\" content=\"COLEGIO DE ARQUITECTOS DE CHILE\" \/>\n<meta property=\"article:publisher\" content=\"https:\/\/facebook.com\/Colegioarq\/\" \/>\n<meta property=\"article:published_time\" content=\"2012-01-03T10:00:37+00:00\" \/>\n<meta property=\"article:modified_time\" content=\"2012-01-20T13:47:15+00:00\" \/>\n<meta property=\"og:image\" content=\"http:\/\/colegioarquitectos.com\/noticias\/wp-content\/uploads\/2012\/01\/fac-arq-unab.jpg\" \/>\n<meta name=\"author\" content=\"Gabriel Salgado S.\" \/>\n<meta name=\"twitter:card\" content=\"summary_large_image\" \/>\n<meta name=\"twitter:creator\" content=\"@colegioarq\" \/>\n<meta name=\"twitter:site\" content=\"@colegioarq\" \/>\n<meta name=\"twitter:label1\" content=\"Escrito por\" \/>\n\t<meta name=\"twitter:data1\" content=\"Gabriel Salgado S.\" \/>\n\t<meta name=\"twitter:label2\" content=\"Tiempo de lectura\" \/>\n\t<meta name=\"twitter:data2\" content=\"4 minutos\" \/>\n<script type=\"application\/ld+json\" class=\"yoast-schema-graph\">{\"@context\":\"https:\/\/schema.org\",\"@graph\":[{\"@type\":\"Article\",\"@id\":\"https:\/\/colegioarquitectos.com\/noticias\/?p=138#article\",\"isPartOf\":{\"@id\":\"https:\/\/colegioarquitectos.com\/noticias\/?p=138\"},\"author\":{\"name\":\"Gabriel Salgado S.\",\"@id\":\"https:\/\/colegioarquitectos.com\/noticias\/#\/schema\/person\/b6c7e912cd1283c089114093ed09741f\"},\"headline\":\"FALLECIMIENTO ARQUITECTO IGNACIO SANTA MARIA SANTA CRUZ (ICA 704) \u2013 PREMIO NACIONAL DE URBANISMO 1998\",\"datePublished\":\"2012-01-03T10:00:37+00:00\",\"dateModified\":\"2012-01-20T13:47:15+00:00\",\"mainEntityOfPage\":{\"@id\":\"https:\/\/colegioarquitectos.com\/noticias\/?p=138\"},\"wordCount\":845,\"commentCount\":10,\"publisher\":{\"@id\":\"https:\/\/colegioarquitectos.com\/noticias\/#organization\"},\"image\":{\"@id\":\"https:\/\/colegioarquitectos.com\/noticias\/?p=138#primaryimage\"},\"thumbnailUrl\":\"http:\/\/colegioarquitectos.com\/noticias\/wp-content\/uploads\/2012\/01\/fac-arq-unab.jpg\",\"articleSection\":[\"Colegio\",\"Noticias\"],\"inLanguage\":\"es\",\"potentialAction\":[{\"@type\":\"CommentAction\",\"name\":\"Comment\",\"target\":[\"https:\/\/colegioarquitectos.com\/noticias\/?p=138#respond\"]}]},{\"@type\":\"WebPage\",\"@id\":\"https:\/\/colegioarquitectos.com\/noticias\/?p=138\",\"url\":\"https:\/\/colegioarquitectos.com\/noticias\/?p=138\",\"name\":\"FALLECIMIENTO ARQUITECTO IGNACIO SANTA MARIA SANTA CRUZ (ICA 704) \u2013 PREMIO NACIONAL DE URBANISMO 1998 - COLEGIO DE ARQUITECTOS DE CHILE\",\"isPartOf\":{\"@id\":\"https:\/\/colegioarquitectos.com\/noticias\/#website\"},\"primaryImageOfPage\":{\"@id\":\"https:\/\/colegioarquitectos.com\/noticias\/?p=138#primaryimage\"},\"image\":{\"@id\":\"https:\/\/colegioarquitectos.com\/noticias\/?p=138#primaryimage\"},\"thumbnailUrl\":\"http:\/\/colegioarquitectos.com\/noticias\/wp-content\/uploads\/2012\/01\/fac-arq-unab.jpg\",\"datePublished\":\"2012-01-03T10:00:37+00:00\",\"dateModified\":\"2012-01-20T13:47:15+00:00\",\"breadcrumb\":{\"@id\":\"https:\/\/colegioarquitectos.com\/noticias\/?p=138#breadcrumb\"},\"inLanguage\":\"es\",\"potentialAction\":[{\"@type\":\"ReadAction\",\"target\":[\"https:\/\/colegioarquitectos.com\/noticias\/?p=138\"]}]},{\"@type\":\"ImageObject\",\"inLanguage\":\"es\",\"@id\":\"https:\/\/colegioarquitectos.com\/noticias\/?p=138#primaryimage\",\"url\":\"http:\/\/colegioarquitectos.com\/noticias\/wp-content\/uploads\/2012\/01\/fac-arq-unab.jpg\",\"contentUrl\":\"http:\/\/colegioarquitectos.com\/noticias\/wp-content\/uploads\/2012\/01\/fac-arq-unab.jpg\"},{\"@type\":\"BreadcrumbList\",\"@id\":\"https:\/\/colegioarquitectos.com\/noticias\/?p=138#breadcrumb\",\"itemListElement\":[{\"@type\":\"ListItem\",\"position\":1,\"name\":\"Portada\",\"item\":\"https:\/\/colegioarquitectos.com\/noticias\"},{\"@type\":\"ListItem\",\"position\":2,\"name\":\"FALLECIMIENTO ARQUITECTO IGNACIO SANTA MARIA SANTA CRUZ (ICA 704) \u2013 PREMIO NACIONAL DE URBANISMO 1998\"}]},{\"@type\":\"WebSite\",\"@id\":\"https:\/\/colegioarquitectos.com\/noticias\/#website\",\"url\":\"https:\/\/colegioarquitectos.com\/noticias\/\",\"name\":\"COLEGIO DE ARQUITECTOS DE CHILE\",\"description\":\"\",\"publisher\":{\"@id\":\"https:\/\/colegioarquitectos.com\/noticias\/#organization\"},\"potentialAction\":[{\"@type\":\"SearchAction\",\"target\":{\"@type\":\"EntryPoint\",\"urlTemplate\":\"https:\/\/colegioarquitectos.com\/noticias\/?s={search_term_string}\"},\"query-input\":{\"@type\":\"PropertyValueSpecification\",\"valueRequired\":true,\"valueName\":\"search_term_string\"}}],\"inLanguage\":\"es\"},{\"@type\":\"Organization\",\"@id\":\"https:\/\/colegioarquitectos.com\/noticias\/#organization\",\"name\":\"COLEGIO DE ARQUITECTOS DE CHILE\",\"url\":\"https:\/\/colegioarquitectos.com\/noticias\/\",\"logo\":{\"@type\":\"ImageObject\",\"inLanguage\":\"es\",\"@id\":\"https:\/\/colegioarquitectos.com\/noticias\/#\/schema\/logo\/image\/\",\"url\":\"https:\/\/colegioarquitectos.com\/noticias\/wp-content\/uploads\/2021\/05\/ENCABEZADO-LOGO-CA.jpg\",\"contentUrl\":\"https:\/\/colegioarquitectos.com\/noticias\/wp-content\/uploads\/2021\/05\/ENCABEZADO-LOGO-CA.jpg\",\"width\":690,\"height\":350,\"caption\":\"COLEGIO DE ARQUITECTOS DE CHILE\"},\"image\":{\"@id\":\"https:\/\/colegioarquitectos.com\/noticias\/#\/schema\/logo\/image\/\"},\"sameAs\":[\"https:\/\/facebook.com\/Colegioarq\/\",\"https:\/\/x.com\/colegioarq\",\"https:\/\/instagram.com\/colegioarq\",\"https:\/\/youtube.com\/@ColegiodeArquitectosdeChile\"]},{\"@type\":\"Person\",\"@id\":\"https:\/\/colegioarquitectos.com\/noticias\/#\/schema\/person\/b6c7e912cd1283c089114093ed09741f\",\"name\":\"Gabriel Salgado S.\",\"url\":\"https:\/\/colegioarquitectos.com\/noticias\/?author=1\"}]}<\/script>\n<!-- \/ Yoast SEO plugin. -->","yoast_head_json":{"title":"FALLECIMIENTO ARQUITECTO IGNACIO SANTA MARIA SANTA CRUZ (ICA 704) \u2013 PREMIO NACIONAL DE URBANISMO 1998 - COLEGIO DE ARQUITECTOS DE CHILE","robots":{"index":"index","follow":"follow","max-snippet":"max-snippet:-1","max-image-preview":"max-image-preview:large","max-video-preview":"max-video-preview:-1"},"canonical":"https:\/\/colegioarquitectos.com\/noticias\/?p=138","og_locale":"es_ES","og_type":"article","og_title":"FALLECIMIENTO ARQUITECTO IGNACIO SANTA MARIA SANTA CRUZ (ICA 704) \u2013 PREMIO NACIONAL DE URBANISMO 1998 - COLEGIO DE ARQUITECTOS DE CHILE","og_description":"El Directorio Nacional del Colegio de Arquitectos de Chile hace extensivas sus condolencias por el sensible fallecimiento del Arquitecto Ignacio Santa Mar\u00eda Santa Cruz (ICA 704), miembro reconocido de la Orden, y que fuera destacado en 1998 con el Premio &hellip; ver m\u00e1s","og_url":"https:\/\/colegioarquitectos.com\/noticias\/?p=138","og_site_name":"COLEGIO DE ARQUITECTOS DE CHILE","article_publisher":"https:\/\/facebook.com\/Colegioarq\/","article_published_time":"2012-01-03T10:00:37+00:00","article_modified_time":"2012-01-20T13:47:15+00:00","og_image":[{"url":"http:\/\/colegioarquitectos.com\/noticias\/wp-content\/uploads\/2012\/01\/fac-arq-unab.jpg","type":"","width":"","height":""}],"author":"Gabriel Salgado S.","twitter_card":"summary_large_image","twitter_creator":"@colegioarq","twitter_site":"@colegioarq","twitter_misc":{"Escrito por":"Gabriel Salgado S.","Tiempo de lectura":"4 minutos"},"schema":{"@context":"https:\/\/schema.org","@graph":[{"@type":"Article","@id":"https:\/\/colegioarquitectos.com\/noticias\/?p=138#article","isPartOf":{"@id":"https:\/\/colegioarquitectos.com\/noticias\/?p=138"},"author":{"name":"Gabriel Salgado S.","@id":"https:\/\/colegioarquitectos.com\/noticias\/#\/schema\/person\/b6c7e912cd1283c089114093ed09741f"},"headline":"FALLECIMIENTO ARQUITECTO IGNACIO SANTA MARIA SANTA CRUZ (ICA 704) \u2013 PREMIO NACIONAL DE URBANISMO 1998","datePublished":"2012-01-03T10:00:37+00:00","dateModified":"2012-01-20T13:47:15+00:00","mainEntityOfPage":{"@id":"https:\/\/colegioarquitectos.com\/noticias\/?p=138"},"wordCount":845,"commentCount":10,"publisher":{"@id":"https:\/\/colegioarquitectos.com\/noticias\/#organization"},"image":{"@id":"https:\/\/colegioarquitectos.com\/noticias\/?p=138#primaryimage"},"thumbnailUrl":"http:\/\/colegioarquitectos.com\/noticias\/wp-content\/uploads\/2012\/01\/fac-arq-unab.jpg","articleSection":["Colegio","Noticias"],"inLanguage":"es","potentialAction":[{"@type":"CommentAction","name":"Comment","target":["https:\/\/colegioarquitectos.com\/noticias\/?p=138#respond"]}]},{"@type":"WebPage","@id":"https:\/\/colegioarquitectos.com\/noticias\/?p=138","url":"https:\/\/colegioarquitectos.com\/noticias\/?p=138","name":"FALLECIMIENTO ARQUITECTO IGNACIO SANTA MARIA SANTA CRUZ (ICA 704) \u2013 PREMIO NACIONAL DE URBANISMO 1998 - COLEGIO DE ARQUITECTOS DE CHILE","isPartOf":{"@id":"https:\/\/colegioarquitectos.com\/noticias\/#website"},"primaryImageOfPage":{"@id":"https:\/\/colegioarquitectos.com\/noticias\/?p=138#primaryimage"},"image":{"@id":"https:\/\/colegioarquitectos.com\/noticias\/?p=138#primaryimage"},"thumbnailUrl":"http:\/\/colegioarquitectos.com\/noticias\/wp-content\/uploads\/2012\/01\/fac-arq-unab.jpg","datePublished":"2012-01-03T10:00:37+00:00","dateModified":"2012-01-20T13:47:15+00:00","breadcrumb":{"@id":"https:\/\/colegioarquitectos.com\/noticias\/?p=138#breadcrumb"},"inLanguage":"es","potentialAction":[{"@type":"ReadAction","target":["https:\/\/colegioarquitectos.com\/noticias\/?p=138"]}]},{"@type":"ImageObject","inLanguage":"es","@id":"https:\/\/colegioarquitectos.com\/noticias\/?p=138#primaryimage","url":"http:\/\/colegioarquitectos.com\/noticias\/wp-content\/uploads\/2012\/01\/fac-arq-unab.jpg","contentUrl":"http:\/\/colegioarquitectos.com\/noticias\/wp-content\/uploads\/2012\/01\/fac-arq-unab.jpg"},{"@type":"BreadcrumbList","@id":"https:\/\/colegioarquitectos.com\/noticias\/?p=138#breadcrumb","itemListElement":[{"@type":"ListItem","position":1,"name":"Portada","item":"https:\/\/colegioarquitectos.com\/noticias"},{"@type":"ListItem","position":2,"name":"FALLECIMIENTO ARQUITECTO IGNACIO SANTA MARIA SANTA CRUZ (ICA 704) \u2013 PREMIO NACIONAL DE URBANISMO 1998"}]},{"@type":"WebSite","@id":"https:\/\/colegioarquitectos.com\/noticias\/#website","url":"https:\/\/colegioarquitectos.com\/noticias\/","name":"COLEGIO DE ARQUITECTOS DE CHILE","description":"","publisher":{"@id":"https:\/\/colegioarquitectos.com\/noticias\/#organization"},"potentialAction":[{"@type":"SearchAction","target":{"@type":"EntryPoint","urlTemplate":"https:\/\/colegioarquitectos.com\/noticias\/?s={search_term_string}"},"query-input":{"@type":"PropertyValueSpecification","valueRequired":true,"valueName":"search_term_string"}}],"inLanguage":"es"},{"@type":"Organization","@id":"https:\/\/colegioarquitectos.com\/noticias\/#organization","name":"COLEGIO DE ARQUITECTOS DE CHILE","url":"https:\/\/colegioarquitectos.com\/noticias\/","logo":{"@type":"ImageObject","inLanguage":"es","@id":"https:\/\/colegioarquitectos.com\/noticias\/#\/schema\/logo\/image\/","url":"https:\/\/colegioarquitectos.com\/noticias\/wp-content\/uploads\/2021\/05\/ENCABEZADO-LOGO-CA.jpg","contentUrl":"https:\/\/colegioarquitectos.com\/noticias\/wp-content\/uploads\/2021\/05\/ENCABEZADO-LOGO-CA.jpg","width":690,"height":350,"caption":"COLEGIO DE ARQUITECTOS DE CHILE"},"image":{"@id":"https:\/\/colegioarquitectos.com\/noticias\/#\/schema\/logo\/image\/"},"sameAs":["https:\/\/facebook.com\/Colegioarq\/","https:\/\/x.com\/colegioarq","https:\/\/instagram.com\/colegioarq","https:\/\/youtube.com\/@ColegiodeArquitectosdeChile"]},{"@type":"Person","@id":"https:\/\/colegioarquitectos.com\/noticias\/#\/schema\/person\/b6c7e912cd1283c089114093ed09741f","name":"Gabriel Salgado S.","url":"https:\/\/colegioarquitectos.com\/noticias\/?author=1"}]}},"_links":{"self":[{"href":"https:\/\/colegioarquitectos.com\/noticias\/index.php?rest_route=\/wp\/v2\/posts\/138","targetHints":{"allow":["GET"]}}],"collection":[{"href":"https:\/\/colegioarquitectos.com\/noticias\/index.php?rest_route=\/wp\/v2\/posts"}],"about":[{"href":"https:\/\/colegioarquitectos.com\/noticias\/index.php?rest_route=\/wp\/v2\/types\/post"}],"author":[{"embeddable":true,"href":"https:\/\/colegioarquitectos.com\/noticias\/index.php?rest_route=\/wp\/v2\/users\/1"}],"replies":[{"embeddable":true,"href":"https:\/\/colegioarquitectos.com\/noticias\/index.php?rest_route=%2Fwp%2Fv2%2Fcomments&post=138"}],"version-history":[{"count":0,"href":"https:\/\/colegioarquitectos.com\/noticias\/index.php?rest_route=\/wp\/v2\/posts\/138\/revisions"}],"wp:attachment":[{"href":"https:\/\/colegioarquitectos.com\/noticias\/index.php?rest_route=%2Fwp%2Fv2%2Fmedia&parent=138"}],"wp:term":[{"taxonomy":"category","embeddable":true,"href":"https:\/\/colegioarquitectos.com\/noticias\/index.php?rest_route=%2Fwp%2Fv2%2Fcategories&post=138"},{"taxonomy":"post_tag","embeddable":true,"href":"https:\/\/colegioarquitectos.com\/noticias\/index.php?rest_route=%2Fwp%2Fv2%2Ftags&post=138"}],"curies":[{"name":"wp","href":"https:\/\/api.w.org\/{rel}","templated":true}]}}