
{"id":1391,"date":"2012-06-29T13:49:04","date_gmt":"2012-06-29T13:49:04","guid":{"rendered":"http:\/\/colegioarquitectos.com\/noticias\/?p=1391"},"modified":"2012-07-13T16:04:05","modified_gmt":"2012-07-13T16:04:05","slug":"aniversario-no-70-colegio-de-arquitectos-de-chile-postulacion-premios-dia-del-arquitecto-2012","status":"publish","type":"post","link":"https:\/\/colegioarquitectos.com\/noticias\/?p=1391","title":{"rendered":"ULTIMO PLAZO Postulaciones Premios D\u00eda del Arquitecto 2012: Mi\u00e9rcoles 11 de julio en Secretar\u00eda Colegio de Arquitectos"},"content":{"rendered":"<p>&nbsp;<\/p>\n<p style=\"text-align: justify;\">El Directorio Nacional\u00a0 del\u00a0 Colegio\u00a0 de\u00a0 Arquitectos acord\u00f3 en su sesi\u00f3n de fecha 28 de Junio, convocar al gremio para la postulaci\u00f3n a los Premios que otorga anualmente la Orden.<\/p>\n<p style=\"text-align: justify;\">Se adjunta el Reglamento de Premios y Distinciones que precisa las condiciones de cada uno de estos premios, que ser\u00e1n entregados en el marco de las celebraciones del D\u00eda del Arquitecto, el d\u00eda Jueves 02 de Agosto del a\u00f1o en curso en el Sal\u00f3n Auditorio de la Fundaci\u00f3n Telef\u00f3nica. Tambi\u00e9n se adjunta la n\u00f3mina de los arquitectos y personas distinguidas con estas distinciones en a\u00f1os anteriores.<\/p>\n<p style=\"text-align: justify;\">Las postulaciones anuales, que se detallan en los art\u00edculos 12 al 18 del Reglamento de Premios que se adjunta,\u00a0 deber\u00e1n ser entregadas en la secretar\u00eda nacional del Colegio, antes del d\u00eda <strong>Mi\u00e9rcoles<\/strong> <strong>11 de Julio pr\u00f3ximo<\/strong>. Una vez recibidas, ser\u00e1n sometidas a la consideraci\u00f3n del Directorio Nacional, quien determinar\u00e1 finalmente el otorgamiento de dichos premios y distinciones.<\/p>\n<p style=\"text-align: justify;\"><strong>JULIO ALEGRIA GREGORIO DE LAS HERAS<\/strong><\/p>\n<p style=\"text-align: justify;\"><strong>Secretario General<\/strong><\/p>\n<p style=\"text-align: justify;\"><strong>Colegio de Arquitectos de Chile<\/strong><\/p>\n<p style=\"text-align: justify;\">&#8212;&#8212;&#8212;&#8212;&#8212;&#8212;&#8212;&#8212;&#8212;&#8212;&#8212;&#8212;&#8212;&#8212;&#8212;&#8212;&#8212;&#8212;&#8212;&#8212;&#8212;&#8212;&#8212;&#8212;&#8212;<\/p>\n<p><strong>Consultas y aclaraciones sobre las postulaciones por favor dirigirse a:<\/strong><\/p>\n<p><span style=\"color: #0000ff;\"><strong><a title=\"mailto:extension@colegioarquitectos.com\" href=\"mailto:extension@colegioarquitectos.com\"><span style=\"color: #0000ff;\">extension@colegioarquitectos.com<\/span><\/a><\/strong><\/span><\/p>\n<p>&#8212;&#8212;&#8212;&#8212;&#8212;&#8212;&#8212;&#8212;&#8212;&#8212;&#8212;&#8212;&#8212;&#8212;&#8212;&#8212;&#8212;&#8212;&#8212;&#8212;&#8212;&#8212;&#8212;&#8212;&#8212;<\/p>\n<p><strong>SE ADJUNTAN:<\/strong><\/p>\n<p><strong><a href=\"http:\/\/colegioarquitectos.com\/noticias\/wp-content\/uploads\/2012\/06\/Regl-Premios-y-Distinciones.pdf\">Regl Premios y Distinciones<\/a><\/strong><\/p>\n<p><strong><a href=\"http:\/\/colegioarquitectos.com\/noticias\/wp-content\/uploads\/2012\/06\/Ficha-postulacion.pdf\">Ficha Postulaci\u00f3n<\/a><\/strong><\/p>\n<p><strong><a href=\"http:\/\/colegioarquitectos.com\/noticias\/wp-content\/uploads\/2012\/06\/Premios-CA-a-2011.pdf\">Premios CA a 2011<\/a><\/strong><\/p>\n<p>&nbsp;<\/p>\n<p>&nbsp;<\/p>\n<p><a href=\"http:\/\/colegioarquitectos.com\/noticias\/wp-content\/uploads\/2012\/06\/Imag.jpg\"><img loading=\"lazy\" decoding=\"async\" class=\"alignnone size-full wp-image-1396\" title=\"Imag\" src=\"http:\/\/colegioarquitectos.com\/noticias\/wp-content\/uploads\/2012\/06\/Imag.jpg\" alt=\"\" width=\"307\" height=\"488\" srcset=\"https:\/\/colegioarquitectos.com\/noticias\/wp-content\/uploads\/2012\/06\/Imag.jpg 307w, https:\/\/colegioarquitectos.com\/noticias\/wp-content\/uploads\/2012\/06\/Imag-188x300.jpg 188w\" sizes=\"auto, (max-width: 307px) 100vw, 307px\" \/><\/a><\/p>\n<p><\/p>","protected":false},"excerpt":{"rendered":"<p>&nbsp; El Directorio Nacional\u00a0 del\u00a0 Colegio\u00a0 de\u00a0 Arquitectos acord\u00f3 en su sesi\u00f3n de fecha 28 de Junio, convocar al gremio para la postulaci\u00f3n a los Premios que otorga anualmente la Orden. Se adjunta el Reglamento de Premios y Distinciones que &hellip; <a class=\"more-link\" href=\"https:\/\/colegioarquitectos.com\/noticias\/?p=1391\">ver m\u00e1s<\/a><\/p>","protected":false},"author":1,"featured_media":0,"comment_status":"open","ping_status":"open","sticky":false,"template":"","format":"standard","meta":{"footnotes":""},"categories":[19,8],"tags":[],"class_list":["post-1391","post","type-post","status-publish","format-standard","hentry","category-actividades","category-colegio-de-arquitectos"],"yoast_head":"<!-- This site is optimized with the Yoast SEO plugin v24.2 - https:\/\/yoast.com\/wordpress\/plugins\/seo\/ -->\n<title>ULTIMO PLAZO Postulaciones Premios D\u00eda del Arquitecto 2012: Mi\u00e9rcoles 11 de julio en Secretar\u00eda Colegio de Arquitectos - COLEGIO DE ARQUITECTOS DE CHILE<\/title>\n<meta name=\"robots\" content=\"index, follow, max-snippet:-1, max-image-preview:large, max-video-preview:-1\" \/>\n<link rel=\"canonical\" href=\"https:\/\/colegioarquitectos.com\/noticias\/?p=1391\" \/>\n<meta property=\"og:locale\" content=\"es_ES\" \/>\n<meta property=\"og:type\" content=\"article\" \/>\n<meta property=\"og:title\" content=\"ULTIMO PLAZO Postulaciones Premios D\u00eda del Arquitecto 2012: Mi\u00e9rcoles 11 de julio en Secretar\u00eda Colegio de Arquitectos - COLEGIO DE ARQUITECTOS DE CHILE\" \/>\n<meta property=\"og:description\" content=\"&nbsp; El Directorio Nacional\u00a0 del\u00a0 Colegio\u00a0 de\u00a0 Arquitectos acord\u00f3 en su sesi\u00f3n de fecha 28 de Junio, convocar al gremio para la postulaci\u00f3n a los Premios que otorga anualmente la Orden. Se adjunta el Reglamento de Premios y Distinciones que &hellip; ver m\u00e1s\" \/>\n<meta property=\"og:url\" content=\"https:\/\/colegioarquitectos.com\/noticias\/?p=1391\" \/>\n<meta property=\"og:site_name\" content=\"COLEGIO DE ARQUITECTOS DE CHILE\" \/>\n<meta property=\"article:publisher\" content=\"https:\/\/facebook.com\/Colegioarq\/\" \/>\n<meta property=\"article:published_time\" content=\"2012-06-29T13:49:04+00:00\" \/>\n<meta property=\"article:modified_time\" content=\"2012-07-13T16:04:05+00:00\" \/>\n<meta property=\"og:image\" content=\"http:\/\/colegioarquitectos.com\/noticias\/wp-content\/uploads\/2012\/06\/Imag.jpg\" \/>\n<meta name=\"author\" content=\"Gabriel Salgado S.\" \/>\n<meta name=\"twitter:card\" content=\"summary_large_image\" \/>\n<meta name=\"twitter:creator\" content=\"@colegioarq\" \/>\n<meta name=\"twitter:site\" content=\"@colegioarq\" \/>\n<meta name=\"twitter:label1\" content=\"Escrito por\" \/>\n\t<meta name=\"twitter:data1\" content=\"Gabriel Salgado S.\" \/>\n\t<meta name=\"twitter:label2\" content=\"Tiempo de lectura\" \/>\n\t<meta name=\"twitter:data2\" content=\"1 minuto\" \/>\n<script type=\"application\/ld+json\" class=\"yoast-schema-graph\">{\"@context\":\"https:\/\/schema.org\",\"@graph\":[{\"@type\":\"Article\",\"@id\":\"https:\/\/colegioarquitectos.com\/noticias\/?p=1391#article\",\"isPartOf\":{\"@id\":\"https:\/\/colegioarquitectos.com\/noticias\/?p=1391\"},\"author\":{\"name\":\"Gabriel Salgado S.\",\"@id\":\"https:\/\/colegioarquitectos.com\/noticias\/#\/schema\/person\/b6c7e912cd1283c089114093ed09741f\"},\"headline\":\"ULTIMO PLAZO Postulaciones Premios D\u00eda del Arquitecto 2012: Mi\u00e9rcoles 11 de julio en Secretar\u00eda Colegio de Arquitectos\",\"datePublished\":\"2012-06-29T13:49:04+00:00\",\"dateModified\":\"2012-07-13T16:04:05+00:00\",\"mainEntityOfPage\":{\"@id\":\"https:\/\/colegioarquitectos.com\/noticias\/?p=1391\"},\"wordCount\":229,\"commentCount\":0,\"publisher\":{\"@id\":\"https:\/\/colegioarquitectos.com\/noticias\/#organization\"},\"image\":{\"@id\":\"https:\/\/colegioarquitectos.com\/noticias\/?p=1391#primaryimage\"},\"thumbnailUrl\":\"http:\/\/colegioarquitectos.com\/noticias\/wp-content\/uploads\/2012\/06\/Imag.jpg\",\"articleSection\":[\"Actividades\",\"Colegio\"],\"inLanguage\":\"es\",\"potentialAction\":[{\"@type\":\"CommentAction\",\"name\":\"Comment\",\"target\":[\"https:\/\/colegioarquitectos.com\/noticias\/?p=1391#respond\"]}]},{\"@type\":\"WebPage\",\"@id\":\"https:\/\/colegioarquitectos.com\/noticias\/?p=1391\",\"url\":\"https:\/\/colegioarquitectos.com\/noticias\/?p=1391\",\"name\":\"ULTIMO PLAZO Postulaciones Premios D\u00eda del Arquitecto 2012: Mi\u00e9rcoles 11 de julio en Secretar\u00eda Colegio de Arquitectos - COLEGIO DE ARQUITECTOS DE CHILE\",\"isPartOf\":{\"@id\":\"https:\/\/colegioarquitectos.com\/noticias\/#website\"},\"primaryImageOfPage\":{\"@id\":\"https:\/\/colegioarquitectos.com\/noticias\/?p=1391#primaryimage\"},\"image\":{\"@id\":\"https:\/\/colegioarquitectos.com\/noticias\/?p=1391#primaryimage\"},\"thumbnailUrl\":\"http:\/\/colegioarquitectos.com\/noticias\/wp-content\/uploads\/2012\/06\/Imag.jpg\",\"datePublished\":\"2012-06-29T13:49:04+00:00\",\"dateModified\":\"2012-07-13T16:04:05+00:00\",\"breadcrumb\":{\"@id\":\"https:\/\/colegioarquitectos.com\/noticias\/?p=1391#breadcrumb\"},\"inLanguage\":\"es\",\"potentialAction\":[{\"@type\":\"ReadAction\",\"target\":[\"https:\/\/colegioarquitectos.com\/noticias\/?p=1391\"]}]},{\"@type\":\"ImageObject\",\"inLanguage\":\"es\",\"@id\":\"https:\/\/colegioarquitectos.com\/noticias\/?p=1391#primaryimage\",\"url\":\"http:\/\/colegioarquitectos.com\/noticias\/wp-content\/uploads\/2012\/06\/Imag.jpg\",\"contentUrl\":\"http:\/\/colegioarquitectos.com\/noticias\/wp-content\/uploads\/2012\/06\/Imag.jpg\"},{\"@type\":\"BreadcrumbList\",\"@id\":\"https:\/\/colegioarquitectos.com\/noticias\/?p=1391#breadcrumb\",\"itemListElement\":[{\"@type\":\"ListItem\",\"position\":1,\"name\":\"Portada\",\"item\":\"https:\/\/colegioarquitectos.com\/noticias\"},{\"@type\":\"ListItem\",\"position\":2,\"name\":\"ULTIMO PLAZO Postulaciones Premios D\u00eda del Arquitecto 2012: Mi\u00e9rcoles 11 de julio en Secretar\u00eda Colegio de Arquitectos\"}]},{\"@type\":\"WebSite\",\"@id\":\"https:\/\/colegioarquitectos.com\/noticias\/#website\",\"url\":\"https:\/\/colegioarquitectos.com\/noticias\/\",\"name\":\"COLEGIO DE ARQUITECTOS DE CHILE\",\"description\":\"\",\"publisher\":{\"@id\":\"https:\/\/colegioarquitectos.com\/noticias\/#organization\"},\"potentialAction\":[{\"@type\":\"SearchAction\",\"target\":{\"@type\":\"EntryPoint\",\"urlTemplate\":\"https:\/\/colegioarquitectos.com\/noticias\/?s={search_term_string}\"},\"query-input\":{\"@type\":\"PropertyValueSpecification\",\"valueRequired\":true,\"valueName\":\"search_term_string\"}}],\"inLanguage\":\"es\"},{\"@type\":\"Organization\",\"@id\":\"https:\/\/colegioarquitectos.com\/noticias\/#organization\",\"name\":\"COLEGIO DE ARQUITECTOS DE CHILE\",\"url\":\"https:\/\/colegioarquitectos.com\/noticias\/\",\"logo\":{\"@type\":\"ImageObject\",\"inLanguage\":\"es\",\"@id\":\"https:\/\/colegioarquitectos.com\/noticias\/#\/schema\/logo\/image\/\",\"url\":\"https:\/\/colegioarquitectos.com\/noticias\/wp-content\/uploads\/2021\/05\/ENCABEZADO-LOGO-CA.jpg\",\"contentUrl\":\"https:\/\/colegioarquitectos.com\/noticias\/wp-content\/uploads\/2021\/05\/ENCABEZADO-LOGO-CA.jpg\",\"width\":690,\"height\":350,\"caption\":\"COLEGIO DE ARQUITECTOS DE CHILE\"},\"image\":{\"@id\":\"https:\/\/colegioarquitectos.com\/noticias\/#\/schema\/logo\/image\/\"},\"sameAs\":[\"https:\/\/facebook.com\/Colegioarq\/\",\"https:\/\/x.com\/colegioarq\",\"https:\/\/instagram.com\/colegioarq\",\"https:\/\/youtube.com\/@ColegiodeArquitectosdeChile\"]},{\"@type\":\"Person\",\"@id\":\"https:\/\/colegioarquitectos.com\/noticias\/#\/schema\/person\/b6c7e912cd1283c089114093ed09741f\",\"name\":\"Gabriel Salgado S.\",\"url\":\"https:\/\/colegioarquitectos.com\/noticias\/?author=1\"}]}<\/script>\n<!-- \/ Yoast SEO plugin. -->","yoast_head_json":{"title":"ULTIMO PLAZO Postulaciones Premios D\u00eda del Arquitecto 2012: Mi\u00e9rcoles 11 de julio en Secretar\u00eda Colegio de Arquitectos - COLEGIO DE ARQUITECTOS DE CHILE","robots":{"index":"index","follow":"follow","max-snippet":"max-snippet:-1","max-image-preview":"max-image-preview:large","max-video-preview":"max-video-preview:-1"},"canonical":"https:\/\/colegioarquitectos.com\/noticias\/?p=1391","og_locale":"es_ES","og_type":"article","og_title":"ULTIMO PLAZO Postulaciones Premios D\u00eda del Arquitecto 2012: Mi\u00e9rcoles 11 de julio en Secretar\u00eda Colegio de Arquitectos - COLEGIO DE ARQUITECTOS DE CHILE","og_description":"&nbsp; El Directorio Nacional\u00a0 del\u00a0 Colegio\u00a0 de\u00a0 Arquitectos acord\u00f3 en su sesi\u00f3n de fecha 28 de Junio, convocar al gremio para la postulaci\u00f3n a los Premios que otorga anualmente la Orden. Se adjunta el Reglamento de Premios y Distinciones que &hellip; ver m\u00e1s","og_url":"https:\/\/colegioarquitectos.com\/noticias\/?p=1391","og_site_name":"COLEGIO DE ARQUITECTOS DE CHILE","article_publisher":"https:\/\/facebook.com\/Colegioarq\/","article_published_time":"2012-06-29T13:49:04+00:00","article_modified_time":"2012-07-13T16:04:05+00:00","og_image":[{"url":"http:\/\/colegioarquitectos.com\/noticias\/wp-content\/uploads\/2012\/06\/Imag.jpg","type":"","width":"","height":""}],"author":"Gabriel Salgado S.","twitter_card":"summary_large_image","twitter_creator":"@colegioarq","twitter_site":"@colegioarq","twitter_misc":{"Escrito por":"Gabriel Salgado S.","Tiempo de lectura":"1 minuto"},"schema":{"@context":"https:\/\/schema.org","@graph":[{"@type":"Article","@id":"https:\/\/colegioarquitectos.com\/noticias\/?p=1391#article","isPartOf":{"@id":"https:\/\/colegioarquitectos.com\/noticias\/?p=1391"},"author":{"name":"Gabriel Salgado S.","@id":"https:\/\/colegioarquitectos.com\/noticias\/#\/schema\/person\/b6c7e912cd1283c089114093ed09741f"},"headline":"ULTIMO PLAZO Postulaciones Premios D\u00eda del Arquitecto 2012: Mi\u00e9rcoles 11 de julio en Secretar\u00eda Colegio de Arquitectos","datePublished":"2012-06-29T13:49:04+00:00","dateModified":"2012-07-13T16:04:05+00:00","mainEntityOfPage":{"@id":"https:\/\/colegioarquitectos.com\/noticias\/?p=1391"},"wordCount":229,"commentCount":0,"publisher":{"@id":"https:\/\/colegioarquitectos.com\/noticias\/#organization"},"image":{"@id":"https:\/\/colegioarquitectos.com\/noticias\/?p=1391#primaryimage"},"thumbnailUrl":"http:\/\/colegioarquitectos.com\/noticias\/wp-content\/uploads\/2012\/06\/Imag.jpg","articleSection":["Actividades","Colegio"],"inLanguage":"es","potentialAction":[{"@type":"CommentAction","name":"Comment","target":["https:\/\/colegioarquitectos.com\/noticias\/?p=1391#respond"]}]},{"@type":"WebPage","@id":"https:\/\/colegioarquitectos.com\/noticias\/?p=1391","url":"https:\/\/colegioarquitectos.com\/noticias\/?p=1391","name":"ULTIMO PLAZO Postulaciones Premios D\u00eda del Arquitecto 2012: Mi\u00e9rcoles 11 de julio en Secretar\u00eda Colegio de Arquitectos - COLEGIO DE ARQUITECTOS DE CHILE","isPartOf":{"@id":"https:\/\/colegioarquitectos.com\/noticias\/#website"},"primaryImageOfPage":{"@id":"https:\/\/colegioarquitectos.com\/noticias\/?p=1391#primaryimage"},"image":{"@id":"https:\/\/colegioarquitectos.com\/noticias\/?p=1391#primaryimage"},"thumbnailUrl":"http:\/\/colegioarquitectos.com\/noticias\/wp-content\/uploads\/2012\/06\/Imag.jpg","datePublished":"2012-06-29T13:49:04+00:00","dateModified":"2012-07-13T16:04:05+00:00","breadcrumb":{"@id":"https:\/\/colegioarquitectos.com\/noticias\/?p=1391#breadcrumb"},"inLanguage":"es","potentialAction":[{"@type":"ReadAction","target":["https:\/\/colegioarquitectos.com\/noticias\/?p=1391"]}]},{"@type":"ImageObject","inLanguage":"es","@id":"https:\/\/colegioarquitectos.com\/noticias\/?p=1391#primaryimage","url":"http:\/\/colegioarquitectos.com\/noticias\/wp-content\/uploads\/2012\/06\/Imag.jpg","contentUrl":"http:\/\/colegioarquitectos.com\/noticias\/wp-content\/uploads\/2012\/06\/Imag.jpg"},{"@type":"BreadcrumbList","@id":"https:\/\/colegioarquitectos.com\/noticias\/?p=1391#breadcrumb","itemListElement":[{"@type":"ListItem","position":1,"name":"Portada","item":"https:\/\/colegioarquitectos.com\/noticias"},{"@type":"ListItem","position":2,"name":"ULTIMO PLAZO Postulaciones Premios D\u00eda del Arquitecto 2012: Mi\u00e9rcoles 11 de julio en Secretar\u00eda Colegio de Arquitectos"}]},{"@type":"WebSite","@id":"https:\/\/colegioarquitectos.com\/noticias\/#website","url":"https:\/\/colegioarquitectos.com\/noticias\/","name":"COLEGIO DE ARQUITECTOS DE CHILE","description":"","publisher":{"@id":"https:\/\/colegioarquitectos.com\/noticias\/#organization"},"potentialAction":[{"@type":"SearchAction","target":{"@type":"EntryPoint","urlTemplate":"https:\/\/colegioarquitectos.com\/noticias\/?s={search_term_string}"},"query-input":{"@type":"PropertyValueSpecification","valueRequired":true,"valueName":"search_term_string"}}],"inLanguage":"es"},{"@type":"Organization","@id":"https:\/\/colegioarquitectos.com\/noticias\/#organization","name":"COLEGIO DE ARQUITECTOS DE CHILE","url":"https:\/\/colegioarquitectos.com\/noticias\/","logo":{"@type":"ImageObject","inLanguage":"es","@id":"https:\/\/colegioarquitectos.com\/noticias\/#\/schema\/logo\/image\/","url":"https:\/\/colegioarquitectos.com\/noticias\/wp-content\/uploads\/2021\/05\/ENCABEZADO-LOGO-CA.jpg","contentUrl":"https:\/\/colegioarquitectos.com\/noticias\/wp-content\/uploads\/2021\/05\/ENCABEZADO-LOGO-CA.jpg","width":690,"height":350,"caption":"COLEGIO DE ARQUITECTOS DE CHILE"},"image":{"@id":"https:\/\/colegioarquitectos.com\/noticias\/#\/schema\/logo\/image\/"},"sameAs":["https:\/\/facebook.com\/Colegioarq\/","https:\/\/x.com\/colegioarq","https:\/\/instagram.com\/colegioarq","https:\/\/youtube.com\/@ColegiodeArquitectosdeChile"]},{"@type":"Person","@id":"https:\/\/colegioarquitectos.com\/noticias\/#\/schema\/person\/b6c7e912cd1283c089114093ed09741f","name":"Gabriel Salgado S.","url":"https:\/\/colegioarquitectos.com\/noticias\/?author=1"}]}},"_links":{"self":[{"href":"https:\/\/colegioarquitectos.com\/noticias\/index.php?rest_route=\/wp\/v2\/posts\/1391","targetHints":{"allow":["GET"]}}],"collection":[{"href":"https:\/\/colegioarquitectos.com\/noticias\/index.php?rest_route=\/wp\/v2\/posts"}],"about":[{"href":"https:\/\/colegioarquitectos.com\/noticias\/index.php?rest_route=\/wp\/v2\/types\/post"}],"author":[{"embeddable":true,"href":"https:\/\/colegioarquitectos.com\/noticias\/index.php?rest_route=\/wp\/v2\/users\/1"}],"replies":[{"embeddable":true,"href":"https:\/\/colegioarquitectos.com\/noticias\/index.php?rest_route=%2Fwp%2Fv2%2Fcomments&post=1391"}],"version-history":[{"count":0,"href":"https:\/\/colegioarquitectos.com\/noticias\/index.php?rest_route=\/wp\/v2\/posts\/1391\/revisions"}],"wp:attachment":[{"href":"https:\/\/colegioarquitectos.com\/noticias\/index.php?rest_route=%2Fwp%2Fv2%2Fmedia&parent=1391"}],"wp:term":[{"taxonomy":"category","embeddable":true,"href":"https:\/\/colegioarquitectos.com\/noticias\/index.php?rest_route=%2Fwp%2Fv2%2Fcategories&post=1391"},{"taxonomy":"post_tag","embeddable":true,"href":"https:\/\/colegioarquitectos.com\/noticias\/index.php?rest_route=%2Fwp%2Fv2%2Ftags&post=1391"}],"curies":[{"name":"wp","href":"https:\/\/api.w.org\/{rel}","templated":true}]}}