
{"id":14157,"date":"2016-09-02T10:00:41","date_gmt":"2016-09-02T10:00:41","guid":{"rendered":"http:\/\/colegioarquitectos.com\/?p=14157"},"modified":"2016-09-13T14:29:34","modified_gmt":"2016-09-13T14:29:34","slug":"convocatoria-al-premio-oscar-niemeyer-para-la-arquitectura-latinoamericana-premio-on","status":"publish","type":"post","link":"https:\/\/colegioarquitectos.com\/noticias\/?p=14157","title":{"rendered":"Colegio de Arquitectos convoca al Premio Oscar Niemeyer para la Arquitectura Latinoamericana"},"content":{"rendered":"<p>En el marco de la BA15, se realiza la convocatoria a la primera edici\u00f3n del Premio Oscar Niemeyer para la Arquitectura Latinoamericana (Premio ON).<\/p>\n<p>La Red BAAL, que re\u00fane a once bienales de arquitectura de Am\u00e9rica Latina, abri\u00f3 esta convocatoria durante la \u00a0ceremonia de premiaci\u00f3n y clausura de la BA15, con la presencia de los miembros del Directorio de la Red.<\/p>\n<p>Coordinados con\u00a0la Red BAAL, el Colegio de Arquitectos de Chile convoca a los arquitectos radicados en Chile a presentar sus proyectos para este importante concurso. El premio ser\u00e1 otorgado a una obra construida en pa\u00edses de Am\u00e9rica Latina y el Caribe, aunque su autor sea de otro origen. Los pa\u00edses participantes son: Argentina, Bolivia, Brasil, Chile, Colombia, Costa Rica, Cuba, El Salvador, Ecuador, Guatemala, Hait\u00ed, Honduras, M\u00e9xico, Nicaragua, Panam\u00e1, Paraguay, Per\u00fa, Puerto Rico, Rep\u00fablica Dominicana, Uruguay y Venezuela.<\/p>\n<p>El Colegio de Arquitectos constituir\u00e1 un jurado que recibir\u00e1 las propuestas al correo \u00a0<b><a href=\"mailto:concursos@colegioarquitectos.com\" target=\"_blank\">concursos@colegioarquitectos.com<\/a>.<\/b> La fecha l\u00edmite para recibir las propuestas chilenas es el lunes 12 de septiembre a las 23:59 hrs. Una vez recibidas se har\u00e1 una selecci\u00f3n de proyectos, los que ser\u00e1n enviados oficialmente a la Red BAAL.<\/p>\n<p>La selecci\u00f3n de los 20 finalistas por la Red BAAL se realizar\u00e1 hasta el 14 de septiembre y, finalmente, la entrega del Premio ON para la Arquitectura Latinoamericana ser\u00e1 en noviembre del 2016, coincidiendo con la XX Bienal Panamericana de Arquitectura de Quito, BAQ2016.<\/p>\n<p><strong>Arquitecto: \u00a1participa! Es una gran oportunidad para que tu obra sea parte\u00a0de una vitrina internacional<\/strong><\/p>\n<p>Exigencias para la entrega:<\/p>\n<p>\u2022 Memoria Descriptiva (material para juzgamiento y publicaci\u00f3n), con la descripci\u00f3n del proyecto en un m\u00e1ximo de 500 palabras, formato \u201cdocumento Word\u201d, peso m\u00e1ximo 1 MB.<\/p>\n<p>\u2022 Una fotograf\u00eda seleccionada (material para juzgamiento y publicaci\u00f3n), formato JPEG, resoluci\u00f3n 300 dpi, peso m\u00e1ximo 6 MB.<\/p>\n<p>\u2022 Ocho (8) fotograf\u00edas adicionales (material para juzgamiento y publicaci\u00f3n), formato JPEG, resoluci\u00f3n 300 dpi, peso m\u00e1ximo 6 MB cada una.<\/p>\n<p>\u2022 Cinco (5) planos (material para juzgamiento y publicaci\u00f3n), con informaci\u00f3n t\u00e9cnica de implantaci\u00f3n, plantas, fachadas y secciones, con escala gr\u00e1fica, formato JPEG, resoluci\u00f3n 300 dpi, peso m\u00e1ximo 5 MB cada uno.<\/p>\n<p><a href=\"http:\/\/redbaal.org\/wp-content\/uploads\/2016\/08\/categoria-a-diseno-arq-lamina_red_baal.pdf\">Descarga aqu\u00ed la l\u00e1mina para el concurso<\/a><\/p>\n<p>&nbsp;<\/p>\n<p>Bases<\/p>\n<p>[gview file=\u00bbhttp:\/\/colegioarquitectos.com\/noticias\/wp-content\/uploads\/2016\/08\/Bases.pdf\u00bb]<\/p>\n<p>M\u00e1s informaci\u00f3n en\u00a0<a href=\"http:\/\/redbaal.org\/convocatoria-premio-on\/\">http:\/\/redbaal.org\/convocatoria-premio-on\/<\/a><\/p>\n<h6>*Concurso organizado por\u00a0Red de Bienales de Arquitectura de Am\u00e9rica Latina<\/h6>\n<p>&nbsp;<\/p>\n<p><\/p>","protected":false},"excerpt":{"rendered":"<p>En el marco de la BA15, se realiza la convocatoria a la primera edici\u00f3n del Premio Oscar Niemeyer para la Arquitectura Latinoamericana (Premio ON). La Red BAAL, que re\u00fane a once bienales de arquitectura de Am\u00e9rica Latina, abri\u00f3 esta convocatoria &hellip; <a class=\"more-link\" href=\"https:\/\/colegioarquitectos.com\/noticias\/?p=14157\">ver m\u00e1s<\/a><\/p>","protected":false},"author":1,"featured_media":14264,"comment_status":"open","ping_status":"open","sticky":false,"template":"","format":"standard","meta":{"footnotes":""},"categories":[19],"tags":[56,58,57],"class_list":["post-14157","post","type-post","status-publish","format-standard","has-post-thumbnail","hentry","category-actividades","tag-concurso","tag-niemeyer","tag-redbaal"],"yoast_head":"<!-- This site is optimized with the Yoast SEO plugin v24.2 - https:\/\/yoast.com\/wordpress\/plugins\/seo\/ -->\n<title>Colegio de Arquitectos convoca al Premio Oscar Niemeyer para la Arquitectura Latinoamericana - COLEGIO DE ARQUITECTOS DE CHILE<\/title>\n<meta name=\"robots\" content=\"index, follow, max-snippet:-1, max-image-preview:large, max-video-preview:-1\" \/>\n<link rel=\"canonical\" href=\"https:\/\/colegioarquitectos.com\/noticias\/?p=14157\" \/>\n<meta property=\"og:locale\" content=\"es_ES\" \/>\n<meta property=\"og:type\" content=\"article\" \/>\n<meta property=\"og:title\" content=\"Colegio de Arquitectos convoca al Premio Oscar Niemeyer para la Arquitectura Latinoamericana - COLEGIO DE ARQUITECTOS DE CHILE\" \/>\n<meta property=\"og:description\" content=\"En el marco de la BA15, se realiza la convocatoria a la primera edici\u00f3n del Premio Oscar Niemeyer para la Arquitectura Latinoamericana (Premio ON). La Red BAAL, que re\u00fane a once bienales de arquitectura de Am\u00e9rica Latina, abri\u00f3 esta convocatoria &hellip; ver m\u00e1s\" \/>\n<meta property=\"og:url\" content=\"https:\/\/colegioarquitectos.com\/noticias\/?p=14157\" \/>\n<meta property=\"og:site_name\" content=\"COLEGIO DE ARQUITECTOS DE CHILE\" \/>\n<meta property=\"article:publisher\" content=\"https:\/\/facebook.com\/Colegioarq\/\" \/>\n<meta property=\"article:published_time\" content=\"2016-09-02T10:00:41+00:00\" \/>\n<meta property=\"article:modified_time\" content=\"2016-09-13T14:29:34+00:00\" \/>\n<meta property=\"og:image\" content=\"https:\/\/colegioarquitectos.com\/noticias\/wp-content\/uploads\/2016\/08\/Portada-Niemayer.jpg\" \/>\n\t<meta property=\"og:image:width\" content=\"690\" \/>\n\t<meta property=\"og:image:height\" content=\"350\" \/>\n\t<meta property=\"og:image:type\" content=\"image\/jpeg\" \/>\n<meta name=\"author\" content=\"Gabriel Salgado S.\" \/>\n<meta name=\"twitter:card\" content=\"summary_large_image\" \/>\n<meta name=\"twitter:creator\" content=\"@colegioarq\" \/>\n<meta name=\"twitter:site\" content=\"@colegioarq\" \/>\n<meta name=\"twitter:label1\" content=\"Escrito por\" \/>\n\t<meta name=\"twitter:data1\" content=\"Gabriel Salgado S.\" \/>\n\t<meta name=\"twitter:label2\" content=\"Tiempo de lectura\" \/>\n\t<meta name=\"twitter:data2\" content=\"2 minutos\" \/>\n<script type=\"application\/ld+json\" class=\"yoast-schema-graph\">{\"@context\":\"https:\/\/schema.org\",\"@graph\":[{\"@type\":\"Article\",\"@id\":\"https:\/\/colegioarquitectos.com\/noticias\/?p=14157#article\",\"isPartOf\":{\"@id\":\"https:\/\/colegioarquitectos.com\/noticias\/?p=14157\"},\"author\":{\"name\":\"Gabriel Salgado S.\",\"@id\":\"https:\/\/colegioarquitectos.com\/noticias\/#\/schema\/person\/b6c7e912cd1283c089114093ed09741f\"},\"headline\":\"Colegio de Arquitectos convoca al Premio Oscar Niemeyer para la Arquitectura Latinoamericana\",\"datePublished\":\"2016-09-02T10:00:41+00:00\",\"dateModified\":\"2016-09-13T14:29:34+00:00\",\"mainEntityOfPage\":{\"@id\":\"https:\/\/colegioarquitectos.com\/noticias\/?p=14157\"},\"wordCount\":420,\"commentCount\":0,\"publisher\":{\"@id\":\"https:\/\/colegioarquitectos.com\/noticias\/#organization\"},\"image\":{\"@id\":\"https:\/\/colegioarquitectos.com\/noticias\/?p=14157#primaryimage\"},\"thumbnailUrl\":\"https:\/\/colegioarquitectos.com\/noticias\/wp-content\/uploads\/2016\/08\/Portada-Niemayer.jpg\",\"keywords\":[\"concurso\",\"niemeyer\",\"redbaal\"],\"articleSection\":[\"Actividades\"],\"inLanguage\":\"es\",\"potentialAction\":[{\"@type\":\"CommentAction\",\"name\":\"Comment\",\"target\":[\"https:\/\/colegioarquitectos.com\/noticias\/?p=14157#respond\"]}]},{\"@type\":\"WebPage\",\"@id\":\"https:\/\/colegioarquitectos.com\/noticias\/?p=14157\",\"url\":\"https:\/\/colegioarquitectos.com\/noticias\/?p=14157\",\"name\":\"Colegio de Arquitectos convoca al Premio Oscar Niemeyer para la Arquitectura Latinoamericana - COLEGIO DE ARQUITECTOS DE CHILE\",\"isPartOf\":{\"@id\":\"https:\/\/colegioarquitectos.com\/noticias\/#website\"},\"primaryImageOfPage\":{\"@id\":\"https:\/\/colegioarquitectos.com\/noticias\/?p=14157#primaryimage\"},\"image\":{\"@id\":\"https:\/\/colegioarquitectos.com\/noticias\/?p=14157#primaryimage\"},\"thumbnailUrl\":\"https:\/\/colegioarquitectos.com\/noticias\/wp-content\/uploads\/2016\/08\/Portada-Niemayer.jpg\",\"datePublished\":\"2016-09-02T10:00:41+00:00\",\"dateModified\":\"2016-09-13T14:29:34+00:00\",\"breadcrumb\":{\"@id\":\"https:\/\/colegioarquitectos.com\/noticias\/?p=14157#breadcrumb\"},\"inLanguage\":\"es\",\"potentialAction\":[{\"@type\":\"ReadAction\",\"target\":[\"https:\/\/colegioarquitectos.com\/noticias\/?p=14157\"]}]},{\"@type\":\"ImageObject\",\"inLanguage\":\"es\",\"@id\":\"https:\/\/colegioarquitectos.com\/noticias\/?p=14157#primaryimage\",\"url\":\"https:\/\/colegioarquitectos.com\/noticias\/wp-content\/uploads\/2016\/08\/Portada-Niemayer.jpg\",\"contentUrl\":\"https:\/\/colegioarquitectos.com\/noticias\/wp-content\/uploads\/2016\/08\/Portada-Niemayer.jpg\",\"width\":690,\"height\":350},{\"@type\":\"BreadcrumbList\",\"@id\":\"https:\/\/colegioarquitectos.com\/noticias\/?p=14157#breadcrumb\",\"itemListElement\":[{\"@type\":\"ListItem\",\"position\":1,\"name\":\"Portada\",\"item\":\"https:\/\/colegioarquitectos.com\/noticias\"},{\"@type\":\"ListItem\",\"position\":2,\"name\":\"Colegio de Arquitectos convoca al Premio Oscar Niemeyer para la Arquitectura Latinoamericana\"}]},{\"@type\":\"WebSite\",\"@id\":\"https:\/\/colegioarquitectos.com\/noticias\/#website\",\"url\":\"https:\/\/colegioarquitectos.com\/noticias\/\",\"name\":\"COLEGIO DE ARQUITECTOS DE CHILE\",\"description\":\"\",\"publisher\":{\"@id\":\"https:\/\/colegioarquitectos.com\/noticias\/#organization\"},\"potentialAction\":[{\"@type\":\"SearchAction\",\"target\":{\"@type\":\"EntryPoint\",\"urlTemplate\":\"https:\/\/colegioarquitectos.com\/noticias\/?s={search_term_string}\"},\"query-input\":{\"@type\":\"PropertyValueSpecification\",\"valueRequired\":true,\"valueName\":\"search_term_string\"}}],\"inLanguage\":\"es\"},{\"@type\":\"Organization\",\"@id\":\"https:\/\/colegioarquitectos.com\/noticias\/#organization\",\"name\":\"COLEGIO DE ARQUITECTOS DE CHILE\",\"url\":\"https:\/\/colegioarquitectos.com\/noticias\/\",\"logo\":{\"@type\":\"ImageObject\",\"inLanguage\":\"es\",\"@id\":\"https:\/\/colegioarquitectos.com\/noticias\/#\/schema\/logo\/image\/\",\"url\":\"https:\/\/colegioarquitectos.com\/noticias\/wp-content\/uploads\/2021\/05\/ENCABEZADO-LOGO-CA.jpg\",\"contentUrl\":\"https:\/\/colegioarquitectos.com\/noticias\/wp-content\/uploads\/2021\/05\/ENCABEZADO-LOGO-CA.jpg\",\"width\":690,\"height\":350,\"caption\":\"COLEGIO DE ARQUITECTOS DE CHILE\"},\"image\":{\"@id\":\"https:\/\/colegioarquitectos.com\/noticias\/#\/schema\/logo\/image\/\"},\"sameAs\":[\"https:\/\/facebook.com\/Colegioarq\/\",\"https:\/\/x.com\/colegioarq\",\"https:\/\/instagram.com\/colegioarq\",\"https:\/\/youtube.com\/@ColegiodeArquitectosdeChile\"]},{\"@type\":\"Person\",\"@id\":\"https:\/\/colegioarquitectos.com\/noticias\/#\/schema\/person\/b6c7e912cd1283c089114093ed09741f\",\"name\":\"Gabriel Salgado S.\",\"url\":\"https:\/\/colegioarquitectos.com\/noticias\/?author=1\"}]}<\/script>\n<!-- \/ Yoast SEO plugin. -->","yoast_head_json":{"title":"Colegio de Arquitectos convoca al Premio Oscar Niemeyer para la Arquitectura Latinoamericana - COLEGIO DE ARQUITECTOS DE CHILE","robots":{"index":"index","follow":"follow","max-snippet":"max-snippet:-1","max-image-preview":"max-image-preview:large","max-video-preview":"max-video-preview:-1"},"canonical":"https:\/\/colegioarquitectos.com\/noticias\/?p=14157","og_locale":"es_ES","og_type":"article","og_title":"Colegio de Arquitectos convoca al Premio Oscar Niemeyer para la Arquitectura Latinoamericana - COLEGIO DE ARQUITECTOS DE CHILE","og_description":"En el marco de la BA15, se realiza la convocatoria a la primera edici\u00f3n del Premio Oscar Niemeyer para la Arquitectura Latinoamericana (Premio ON). La Red BAAL, que re\u00fane a once bienales de arquitectura de Am\u00e9rica Latina, abri\u00f3 esta convocatoria &hellip; ver m\u00e1s","og_url":"https:\/\/colegioarquitectos.com\/noticias\/?p=14157","og_site_name":"COLEGIO DE ARQUITECTOS DE CHILE","article_publisher":"https:\/\/facebook.com\/Colegioarq\/","article_published_time":"2016-09-02T10:00:41+00:00","article_modified_time":"2016-09-13T14:29:34+00:00","og_image":[{"width":690,"height":350,"url":"https:\/\/colegioarquitectos.com\/noticias\/wp-content\/uploads\/2016\/08\/Portada-Niemayer.jpg","type":"image\/jpeg"}],"author":"Gabriel Salgado S.","twitter_card":"summary_large_image","twitter_creator":"@colegioarq","twitter_site":"@colegioarq","twitter_misc":{"Escrito por":"Gabriel Salgado S.","Tiempo de lectura":"2 minutos"},"schema":{"@context":"https:\/\/schema.org","@graph":[{"@type":"Article","@id":"https:\/\/colegioarquitectos.com\/noticias\/?p=14157#article","isPartOf":{"@id":"https:\/\/colegioarquitectos.com\/noticias\/?p=14157"},"author":{"name":"Gabriel Salgado S.","@id":"https:\/\/colegioarquitectos.com\/noticias\/#\/schema\/person\/b6c7e912cd1283c089114093ed09741f"},"headline":"Colegio de Arquitectos convoca al Premio Oscar Niemeyer para la Arquitectura Latinoamericana","datePublished":"2016-09-02T10:00:41+00:00","dateModified":"2016-09-13T14:29:34+00:00","mainEntityOfPage":{"@id":"https:\/\/colegioarquitectos.com\/noticias\/?p=14157"},"wordCount":420,"commentCount":0,"publisher":{"@id":"https:\/\/colegioarquitectos.com\/noticias\/#organization"},"image":{"@id":"https:\/\/colegioarquitectos.com\/noticias\/?p=14157#primaryimage"},"thumbnailUrl":"https:\/\/colegioarquitectos.com\/noticias\/wp-content\/uploads\/2016\/08\/Portada-Niemayer.jpg","keywords":["concurso","niemeyer","redbaal"],"articleSection":["Actividades"],"inLanguage":"es","potentialAction":[{"@type":"CommentAction","name":"Comment","target":["https:\/\/colegioarquitectos.com\/noticias\/?p=14157#respond"]}]},{"@type":"WebPage","@id":"https:\/\/colegioarquitectos.com\/noticias\/?p=14157","url":"https:\/\/colegioarquitectos.com\/noticias\/?p=14157","name":"Colegio de Arquitectos convoca al Premio Oscar Niemeyer para la Arquitectura Latinoamericana - COLEGIO DE ARQUITECTOS DE CHILE","isPartOf":{"@id":"https:\/\/colegioarquitectos.com\/noticias\/#website"},"primaryImageOfPage":{"@id":"https:\/\/colegioarquitectos.com\/noticias\/?p=14157#primaryimage"},"image":{"@id":"https:\/\/colegioarquitectos.com\/noticias\/?p=14157#primaryimage"},"thumbnailUrl":"https:\/\/colegioarquitectos.com\/noticias\/wp-content\/uploads\/2016\/08\/Portada-Niemayer.jpg","datePublished":"2016-09-02T10:00:41+00:00","dateModified":"2016-09-13T14:29:34+00:00","breadcrumb":{"@id":"https:\/\/colegioarquitectos.com\/noticias\/?p=14157#breadcrumb"},"inLanguage":"es","potentialAction":[{"@type":"ReadAction","target":["https:\/\/colegioarquitectos.com\/noticias\/?p=14157"]}]},{"@type":"ImageObject","inLanguage":"es","@id":"https:\/\/colegioarquitectos.com\/noticias\/?p=14157#primaryimage","url":"https:\/\/colegioarquitectos.com\/noticias\/wp-content\/uploads\/2016\/08\/Portada-Niemayer.jpg","contentUrl":"https:\/\/colegioarquitectos.com\/noticias\/wp-content\/uploads\/2016\/08\/Portada-Niemayer.jpg","width":690,"height":350},{"@type":"BreadcrumbList","@id":"https:\/\/colegioarquitectos.com\/noticias\/?p=14157#breadcrumb","itemListElement":[{"@type":"ListItem","position":1,"name":"Portada","item":"https:\/\/colegioarquitectos.com\/noticias"},{"@type":"ListItem","position":2,"name":"Colegio de Arquitectos convoca al Premio Oscar Niemeyer para la Arquitectura Latinoamericana"}]},{"@type":"WebSite","@id":"https:\/\/colegioarquitectos.com\/noticias\/#website","url":"https:\/\/colegioarquitectos.com\/noticias\/","name":"COLEGIO DE ARQUITECTOS DE CHILE","description":"","publisher":{"@id":"https:\/\/colegioarquitectos.com\/noticias\/#organization"},"potentialAction":[{"@type":"SearchAction","target":{"@type":"EntryPoint","urlTemplate":"https:\/\/colegioarquitectos.com\/noticias\/?s={search_term_string}"},"query-input":{"@type":"PropertyValueSpecification","valueRequired":true,"valueName":"search_term_string"}}],"inLanguage":"es"},{"@type":"Organization","@id":"https:\/\/colegioarquitectos.com\/noticias\/#organization","name":"COLEGIO DE ARQUITECTOS DE CHILE","url":"https:\/\/colegioarquitectos.com\/noticias\/","logo":{"@type":"ImageObject","inLanguage":"es","@id":"https:\/\/colegioarquitectos.com\/noticias\/#\/schema\/logo\/image\/","url":"https:\/\/colegioarquitectos.com\/noticias\/wp-content\/uploads\/2021\/05\/ENCABEZADO-LOGO-CA.jpg","contentUrl":"https:\/\/colegioarquitectos.com\/noticias\/wp-content\/uploads\/2021\/05\/ENCABEZADO-LOGO-CA.jpg","width":690,"height":350,"caption":"COLEGIO DE ARQUITECTOS DE CHILE"},"image":{"@id":"https:\/\/colegioarquitectos.com\/noticias\/#\/schema\/logo\/image\/"},"sameAs":["https:\/\/facebook.com\/Colegioarq\/","https:\/\/x.com\/colegioarq","https:\/\/instagram.com\/colegioarq","https:\/\/youtube.com\/@ColegiodeArquitectosdeChile"]},{"@type":"Person","@id":"https:\/\/colegioarquitectos.com\/noticias\/#\/schema\/person\/b6c7e912cd1283c089114093ed09741f","name":"Gabriel Salgado S.","url":"https:\/\/colegioarquitectos.com\/noticias\/?author=1"}]}},"_links":{"self":[{"href":"https:\/\/colegioarquitectos.com\/noticias\/index.php?rest_route=\/wp\/v2\/posts\/14157","targetHints":{"allow":["GET"]}}],"collection":[{"href":"https:\/\/colegioarquitectos.com\/noticias\/index.php?rest_route=\/wp\/v2\/posts"}],"about":[{"href":"https:\/\/colegioarquitectos.com\/noticias\/index.php?rest_route=\/wp\/v2\/types\/post"}],"author":[{"embeddable":true,"href":"https:\/\/colegioarquitectos.com\/noticias\/index.php?rest_route=\/wp\/v2\/users\/1"}],"replies":[{"embeddable":true,"href":"https:\/\/colegioarquitectos.com\/noticias\/index.php?rest_route=%2Fwp%2Fv2%2Fcomments&post=14157"}],"version-history":[{"count":0,"href":"https:\/\/colegioarquitectos.com\/noticias\/index.php?rest_route=\/wp\/v2\/posts\/14157\/revisions"}],"wp:featuredmedia":[{"embeddable":true,"href":"https:\/\/colegioarquitectos.com\/noticias\/index.php?rest_route=\/wp\/v2\/media\/14264"}],"wp:attachment":[{"href":"https:\/\/colegioarquitectos.com\/noticias\/index.php?rest_route=%2Fwp%2Fv2%2Fmedia&parent=14157"}],"wp:term":[{"taxonomy":"category","embeddable":true,"href":"https:\/\/colegioarquitectos.com\/noticias\/index.php?rest_route=%2Fwp%2Fv2%2Fcategories&post=14157"},{"taxonomy":"post_tag","embeddable":true,"href":"https:\/\/colegioarquitectos.com\/noticias\/index.php?rest_route=%2Fwp%2Fv2%2Ftags&post=14157"}],"curies":[{"name":"wp","href":"https:\/\/api.w.org\/{rel}","templated":true}]}}