
{"id":14251,"date":"2016-09-04T16:06:42","date_gmt":"2016-09-04T16:06:42","guid":{"rendered":"http:\/\/colegioarquitectos.com\/?p=14251"},"modified":"2016-09-05T19:24:44","modified_gmt":"2016-09-05T19:24:44","slug":"5-conferencia-internacional-de-ciudad-reencuentro-urbano-participacion-clave-para-construir-confianzas","status":"publish","type":"post","link":"https:\/\/colegioarquitectos.com\/noticias\/?p=14251","title":{"rendered":"5\u00b0 Conferencia Internacional de Ciudad \u201cReencuentro Urbano; Participaci\u00f3n, clave para Construir Confianzas\u201d"},"content":{"rendered":"<p>Las ciudades son hoy en d\u00eda los principales centros de innovaci\u00f3n, adelanto y desarrollo de la humanidad, siendo responsables de gran parte del crecimiento de nuestro pa\u00eds as\u00ed como del mundo en general, y generando al mismo tiempo din\u00e1micas que gatillan conflictos y controversias entre los m\u00faltiples actores que intervienen en su desarrollo.<\/p>\n<p>Conscientes que nuestras urbes se construyen con los aportes de todos los actores que participan en su desarrollo, y haci\u00e9ndonos cargo del actual contexto de desconfianza que afecta a nuestro pa\u00eds, es que este a\u00f1o la CChC realizar\u00e1 la quinta versi\u00f3n de su Conferencia Internacional de Ciudades, la que se titular\u00e1 \u201cReencuentro Urbano; Participaci\u00f3n, clave para generar confianza\u201d, centrada en los mecanismos de vinculaci\u00f3n y articulaci\u00f3n de los diferentes actores involucrados en el desarrollo de nuestras ciudades.<\/p>\n<p>Para ello en esta oportunidad, y con la finalidad de conocer y aprender de experiencias internacionales, contaremos con la participaci\u00f3n del Director de Pol\u00edticas Metropolitanas del Brookings Institution, Sr. Bruce Katz especialista en planificaci\u00f3n y gobernanza urbana y metropolitana, y del experto en participaci\u00f3n ciudadana, abogado y Doctor en Sociolog\u00eda, Sr. Antonio Azuela de la Universidad Aut\u00f3noma de M\u00e9xico.<\/p>\n<p>Junto a ellos participar\u00e1n destacados expertos nacionales en materias de desarrollo urbano y participaci\u00f3n ciudadana. En este sentido se busca que esta jornada sirva como un primer paso y referente en la reconstrucci\u00f3n de las necesarias confianzas entre los diferentes stakeholders involucrados (gobierno y autoridades, sector privado, sociedad civil) de forma de poder generar las bases para el necesario trabajo conjunto y as\u00ed avanzar en el objetivo com\u00fan de posibilitar que nuestras ciudades ofrezcan una mejor calidad de vida a sus habitantes, en un contexto de competitividad, desarrollo, participaci\u00f3n y sostenibilidad.<\/p>\n<p>Mi\u00e9rcoles\u00a07 de septiembre en Casa Piedra<\/p>\n<p>[gview file=\u00bbhttp:\/\/colegioarquitectos.com\/noticias\/wp-content\/uploads\/2016\/08\/Dossier.pdf\u00bb]<\/p>\n<p>[gview file=\u00bbhttp:\/\/colegioarquitectos.com\/noticias\/wp-content\/uploads\/2016\/08\/Programa-Conferencia-ciudades-2016-al-180816-1.pdf\u00bb]<\/p>\n<p><\/p>","protected":false},"excerpt":{"rendered":"<p>Las ciudades son hoy en d\u00eda los principales centros de innovaci\u00f3n, adelanto y desarrollo de la humanidad, siendo responsables de gran parte del crecimiento de nuestro pa\u00eds as\u00ed como del mundo en general, y generando al mismo tiempo din\u00e1micas que &hellip; <a class=\"more-link\" href=\"https:\/\/colegioarquitectos.com\/noticias\/?p=14251\">ver m\u00e1s<\/a><\/p>","protected":false},"author":4,"featured_media":14252,"comment_status":"open","ping_status":"open","sticky":false,"template":"","format":"standard","meta":{"footnotes":""},"categories":[19],"tags":[],"class_list":["post-14251","post","type-post","status-publish","format-standard","has-post-thumbnail","hentry","category-actividades"],"yoast_head":"<!-- This site is optimized with the Yoast SEO plugin v24.2 - https:\/\/yoast.com\/wordpress\/plugins\/seo\/ -->\n<title>5\u00b0 Conferencia Internacional de Ciudad \u201cReencuentro Urbano; Participaci\u00f3n, clave para Construir Confianzas\u201d - COLEGIO DE ARQUITECTOS DE CHILE<\/title>\n<meta name=\"robots\" content=\"index, follow, max-snippet:-1, max-image-preview:large, max-video-preview:-1\" \/>\n<link rel=\"canonical\" href=\"https:\/\/colegioarquitectos.com\/noticias\/?p=14251\" \/>\n<meta property=\"og:locale\" content=\"es_ES\" \/>\n<meta property=\"og:type\" content=\"article\" \/>\n<meta property=\"og:title\" content=\"5\u00b0 Conferencia Internacional de Ciudad \u201cReencuentro Urbano; Participaci\u00f3n, clave para Construir Confianzas\u201d - COLEGIO DE ARQUITECTOS DE CHILE\" \/>\n<meta property=\"og:description\" content=\"Las ciudades son hoy en d\u00eda los principales centros de innovaci\u00f3n, adelanto y desarrollo de la humanidad, siendo responsables de gran parte del crecimiento de nuestro pa\u00eds as\u00ed como del mundo en general, y generando al mismo tiempo din\u00e1micas que &hellip; ver m\u00e1s\" \/>\n<meta property=\"og:url\" content=\"https:\/\/colegioarquitectos.com\/noticias\/?p=14251\" \/>\n<meta property=\"og:site_name\" content=\"COLEGIO DE ARQUITECTOS DE CHILE\" \/>\n<meta property=\"article:publisher\" content=\"https:\/\/facebook.com\/Colegioarq\/\" \/>\n<meta property=\"article:published_time\" content=\"2016-09-04T16:06:42+00:00\" \/>\n<meta property=\"article:modified_time\" content=\"2016-09-05T19:24:44+00:00\" \/>\n<meta property=\"og:image\" content=\"https:\/\/colegioarquitectos.com\/noticias\/wp-content\/uploads\/2016\/08\/Portada-CChC.jpg\" \/>\n\t<meta property=\"og:image:width\" content=\"690\" \/>\n\t<meta property=\"og:image:height\" content=\"350\" \/>\n\t<meta property=\"og:image:type\" content=\"image\/jpeg\" \/>\n<meta name=\"author\" content=\"Colegio de Arquitectos de Chile\" \/>\n<meta name=\"twitter:card\" content=\"summary_large_image\" \/>\n<meta name=\"twitter:creator\" content=\"@colegioarq\" \/>\n<meta name=\"twitter:site\" content=\"@colegioarq\" \/>\n<meta name=\"twitter:label1\" content=\"Escrito por\" \/>\n\t<meta name=\"twitter:data1\" content=\"Colegio de Arquitectos de Chile\" \/>\n\t<meta name=\"twitter:label2\" content=\"Tiempo de lectura\" \/>\n\t<meta name=\"twitter:data2\" content=\"2 minutos\" \/>\n<script type=\"application\/ld+json\" class=\"yoast-schema-graph\">{\"@context\":\"https:\/\/schema.org\",\"@graph\":[{\"@type\":\"Article\",\"@id\":\"https:\/\/colegioarquitectos.com\/noticias\/?p=14251#article\",\"isPartOf\":{\"@id\":\"https:\/\/colegioarquitectos.com\/noticias\/?p=14251\"},\"author\":{\"name\":\"Colegio de Arquitectos de Chile\",\"@id\":\"https:\/\/colegioarquitectos.com\/noticias\/#\/schema\/person\/685cc0aad148303c5608f049af8285ad\"},\"headline\":\"5\u00b0 Conferencia Internacional de Ciudad \u201cReencuentro Urbano; Participaci\u00f3n, clave para Construir Confianzas\u201d\",\"datePublished\":\"2016-09-04T16:06:42+00:00\",\"dateModified\":\"2016-09-05T19:24:44+00:00\",\"mainEntityOfPage\":{\"@id\":\"https:\/\/colegioarquitectos.com\/noticias\/?p=14251\"},\"wordCount\":345,\"commentCount\":1,\"publisher\":{\"@id\":\"https:\/\/colegioarquitectos.com\/noticias\/#organization\"},\"image\":{\"@id\":\"https:\/\/colegioarquitectos.com\/noticias\/?p=14251#primaryimage\"},\"thumbnailUrl\":\"https:\/\/colegioarquitectos.com\/noticias\/wp-content\/uploads\/2016\/08\/Portada-CChC.jpg\",\"articleSection\":[\"Actividades\"],\"inLanguage\":\"es\",\"potentialAction\":[{\"@type\":\"CommentAction\",\"name\":\"Comment\",\"target\":[\"https:\/\/colegioarquitectos.com\/noticias\/?p=14251#respond\"]}]},{\"@type\":\"WebPage\",\"@id\":\"https:\/\/colegioarquitectos.com\/noticias\/?p=14251\",\"url\":\"https:\/\/colegioarquitectos.com\/noticias\/?p=14251\",\"name\":\"5\u00b0 Conferencia Internacional de Ciudad \u201cReencuentro Urbano; Participaci\u00f3n, clave para Construir Confianzas\u201d - COLEGIO DE ARQUITECTOS DE CHILE\",\"isPartOf\":{\"@id\":\"https:\/\/colegioarquitectos.com\/noticias\/#website\"},\"primaryImageOfPage\":{\"@id\":\"https:\/\/colegioarquitectos.com\/noticias\/?p=14251#primaryimage\"},\"image\":{\"@id\":\"https:\/\/colegioarquitectos.com\/noticias\/?p=14251#primaryimage\"},\"thumbnailUrl\":\"https:\/\/colegioarquitectos.com\/noticias\/wp-content\/uploads\/2016\/08\/Portada-CChC.jpg\",\"datePublished\":\"2016-09-04T16:06:42+00:00\",\"dateModified\":\"2016-09-05T19:24:44+00:00\",\"breadcrumb\":{\"@id\":\"https:\/\/colegioarquitectos.com\/noticias\/?p=14251#breadcrumb\"},\"inLanguage\":\"es\",\"potentialAction\":[{\"@type\":\"ReadAction\",\"target\":[\"https:\/\/colegioarquitectos.com\/noticias\/?p=14251\"]}]},{\"@type\":\"ImageObject\",\"inLanguage\":\"es\",\"@id\":\"https:\/\/colegioarquitectos.com\/noticias\/?p=14251#primaryimage\",\"url\":\"https:\/\/colegioarquitectos.com\/noticias\/wp-content\/uploads\/2016\/08\/Portada-CChC.jpg\",\"contentUrl\":\"https:\/\/colegioarquitectos.com\/noticias\/wp-content\/uploads\/2016\/08\/Portada-CChC.jpg\",\"width\":690,\"height\":350},{\"@type\":\"BreadcrumbList\",\"@id\":\"https:\/\/colegioarquitectos.com\/noticias\/?p=14251#breadcrumb\",\"itemListElement\":[{\"@type\":\"ListItem\",\"position\":1,\"name\":\"Portada\",\"item\":\"https:\/\/colegioarquitectos.com\/noticias\"},{\"@type\":\"ListItem\",\"position\":2,\"name\":\"5\u00b0 Conferencia Internacional de Ciudad \u201cReencuentro Urbano; Participaci\u00f3n, clave para Construir Confianzas\u201d\"}]},{\"@type\":\"WebSite\",\"@id\":\"https:\/\/colegioarquitectos.com\/noticias\/#website\",\"url\":\"https:\/\/colegioarquitectos.com\/noticias\/\",\"name\":\"COLEGIO DE ARQUITECTOS DE CHILE\",\"description\":\"\",\"publisher\":{\"@id\":\"https:\/\/colegioarquitectos.com\/noticias\/#organization\"},\"potentialAction\":[{\"@type\":\"SearchAction\",\"target\":{\"@type\":\"EntryPoint\",\"urlTemplate\":\"https:\/\/colegioarquitectos.com\/noticias\/?s={search_term_string}\"},\"query-input\":{\"@type\":\"PropertyValueSpecification\",\"valueRequired\":true,\"valueName\":\"search_term_string\"}}],\"inLanguage\":\"es\"},{\"@type\":\"Organization\",\"@id\":\"https:\/\/colegioarquitectos.com\/noticias\/#organization\",\"name\":\"COLEGIO DE ARQUITECTOS DE CHILE\",\"url\":\"https:\/\/colegioarquitectos.com\/noticias\/\",\"logo\":{\"@type\":\"ImageObject\",\"inLanguage\":\"es\",\"@id\":\"https:\/\/colegioarquitectos.com\/noticias\/#\/schema\/logo\/image\/\",\"url\":\"https:\/\/colegioarquitectos.com\/noticias\/wp-content\/uploads\/2021\/05\/ENCABEZADO-LOGO-CA.jpg\",\"contentUrl\":\"https:\/\/colegioarquitectos.com\/noticias\/wp-content\/uploads\/2021\/05\/ENCABEZADO-LOGO-CA.jpg\",\"width\":690,\"height\":350,\"caption\":\"COLEGIO DE ARQUITECTOS DE CHILE\"},\"image\":{\"@id\":\"https:\/\/colegioarquitectos.com\/noticias\/#\/schema\/logo\/image\/\"},\"sameAs\":[\"https:\/\/facebook.com\/Colegioarq\/\",\"https:\/\/x.com\/colegioarq\",\"https:\/\/instagram.com\/colegioarq\",\"https:\/\/youtube.com\/@ColegiodeArquitectosdeChile\"]},{\"@type\":\"Person\",\"@id\":\"https:\/\/colegioarquitectos.com\/noticias\/#\/schema\/person\/685cc0aad148303c5608f049af8285ad\",\"name\":\"Colegio de Arquitectos de Chile\",\"url\":\"https:\/\/colegioarquitectos.com\/noticias\/?author=4\"}]}<\/script>\n<!-- \/ Yoast SEO plugin. -->","yoast_head_json":{"title":"5\u00b0 Conferencia Internacional de Ciudad \u201cReencuentro Urbano; Participaci\u00f3n, clave para Construir Confianzas\u201d - COLEGIO DE ARQUITECTOS DE CHILE","robots":{"index":"index","follow":"follow","max-snippet":"max-snippet:-1","max-image-preview":"max-image-preview:large","max-video-preview":"max-video-preview:-1"},"canonical":"https:\/\/colegioarquitectos.com\/noticias\/?p=14251","og_locale":"es_ES","og_type":"article","og_title":"5\u00b0 Conferencia Internacional de Ciudad \u201cReencuentro Urbano; Participaci\u00f3n, clave para Construir Confianzas\u201d - COLEGIO DE ARQUITECTOS DE CHILE","og_description":"Las ciudades son hoy en d\u00eda los principales centros de innovaci\u00f3n, adelanto y desarrollo de la humanidad, siendo responsables de gran parte del crecimiento de nuestro pa\u00eds as\u00ed como del mundo en general, y generando al mismo tiempo din\u00e1micas que &hellip; ver m\u00e1s","og_url":"https:\/\/colegioarquitectos.com\/noticias\/?p=14251","og_site_name":"COLEGIO DE ARQUITECTOS DE CHILE","article_publisher":"https:\/\/facebook.com\/Colegioarq\/","article_published_time":"2016-09-04T16:06:42+00:00","article_modified_time":"2016-09-05T19:24:44+00:00","og_image":[{"width":690,"height":350,"url":"https:\/\/colegioarquitectos.com\/noticias\/wp-content\/uploads\/2016\/08\/Portada-CChC.jpg","type":"image\/jpeg"}],"author":"Colegio de Arquitectos de Chile","twitter_card":"summary_large_image","twitter_creator":"@colegioarq","twitter_site":"@colegioarq","twitter_misc":{"Escrito por":"Colegio de Arquitectos de Chile","Tiempo de lectura":"2 minutos"},"schema":{"@context":"https:\/\/schema.org","@graph":[{"@type":"Article","@id":"https:\/\/colegioarquitectos.com\/noticias\/?p=14251#article","isPartOf":{"@id":"https:\/\/colegioarquitectos.com\/noticias\/?p=14251"},"author":{"name":"Colegio de Arquitectos de Chile","@id":"https:\/\/colegioarquitectos.com\/noticias\/#\/schema\/person\/685cc0aad148303c5608f049af8285ad"},"headline":"5\u00b0 Conferencia Internacional de Ciudad \u201cReencuentro Urbano; Participaci\u00f3n, clave para Construir Confianzas\u201d","datePublished":"2016-09-04T16:06:42+00:00","dateModified":"2016-09-05T19:24:44+00:00","mainEntityOfPage":{"@id":"https:\/\/colegioarquitectos.com\/noticias\/?p=14251"},"wordCount":345,"commentCount":1,"publisher":{"@id":"https:\/\/colegioarquitectos.com\/noticias\/#organization"},"image":{"@id":"https:\/\/colegioarquitectos.com\/noticias\/?p=14251#primaryimage"},"thumbnailUrl":"https:\/\/colegioarquitectos.com\/noticias\/wp-content\/uploads\/2016\/08\/Portada-CChC.jpg","articleSection":["Actividades"],"inLanguage":"es","potentialAction":[{"@type":"CommentAction","name":"Comment","target":["https:\/\/colegioarquitectos.com\/noticias\/?p=14251#respond"]}]},{"@type":"WebPage","@id":"https:\/\/colegioarquitectos.com\/noticias\/?p=14251","url":"https:\/\/colegioarquitectos.com\/noticias\/?p=14251","name":"5\u00b0 Conferencia Internacional de Ciudad \u201cReencuentro Urbano; Participaci\u00f3n, clave para Construir Confianzas\u201d - COLEGIO DE ARQUITECTOS DE CHILE","isPartOf":{"@id":"https:\/\/colegioarquitectos.com\/noticias\/#website"},"primaryImageOfPage":{"@id":"https:\/\/colegioarquitectos.com\/noticias\/?p=14251#primaryimage"},"image":{"@id":"https:\/\/colegioarquitectos.com\/noticias\/?p=14251#primaryimage"},"thumbnailUrl":"https:\/\/colegioarquitectos.com\/noticias\/wp-content\/uploads\/2016\/08\/Portada-CChC.jpg","datePublished":"2016-09-04T16:06:42+00:00","dateModified":"2016-09-05T19:24:44+00:00","breadcrumb":{"@id":"https:\/\/colegioarquitectos.com\/noticias\/?p=14251#breadcrumb"},"inLanguage":"es","potentialAction":[{"@type":"ReadAction","target":["https:\/\/colegioarquitectos.com\/noticias\/?p=14251"]}]},{"@type":"ImageObject","inLanguage":"es","@id":"https:\/\/colegioarquitectos.com\/noticias\/?p=14251#primaryimage","url":"https:\/\/colegioarquitectos.com\/noticias\/wp-content\/uploads\/2016\/08\/Portada-CChC.jpg","contentUrl":"https:\/\/colegioarquitectos.com\/noticias\/wp-content\/uploads\/2016\/08\/Portada-CChC.jpg","width":690,"height":350},{"@type":"BreadcrumbList","@id":"https:\/\/colegioarquitectos.com\/noticias\/?p=14251#breadcrumb","itemListElement":[{"@type":"ListItem","position":1,"name":"Portada","item":"https:\/\/colegioarquitectos.com\/noticias"},{"@type":"ListItem","position":2,"name":"5\u00b0 Conferencia Internacional de Ciudad \u201cReencuentro Urbano; Participaci\u00f3n, clave para Construir Confianzas\u201d"}]},{"@type":"WebSite","@id":"https:\/\/colegioarquitectos.com\/noticias\/#website","url":"https:\/\/colegioarquitectos.com\/noticias\/","name":"COLEGIO DE ARQUITECTOS DE CHILE","description":"","publisher":{"@id":"https:\/\/colegioarquitectos.com\/noticias\/#organization"},"potentialAction":[{"@type":"SearchAction","target":{"@type":"EntryPoint","urlTemplate":"https:\/\/colegioarquitectos.com\/noticias\/?s={search_term_string}"},"query-input":{"@type":"PropertyValueSpecification","valueRequired":true,"valueName":"search_term_string"}}],"inLanguage":"es"},{"@type":"Organization","@id":"https:\/\/colegioarquitectos.com\/noticias\/#organization","name":"COLEGIO DE ARQUITECTOS DE CHILE","url":"https:\/\/colegioarquitectos.com\/noticias\/","logo":{"@type":"ImageObject","inLanguage":"es","@id":"https:\/\/colegioarquitectos.com\/noticias\/#\/schema\/logo\/image\/","url":"https:\/\/colegioarquitectos.com\/noticias\/wp-content\/uploads\/2021\/05\/ENCABEZADO-LOGO-CA.jpg","contentUrl":"https:\/\/colegioarquitectos.com\/noticias\/wp-content\/uploads\/2021\/05\/ENCABEZADO-LOGO-CA.jpg","width":690,"height":350,"caption":"COLEGIO DE ARQUITECTOS DE CHILE"},"image":{"@id":"https:\/\/colegioarquitectos.com\/noticias\/#\/schema\/logo\/image\/"},"sameAs":["https:\/\/facebook.com\/Colegioarq\/","https:\/\/x.com\/colegioarq","https:\/\/instagram.com\/colegioarq","https:\/\/youtube.com\/@ColegiodeArquitectosdeChile"]},{"@type":"Person","@id":"https:\/\/colegioarquitectos.com\/noticias\/#\/schema\/person\/685cc0aad148303c5608f049af8285ad","name":"Colegio de Arquitectos de Chile","url":"https:\/\/colegioarquitectos.com\/noticias\/?author=4"}]}},"_links":{"self":[{"href":"https:\/\/colegioarquitectos.com\/noticias\/index.php?rest_route=\/wp\/v2\/posts\/14251","targetHints":{"allow":["GET"]}}],"collection":[{"href":"https:\/\/colegioarquitectos.com\/noticias\/index.php?rest_route=\/wp\/v2\/posts"}],"about":[{"href":"https:\/\/colegioarquitectos.com\/noticias\/index.php?rest_route=\/wp\/v2\/types\/post"}],"author":[{"embeddable":true,"href":"https:\/\/colegioarquitectos.com\/noticias\/index.php?rest_route=\/wp\/v2\/users\/4"}],"replies":[{"embeddable":true,"href":"https:\/\/colegioarquitectos.com\/noticias\/index.php?rest_route=%2Fwp%2Fv2%2Fcomments&post=14251"}],"version-history":[{"count":0,"href":"https:\/\/colegioarquitectos.com\/noticias\/index.php?rest_route=\/wp\/v2\/posts\/14251\/revisions"}],"wp:featuredmedia":[{"embeddable":true,"href":"https:\/\/colegioarquitectos.com\/noticias\/index.php?rest_route=\/wp\/v2\/media\/14252"}],"wp:attachment":[{"href":"https:\/\/colegioarquitectos.com\/noticias\/index.php?rest_route=%2Fwp%2Fv2%2Fmedia&parent=14251"}],"wp:term":[{"taxonomy":"category","embeddable":true,"href":"https:\/\/colegioarquitectos.com\/noticias\/index.php?rest_route=%2Fwp%2Fv2%2Fcategories&post=14251"},{"taxonomy":"post_tag","embeddable":true,"href":"https:\/\/colegioarquitectos.com\/noticias\/index.php?rest_route=%2Fwp%2Fv2%2Ftags&post=14251"}],"curies":[{"name":"wp","href":"https:\/\/api.w.org\/{rel}","templated":true}]}}