
{"id":14296,"date":"2016-08-26T17:16:48","date_gmt":"2016-08-26T17:16:48","guid":{"rendered":"http:\/\/colegioarquitectos.com\/?p=14296"},"modified":"2016-08-26T17:17:30","modified_gmt":"2016-08-26T17:17:30","slug":"conferencia-rehabilitacion-energetica-y-regeneracion-de-la-ciudad","status":"publish","type":"post","link":"https:\/\/colegioarquitectos.com\/noticias\/?p=14296","title":{"rendered":"Conferencia: Rehabilitaci\u00f3n energ\u00e9tica y regeneraci\u00f3n de la ciudad"},"content":{"rendered":"<p>El pr\u00f3ximo mi\u00e9rcoles 31 de agosto tendr\u00e1 lugar la charla \u00abRehabilitaci\u00f3n energ\u00e9tica y regeneraci\u00f3n de la ciudad. Modelos de desarrollo urbano sostenible\u00bb dictada por la arquitecta Emilia Rom\u00e1n, Doctora en Arquitectura y Profesora asociada al Departamento de Urban\u00edstica y Ordenaci\u00f3n del Terreno de la Escuela T\u00e9cnica Superior de Madrid (UPM).<\/p>\n<p>Actualmente el desarrollo y la expansi\u00f3n de muchas ciudades sigue un modelo poco sostenible, con ciudades cada vez menos compactas, donde se privilegia el autom\u00f3vil en detrimento del transporte p\u00fablico, con escasez de espacios p\u00fablicos de convivencia y accesibles, y donde se mantiene, o refuerza, la segregaci\u00f3n f\u00edsica y social.<\/p>\n<p>Las demandas de crecimiento de nuestras ciudades se deber\u00edan cubrir no s\u00f3lo en t\u00e9rminos de cantidad, sino con mayor calidad, equidad y respeto al territorio y al medio ambiente, evitando desarrollos urbanos que aumentan el riesgo frente a los desastres naturales y que suponen un alto costo social, ambiental y econ\u00f3mico.<\/p>\n<p>Para la mejora de los actuales patrones de desarrollo urbano es necesario planificar modelos de ciudades m\u00e1s compactas y sostenibles, de cara a aumentar la calidad de vida de sus habitantes y a disminuir los problemas ambientales del planeta. En este sentido, la regeneraci\u00f3n de los espacios urbanos y la rehabilitaci\u00f3n energ\u00e9tica del patrimonio existente cumplen un papel esencial.<\/p>\n<p>La actividad organizada por el Comit\u00e9 de Sustentabilidad y Energ\u00eda del Colegio de Arquitectos, se realizar\u00e1 en la Sede Nacional (Av. Libertador Bernardo O&#8217;Higgins 115, Santiago) el mi\u00e9rcoles 31 de agosto a las 13:30 hrs.<\/p>\n<p>Confirmar asistencia a ecoarq.chile16@gmail.com.<\/p>\n<p>&nbsp;<\/p>\n<p><em>Curr\u00edculum Emilia Rom\u00e1n<\/em><\/p>\n<p>[gview file=\u00bbhttp:\/\/colegioarquitectos.com\/noticias\/wp-content\/uploads\/2016\/08\/2016_Curr\u00edculum-Breve_Emilia.pdf\u00bb]<\/p>\n<p><a href=\"http:\/\/colegioarquitectos.com\/noticias\/wp-content\/uploads\/2016\/08\/Emilia-conferencia-Ecoarq.jpg\"><img loading=\"lazy\" decoding=\"async\" class=\"alignnone wp-image-14299 size-full\" src=\"http:\/\/colegioarquitectos.com\/noticias\/wp-content\/uploads\/2016\/08\/Emilia-conferencia-Ecoarq.jpg\" alt=\"Emilia conferencia Ecoarq\" width=\"800\" height=\"424\" srcset=\"https:\/\/colegioarquitectos.com\/noticias\/wp-content\/uploads\/2016\/08\/Emilia-conferencia-Ecoarq.jpg 800w, https:\/\/colegioarquitectos.com\/noticias\/wp-content\/uploads\/2016\/08\/Emilia-conferencia-Ecoarq-300x159.jpg 300w\" sizes=\"auto, (max-width: 800px) 100vw, 800px\" \/><\/a><\/p>\n<p>&nbsp;<\/p>\n<p><\/p>","protected":false},"excerpt":{"rendered":"<p>El pr\u00f3ximo mi\u00e9rcoles 31 de agosto tendr\u00e1 lugar la charla \u00abRehabilitaci\u00f3n energ\u00e9tica y regeneraci\u00f3n de la ciudad. Modelos de desarrollo urbano sostenible\u00bb dictada por la arquitecta Emilia Rom\u00e1n, Doctora en Arquitectura y Profesora asociada al Departamento de Urban\u00edstica y Ordenaci\u00f3n &hellip; <a class=\"more-link\" href=\"https:\/\/colegioarquitectos.com\/noticias\/?p=14296\">ver m\u00e1s<\/a><\/p>","protected":false},"author":4,"featured_media":14297,"comment_status":"open","ping_status":"open","sticky":false,"template":"","format":"standard","meta":{"footnotes":""},"categories":[9],"tags":[],"class_list":["post-14296","post","type-post","status-publish","format-standard","has-post-thumbnail","hentry","category-comites"],"yoast_head":"<!-- This site is optimized with the Yoast SEO plugin v24.2 - https:\/\/yoast.com\/wordpress\/plugins\/seo\/ -->\n<title>Conferencia: Rehabilitaci\u00f3n energ\u00e9tica y regeneraci\u00f3n de la ciudad - COLEGIO DE ARQUITECTOS DE CHILE<\/title>\n<meta name=\"robots\" content=\"index, follow, max-snippet:-1, max-image-preview:large, max-video-preview:-1\" \/>\n<link rel=\"canonical\" href=\"https:\/\/colegioarquitectos.com\/noticias\/?p=14296\" \/>\n<meta property=\"og:locale\" content=\"es_ES\" \/>\n<meta property=\"og:type\" content=\"article\" \/>\n<meta property=\"og:title\" content=\"Conferencia: Rehabilitaci\u00f3n energ\u00e9tica y regeneraci\u00f3n de la ciudad - COLEGIO DE ARQUITECTOS DE CHILE\" \/>\n<meta property=\"og:description\" content=\"El pr\u00f3ximo mi\u00e9rcoles 31 de agosto tendr\u00e1 lugar la charla \u00abRehabilitaci\u00f3n energ\u00e9tica y regeneraci\u00f3n de la ciudad. Modelos de desarrollo urbano sostenible\u00bb dictada por la arquitecta Emilia Rom\u00e1n, Doctora en Arquitectura y Profesora asociada al Departamento de Urban\u00edstica y Ordenaci\u00f3n &hellip; ver m\u00e1s\" \/>\n<meta property=\"og:url\" content=\"https:\/\/colegioarquitectos.com\/noticias\/?p=14296\" \/>\n<meta property=\"og:site_name\" content=\"COLEGIO DE ARQUITECTOS DE CHILE\" \/>\n<meta property=\"article:publisher\" content=\"https:\/\/facebook.com\/Colegioarq\/\" \/>\n<meta property=\"article:published_time\" content=\"2016-08-26T17:16:48+00:00\" \/>\n<meta property=\"article:modified_time\" content=\"2016-08-26T17:17:30+00:00\" \/>\n<meta property=\"og:image\" content=\"https:\/\/colegioarquitectos.com\/noticias\/wp-content\/uploads\/2016\/08\/Portada-Taller-Rehabilitaci\u00f3n-Energ\u00e9tica.jpg\" \/>\n\t<meta property=\"og:image:width\" content=\"690\" \/>\n\t<meta property=\"og:image:height\" content=\"350\" \/>\n\t<meta property=\"og:image:type\" content=\"image\/jpeg\" \/>\n<meta name=\"author\" content=\"Colegio de Arquitectos de Chile\" \/>\n<meta name=\"twitter:card\" content=\"summary_large_image\" \/>\n<meta name=\"twitter:creator\" content=\"@colegioarq\" \/>\n<meta name=\"twitter:site\" content=\"@colegioarq\" \/>\n<meta name=\"twitter:label1\" content=\"Escrito por\" \/>\n\t<meta name=\"twitter:data1\" content=\"Colegio de Arquitectos de Chile\" \/>\n\t<meta name=\"twitter:label2\" content=\"Tiempo de lectura\" \/>\n\t<meta name=\"twitter:data2\" content=\"1 minuto\" \/>\n<script type=\"application\/ld+json\" class=\"yoast-schema-graph\">{\"@context\":\"https:\/\/schema.org\",\"@graph\":[{\"@type\":\"Article\",\"@id\":\"https:\/\/colegioarquitectos.com\/noticias\/?p=14296#article\",\"isPartOf\":{\"@id\":\"https:\/\/colegioarquitectos.com\/noticias\/?p=14296\"},\"author\":{\"name\":\"Colegio de Arquitectos de Chile\",\"@id\":\"https:\/\/colegioarquitectos.com\/noticias\/#\/schema\/person\/685cc0aad148303c5608f049af8285ad\"},\"headline\":\"Conferencia: Rehabilitaci\u00f3n energ\u00e9tica y regeneraci\u00f3n de la ciudad\",\"datePublished\":\"2016-08-26T17:16:48+00:00\",\"dateModified\":\"2016-08-26T17:17:30+00:00\",\"mainEntityOfPage\":{\"@id\":\"https:\/\/colegioarquitectos.com\/noticias\/?p=14296\"},\"wordCount\":304,\"commentCount\":0,\"publisher\":{\"@id\":\"https:\/\/colegioarquitectos.com\/noticias\/#organization\"},\"image\":{\"@id\":\"https:\/\/colegioarquitectos.com\/noticias\/?p=14296#primaryimage\"},\"thumbnailUrl\":\"https:\/\/colegioarquitectos.com\/noticias\/wp-content\/uploads\/2016\/08\/Portada-Taller-Rehabilitaci\u00f3n-Energ\u00e9tica.jpg\",\"articleSection\":[\"Comit\u00e9s\"],\"inLanguage\":\"es\",\"potentialAction\":[{\"@type\":\"CommentAction\",\"name\":\"Comment\",\"target\":[\"https:\/\/colegioarquitectos.com\/noticias\/?p=14296#respond\"]}]},{\"@type\":\"WebPage\",\"@id\":\"https:\/\/colegioarquitectos.com\/noticias\/?p=14296\",\"url\":\"https:\/\/colegioarquitectos.com\/noticias\/?p=14296\",\"name\":\"Conferencia: Rehabilitaci\u00f3n energ\u00e9tica y regeneraci\u00f3n de la ciudad - COLEGIO DE ARQUITECTOS DE CHILE\",\"isPartOf\":{\"@id\":\"https:\/\/colegioarquitectos.com\/noticias\/#website\"},\"primaryImageOfPage\":{\"@id\":\"https:\/\/colegioarquitectos.com\/noticias\/?p=14296#primaryimage\"},\"image\":{\"@id\":\"https:\/\/colegioarquitectos.com\/noticias\/?p=14296#primaryimage\"},\"thumbnailUrl\":\"https:\/\/colegioarquitectos.com\/noticias\/wp-content\/uploads\/2016\/08\/Portada-Taller-Rehabilitaci\u00f3n-Energ\u00e9tica.jpg\",\"datePublished\":\"2016-08-26T17:16:48+00:00\",\"dateModified\":\"2016-08-26T17:17:30+00:00\",\"breadcrumb\":{\"@id\":\"https:\/\/colegioarquitectos.com\/noticias\/?p=14296#breadcrumb\"},\"inLanguage\":\"es\",\"potentialAction\":[{\"@type\":\"ReadAction\",\"target\":[\"https:\/\/colegioarquitectos.com\/noticias\/?p=14296\"]}]},{\"@type\":\"ImageObject\",\"inLanguage\":\"es\",\"@id\":\"https:\/\/colegioarquitectos.com\/noticias\/?p=14296#primaryimage\",\"url\":\"https:\/\/colegioarquitectos.com\/noticias\/wp-content\/uploads\/2016\/08\/Portada-Taller-Rehabilitaci\u00f3n-Energ\u00e9tica.jpg\",\"contentUrl\":\"https:\/\/colegioarquitectos.com\/noticias\/wp-content\/uploads\/2016\/08\/Portada-Taller-Rehabilitaci\u00f3n-Energ\u00e9tica.jpg\",\"width\":690,\"height\":350},{\"@type\":\"BreadcrumbList\",\"@id\":\"https:\/\/colegioarquitectos.com\/noticias\/?p=14296#breadcrumb\",\"itemListElement\":[{\"@type\":\"ListItem\",\"position\":1,\"name\":\"Portada\",\"item\":\"https:\/\/colegioarquitectos.com\/noticias\"},{\"@type\":\"ListItem\",\"position\":2,\"name\":\"Conferencia: Rehabilitaci\u00f3n energ\u00e9tica y regeneraci\u00f3n de la ciudad\"}]},{\"@type\":\"WebSite\",\"@id\":\"https:\/\/colegioarquitectos.com\/noticias\/#website\",\"url\":\"https:\/\/colegioarquitectos.com\/noticias\/\",\"name\":\"COLEGIO DE ARQUITECTOS DE CHILE\",\"description\":\"\",\"publisher\":{\"@id\":\"https:\/\/colegioarquitectos.com\/noticias\/#organization\"},\"potentialAction\":[{\"@type\":\"SearchAction\",\"target\":{\"@type\":\"EntryPoint\",\"urlTemplate\":\"https:\/\/colegioarquitectos.com\/noticias\/?s={search_term_string}\"},\"query-input\":{\"@type\":\"PropertyValueSpecification\",\"valueRequired\":true,\"valueName\":\"search_term_string\"}}],\"inLanguage\":\"es\"},{\"@type\":\"Organization\",\"@id\":\"https:\/\/colegioarquitectos.com\/noticias\/#organization\",\"name\":\"COLEGIO DE ARQUITECTOS DE CHILE\",\"url\":\"https:\/\/colegioarquitectos.com\/noticias\/\",\"logo\":{\"@type\":\"ImageObject\",\"inLanguage\":\"es\",\"@id\":\"https:\/\/colegioarquitectos.com\/noticias\/#\/schema\/logo\/image\/\",\"url\":\"https:\/\/colegioarquitectos.com\/noticias\/wp-content\/uploads\/2021\/05\/ENCABEZADO-LOGO-CA.jpg\",\"contentUrl\":\"https:\/\/colegioarquitectos.com\/noticias\/wp-content\/uploads\/2021\/05\/ENCABEZADO-LOGO-CA.jpg\",\"width\":690,\"height\":350,\"caption\":\"COLEGIO DE ARQUITECTOS DE CHILE\"},\"image\":{\"@id\":\"https:\/\/colegioarquitectos.com\/noticias\/#\/schema\/logo\/image\/\"},\"sameAs\":[\"https:\/\/facebook.com\/Colegioarq\/\",\"https:\/\/x.com\/colegioarq\",\"https:\/\/instagram.com\/colegioarq\",\"https:\/\/youtube.com\/@ColegiodeArquitectosdeChile\"]},{\"@type\":\"Person\",\"@id\":\"https:\/\/colegioarquitectos.com\/noticias\/#\/schema\/person\/685cc0aad148303c5608f049af8285ad\",\"name\":\"Colegio de Arquitectos de Chile\",\"url\":\"https:\/\/colegioarquitectos.com\/noticias\/?author=4\"}]}<\/script>\n<!-- \/ Yoast SEO plugin. -->","yoast_head_json":{"title":"Conferencia: Rehabilitaci\u00f3n energ\u00e9tica y regeneraci\u00f3n de la ciudad - COLEGIO DE ARQUITECTOS DE CHILE","robots":{"index":"index","follow":"follow","max-snippet":"max-snippet:-1","max-image-preview":"max-image-preview:large","max-video-preview":"max-video-preview:-1"},"canonical":"https:\/\/colegioarquitectos.com\/noticias\/?p=14296","og_locale":"es_ES","og_type":"article","og_title":"Conferencia: Rehabilitaci\u00f3n energ\u00e9tica y regeneraci\u00f3n de la ciudad - COLEGIO DE ARQUITECTOS DE CHILE","og_description":"El pr\u00f3ximo mi\u00e9rcoles 31 de agosto tendr\u00e1 lugar la charla \u00abRehabilitaci\u00f3n energ\u00e9tica y regeneraci\u00f3n de la ciudad. Modelos de desarrollo urbano sostenible\u00bb dictada por la arquitecta Emilia Rom\u00e1n, Doctora en Arquitectura y Profesora asociada al Departamento de Urban\u00edstica y Ordenaci\u00f3n &hellip; ver m\u00e1s","og_url":"https:\/\/colegioarquitectos.com\/noticias\/?p=14296","og_site_name":"COLEGIO DE ARQUITECTOS DE CHILE","article_publisher":"https:\/\/facebook.com\/Colegioarq\/","article_published_time":"2016-08-26T17:16:48+00:00","article_modified_time":"2016-08-26T17:17:30+00:00","og_image":[{"width":690,"height":350,"url":"https:\/\/colegioarquitectos.com\/noticias\/wp-content\/uploads\/2016\/08\/Portada-Taller-Rehabilitaci\u00f3n-Energ\u00e9tica.jpg","type":"image\/jpeg"}],"author":"Colegio de Arquitectos de Chile","twitter_card":"summary_large_image","twitter_creator":"@colegioarq","twitter_site":"@colegioarq","twitter_misc":{"Escrito por":"Colegio de Arquitectos de Chile","Tiempo de lectura":"1 minuto"},"schema":{"@context":"https:\/\/schema.org","@graph":[{"@type":"Article","@id":"https:\/\/colegioarquitectos.com\/noticias\/?p=14296#article","isPartOf":{"@id":"https:\/\/colegioarquitectos.com\/noticias\/?p=14296"},"author":{"name":"Colegio de Arquitectos de Chile","@id":"https:\/\/colegioarquitectos.com\/noticias\/#\/schema\/person\/685cc0aad148303c5608f049af8285ad"},"headline":"Conferencia: Rehabilitaci\u00f3n energ\u00e9tica y regeneraci\u00f3n de la ciudad","datePublished":"2016-08-26T17:16:48+00:00","dateModified":"2016-08-26T17:17:30+00:00","mainEntityOfPage":{"@id":"https:\/\/colegioarquitectos.com\/noticias\/?p=14296"},"wordCount":304,"commentCount":0,"publisher":{"@id":"https:\/\/colegioarquitectos.com\/noticias\/#organization"},"image":{"@id":"https:\/\/colegioarquitectos.com\/noticias\/?p=14296#primaryimage"},"thumbnailUrl":"https:\/\/colegioarquitectos.com\/noticias\/wp-content\/uploads\/2016\/08\/Portada-Taller-Rehabilitaci\u00f3n-Energ\u00e9tica.jpg","articleSection":["Comit\u00e9s"],"inLanguage":"es","potentialAction":[{"@type":"CommentAction","name":"Comment","target":["https:\/\/colegioarquitectos.com\/noticias\/?p=14296#respond"]}]},{"@type":"WebPage","@id":"https:\/\/colegioarquitectos.com\/noticias\/?p=14296","url":"https:\/\/colegioarquitectos.com\/noticias\/?p=14296","name":"Conferencia: Rehabilitaci\u00f3n energ\u00e9tica y regeneraci\u00f3n de la ciudad - COLEGIO DE ARQUITECTOS DE CHILE","isPartOf":{"@id":"https:\/\/colegioarquitectos.com\/noticias\/#website"},"primaryImageOfPage":{"@id":"https:\/\/colegioarquitectos.com\/noticias\/?p=14296#primaryimage"},"image":{"@id":"https:\/\/colegioarquitectos.com\/noticias\/?p=14296#primaryimage"},"thumbnailUrl":"https:\/\/colegioarquitectos.com\/noticias\/wp-content\/uploads\/2016\/08\/Portada-Taller-Rehabilitaci\u00f3n-Energ\u00e9tica.jpg","datePublished":"2016-08-26T17:16:48+00:00","dateModified":"2016-08-26T17:17:30+00:00","breadcrumb":{"@id":"https:\/\/colegioarquitectos.com\/noticias\/?p=14296#breadcrumb"},"inLanguage":"es","potentialAction":[{"@type":"ReadAction","target":["https:\/\/colegioarquitectos.com\/noticias\/?p=14296"]}]},{"@type":"ImageObject","inLanguage":"es","@id":"https:\/\/colegioarquitectos.com\/noticias\/?p=14296#primaryimage","url":"https:\/\/colegioarquitectos.com\/noticias\/wp-content\/uploads\/2016\/08\/Portada-Taller-Rehabilitaci\u00f3n-Energ\u00e9tica.jpg","contentUrl":"https:\/\/colegioarquitectos.com\/noticias\/wp-content\/uploads\/2016\/08\/Portada-Taller-Rehabilitaci\u00f3n-Energ\u00e9tica.jpg","width":690,"height":350},{"@type":"BreadcrumbList","@id":"https:\/\/colegioarquitectos.com\/noticias\/?p=14296#breadcrumb","itemListElement":[{"@type":"ListItem","position":1,"name":"Portada","item":"https:\/\/colegioarquitectos.com\/noticias"},{"@type":"ListItem","position":2,"name":"Conferencia: Rehabilitaci\u00f3n energ\u00e9tica y regeneraci\u00f3n de la ciudad"}]},{"@type":"WebSite","@id":"https:\/\/colegioarquitectos.com\/noticias\/#website","url":"https:\/\/colegioarquitectos.com\/noticias\/","name":"COLEGIO DE ARQUITECTOS DE CHILE","description":"","publisher":{"@id":"https:\/\/colegioarquitectos.com\/noticias\/#organization"},"potentialAction":[{"@type":"SearchAction","target":{"@type":"EntryPoint","urlTemplate":"https:\/\/colegioarquitectos.com\/noticias\/?s={search_term_string}"},"query-input":{"@type":"PropertyValueSpecification","valueRequired":true,"valueName":"search_term_string"}}],"inLanguage":"es"},{"@type":"Organization","@id":"https:\/\/colegioarquitectos.com\/noticias\/#organization","name":"COLEGIO DE ARQUITECTOS DE CHILE","url":"https:\/\/colegioarquitectos.com\/noticias\/","logo":{"@type":"ImageObject","inLanguage":"es","@id":"https:\/\/colegioarquitectos.com\/noticias\/#\/schema\/logo\/image\/","url":"https:\/\/colegioarquitectos.com\/noticias\/wp-content\/uploads\/2021\/05\/ENCABEZADO-LOGO-CA.jpg","contentUrl":"https:\/\/colegioarquitectos.com\/noticias\/wp-content\/uploads\/2021\/05\/ENCABEZADO-LOGO-CA.jpg","width":690,"height":350,"caption":"COLEGIO DE ARQUITECTOS DE CHILE"},"image":{"@id":"https:\/\/colegioarquitectos.com\/noticias\/#\/schema\/logo\/image\/"},"sameAs":["https:\/\/facebook.com\/Colegioarq\/","https:\/\/x.com\/colegioarq","https:\/\/instagram.com\/colegioarq","https:\/\/youtube.com\/@ColegiodeArquitectosdeChile"]},{"@type":"Person","@id":"https:\/\/colegioarquitectos.com\/noticias\/#\/schema\/person\/685cc0aad148303c5608f049af8285ad","name":"Colegio de Arquitectos de Chile","url":"https:\/\/colegioarquitectos.com\/noticias\/?author=4"}]}},"_links":{"self":[{"href":"https:\/\/colegioarquitectos.com\/noticias\/index.php?rest_route=\/wp\/v2\/posts\/14296","targetHints":{"allow":["GET"]}}],"collection":[{"href":"https:\/\/colegioarquitectos.com\/noticias\/index.php?rest_route=\/wp\/v2\/posts"}],"about":[{"href":"https:\/\/colegioarquitectos.com\/noticias\/index.php?rest_route=\/wp\/v2\/types\/post"}],"author":[{"embeddable":true,"href":"https:\/\/colegioarquitectos.com\/noticias\/index.php?rest_route=\/wp\/v2\/users\/4"}],"replies":[{"embeddable":true,"href":"https:\/\/colegioarquitectos.com\/noticias\/index.php?rest_route=%2Fwp%2Fv2%2Fcomments&post=14296"}],"version-history":[{"count":0,"href":"https:\/\/colegioarquitectos.com\/noticias\/index.php?rest_route=\/wp\/v2\/posts\/14296\/revisions"}],"wp:featuredmedia":[{"embeddable":true,"href":"https:\/\/colegioarquitectos.com\/noticias\/index.php?rest_route=\/wp\/v2\/media\/14297"}],"wp:attachment":[{"href":"https:\/\/colegioarquitectos.com\/noticias\/index.php?rest_route=%2Fwp%2Fv2%2Fmedia&parent=14296"}],"wp:term":[{"taxonomy":"category","embeddable":true,"href":"https:\/\/colegioarquitectos.com\/noticias\/index.php?rest_route=%2Fwp%2Fv2%2Fcategories&post=14296"},{"taxonomy":"post_tag","embeddable":true,"href":"https:\/\/colegioarquitectos.com\/noticias\/index.php?rest_route=%2Fwp%2Fv2%2Ftags&post=14296"}],"curies":[{"name":"wp","href":"https:\/\/api.w.org\/{rel}","templated":true}]}}