
{"id":14302,"date":"2016-08-30T09:00:47","date_gmt":"2016-08-30T09:00:47","guid":{"rendered":"http:\/\/colegioarquitectos.com\/?p=14302"},"modified":"2016-08-29T17:26:52","modified_gmt":"2016-08-29T17:26:52","slug":"31-de-agosto-4-charla-del-ciclo-inspirados-por-la-naturaleza","status":"publish","type":"post","link":"https:\/\/colegioarquitectos.com\/noticias\/?p=14302","title":{"rendered":"31 de agosto: 4\u00b0 Charla del ciclo Inspirados por la Naturaleza"},"content":{"rendered":"<p>Proyectos de Paisaje en Chile; Diferentes Escalas un Mismo Territorio<\/p>\n<p>El tema en esta ocasi\u00f3n ser\u00e1 el del paisaje dise\u00f1ado y abordado de diferentes escalas y miradas. Esta charla se aproximar\u00e1 a diferentes proyectos realizados en nuestro pa\u00eds para entender c\u00f3mo estamos abarcando las distintas \u00e1reas de intervenci\u00f3n en el paisaje y c\u00f3mo estos pueden ser referentes en el rubro.<\/p>\n<p>Para esta ocasi\u00f3n los expositores son:<\/p>\n<p><a href=\"http:\/\/www.lofscapes.com\/\">Lofscapes:<\/a> colectivo integrado por <a href=\"http:\/\/www.laderasur.cl\/author\/VAguirre\/\">Ver\u00f3nica Aguirre<\/a>, <a href=\"http:\/\/www.laderasur.cl\/author\/RHecht\/\">Romy Hecht<\/a>, <a href=\"http:\/\/www.laderasur.cl\/author\/CMedina\/\">Camila Medina<\/a>, Camila Romero, Dominique Bruneau y Francisca Salas, expondr\u00e1n la charla titulada \u201cDronescapes: Representaciones Posibles de la Larga Duraci\u00f3n del Paisaje\u201d.<\/p>\n<p><a href=\"http:\/\/www.laderasur.cl\/author\/NicolasSanchez\/\">Nicol\u00e1s S\u00e1nchez<\/a>: ec\u00f3logo paisajista de la Universidad Central nos contar\u00e1 sobre diferentes proyectos realizados en Chile con la intenci\u00f3n de aportar una nueva mirada al paisajismo nacional.<\/p>\n<p><a href=\"http:\/\/www.laderasur.cl\/author\/AIbanez\/\">Angela Ib\u00e1\u00f1ez<\/a>: mag\u00edster en Arquitectura del Paisaje, contar\u00e1 su experiencia en la fundaci\u00f3n Patio Vivo, organizaci\u00f3n que busca contribuir a la educaci\u00f3n de los estudiantes chilenos mediante la implementaci\u00f3n de espacios al aire libre en sus establecimientos escolares.<\/p>\n<p><a href=\"http:\/\/www.laderasur.cl\/author\/FGodoy\/\">Francisco Godoy:<\/a> arquitecto y m\u00e1ster en Dise\u00f1o Sustentable y medioambiental, es socio fundador de 123cua Arquitectos. Fue uno de los encargados en desarrollar el Plan Maestro de la ciudad de Cha\u00f1aral luego del aluvi\u00f3n ocurrido el marzo de 2015. Presentar\u00e1 este caso.<\/p>\n<p><a href=\"http:\/\/www.laderasur.cl\/author\/PAguirre\/\">Paula Aguirre<\/a>: arquitecta y mag\u00edster en Arquitectura del Paisaje, su charla se titular\u00e1 \u00abArquitectos en el paisaje, experiencias en el levantamiento de territorios para proyectar\u00bb.<\/p>\n<p><a href=\"http:\/\/colegioarquitectos.com\/noticias\/wp-content\/uploads\/2016\/08\/5088e7cf-e33a-4190-a366-4f4a2adb7969.jpg\"><img loading=\"lazy\" decoding=\"async\" class=\"alignnone wp-image-14304 size-full\" src=\"http:\/\/colegioarquitectos.com\/noticias\/wp-content\/uploads\/2016\/08\/5088e7cf-e33a-4190-a366-4f4a2adb7969.jpg\" alt=\"5088e7cf-e33a-4190-a366-4f4a2adb7969\" width=\"800\" height=\"1020\" srcset=\"https:\/\/colegioarquitectos.com\/noticias\/wp-content\/uploads\/2016\/08\/5088e7cf-e33a-4190-a366-4f4a2adb7969.jpg 800w, https:\/\/colegioarquitectos.com\/noticias\/wp-content\/uploads\/2016\/08\/5088e7cf-e33a-4190-a366-4f4a2adb7969-235x300.jpg 235w\" sizes=\"auto, (max-width: 800px) 100vw, 800px\" \/><\/a><\/p>\n<p>Fecha_<\/p>\n<p>Mi\u00e9rcoles 31 de agosto de 2016. 19.00 hrs.<\/p>\n<p>Lugar_<\/p>\n<p>Auditorio FADEU, Campus Lo Contador. El Comendador 1916, Providencia.<\/p>\n<p>&nbsp;<\/p>\n<p>Invitan_<\/p>\n<p><a href=\"http:\/\/www.laderasur.cl\/\">Ladera Sur<\/a><\/p>\n<p><a href=\"http:\/\/www.magisterpaisaje.cl\/\">Mag\u00edster en Arquitectura del Paisaje<\/a><\/p>\n<p><a href=\"http:\/\/www.plataformaurbana.cl\/\">Plataforma Urbana<\/a><\/p>\n<p><a href=\"http:\/\/www.enterreno.com\/\">Enterreno Chile<\/a><\/p>\n<p><\/p>","protected":false},"excerpt":{"rendered":"<p>Proyectos de Paisaje en Chile; Diferentes Escalas un Mismo Territorio El tema en esta ocasi\u00f3n ser\u00e1 el del paisaje dise\u00f1ado y abordado de diferentes escalas y miradas. Esta charla se aproximar\u00e1 a diferentes proyectos realizados en nuestro pa\u00eds para entender &hellip; <a class=\"more-link\" href=\"https:\/\/colegioarquitectos.com\/noticias\/?p=14302\">ver m\u00e1s<\/a><\/p>","protected":false},"author":4,"featured_media":14303,"comment_status":"open","ping_status":"open","sticky":false,"template":"","format":"standard","meta":{"footnotes":""},"categories":[35],"tags":[],"class_list":["post-14302","post","type-post","status-publish","format-standard","has-post-thumbnail","hentry","category-universidades"],"yoast_head":"<!-- This site is optimized with the Yoast SEO plugin v24.2 - https:\/\/yoast.com\/wordpress\/plugins\/seo\/ -->\n<title>31 de agosto: 4\u00b0 Charla del ciclo Inspirados por la Naturaleza - COLEGIO DE ARQUITECTOS DE CHILE<\/title>\n<meta name=\"robots\" content=\"index, follow, max-snippet:-1, max-image-preview:large, max-video-preview:-1\" \/>\n<link rel=\"canonical\" href=\"https:\/\/colegioarquitectos.com\/noticias\/?p=14302\" \/>\n<meta property=\"og:locale\" content=\"es_ES\" \/>\n<meta property=\"og:type\" content=\"article\" \/>\n<meta property=\"og:title\" content=\"31 de agosto: 4\u00b0 Charla del ciclo Inspirados por la Naturaleza - COLEGIO DE ARQUITECTOS DE CHILE\" \/>\n<meta property=\"og:description\" content=\"Proyectos de Paisaje en Chile; Diferentes Escalas un Mismo Territorio El tema en esta ocasi\u00f3n ser\u00e1 el del paisaje dise\u00f1ado y abordado de diferentes escalas y miradas. Esta charla se aproximar\u00e1 a diferentes proyectos realizados en nuestro pa\u00eds para entender &hellip; ver m\u00e1s\" \/>\n<meta property=\"og:url\" content=\"https:\/\/colegioarquitectos.com\/noticias\/?p=14302\" \/>\n<meta property=\"og:site_name\" content=\"COLEGIO DE ARQUITECTOS DE CHILE\" \/>\n<meta property=\"article:publisher\" content=\"https:\/\/facebook.com\/Colegioarq\/\" \/>\n<meta property=\"article:published_time\" content=\"2016-08-30T09:00:47+00:00\" \/>\n<meta property=\"article:modified_time\" content=\"2016-08-29T17:26:52+00:00\" \/>\n<meta property=\"og:image\" content=\"https:\/\/colegioarquitectos.com\/noticias\/wp-content\/uploads\/2016\/08\/portada-uc.jpg\" \/>\n\t<meta property=\"og:image:width\" content=\"690\" \/>\n\t<meta property=\"og:image:height\" content=\"350\" \/>\n\t<meta property=\"og:image:type\" content=\"image\/jpeg\" \/>\n<meta name=\"author\" content=\"Colegio de Arquitectos de Chile\" \/>\n<meta name=\"twitter:card\" content=\"summary_large_image\" \/>\n<meta name=\"twitter:creator\" content=\"@colegioarq\" \/>\n<meta name=\"twitter:site\" content=\"@colegioarq\" \/>\n<meta name=\"twitter:label1\" content=\"Escrito por\" \/>\n\t<meta name=\"twitter:data1\" content=\"Colegio de Arquitectos de Chile\" \/>\n\t<meta name=\"twitter:label2\" content=\"Tiempo de lectura\" \/>\n\t<meta name=\"twitter:data2\" content=\"1 minuto\" \/>\n<script type=\"application\/ld+json\" class=\"yoast-schema-graph\">{\"@context\":\"https:\/\/schema.org\",\"@graph\":[{\"@type\":\"Article\",\"@id\":\"https:\/\/colegioarquitectos.com\/noticias\/?p=14302#article\",\"isPartOf\":{\"@id\":\"https:\/\/colegioarquitectos.com\/noticias\/?p=14302\"},\"author\":{\"name\":\"Colegio de Arquitectos de Chile\",\"@id\":\"https:\/\/colegioarquitectos.com\/noticias\/#\/schema\/person\/685cc0aad148303c5608f049af8285ad\"},\"headline\":\"31 de agosto: 4\u00b0 Charla del ciclo Inspirados por la Naturaleza\",\"datePublished\":\"2016-08-30T09:00:47+00:00\",\"dateModified\":\"2016-08-29T17:26:52+00:00\",\"mainEntityOfPage\":{\"@id\":\"https:\/\/colegioarquitectos.com\/noticias\/?p=14302\"},\"wordCount\":291,\"commentCount\":0,\"publisher\":{\"@id\":\"https:\/\/colegioarquitectos.com\/noticias\/#organization\"},\"image\":{\"@id\":\"https:\/\/colegioarquitectos.com\/noticias\/?p=14302#primaryimage\"},\"thumbnailUrl\":\"https:\/\/colegioarquitectos.com\/noticias\/wp-content\/uploads\/2016\/08\/portada-uc.jpg\",\"articleSection\":[\"Universidades\"],\"inLanguage\":\"es\",\"potentialAction\":[{\"@type\":\"CommentAction\",\"name\":\"Comment\",\"target\":[\"https:\/\/colegioarquitectos.com\/noticias\/?p=14302#respond\"]}]},{\"@type\":\"WebPage\",\"@id\":\"https:\/\/colegioarquitectos.com\/noticias\/?p=14302\",\"url\":\"https:\/\/colegioarquitectos.com\/noticias\/?p=14302\",\"name\":\"31 de agosto: 4\u00b0 Charla del ciclo Inspirados por la Naturaleza - COLEGIO DE ARQUITECTOS DE CHILE\",\"isPartOf\":{\"@id\":\"https:\/\/colegioarquitectos.com\/noticias\/#website\"},\"primaryImageOfPage\":{\"@id\":\"https:\/\/colegioarquitectos.com\/noticias\/?p=14302#primaryimage\"},\"image\":{\"@id\":\"https:\/\/colegioarquitectos.com\/noticias\/?p=14302#primaryimage\"},\"thumbnailUrl\":\"https:\/\/colegioarquitectos.com\/noticias\/wp-content\/uploads\/2016\/08\/portada-uc.jpg\",\"datePublished\":\"2016-08-30T09:00:47+00:00\",\"dateModified\":\"2016-08-29T17:26:52+00:00\",\"breadcrumb\":{\"@id\":\"https:\/\/colegioarquitectos.com\/noticias\/?p=14302#breadcrumb\"},\"inLanguage\":\"es\",\"potentialAction\":[{\"@type\":\"ReadAction\",\"target\":[\"https:\/\/colegioarquitectos.com\/noticias\/?p=14302\"]}]},{\"@type\":\"ImageObject\",\"inLanguage\":\"es\",\"@id\":\"https:\/\/colegioarquitectos.com\/noticias\/?p=14302#primaryimage\",\"url\":\"https:\/\/colegioarquitectos.com\/noticias\/wp-content\/uploads\/2016\/08\/portada-uc.jpg\",\"contentUrl\":\"https:\/\/colegioarquitectos.com\/noticias\/wp-content\/uploads\/2016\/08\/portada-uc.jpg\",\"width\":690,\"height\":350},{\"@type\":\"BreadcrumbList\",\"@id\":\"https:\/\/colegioarquitectos.com\/noticias\/?p=14302#breadcrumb\",\"itemListElement\":[{\"@type\":\"ListItem\",\"position\":1,\"name\":\"Portada\",\"item\":\"https:\/\/colegioarquitectos.com\/noticias\"},{\"@type\":\"ListItem\",\"position\":2,\"name\":\"31 de agosto: 4\u00b0 Charla del ciclo Inspirados por la Naturaleza\"}]},{\"@type\":\"WebSite\",\"@id\":\"https:\/\/colegioarquitectos.com\/noticias\/#website\",\"url\":\"https:\/\/colegioarquitectos.com\/noticias\/\",\"name\":\"COLEGIO DE ARQUITECTOS DE CHILE\",\"description\":\"\",\"publisher\":{\"@id\":\"https:\/\/colegioarquitectos.com\/noticias\/#organization\"},\"potentialAction\":[{\"@type\":\"SearchAction\",\"target\":{\"@type\":\"EntryPoint\",\"urlTemplate\":\"https:\/\/colegioarquitectos.com\/noticias\/?s={search_term_string}\"},\"query-input\":{\"@type\":\"PropertyValueSpecification\",\"valueRequired\":true,\"valueName\":\"search_term_string\"}}],\"inLanguage\":\"es\"},{\"@type\":\"Organization\",\"@id\":\"https:\/\/colegioarquitectos.com\/noticias\/#organization\",\"name\":\"COLEGIO DE ARQUITECTOS DE CHILE\",\"url\":\"https:\/\/colegioarquitectos.com\/noticias\/\",\"logo\":{\"@type\":\"ImageObject\",\"inLanguage\":\"es\",\"@id\":\"https:\/\/colegioarquitectos.com\/noticias\/#\/schema\/logo\/image\/\",\"url\":\"https:\/\/colegioarquitectos.com\/noticias\/wp-content\/uploads\/2021\/05\/ENCABEZADO-LOGO-CA.jpg\",\"contentUrl\":\"https:\/\/colegioarquitectos.com\/noticias\/wp-content\/uploads\/2021\/05\/ENCABEZADO-LOGO-CA.jpg\",\"width\":690,\"height\":350,\"caption\":\"COLEGIO DE ARQUITECTOS DE CHILE\"},\"image\":{\"@id\":\"https:\/\/colegioarquitectos.com\/noticias\/#\/schema\/logo\/image\/\"},\"sameAs\":[\"https:\/\/facebook.com\/Colegioarq\/\",\"https:\/\/x.com\/colegioarq\",\"https:\/\/instagram.com\/colegioarq\",\"https:\/\/youtube.com\/@ColegiodeArquitectosdeChile\"]},{\"@type\":\"Person\",\"@id\":\"https:\/\/colegioarquitectos.com\/noticias\/#\/schema\/person\/685cc0aad148303c5608f049af8285ad\",\"name\":\"Colegio de Arquitectos de Chile\",\"url\":\"https:\/\/colegioarquitectos.com\/noticias\/?author=4\"}]}<\/script>\n<!-- \/ Yoast SEO plugin. -->","yoast_head_json":{"title":"31 de agosto: 4\u00b0 Charla del ciclo Inspirados por la Naturaleza - COLEGIO DE ARQUITECTOS DE CHILE","robots":{"index":"index","follow":"follow","max-snippet":"max-snippet:-1","max-image-preview":"max-image-preview:large","max-video-preview":"max-video-preview:-1"},"canonical":"https:\/\/colegioarquitectos.com\/noticias\/?p=14302","og_locale":"es_ES","og_type":"article","og_title":"31 de agosto: 4\u00b0 Charla del ciclo Inspirados por la Naturaleza - COLEGIO DE ARQUITECTOS DE CHILE","og_description":"Proyectos de Paisaje en Chile; Diferentes Escalas un Mismo Territorio El tema en esta ocasi\u00f3n ser\u00e1 el del paisaje dise\u00f1ado y abordado de diferentes escalas y miradas. Esta charla se aproximar\u00e1 a diferentes proyectos realizados en nuestro pa\u00eds para entender &hellip; ver m\u00e1s","og_url":"https:\/\/colegioarquitectos.com\/noticias\/?p=14302","og_site_name":"COLEGIO DE ARQUITECTOS DE CHILE","article_publisher":"https:\/\/facebook.com\/Colegioarq\/","article_published_time":"2016-08-30T09:00:47+00:00","article_modified_time":"2016-08-29T17:26:52+00:00","og_image":[{"width":690,"height":350,"url":"https:\/\/colegioarquitectos.com\/noticias\/wp-content\/uploads\/2016\/08\/portada-uc.jpg","type":"image\/jpeg"}],"author":"Colegio de Arquitectos de Chile","twitter_card":"summary_large_image","twitter_creator":"@colegioarq","twitter_site":"@colegioarq","twitter_misc":{"Escrito por":"Colegio de Arquitectos de Chile","Tiempo de lectura":"1 minuto"},"schema":{"@context":"https:\/\/schema.org","@graph":[{"@type":"Article","@id":"https:\/\/colegioarquitectos.com\/noticias\/?p=14302#article","isPartOf":{"@id":"https:\/\/colegioarquitectos.com\/noticias\/?p=14302"},"author":{"name":"Colegio de Arquitectos de Chile","@id":"https:\/\/colegioarquitectos.com\/noticias\/#\/schema\/person\/685cc0aad148303c5608f049af8285ad"},"headline":"31 de agosto: 4\u00b0 Charla del ciclo Inspirados por la Naturaleza","datePublished":"2016-08-30T09:00:47+00:00","dateModified":"2016-08-29T17:26:52+00:00","mainEntityOfPage":{"@id":"https:\/\/colegioarquitectos.com\/noticias\/?p=14302"},"wordCount":291,"commentCount":0,"publisher":{"@id":"https:\/\/colegioarquitectos.com\/noticias\/#organization"},"image":{"@id":"https:\/\/colegioarquitectos.com\/noticias\/?p=14302#primaryimage"},"thumbnailUrl":"https:\/\/colegioarquitectos.com\/noticias\/wp-content\/uploads\/2016\/08\/portada-uc.jpg","articleSection":["Universidades"],"inLanguage":"es","potentialAction":[{"@type":"CommentAction","name":"Comment","target":["https:\/\/colegioarquitectos.com\/noticias\/?p=14302#respond"]}]},{"@type":"WebPage","@id":"https:\/\/colegioarquitectos.com\/noticias\/?p=14302","url":"https:\/\/colegioarquitectos.com\/noticias\/?p=14302","name":"31 de agosto: 4\u00b0 Charla del ciclo Inspirados por la Naturaleza - COLEGIO DE ARQUITECTOS DE CHILE","isPartOf":{"@id":"https:\/\/colegioarquitectos.com\/noticias\/#website"},"primaryImageOfPage":{"@id":"https:\/\/colegioarquitectos.com\/noticias\/?p=14302#primaryimage"},"image":{"@id":"https:\/\/colegioarquitectos.com\/noticias\/?p=14302#primaryimage"},"thumbnailUrl":"https:\/\/colegioarquitectos.com\/noticias\/wp-content\/uploads\/2016\/08\/portada-uc.jpg","datePublished":"2016-08-30T09:00:47+00:00","dateModified":"2016-08-29T17:26:52+00:00","breadcrumb":{"@id":"https:\/\/colegioarquitectos.com\/noticias\/?p=14302#breadcrumb"},"inLanguage":"es","potentialAction":[{"@type":"ReadAction","target":["https:\/\/colegioarquitectos.com\/noticias\/?p=14302"]}]},{"@type":"ImageObject","inLanguage":"es","@id":"https:\/\/colegioarquitectos.com\/noticias\/?p=14302#primaryimage","url":"https:\/\/colegioarquitectos.com\/noticias\/wp-content\/uploads\/2016\/08\/portada-uc.jpg","contentUrl":"https:\/\/colegioarquitectos.com\/noticias\/wp-content\/uploads\/2016\/08\/portada-uc.jpg","width":690,"height":350},{"@type":"BreadcrumbList","@id":"https:\/\/colegioarquitectos.com\/noticias\/?p=14302#breadcrumb","itemListElement":[{"@type":"ListItem","position":1,"name":"Portada","item":"https:\/\/colegioarquitectos.com\/noticias"},{"@type":"ListItem","position":2,"name":"31 de agosto: 4\u00b0 Charla del ciclo Inspirados por la Naturaleza"}]},{"@type":"WebSite","@id":"https:\/\/colegioarquitectos.com\/noticias\/#website","url":"https:\/\/colegioarquitectos.com\/noticias\/","name":"COLEGIO DE ARQUITECTOS DE CHILE","description":"","publisher":{"@id":"https:\/\/colegioarquitectos.com\/noticias\/#organization"},"potentialAction":[{"@type":"SearchAction","target":{"@type":"EntryPoint","urlTemplate":"https:\/\/colegioarquitectos.com\/noticias\/?s={search_term_string}"},"query-input":{"@type":"PropertyValueSpecification","valueRequired":true,"valueName":"search_term_string"}}],"inLanguage":"es"},{"@type":"Organization","@id":"https:\/\/colegioarquitectos.com\/noticias\/#organization","name":"COLEGIO DE ARQUITECTOS DE CHILE","url":"https:\/\/colegioarquitectos.com\/noticias\/","logo":{"@type":"ImageObject","inLanguage":"es","@id":"https:\/\/colegioarquitectos.com\/noticias\/#\/schema\/logo\/image\/","url":"https:\/\/colegioarquitectos.com\/noticias\/wp-content\/uploads\/2021\/05\/ENCABEZADO-LOGO-CA.jpg","contentUrl":"https:\/\/colegioarquitectos.com\/noticias\/wp-content\/uploads\/2021\/05\/ENCABEZADO-LOGO-CA.jpg","width":690,"height":350,"caption":"COLEGIO DE ARQUITECTOS DE CHILE"},"image":{"@id":"https:\/\/colegioarquitectos.com\/noticias\/#\/schema\/logo\/image\/"},"sameAs":["https:\/\/facebook.com\/Colegioarq\/","https:\/\/x.com\/colegioarq","https:\/\/instagram.com\/colegioarq","https:\/\/youtube.com\/@ColegiodeArquitectosdeChile"]},{"@type":"Person","@id":"https:\/\/colegioarquitectos.com\/noticias\/#\/schema\/person\/685cc0aad148303c5608f049af8285ad","name":"Colegio de Arquitectos de Chile","url":"https:\/\/colegioarquitectos.com\/noticias\/?author=4"}]}},"_links":{"self":[{"href":"https:\/\/colegioarquitectos.com\/noticias\/index.php?rest_route=\/wp\/v2\/posts\/14302","targetHints":{"allow":["GET"]}}],"collection":[{"href":"https:\/\/colegioarquitectos.com\/noticias\/index.php?rest_route=\/wp\/v2\/posts"}],"about":[{"href":"https:\/\/colegioarquitectos.com\/noticias\/index.php?rest_route=\/wp\/v2\/types\/post"}],"author":[{"embeddable":true,"href":"https:\/\/colegioarquitectos.com\/noticias\/index.php?rest_route=\/wp\/v2\/users\/4"}],"replies":[{"embeddable":true,"href":"https:\/\/colegioarquitectos.com\/noticias\/index.php?rest_route=%2Fwp%2Fv2%2Fcomments&post=14302"}],"version-history":[{"count":0,"href":"https:\/\/colegioarquitectos.com\/noticias\/index.php?rest_route=\/wp\/v2\/posts\/14302\/revisions"}],"wp:featuredmedia":[{"embeddable":true,"href":"https:\/\/colegioarquitectos.com\/noticias\/index.php?rest_route=\/wp\/v2\/media\/14303"}],"wp:attachment":[{"href":"https:\/\/colegioarquitectos.com\/noticias\/index.php?rest_route=%2Fwp%2Fv2%2Fmedia&parent=14302"}],"wp:term":[{"taxonomy":"category","embeddable":true,"href":"https:\/\/colegioarquitectos.com\/noticias\/index.php?rest_route=%2Fwp%2Fv2%2Fcategories&post=14302"},{"taxonomy":"post_tag","embeddable":true,"href":"https:\/\/colegioarquitectos.com\/noticias\/index.php?rest_route=%2Fwp%2Fv2%2Ftags&post=14302"}],"curies":[{"name":"wp","href":"https:\/\/api.w.org\/{rel}","templated":true}]}}